{"id":1386,"date":"2007-05-24T10:39:56","date_gmt":"2007-05-24T08:39:56","guid":{"rendered":"https:\/\/baraka.cc\/?p=1386"},"modified":"2014-01-06T10:41:13","modified_gmt":"2014-01-06T08:41:13","slug":"fazyl-onderi-anma-etkinlii-ve-panel","status":"publish","type":"post","link":"https:\/\/baraka.cc\/?p=1386","title":{"rendered":"Fazyl \u00d6nderi Anma Etkinli?i ve Panel"},"content":{"rendered":"<p>&nbsp;<\/p>\n<p class=\"MsoNormal\" style=\"line-height: 150%;\">Fa?istler tarafyndan katledili?inin 49. yyld\u00f6n\u00fcm\u00fc nedeniyle Ynkylap\u00e7y gazetesi yazary Fazyl \u00d6nder anysyna 24 Mayys 2007 ak?amy bir any etkinli?i ve panel d\u00fczenlendi.<\/p>\n<p>&nbsp;<\/p>\n<p>&nbsp;<\/p>\n<p class=\"MsoNormal\" style=\"line-height: 150%;\"><span style=\"font-size: 11pt; line-height: 150%; font-family: Verdana;\">BKP Gen\u00e7lik Kollary, BDH Gen\u00e7lik Komitesi, YKP Gen\u00e7lik, KSP Gen\u00e7lik Birimi ve Baraka K\u00fclt\u00fcr Merkezi tarafyndan organize edilen gecede; Fazyl \u00d6nderi\u2019in ya?amy ve m\u00fccadelesi ile ilgili bir slayt g\u00f6sterimi yapyldy. Ardyndan da organizat\u00f6r \u00f6rg\u00fctlerin temsilcileri tarafyndan \u201cKybrys\u2019ta Milliyet\u00e7ilik-Fa?izm ve M\u00fccadele Y\u00f6ntemleri\u201d konulu bir panel ger\u00e7ekle?tirildi.<\/span><\/p>\n<p class=\"MsoNormal\" style=\"line-height: 150%;\"><a href=\"https:\/\/www.baraka.cc\/images\/stories\/an8_afis.jpg\" target=\"_blank\"><img decoding=\"async\" loading=\"lazy\" alt=\" \" src=\"https:\/\/www.baraka.cc\/images\/stories\/an8_afis.jpg\" width=\"200\" height=\"267\" border=\"2\" \/><\/a><\/p>\n<p class=\"MsoNormal\" style=\"line-height: 150%;\">\n<p class=\"MsoNormal\" style=\"line-height: 150%;\"><a href=\"https:\/\/www.baraka.cc\/images\/stories\/an8_2.JPG\" target=\"_blank\"><img decoding=\"async\" loading=\"lazy\" alt=\" \" src=\"https:\/\/www.baraka.cc\/images\/stories\/an8_2.JPG\" width=\"200\" height=\"150\" border=\"2\" \/><\/a>\u00a0<a href=\"https:\/\/www.baraka.cc\/images\/stories\/an8_3.JPG\" target=\"_blank\"><img decoding=\"async\" loading=\"lazy\" alt=\" \" src=\"https:\/\/www.baraka.cc\/images\/stories\/an8_3.JPG\" width=\"200\" height=\"150\" border=\"2\" \/><\/a><\/p>\n<p class=\"MsoNormal\" style=\"line-height: 150%;\"><a href=\"https:\/\/www.baraka.cc\/images\/stories\/an8_4.JPG\" target=\"_blank\"><img decoding=\"async\" loading=\"lazy\" alt=\" \" src=\"https:\/\/www.baraka.cc\/images\/stories\/an8_4.JPG\" width=\"200\" height=\"150\" border=\"2\" \/><\/a>\u00a0<a href=\"https:\/\/www.baraka.cc\/images\/stories\/an8_5.JPG\" target=\"_blank\"><img decoding=\"async\" loading=\"lazy\" alt=\" \" src=\"https:\/\/www.baraka.cc\/images\/stories\/an8_5.JPG\" width=\"200\" height=\"150\" border=\"2\" \/><\/a><\/p>\n<p class=\"MsoNormal\" style=\"line-height: 150%;\"><a href=\"https:\/\/www.baraka.cc\/images\/stories\/an8_6.JPG\" target=\"_blank\"><img decoding=\"async\" loading=\"lazy\" alt=\" \" src=\"https:\/\/www.baraka.cc\/images\/stories\/an8_6.JPG\" width=\"200\" height=\"150\" border=\"2\" \/><\/a>\u00a0<a href=\"https:\/\/www.baraka.cc\/images\/stories\/an8_7.JPG\" target=\"_blank\"><img decoding=\"async\" loading=\"lazy\" alt=\" \" src=\"https:\/\/www.baraka.cc\/images\/stories\/an8_7.JPG\" width=\"200\" height=\"150\" border=\"2\" \/><\/a><\/p>\n<p class=\"MsoNormal\" style=\"line-height: 150%;\">\n<p class=\"MsoNormal\" style=\"line-height: 150%;\">\n<p class=\"MsoNormal\" style=\"line-height: 150%;\"><strong><span style=\"font-size: 11pt; line-height: 150%; font-family: Verdana;\">Baraka K\u00fclt\u00fcr Merkezi temsilcisinin paneldeki konu?masy:<\/span><\/strong><\/p>\n<p class=\"MsoNormal\" style=\"line-height: 150%;\">\n<p class=\"MsoNormal\" style=\"line-height: 150%;\"><strong><span style=\"font-size: 11pt; line-height: 150%; font-family: Verdana;\">KIBRIS\u2019TA FA?YZM VE M\u00dcCADELE Y\u00d6NTEMLERY<\/span><\/strong><\/p>\n<p class=\"MsoNormal\" style=\"line-height: 150%;\"><strong><span style=\"font-size: 11pt; line-height: 150%; font-family: Verdana;\">Devrim Bar\u00e7yn<\/span><\/strong><\/p>\n<p class=\"MsoNormal\" style=\"line-height: 150%;\"><span style=\"font-size: 11pt; line-height: 150%; font-family: Verdana;\">Yyllardyr fa?ist saldyrylara ve uygulamalara y\u00f6nelik, kendini ilerici, demokrat ve devrimci olarak tanymlayan \u00f6rg\u00fctler alanlarda, \u201cfa?izme kar?y omuz omuza\u201d sloganyny atmakta ve birlikte m\u00fccadelenin anlamlyly?yny ortaya koymaya \u00e7aly?maktadyrlar.<\/span><\/p>\n<p class=\"MsoNormal\" style=\"line-height: 150%;\"><span style=\"font-size: 11pt; line-height: 150%; font-family: Verdana;\">Ydeolojik m\u00fccadele olmadan sa?lykly bir politik birli?in olamayaca?y ilkesinden hareketle, fa?izmden ne anlady?ymyz, ortak m\u00fccadelenin ve y\u00f6ntemlerinin neler olabilece?ini dilimiz d\u00f6nd\u00fc?\u00fcnce bu yazyda ifade etmeye \u00e7aly?aca?yz.<\/span><\/p>\n<p class=\"MsoNormal\" style=\"line-height: 150%;\"><span style=\"font-size: 11pt; line-height: 150%; font-family: Verdana;\">Bug\u00fcn hepimizin de bildi?i \u00fczere \u00fclkemizde bulunan fa?ist kurumlar olan Milliyet\u00e7i Adalet<\/span><\/p>\n<p class=\"MsoNormal\" style=\"line-height: 150%;\"><span style=\"font-size: 11pt; line-height: 150%; font-family: Verdana;\">Partisi, Ulusal Halk Hareketi \u00e7evresi ve \u00dclk\u00fc Ocaklary\u2019nyn vb. saldyry taktikleri ve ama\u00e7lary bellidir. Bu fa?ist yapylar; baskyn ve saldyrylaryyla bir yandan yeni cepheler elde etmek ve halk arasynda etkilerini artyrmak pe?inde ko?arlarken, bir yandan da iktidarda bulunan erke ortaya \u00e7ykan \u00e7aty?maly durumu \u00f6nleme bahanesiyle, halka kar?y y\u00f6neltecekleri basky ve ?iddet politikasyna uygun ortam hazyrlama g\u00f6revini yerine getiriyorlar. Zorbalyk ve ?iddet yoluyla halk \u00fczerinde bir korku yaratmaya ve bu korkunun sa?lady?y teslimiyet sayesinde egemenlik kurmaya ve bu yolla kitle deste?i bulmaya \u00e7aly?maktadyrlar.<\/span><\/p>\n<p class=\"MsoNormal\" style=\"line-height: 150%;\"><span style=\"font-size: 11pt; line-height: 150%; font-family: Verdana;\">Her t\u00fcrl\u00fc hareketin oldu?u gibi fa?izmin de daima bir kitle deste?ine ihtiyacy vardyr. Y?te bu deste?i sa?lamak i\u00e7in, fa?istler uyguladyklary ?iddet ve onun yarataca?y korkuya dayanyrlar.<\/span><\/p>\n<p class=\"MsoNormal\" style=\"line-height: 150%;\"><span style=\"font-size: 11pt; line-height: 150%; font-family: Verdana;\">Bug\u00fcn, \u00fclkemiz Kybrys\u2019ta burjuva anlamda bir demokratik y\u00f6netim mevcut de?ildir. Anti-fa?ist m\u00fccadele a\u00e7ysyndan bu tespitin ortaya konulmasy \u00f6nemli bir noktadyr. Y?te, bu durumun sonucu olarak anti-fa?ist m\u00fccadele, fa?izmi \u00f6nleme m\u00fccadelesi olarak g\u00f6r\u00fclemez. \u00c7\u00fcnk\u00fc fa?izm burjuvazinin ter\u00f6rc\u00fc diktat\u00f6rl\u00fc?\u00fcd\u00fcr.<\/span><\/p>\n<p class=\"MsoNormal\" style=\"line-height: 150%;\"><span style=\"font-size: 11pt; line-height: 150%; font-family: Verdana;\">\u00dclkemizde demokrasi m\u00fccadelesi ve anti-fa?ist m\u00fccadele birbirinden ayrylmaz bir b\u00fct\u00fcnd\u00fcr. Varolan devlet yapysy i\u00e7indeki fa?ist kurumlar ortadan kaldyrylmadan, g\u00f6?\u00fcsleye g\u00f6?\u00fcsleye demokrasi ger\u00e7ekle?tirilemez. Bazy \u201cdemokrasi\u201d yanlysy partilerin iktidara gelmesi de durumu esas olarak de?i?tirmez. Di?er bir taraftan \u201c\u00fclkede zaten fa?izm var, bu i? devrim meselesidir\u201d diyerek mevcut demokratik ?artlaryn a\u00e7yk fa?izme d\u00f6n\u00fc?me e?ilimlerine kar?y m\u00fccadele etmemek gerekti?i sonucuna da asla varylamaz. \u00c7\u00fcnk\u00fc, bizler her zaman halk \u00fczerindeki baskylaryn artmasyna kar?y m\u00fccadele etmek zorundayyz. <\/span><\/p>\n<p class=\"MsoNormal\" style=\"line-height: 150%;\"><span style=\"font-size: 11pt; line-height: 150%; font-family: Verdana;\">\u201cYki toplumlu\u201d aktiviteler \u00e7er\u00e7evesinde yapylan etkinlikte (kuzey ve g\u00fcneyden siyasilerin katylymy ile d\u00fczenlenen futbol ma\u00e7y etkinli?i) fa?ist \u00e7evrelerin g\u00f6sterdi?i saldyrgan tavyr, bize g\u00f6stermektedir ki ne olursa olsun bu fa?ist \u00e7evreler hi\u00e7 \u00e7ekinmeden saldyrylaryny ger\u00e7ekle?tirmektedir. Bu olaylar kar?ysynda do?ru bir tavyr alabilmek, her ?eyden \u00f6nce onlaryn saldyrylarynyn tek tarafly de?erlendirilmemesine, do?ru olarak elealynabilmesine ba?lydyr. Bu fa?ist yapylar saldyrylary ile; bir yandan yarattyklary gerginlik ortamy i\u00e7inde halky sindirip \u00fczerinde egemenlik kurma ve etkiliklerini artyrmak amacyny ta?yrken, di?er bir taraftan da halklaryn karde?li?ine inanan ve \u00fclkemizde bir arada ya?amy savunan, kesimler \u00fczerinde korku yaratmaya \u00e7aly?yyorlar.<\/span><\/p>\n<p class=\"MsoNormal\" style=\"line-height: 150%;\"><span style=\"font-size: 11pt; line-height: 150%; font-family: Verdana;\">Ancak bu konu hakkynda kendini ilerici olarak tanymlayan kesimlerin de yorumu, fa?izme kar?y verilen m\u00fccadelede ciddi anlamda sorunlar yaratmaktadyr. \u201dFa?izmin gelmesi i\u00e7in bahane do?acaktyr\u201d, \u201cfa?istlere kar?y m\u00fccadele etmek fa?izme bahane olacaktyr\u201d, \u201csaldyrylara direnmek provokasyondur\u201d gibi yorumlar b\u00fct\u00fcn hayaty bir provokasyon, bir oyun olarak g\u00f6rmeye kadar varmakta ve bu sakat d\u00fc?\u00fcnce manty?y bizi i\u00e7inden \u00e7ykylmaz bir duruma s\u00fcr\u00fcklemektedir. Anti-fa?ist m\u00fccadeleyi \u00f6z\u00fcnde do?ru kavramadyklary ve onu sadece fa?izmi<\/span><\/p>\n<p class=\"MsoNormal\" style=\"line-height: 150%;\"><span style=\"font-size: 11pt; line-height: 150%; font-family: Verdana;\">\u00f6nleme meselesi olarak g\u00f6rd\u00fcklerinden, olaylary \u201dfa?izmi getirmemek\u201d konusuna indirgiyorlar. B\u00f6ylece hem olaylary yanly? de?erlendiriyor ve yanly? aktaryyorlar, hem de anti-fa?ist <\/span><\/p>\n<p class=\"MsoNormal\" style=\"line-height: 150%;\"><span style=\"font-size: 11pt; line-height: 150%; font-family: Verdana;\">m\u00fccadeleyi hedeflerinden saptyryyorlar. \u201dFa?istlerin saldyrylaryna ayny ?ekilde cevap vermemeli, aksi provokasyon olur oyuna geliriz\u201d sanki olay, fa?istlerin saldyrylaryna solcularyn cevap vermesiyle meydana geliyor. Solcular cevap vermeyince olaylar duracak!<\/span><\/p>\n<p class=\"MsoNormal\" style=\"line-height: 150%;\"><span style=\"font-size: 11pt; line-height: 150%; font-family: Verdana;\">Fa?izme kar?y halkyn her kesiminde, hayatyn b\u00fct\u00fcn alanlarynda m\u00fccadelenin \u00f6rg\u00fctlenmesi gerekti?i ka\u00e7ynylmaz bir ger\u00e7ektir. Peki fa?istlerin saldyrylaryna kar?y g\u00fcl ile giderek onlar yumu?atylabilir mi? Bunu d\u00fc?\u00fcnmenin kendisi bile fa?izmi tanymamaktan ileri gelir. Bu y\u00fczden daima fa?izme kar?y m\u00fccadele inan\u00e7 ve bilinci y\u00fckseltmek, anti-fa?ist m\u00fccadelenin \u00f6z\u00fc<\/span><\/p>\n<p class=\"MsoNormal\" style=\"line-height: 150%;\"><span style=\"font-size: 11pt; line-height: 150%; font-family: Verdana;\">olmalydyr. Anti-fa?ist m\u00fccadeleyi b\u00fct\u00fcn alanlarda (ideolojik, ekonomik-demokratik ve politik) s\u00fcrd\u00fcrmeliyiz. Ydeolojik planda fa?izmin te?hiri hi\u00e7 k\u00fc\u00e7\u00fcmsenmemeli, fa?izmin yalan ve demagojiye dayanan politikasyny te?hir etmek i\u00e7in emek harcamalyyyz. Fa?izmi yenmenin tek yolu onun ?iddetine teslim olmadan, \u00f6rg\u00fctl\u00fc halk kitleleri olu?turmak, bu halk kitlelerini fa?izmin kar?ysyna dikmek ve fa?ist baskynyn kayna?yny yok etmektir.Ve ba?tan beri a\u00e7yklamaya \u00e7aly?ty?ymyz gibi, fa?izme kar?y m\u00fccadeleyi ne sadece var olan demokratik haklary korumak u?runda m\u00fccadele, ne de sadece fa?ist itlerin saldyrylaryna kar?y m\u00fccadele olarak g\u00f6rmeliyiz. Tam tersine fa?istlerin baskylaryna boyun e?meden, demokratik kazanymlary byrakmadan, fa?izme kar?y her alanda tavizsiz m\u00fccadeleyi s\u00fcrd\u00fcrmeliyiz. Bilinmelidir ki fa?ist baskylara boyun e?en her davrany? sonu\u00e7ta fa?istlerin ekme?ine ya? s\u00fcrer. Fa?izme kar?y omuz omuza m\u00fccadele, insany y\u00fccelten bir yurtseverlik m\u00fccadelesidir.<\/span><\/p>\n<p class=\"MsoNormal\" style=\"line-height: 150%;\">\n<p class=\"MsoNormal\" style=\"line-height: 150%;\"><span style=\"font-size: 11pt; line-height: 150%; font-family: Verdana;\">KAHROLSUN FA?YZM!<\/span><\/p>\n<p class=\"MsoNormal\" style=\"line-height: 150%;\"><span style=\"font-size: 11pt; line-height: 150%; font-family: Verdana;\">FA?YZME KAR?I OMUZ OMUZA!<\/span><\/p>\n<p class=\"MsoNormal\" style=\"line-height: 150%;\"><span style=\"font-size: 11pt; line-height: 150%; font-family: Verdana;\">FA?YZME \u00d6L\u00dcM, TEK YOL DEVRYM! <\/span><\/p>\n<p class=\"MsoNormal\" style=\"line-height: 150%;\">\n","protected":false},"excerpt":{"rendered":"<p>&nbsp; Fa?istler tarafyndan katledili?inin 49. yyld\u00f6n\u00fcm\u00fc nedeniyle Ynkylap\u00e7y gazetesi yazary Fazyl \u00d6nder anysyna 24 Mayys 2007 ak?amy bir any etkinli?i ve panel d\u00fczenlendi. &nbsp; &nbsp;<\/p>\n","protected":false},"author":1,"featured_media":0,"comment_status":"open","ping_status":"open","sticky":false,"template":"","format":"standard","meta":{"jetpack_post_was_ever_published":false,"_jetpack_newsletter_access":"","_jetpack_newsletter_tier_id":0,"jetpack_publicize_message":"","jetpack_is_tweetstorm":false,"jetpack_publicize_feature_enabled":true,"jetpack_social_post_already_shared":false,"jetpack_social_options":{"image_generator_settings":{"template":"highway","enabled":false}}},"categories":[57],"tags":[],"jetpack_publicize_connections":[],"jetpack_featured_media_url":"","jetpack_shortlink":"https:\/\/wp.me\/p4eHWX-mm","jetpack_sharing_enabled":true,"_links":{"self":[{"href":"https:\/\/baraka.cc\/index.php?rest_route=\/wp\/v2\/posts\/1386"}],"collection":[{"href":"https:\/\/baraka.cc\/index.php?rest_route=\/wp\/v2\/posts"}],"about":[{"href":"https:\/\/baraka.cc\/index.php?rest_route=\/wp\/v2\/types\/post"}],"author":[{"embeddable":true,"href":"https:\/\/baraka.cc\/index.php?rest_route=\/wp\/v2\/users\/1"}],"replies":[{"embeddable":true,"href":"https:\/\/baraka.cc\/index.php?rest_route=%2Fwp%2Fv2%2Fcomments&post=1386"}],"version-history":[{"count":1,"href":"https:\/\/baraka.cc\/index.php?rest_route=\/wp\/v2\/posts\/1386\/revisions"}],"predecessor-version":[{"id":1387,"href":"https:\/\/baraka.cc\/index.php?rest_route=\/wp\/v2\/posts\/1386\/revisions\/1387"}],"wp:attachment":[{"href":"https:\/\/baraka.cc\/index.php?rest_route=%2Fwp%2Fv2%2Fmedia&parent=1386"}],"wp:term":[{"taxonomy":"category","embeddable":true,"href":"https:\/\/baraka.cc\/index.php?rest_route=%2Fwp%2Fv2%2Fcategories&post=1386"},{"taxonomy":"post_tag","embeddable":true,"href":"https:\/\/baraka.cc\/index.php?rest_route=%2Fwp%2Fv2%2Ftags&post=1386"}],"curies":[{"name":"wp","href":"https:\/\/api.w.org\/{rel}","templated":true}]}}