{"id":1388,"date":"2007-05-06T10:41:16","date_gmt":"2007-05-06T08:41:16","guid":{"rendered":"https:\/\/baraka.cc\/?p=1388"},"modified":"2014-01-06T10:42:43","modified_gmt":"2014-01-06T08:42:43","slug":"denizleri-anma-gecesi","status":"publish","type":"post","link":"https:\/\/baraka.cc\/?p=1388","title":{"rendered":"Denizleri Anma Gecesi"},"content":{"rendered":"<p><!--  \/* Font Definitions *\/  @font-face \t{font-family:Verdana; \tpanose-1:2 11 6 4 3 5 4 4 2 4; \tmso-font-charset:162; \tmso-generic-font-family:swiss; \tmso-font-pitch:variable; \tmso-font-signature:536871559 0 0 0 415 0;} @font-face \t{font-family:Calibri; \tpanose-1:2 15 5 2 2 2 4 3 2 4; \tmso-font-charset:162; \tmso-generic-font-family:swiss; \tmso-font-pitch:variable; \tmso-font-signature:-1610611985 1073750139 0 0 159 0;}  \/* Style Definitions *\/  p.MsoNormal, li.MsoNormal, div.MsoNormal \t{mso-style-parent:\"\"; \tmargin:0cm; \tmargin-bottom:.0001pt; \tmso-para-margin-top:.34gd; \tmso-para-margin-right:0cm; \tmso-para-margin-bottom:.3gd; \tmso-para-margin-left:0cm; \tmso-para-margin-bottom:.0001pt; \ttext-align:justify; \tmso-pagination:widow-orphan; \tfont-size:10.0pt; \tmso-bidi-font-size:11.0pt; \tfont-family:Arial; \tmso-fareast-font-family:Calibri; \tmso-bidi-font-family:\"Times New Roman\"; \tmso-fareast-language:EN-US;} a:link, span.MsoHyperlink \t{color:blue; \ttext-decoration:underline; \ttext-underline:single;} a:visited, span.MsoHyperlinkFollowed \t{color:purple; \ttext-decoration:underline; \ttext-underline:single;} @page Section1 \t{size:21.0cm 842.0pt; \tmargin:72.0pt 72.0pt 72.0pt 72.0pt; \tmso-header-margin:35.45pt; \tmso-footer-margin:35.45pt; \tmso-paper-source:0;} div.Section1 \t{page:Section1;} --><\/p>\n<p>&nbsp;<\/p>\n<p class=\"MsoNormal\" style=\"line-height: 150%;\">Baraka K\u00fclt\u00fcr ile Asi K\u00fclt\u00fcr Merkezleri, T\u00fcrkiye\u2019deki 1968 gen\u00e7lik hareketinin liderlerinden Deniz Gezmi? ve arkada?larynyn, idam edilmelerinin 36\u2019yncy yyld\u00f6n\u00fcm\u00fcnde 6 Mayys\u2019ta anma gecesi d\u00fczenledi.<\/p>\n<p>&nbsp;<\/p>\n<p class=\"MsoNormal\" style=\"line-height: 150%;\"><span style=\"font-size: 11pt; line-height: 150%; font-family: Verdana;\">Etkinlik, Deniz Gezmi?, Yusuf Aslan ve H\u00fcseyin Ynan ve hayatlaryny kaybeden devrimciler anysyna 1 dakikalyk saygy duru?unda bulunulmasy ile ba?lady.<\/span><\/p>\n<p class=\"MsoNormal\" style=\"line-height: 150%;\"><span style=\"font-size: 11pt; line-height: 150%; font-family: Verdana;\">Daha sonra, Baraka K\u00fclt\u00fcr Merkezi\u2019nden Nazen ?ansal, 1960\u2019ly yyllaryn sonunda T\u00fcrkiye\u2019nin i\u00e7inde bulundu?u tarihsel ko?ullary ve ardyndan ya?anan s\u00fcreci anlatty.<\/span><\/p>\n<p class=\"MsoNormal\" style=\"line-height: 150%;\">\n<p class=\"MsoNormal\" style=\"line-height: 150%;\"><span style=\"font-size: 11pt; line-height: 150%; font-family: Verdana;\">Etkinlik, T\u00fcrkiye\u2019den \u00d6zg\u00fcrl\u00fck ve Dayany?ma Partisi\u2019nin Genel Ba?kan Yardymcysy \u00d6nder Y?leyen, Halkevleri ve Devrimci 78\u2019liler Federasyonu\u2019nun anma gecesine g\u00f6nderdi?i destek mesajlarynyn okunmasyyla devam etti.<\/span><\/p>\n<p class=\"MsoNormal\" style=\"line-height: 150%;\"><span style=\"font-size: 11pt; line-height: 150%; font-family: Verdana;\">Daha sonra, Deniz Gezmi? ve arkada?larynyn idamyna kadar olan s\u00fcreci anlatan \u201cKe?ke Olmasaydy\u201d adly belgesel g\u00f6sterildi.<\/span><\/p>\n<p class=\"MsoNormal\" style=\"line-height: 150%;\">\n<p class=\"MsoNormal\" style=\"line-height: 150%;\"><span style=\"font-size: 11pt; line-height: 150%; font-family: Verdana;\">Etkinlik, Baraka K\u00fclt\u00fcr Merkezi M\u00fczik Toplulu?u Sol Anahtary\u2019nyn m\u00fczik dinletisi ve Deniz Gezmi?\u2019in mahkemedeki savunmasynyn bir kysmynyn kendi sesinden dinletilmesi ile devam etti.<\/span><\/p>\n<p class=\"MsoNormal\" style=\"line-height: 150%;\">\n<p class=\"MsoNormal\" style=\"line-height: 150%;\"><span style=\"font-size: 11pt; line-height: 150%; font-family: Verdana;\">Gece, Baraka K\u00fclt\u00fcr Merkezi ve Asi K\u00fclt\u00fcr Merkezi \u00fcyelerinin Deniz Gezmi? ve arkada?laryn verdi?i m\u00fccadelenin bug\u00fcnlere byrakty?y miras konulu kapany? konu?malary ile sona erdi.<\/span><\/p>\n<p class=\"MsoNormal\" style=\"line-height: 150%;\"><span style=\"font-size: 11pt; line-height: 150%; font-family: Verdana;\"><a href=\"https:\/\/www.baraka.cc\/down\/an9_sunus.doc\" target=\"_blank\">Gecenin Sunu?u<\/a><\/span><\/p>\n<p class=\"MsoNormal\" style=\"line-height: 150%;\"><a href=\"https:\/\/www.baraka.cc\/images\/stories\/an9_afis.jpg\" target=\"_blank\"><img decoding=\"async\" loading=\"lazy\" alt=\" \" src=\"https:\/\/www.baraka.cc\/images\/stories\/an9_afis.jpg\" width=\"200\" height=\"283\" border=\"2\" \/><\/a><\/p>\n<p class=\"MsoNormal\" style=\"line-height: 150%;\"><a href=\"https:\/\/www.baraka.cc\/images\/stories\/an9_1.JPG\" target=\"_blank\"><img decoding=\"async\" loading=\"lazy\" alt=\" \" src=\"https:\/\/www.baraka.cc\/images\/stories\/an9_1.JPG\" width=\"200\" height=\"150\" border=\"2\" \/><\/a>\u00a0<a href=\"https:\/\/www.baraka.cc\/images\/stories\/an9_2.JPG\" target=\"_blank\"><img decoding=\"async\" loading=\"lazy\" alt=\" \" src=\"https:\/\/www.baraka.cc\/images\/stories\/an9_2.JPG\" width=\"200\" height=\"150\" border=\"2\" \/><\/a><\/p>\n<p class=\"MsoNormal\" style=\"line-height: 150%;\"><a href=\"https:\/\/www.baraka.cc\/images\/stories\/an9_3.JPG\" target=\"_blank\"><img decoding=\"async\" loading=\"lazy\" alt=\" \" src=\"https:\/\/www.baraka.cc\/images\/stories\/an9_3.JPG\" width=\"200\" height=\"150\" border=\"2\" \/><\/a>\u00a0<a href=\"https:\/\/www.baraka.cc\/images\/stories\/an9_4.JPG\" target=\"_blank\"><img decoding=\"async\" loading=\"lazy\" alt=\" \" src=\"https:\/\/www.baraka.cc\/images\/stories\/an9_4.JPG\" width=\"200\" height=\"150\" border=\"2\" \/><\/a><\/p>\n<p class=\"MsoNormal\" style=\"line-height: 150%;\"><a href=\"https:\/\/www.baraka.cc\/images\/stories\/an9_5.JPG\" target=\"_blank\"><img decoding=\"async\" loading=\"lazy\" alt=\" \" src=\"https:\/\/www.baraka.cc\/images\/stories\/an9_5.JPG\" width=\"200\" height=\"150\" border=\"2\" \/><\/a>\u00a0<a href=\"https:\/\/www.baraka.cc\/images\/stories\/an9_6.JPG\" target=\"_blank\"><img decoding=\"async\" loading=\"lazy\" alt=\" \" src=\"https:\/\/www.baraka.cc\/images\/stories\/an9_6.JPG\" width=\"200\" height=\"150\" border=\"2\" \/><\/a><\/p>\n<p class=\"MsoNormal\" style=\"line-height: 150%;\"><a href=\"https:\/\/www.baraka.cc\/images\/stories\/an9_7.JPG\" target=\"_blank\"><img decoding=\"async\" loading=\"lazy\" alt=\" \" src=\"https:\/\/www.baraka.cc\/images\/stories\/an9_7.JPG\" width=\"200\" height=\"150\" border=\"2\" \/><\/a>\u00a0<a href=\"https:\/\/www.baraka.cc\/images\/stories\/an9_8.JPG\" target=\"_blank\"><img decoding=\"async\" loading=\"lazy\" alt=\" \" src=\"https:\/\/www.baraka.cc\/images\/stories\/an9_8.JPG\" width=\"200\" height=\"150\" border=\"2\" \/><\/a><\/p>\n<p class=\"MsoNormal\" style=\"line-height: 150%;\">\u00a0<a href=\"https:\/\/www.baraka.cc\/images\/stories\/an9_9.JPG\" target=\"_blank\"><img decoding=\"async\" loading=\"lazy\" alt=\" \" src=\"https:\/\/www.baraka.cc\/images\/stories\/an9_9.JPG\" width=\"200\" height=\"150\" border=\"2\" \/><\/a>\u00a0<a href=\"https:\/\/www.baraka.cc\/images\/stories\/an9_10.JPG\" target=\"_blank\"><img decoding=\"async\" loading=\"lazy\" alt=\" \" src=\"https:\/\/www.baraka.cc\/images\/stories\/an9_10.JPG\" width=\"200\" height=\"150\" border=\"2\" \/><\/a><\/p>\n<p class=\"MsoNormal\" style=\"line-height: 150%;\"><a href=\"https:\/\/www.baraka.cc\/images\/stories\/an9_11.JPG\" target=\"_blank\"><img decoding=\"async\" loading=\"lazy\" alt=\" \" src=\"https:\/\/www.baraka.cc\/images\/stories\/an9_11.JPG\" width=\"200\" height=\"150\" border=\"2\" \/><\/a>\u00a0 <a href=\"https:\/\/www.baraka.cc\/images\/stories\/an9_12.JPG\" target=\"_blank\"><img decoding=\"async\" loading=\"lazy\" alt=\" \" src=\"https:\/\/www.baraka.cc\/images\/stories\/an9_12.JPG\" width=\"200\" height=\"150\" border=\"2\" \/><\/a><\/p>\n<p class=\"MsoNormal\" style=\"line-height: 150%;\"><a href=\"https:\/\/www.baraka.cc\/images\/stories\/an9_13.JPG\" target=\"_blank\"><img decoding=\"async\" loading=\"lazy\" alt=\" \" src=\"https:\/\/www.baraka.cc\/images\/stories\/an9_13.JPG\" width=\"200\" height=\"150\" border=\"2\" \/><\/a>\u00a0<a href=\"https:\/\/www.baraka.cc\/images\/stories\/an9_14.JPG\" target=\"_blank\"><img decoding=\"async\" loading=\"lazy\" alt=\" \" src=\"https:\/\/www.baraka.cc\/images\/stories\/an9_14.JPG\" width=\"200\" height=\"150\" border=\"2\" \/><\/a><\/p>\n<p class=\"MsoNormal\" style=\"line-height: 150%;\"><strong><span style=\"font-size: 11pt; line-height: 150%; font-family: Verdana;\">Kapany? konu?malary<\/span><\/strong><\/p>\n<p class=\"MsoNormal\" style=\"line-height: 150%;\"><strong><span style=\"font-size: 11pt; line-height: 150%; font-family: Verdana;\"><a href=\"https:\/\/www.baraka.cc\/index.php?option=com_content&amp;task=view&amp;id=203&amp;Itemid=247\">Baraka K\u00fclt\u00fcr Merkezi adyna aktivist M\u00fcn\u00fcr Rahvancyo?lu yapty?y kapany? konu?masy<\/a><\/span><\/strong><\/p>\n<p class=\"MsoNormal\" style=\"line-height: 150%;\">\n<p class=\"MsoNormal\" style=\"line-height: 150%;\">\n<p class=\"MsoNormal\" style=\"line-height: 150%;\"><strong><span style=\"font-size: 11pt; line-height: 150%; font-family: Verdana;\">Asi K\u00fclt\u00fcr\u2019den G\u00fclten G\u00f6ze\u2019nin kapany?ta okudu?u de?erlendirme:<\/span><\/strong><\/p>\n<p class=\"MsoNormal\" style=\"line-height: 150%;\"><span style=\"font-size: 11pt; line-height: 150%; font-family: Verdana;\">T\u00fcrkiye\u2019de 1961 anayasasynda yapylan de?i?iklikler, t\u00fcm d\u00fcnyada devam eden d\u00fc?\u00fcnce synyrlarynyn kalkmasy hareketiyle de do?ru orantyly bir ?ekilde T\u00fcrkiye\u2019deki gen\u00e7li?i hareketlendirdi. <\/span><\/p>\n<p class=\"MsoNormal\" style=\"line-height: 150%;\">\n<p class=\"MsoNormal\" style=\"line-height: 150%;\"><span style=\"font-size: 11pt; line-height: 150%; font-family: Verdana;\">1968\u2019e gelindi?inde T\u00fcrkiye\u2019deki bu ilerici hareket, synyflar arasyndaki u\u00e7urumun ve sykyntylaryn \u00e7\u00f6z\u00fcm\u00fcn\u00fcn i?\u00e7i synyfyndan ba?ymsyz \u00e7\u00f6z\u00fclemeyece?ini ortaya koyarak, m\u00fccadeleyi bu \u00e7izgide s\u00fcrd\u00fcr\u00fcr. <\/span><\/p>\n<p class=\"MsoNormal\" style=\"line-height: 150%;\">\n<p class=\"MsoNormal\" style=\"line-height: 150%;\"><span style=\"font-size: 11pt; line-height: 150%; font-family: Verdana;\">1971 ve 1980 darbeleri, g\u00fc\u00e7lenen bu devrimci hareketi ortadan kaldyrmaya y\u00f6nelikti. 650 bin ki?inin g\u00f6zaltyna alynyp,7 bin ki?i i\u00e7in idam istenildi,14 bin ki?i yurtta?lyktan \u00e7ykarylyp, 98 bin 404 ki?i \u00f6rg\u00fct \u00fcyesi olmak su\u00e7undan yargylandy, bug\u00fcn dahi bir t\u00fcrl\u00fc \u00f6?renemedi?imiz sayyda ki?i i?kenceler ve yargysyz infazlarla \u00f6ld\u00fcr\u00fcl\u00fcr. <\/span><\/p>\n<p class=\"MsoNormal\" style=\"line-height: 150%;\">\n<p class=\"MsoNormal\" style=\"line-height: 150%;\"><span style=\"font-size: 11pt; line-height: 150%; font-family: Verdana;\">Bug\u00fcn Yunanistan, ?ili, Portekiz, Yspanya, Almanya ve daha bir \u00e7ok \u00fclkede darbe ve sava? su\u00e7lulary g\u00f6zaltyna alynyp a?yr cezalara \u00e7arptyryldy. Fakat bug\u00fcne kadar T\u00fcrkiye\u2019de gelip ge\u00e7en h\u00fck\u00fcmetlerin hi\u00e7biri, darbe komutanlaryny hala koruyan 15. Maddeyi de?i?tirmeye yana?madylar. <\/span><\/p>\n<p class=\"MsoNormal\" style=\"line-height: 150%;\">\n<p class=\"MsoNormal\" style=\"line-height: 150%;\"><span style=\"font-size: 11pt; line-height: 150%; font-family: Verdana;\">Otuz alty yyl \u00f6nce, ya?anan bu m\u00fccadelelerin bayrakla?an isimleri Deniz Gezmi?, Yusuf Aslan ve H\u00fcseyin Ynan 6 Mayys 1972\u2019de idam edildi.<\/span><\/p>\n<p class=\"MsoNormal\" style=\"line-height: 150%;\">\n<p class=\"MsoNormal\" style=\"line-height: 150%;\"><span style=\"font-size: 11pt; line-height: 150%; font-family: Verdana;\">Onlar; <\/span><\/p>\n<p class=\"MsoNormal\" style=\"line-height: 150%;\"><span style=\"font-size: 11pt; line-height: 150%; font-family: Verdana;\">1 Mayyslarda, Amerikan askerlerini denize d\u00f6kerken, Filistin\u2019de fa?izmle m\u00fccadele yollaryny \u00f6?renirken ,<span>\u00a0 <\/span>daha iyi bir D\u00fcnya\u2019nyn m\u00fcmk\u00fcn oldu?una inandylar, direndiler ve kavga verdiler\u2026\u2026<\/span><\/p>\n<p class=\"MsoNormal\" style=\"line-height: 150%;\">\n<p class=\"MsoNormal\" style=\"line-height: 150%;\"><span style=\"font-size: 11pt; line-height: 150%; font-family: Verdana;\">?imdi ise bizler; <\/span><\/p>\n<p class=\"MsoNormal\" style=\"line-height: 150%;\"><span style=\"font-size: 11pt; line-height: 150%; font-family: Verdana;\">1 Mayyslarda emek\u00e7ilerle y\u00fcr\u00fcrken, emperyalist Amerikan i?gallerini protesto ederken, Filistin\u2019deki fa?izme kar?y m\u00fccadeleyi desteklerken, Ba?ka bir d\u00fcnyanyn m\u00fcmk\u00fcn oldu?una inanyyor, direniyoruz ve kavga veriyoruz. <\/span><\/p>\n<p class=\"MsoNormal\" style=\"line-height: 150%;\"><span style=\"font-size: 11pt; line-height: 150%; font-family: Verdana;\">Zaman kavramy bizleri ayyrsa da, Deniz\u2019ler, Dervi? Ali\u2019ler, Mehmet Asi\u2019ler, birlikte ayny kortejde y\u00fcr\u00fcyoruz, O g\u00fcnlerden bu g\u00fcnlere de?i?en sloganlar, kullanylan terimler, farklyla?an ko?ullar kimseleri yanyltmasy. Kavga, kapitalizme, emperyalizme, fa?izme kar?y ayny kavgadyr.<\/span><\/p>\n<p class=\"MsoNormal\" style=\"line-height: 150%;\">\n<p class=\"MsoNormal\" style=\"line-height: 150%;\"><strong><span style=\"font-size: 11pt; line-height: 150%; font-family: Verdana;\">Geceye g\u00f6nderilen mesajlar<\/span><\/strong><\/p>\n<p class=\"MsoNormal\" style=\"line-height: 150%; text-align: left;\" align=\"left\"><strong><span style=\"font-size: 11pt; line-height: 150%; font-family: Verdana;\">Halkevleri Destek Mesajy:<\/span><\/strong><\/p>\n<p class=\"MsoNormal\" style=\"line-height: 150%; text-align: left;\" align=\"left\"><span style=\"font-size: 11pt; line-height: 150%; font-family: Verdana;\">Merhaba dostlar,<\/span><\/p>\n<p class=\"MsoNormal\" style=\"line-height: 150%; text-align: left;\" align=\"left\"><span style=\"font-size: 11pt; line-height: 150%; font-family: Verdana;\">12 Mart fa?izmine kar?y direni?leriyle, T\u00fcrkiye halklarynyn zulme, s\u00f6m\u00fcr\u00fcye ve emperyalist u?akly?yna kar?y ba?kaldyry gelene?ini 21. y\u00fczyyla ta?yyan Deniz, Yusuf ve H\u00fcseyin\u2019in anysyny, Kybrys halkynyn, \u00f6zg\u00fcr, ba?ymsyz, demokratik ve birle?ik bir Kybrys m\u00fccadelesiyle kayna?tyrmayy ama\u00e7layan gecenizi selamlyyoruz.<\/span><\/p>\n<p class=\"MsoNormal\" style=\"line-height: 150%; text-align: left;\" align=\"left\">\n<p class=\"MsoNormal\" style=\"line-height: 150%; text-align: left;\" align=\"left\"><span style=\"font-size: 11pt; line-height: 150%; font-family: Verdana;\">Onlar direni?leriyle, devrimi g\u00f6kten yere indirdi; devrimi, emek\u00e7i halkyn yoksulluk, yoksunluk ve boyun e?mi?likle damgalanmy? umutsuz d\u00fcnyasyna bir y?yk olarak sundular. Dura?anly?a, b\u00fcrokrasiye, teslimiyete batan ve 1990\u2019ly yyllarda \u00e7\u00f6ken \u201creel sosyalizm\u201din devrimci alternatifine T\u00fcrkiye topra?yndan k\u00f6k kazandyrdylar.<\/span><\/p>\n<p class=\"MsoNormal\" style=\"line-height: 150%; text-align: left;\" align=\"left\">\n<p class=\"MsoNormal\" style=\"line-height: 150%; text-align: left;\" align=\"left\"><span style=\"font-size: 11pt; line-height: 150%; font-family: Verdana;\">Solun ve sosyalizmin a?yr bir yenilgi altynda yozla?tyryldy?y, egemen g\u00fc\u00e7lerin kuyru?una takylmaya \u00e7aly?yldy?y bug\u00fcn, Denizlerin emek\u00e7i halkyn i\u00e7indeki devrimci cevhere dayanmayy temel alan, kendi halkynyn devrimci gelece?ine ba?lyly?y kysa d\u00f6nemli g\u00fc\u00e7 ve \u00e7ykar hesaplarynyn \u00fczerine koyan do?ru-devrimci anlayy?lary sadece T\u00fcrkiye devrimci hareketi i\u00e7in de?il, d\u00fcnyanyn d\u00f6rt bir yanynda, Kybrys\u2019ta da geli?mekte olan yeni devrimci g\u00fc\u00e7ler i\u00e7in de g\u00fc\u00e7l\u00fc, yol a\u00e7ycy ve g\u00fcncel bir \u00f6rnektir.<\/span><\/p>\n<p class=\"MsoNormal\" style=\"line-height: 150%; text-align: left;\" align=\"left\">\n<p class=\"MsoNormal\" style=\"line-height: 150%; text-align: left;\" align=\"left\"><span style=\"font-size: 11pt; line-height: 150%; font-family: Verdana;\">Ba?ymsyzly?y, demokrasiyi ve birli?i, emek\u00e7i halkyn haklaryny neo liberalizme ve ?ovenizme pe?ke? \u00e7ekerek kazanabileceklerini sananlar, yalnyzca \u201ciktidar budalalary\u201ddyr. Kybrys\u2019yn birlik, ba?ymsyzlyk, \u00f6zg\u00fcrl\u00fc ve demokrasi m\u00fccadelesi Kybrys\u2019yn Elen ve T\u00fcrk halkynyn neo-liberalizme ve ?ovenizme kar?y birle?ik m\u00fccadelesinin \u00fczerinde y\u00fckseltildi?inde, ger\u00e7ekten ba?ymsyz, \u00f6zg\u00fcr ve demokratik bir Kybrys da hayal olmaktan \u00e7ykacaktyr.<\/span><\/p>\n<p class=\"MsoNormal\" style=\"line-height: 150%; text-align: left;\" align=\"left\">\n<p class=\"MsoNormal\" style=\"line-height: 150%; text-align: left;\" align=\"left\"><span style=\"font-size: 11pt; line-height: 150%; font-family: Verdana;\">M\u00fccadeleniz m\u00fccadelemizdir.<\/span><\/p>\n<p class=\"MsoNormal\" style=\"line-height: 150%; text-align: left;\" align=\"left\"><span style=\"font-size: 11pt; line-height: 150%; font-family: Verdana;\">\u00dcreten Biziz,Y\u00f6neten de Biz Olaca?yz!<\/span><\/p>\n<p class=\"MsoNormal\" style=\"line-height: 150%; text-align: left;\" align=\"left\"><span style=\"font-size: 11pt; line-height: 150%; font-family: Verdana;\">HALKEVLERY<\/span><\/p>\n<p class=\"MsoNormal\" style=\"line-height: 150%;\">\n<p class=\"MsoNormal\" style=\"line-height: 150%;\"><strong><span style=\"font-size: 11pt; line-height: 150%; font-family: Verdana;\">Devrimci 78\u2019liler Federasyonu a\u00e7yklamasy <\/span><\/strong><\/p>\n<p class=\"MsoNormal\" style=\"line-height: 150%;\"><span style=\"font-size: 11pt; line-height: 150%; font-family: Verdana;\">Baraka &amp; Asi K\u00fclt\u00fcr Merkezi Y\u00f6netim Kuruluna,<\/span><\/p>\n<p class=\"MsoNormal\" style=\"line-height: 150%;\"><span style=\"font-size: 11pt; line-height: 150%; font-family: Verdana;\">6 Mayys ?ehitleri Deniz, Yusuf ve H\u00fcseyin\u2019in aramyzdan ayryly?ynyn bug\u00fcn 36. yyly. Acylary y\u00fcreklerimizde hala taptaze, kim diyebilir ki onlara \u00f6ld\u00fc diye\u2026 Bug\u00fcn saat 11.00\u2019den itibaren, Kar?yyaka mezarly?ynda toplanan binlerce insan onlarla bulu?tu. Hep bir a?yzdan onlar i\u00e7in s\u00f6ylenen t\u00fcrk\u00fcleri s\u00f6yledi. Yumruklar havaya kalkyp, ba?lar onurla yukaryda tutulurken onlaryn m\u00fccadelesine ba?lylyklaryny yinelediler her 6 Mayys\u2019ta oldu?u gibi\u2026 <\/span><\/p>\n<p class=\"MsoNormal\" style=\"line-height: 150%;\">\n<p class=\"MsoNormal\" style=\"line-height: 150%;\"><span style=\"font-size: 11pt; line-height: 150%; font-family: Verdana;\">Karde?ler, aramyzdan ayryly?larynyn 36. yylynda onlary bir kez daha saygyyla anyyor, kavgalary kavgamyzdyr diyoruz. Onlar emek\u00e7i halklarymyzyn kurtulu? m\u00fccadelesine naky? naky? i?lenen vazge\u00e7ilmez de?erlerimizdir. Bir marka gibi sunulmalaryna, magazinle?tirilerek sulandyrylmalaryna, pop\u00fclist k\u00fclt\u00fcre kurban edilmelerine izin vermeyelim. <\/span><\/p>\n<p class=\"MsoNormal\" style=\"line-height: 150%;\">\n<p class=\"MsoNormal\" style=\"line-height: 150%;\"><span style=\"font-size: 11pt; line-height: 150%; font-family: Verdana;\">Sizlerinde onlaryn m\u00fccadelesine ba?lyly?ynyzyn bir g\u00f6stergesi olarak, bug\u00fcn ger\u00e7ekle?tirece?iniz etkinli?in benzer bir co?kuyla ya?anaca?yna inanyyoruz. \u00dclkemizin d\u00f6rt bir yanynda bug\u00fcn anmalaryn yapyldy?yny biliyoruz. Y?\u00e7i ve emek\u00e7ilere kan kusturulan, hayaty ya?anylmaz kylynan bu \u00fclkede ?imdi yeridir tam da DENYZ olunmanyn,! Daha fazla YNANyp sosyalizme sarylmanyn. ?imdi zamanydyr Ba?ymsyzlyk, Demokrasi ve Sosyalizm sloganlaryyla soka?a \u00e7ykyp ASLANlar gibi k\u00fckremenin. <\/span><\/p>\n<p class=\"MsoNormal\" style=\"line-height: 150%;\">\n<p class=\"MsoNormal\" style=\"line-height: 150%;\"><span style=\"font-size: 11pt; line-height: 150%; font-family: Verdana;\">Anma etkinli?inizi selamlyyor, m\u00fccadelenizde ba?arylar diliyor, dostluk ve dayany?ma duygularymyzy iletiyoruz.<\/span><\/p>\n<p class=\"MsoNormal\" style=\"line-height: 150%;\">\n<p class=\"MsoNormal\" style=\"line-height: 150%;\"><strong><span style=\"font-size: 11pt; line-height: 150%; font-family: Verdana;\">\u00d6DP: Ne Ge\u00e7mi? T\u00fckendi Ne Yarynlar<\/span><\/strong><\/p>\n<p class=\"MsoNormal\" style=\"line-height: 150%;\"><span style=\"font-size: 11pt; line-height: 150%; font-family: Verdana;\">T\u00fcrkiye\u2019nin ve d\u00fcnyanyn sokaklarynda dola?an umuttan s\u00f6z ediyoruz, Che Guevara\u2019dan, Mahir\u2019den, Deniz\u2019den\u2026 Emperyalizmin tahakk\u00fcm\u00fcne ve karanly?a kar?y onlaryn tarihe byraktyklary muhte?em gelecek manifestosundan. <\/span><\/p>\n<p class=\"MsoNormal\" style=\"line-height: 150%;\">\n<p class=\"MsoNormal\" style=\"line-height: 150%;\"><span style=\"font-size: 11pt; line-height: 150%; font-family: Verdana;\">Bug\u00fcn de bizi ayakta tutan ve birbirimize sykyca ba?layan o kopmaz ba?dan, devrimci inan\u00e7 ve kararlyktan s\u00f6z ediyoruz. Onlar devrimci d\u00fc?\u00fcncelerin, ahlakyn ve k\u00fclt\u00fcr\u00fcn parlak yyldyzlary olarak tarihe ge\u00e7tiler ve bizler i\u00e7in hep bir kutup yyldyzy oldular.<span>\u00a0 <\/span>Bug\u00fcn, emperyalizmin tahakk\u00fcm\u00fcne, AKP eliyle \u00fclkemizin ba?yna \u00f6r\u00fclen gerici ve piyasacy d\u00fczene kar?y ba?kaldyrymyzyn da simgesidir onlar. <\/span><\/p>\n<p class=\"MsoNormal\" style=\"line-height: 150%;\">\n<p class=\"MsoNormal\" style=\"line-height: 150%;\"><span style=\"font-size: 11pt; line-height: 150%; font-family: Verdana;\">T\u00fcrkiye bu karanlyktan kurtulacaksa bu ancak, Mahirler\u2019in, Denizler\u2019in kavgasyny b\u00fcy\u00fcterek, yeniden Fatsalar yaratarak m\u00fcmk\u00fcn olacaktyr.<\/span><\/p>\n<p class=\"MsoNormal\" style=\"line-height: 150%;\">\n<p class=\"MsoNormal\" style=\"line-height: 150%;\"><span style=\"font-size: 11pt; line-height: 150%; font-family: Verdana;\">Onlaryn ideallerinin, \u00fctopyalarynyn ve umutlarynyn yaryna ta?yyycysy olmak i\u00e7in d\u00fcnyanyn b\u00fct\u00fcn sokaklarynda direnenleri sevgiyle selamlyyoruz. <\/span><\/p>\n<p class=\"MsoNormal\" style=\"line-height: 150%;\"><span style=\"font-size: 11pt; line-height: 150%; font-family: Verdana;\">Ne ge\u00e7mi? t\u00fckendi ne yarynlar ne siz ne de biz\u2026<\/span><\/p>\n<p class=\"MsoNormal\" style=\"line-height: 150%;\"><span style=\"font-size: 11pt; line-height: 150%; font-family: Verdana;\">\u00d6nder Y?LEYEN<\/span><\/p>\n<p class=\"MsoNormal\" style=\"line-height: 150%;\"><span style=\"font-size: 11pt; line-height: 150%; font-family: Verdana;\">\u00d6DP Genel Ba?kan Yardymcysy <\/span><\/p>\n<p class=\"MsoNormal\" style=\"line-height: 150%;\">\n<p class=\"MsoNormal\" style=\"line-height: 150%;\">\n<p class=\"MsoNormal\" style=\"line-height: 150%;\">\n<p class=\"MsoNormal\">\n","protected":false},"excerpt":{"rendered":"<p>&nbsp; Baraka K\u00fclt\u00fcr ile Asi K\u00fclt\u00fcr Merkezleri, T\u00fcrkiye\u2019deki 1968 gen\u00e7lik hareketinin liderlerinden Deniz Gezmi? ve arkada?larynyn, idam edilmelerinin 36\u2019yncy yyld\u00f6n\u00fcm\u00fcnde 6 Mayys\u2019ta anma gecesi d\u00fczenledi.<\/p>\n","protected":false},"author":1,"featured_media":0,"comment_status":"open","ping_status":"open","sticky":false,"template":"","format":"standard","meta":{"jetpack_post_was_ever_published":false,"_jetpack_newsletter_access":"","_jetpack_newsletter_tier_id":0,"jetpack_publicize_message":"","jetpack_is_tweetstorm":false,"jetpack_publicize_feature_enabled":true,"jetpack_social_post_already_shared":false,"jetpack_social_options":{"image_generator_settings":{"template":"highway","enabled":false}}},"categories":[57],"tags":[],"jetpack_publicize_connections":[],"jetpack_featured_media_url":"","jetpack_shortlink":"https:\/\/wp.me\/p4eHWX-mo","jetpack_sharing_enabled":true,"_links":{"self":[{"href":"https:\/\/baraka.cc\/index.php?rest_route=\/wp\/v2\/posts\/1388"}],"collection":[{"href":"https:\/\/baraka.cc\/index.php?rest_route=\/wp\/v2\/posts"}],"about":[{"href":"https:\/\/baraka.cc\/index.php?rest_route=\/wp\/v2\/types\/post"}],"author":[{"embeddable":true,"href":"https:\/\/baraka.cc\/index.php?rest_route=\/wp\/v2\/users\/1"}],"replies":[{"embeddable":true,"href":"https:\/\/baraka.cc\/index.php?rest_route=%2Fwp%2Fv2%2Fcomments&post=1388"}],"version-history":[{"count":1,"href":"https:\/\/baraka.cc\/index.php?rest_route=\/wp\/v2\/posts\/1388\/revisions"}],"predecessor-version":[{"id":1389,"href":"https:\/\/baraka.cc\/index.php?rest_route=\/wp\/v2\/posts\/1388\/revisions\/1389"}],"wp:attachment":[{"href":"https:\/\/baraka.cc\/index.php?rest_route=%2Fwp%2Fv2%2Fmedia&parent=1388"}],"wp:term":[{"taxonomy":"category","embeddable":true,"href":"https:\/\/baraka.cc\/index.php?rest_route=%2Fwp%2Fv2%2Fcategories&post=1388"},{"taxonomy":"post_tag","embeddable":true,"href":"https:\/\/baraka.cc\/index.php?rest_route=%2Fwp%2Fv2%2Ftags&post=1388"}],"curies":[{"name":"wp","href":"https:\/\/api.w.org\/{rel}","templated":true}]}}