{"id":1390,"date":"2009-03-30T10:43:05","date_gmt":"2009-03-30T08:43:05","guid":{"rendered":"https:\/\/baraka.cc\/?p=1390"},"modified":"2014-01-06T10:45:16","modified_gmt":"2014-01-06T08:45:16","slug":"kyzylderede-oldurulenler-anyldy","status":"publish","type":"post","link":"https:\/\/baraka.cc\/?p=1390","title":{"rendered":"Kyzyldere&#8217;de \u00d6ld\u00fcr\u00fclenler Anyldy"},"content":{"rendered":"<p class=\"MsoNormal\" style=\"text-align: center; line-height: 150%; margin: 0cm 0cm 0pt;\" align=\"center\"><strong><span style=\"line-height: 150%; font-family: Verdana; font-size: 11pt;\">\u00a0\u00a0\u00a0 <\/span><\/strong><\/p>\n<p class=\"MsoNormal\" style=\"text-align: center; line-height: 150%; margin: 0cm 0cm 0pt;\" align=\"center\"><strong><span style=\"line-height: 150%; font-family: Verdana; font-size: 11pt;\"><a href=\"https:\/\/www.baraka.cc\/images\/stories\/kizildere.jpg\" target=\"_blank\"><img decoding=\"async\" loading=\"lazy\" alt=\" \" src=\"https:\/\/www.baraka.cc\/images\/stories\/kizildere.jpg\" width=\"200\" height=\"141\" border=\"2\" \/><\/a><\/span><\/strong><\/p>\n<p><span style=\"line-height: 150%; font-family: Verdana; font-size: 11pt;\">\u00a0<\/span><\/p>\n<p class=\"MsoNormal\" style=\"line-height: 150%; margin: 0cm 0cm 0pt;\"><span style=\"line-height: 150%; font-family: Verdana; font-size: 11pt;\">30 Mart 1972\u2019de Kyzyldere\u2019de \u00f6ld\u00fcr\u00fclen 10 gen\u00e7lik lideri anysyna d\u00fczenlenen etkinlik, 30 Mart 2009 Pazartesi saat 19:30\u2019da Tabipler Birli?inde yapyldy.<\/span><\/p>\n<p><span style=\"line-height: 150%; font-family: Verdana; font-size: 11pt;\">\u00a0\u00a0\u00a0\u00a0 <\/span><\/p>\n<p class=\"MsoNormal\" style=\"line-height: 150%; margin: 0cm 0cm 0pt;\"><span style=\"line-height: 150%; font-family: Verdana; font-size: 11pt;\">Yeni Kybrys Partisi, Baraka K\u00fclt\u00fcr Merkez, Asi K\u00fclt\u00fcr Derne?i ve KT\u00d6S&#8217;\u00fcn ortak d\u00fczenledi?i etkinlik m\u00fccadelede kaybedilenler anysyna bir dakikalyk saygy duru?u\u00a0ve\u00a0Halkevleri ile \u00d6DP&#8217;nin g\u00f6nderdi?i mesajlaryn okunmasy\u00a0ile ba?lady. Saygy duru?unun ardyndan \u201cG\u00fcn Do?du\u201d mar?y s\u00f6ylendi.<\/span><\/p>\n<p class=\"MsoNormal\" style=\"line-height: 150%; margin: 0cm 0cm 0pt;\"><span style=\"line-height: 150%; font-family: Verdana; font-size: 11pt;\">\u00a0\u00a0\u00a0 <\/span><\/p>\n<p><span style=\"line-height: 150%; font-family: Verdana; font-size: 11pt;\">Daha sonra kysa a\u00e7yly? ve slayt g\u00f6sterisi yapyldy ve ardyndan Mahir Sayyn d\u00f6nem ile ilgili tanykly?yny aktardy?y bir konu?ma yapty.\u00a0<\/span><span style=\"line-height: 150%; font-family: Verdana; font-size: 11pt;\">Mahir Sayyn\u2019yn konu?masyndan sonra\u00a0Sol Anahtary M\u00fczik grubu, &#8220;Eylem G\u00fczeli&#8221;, &#8220;Kyzyldere&#8221;, &#8220;?en Olaca?yz&#8221;, &#8220;G\u00fcndo?du&#8221; ve &#8220;G\u00fcn Gibi&#8221;\u00a0?arkylaryndan olu?an bir m\u00fczik dinletisi sundu. M\u00fczik dinletisinden sonra \u201cHalkyn Devrimci Yolu\u201d yazary \u00c7i?dem \u00c7ydamly Kyzyldere ve o d\u00f6nemde ya?ananlaryn g\u00fcn\u00fcm\u00fcze byraktyklary \u00fczerine bir konu?ma yapty. Son olarak da\u00a0<\/span><span style=\"line-height: 150%; font-family: Verdana; font-size: 11pt;\">Kyzyldere\u2019de \u00f6ld\u00fcr\u00fclen Cihan Alptekin&#8217;in karde?i Nuran Alptekin Kepenek karde?ine ve d\u00f6neme dair d\u00fc?\u00fcncelerini katylymcylarla\u00a0payla?ty.<\/span><span style=\"line-height: 150%; font-family: Verdana; font-size: 11pt;\">\u00a0<\/span><span style=\"line-height: 150%; font-family: Verdana; font-size: 11pt;\">\u00a0\u00a0\u00a0\u00a0\u00a0<\/span><\/p>\n<p><span style=\"line-height: 150%; font-family: Verdana; font-size: 11pt;\">\u00a0\u00a0\u00a0\u00a0\u00a0\u00a0\u00a0\u00a0\u00a0\u00a0\u00a0 <\/span><\/p>\n<p><span style=\"line-height: 150%; font-family: Verdana; font-size: 11pt;\"><a href=\"https:\/\/www.baraka.cc\/images\/stories\/kizildere_1.JPG\" target=\"_blank\"><img decoding=\"async\" loading=\"lazy\" alt=\" \" src=\"https:\/\/www.baraka.cc\/images\/stories\/kizildere_1.JPG\" width=\"200\" height=\"150\" border=\"2\" \/><\/a>\u00a0<a href=\"https:\/\/www.baraka.cc\/images\/stories\/kizildere_2.JPG\" target=\"_blank\"><img decoding=\"async\" loading=\"lazy\" alt=\" \" src=\"https:\/\/www.baraka.cc\/images\/stories\/kizildere_2.JPG\" width=\"200\" height=\"133\" border=\"2\" \/><\/a>\u00a0<\/span><\/p>\n<p><span style=\"line-height: 150%; font-family: Verdana; font-size: 11pt;\"><a href=\"https:\/\/www.baraka.cc\/images\/stories\/kizildere_3.JPG\" target=\"_blank\"><img decoding=\"async\" loading=\"lazy\" alt=\" \" src=\"https:\/\/www.baraka.cc\/images\/stories\/kizildere_3.JPG\" width=\"200\" height=\"111\" border=\"2\" \/><\/a>\u00a0<a href=\"https:\/\/www.baraka.cc\/images\/stories\/kizildere_4.JPG\" target=\"_blank\"><img decoding=\"async\" loading=\"lazy\" alt=\" \" src=\"https:\/\/www.baraka.cc\/images\/stories\/kizildere_4.JPG\" width=\"200\" height=\"133\" border=\"2\" \/><\/a>\u00a0<\/span><\/p>\n<p><span style=\"line-height: 150%; font-family: Verdana; font-size: 11pt;\"><a href=\"https:\/\/www.baraka.cc\/images\/stories\/kizildere_5.JPG\" target=\"_blank\"><img decoding=\"async\" loading=\"lazy\" alt=\" \" src=\"https:\/\/www.baraka.cc\/images\/stories\/kizildere_5.JPG\" width=\"200\" height=\"133\" border=\"2\" \/><\/a>\u00a0<a href=\"https:\/\/www.baraka.cc\/images\/stories\/kizildere_6.JPG\" target=\"_blank\"><img decoding=\"async\" loading=\"lazy\" alt=\" \" src=\"https:\/\/www.baraka.cc\/images\/stories\/kizildere_6.JPG\" width=\"200\" height=\"133\" border=\"2\" \/><\/a><\/span><span style=\"line-height: 150%; font-family: Verdana; font-size: 11pt;\">\u00a0<\/span><\/p>\n<p><span style=\"line-height: 150%; font-family: Verdana; font-size: 11pt;\"><a href=\"https:\/\/www.baraka.cc\/images\/stories\/kizildere_7.JPG\" target=\"_blank\"><img decoding=\"async\" loading=\"lazy\" alt=\" \" src=\"https:\/\/www.baraka.cc\/images\/stories\/kizildere_7.JPG\" width=\"200\" height=\"133\" border=\"2\" \/><\/a>\u00a0<a href=\"https:\/\/www.baraka.cc\/images\/stories\/kizildere_8.JPG\" target=\"_blank\"><img decoding=\"async\" loading=\"lazy\" alt=\" \" src=\"https:\/\/www.baraka.cc\/images\/stories\/kizildere_8.JPG\" width=\"200\" height=\"133\" border=\"2\" \/><\/a>\u00a0<\/span><\/p>\n<p><span style=\"line-height: 150%; font-family: Verdana; font-size: 11pt;\"><a href=\"https:\/\/www.baraka.cc\/images\/stories\/kizildere_9.JPG\" target=\"_blank\"><img decoding=\"async\" loading=\"lazy\" alt=\" \" src=\"https:\/\/www.baraka.cc\/images\/stories\/kizildere_9.JPG\" width=\"200\" height=\"133\" border=\"2\" \/><\/a>\u00a0<a href=\"https:\/\/www.baraka.cc\/images\/stories\/kizildere_10.JPG\" target=\"_blank\"><img decoding=\"async\" loading=\"lazy\" alt=\" \" src=\"https:\/\/www.baraka.cc\/images\/stories\/kizildere_10.JPG\" width=\"200\" height=\"133\" border=\"2\" \/><\/a>\u00a0<\/span><\/p>\n<p><span style=\"line-height: 150%; font-family: Verdana; font-size: 11pt;\"><a href=\"https:\/\/www.baraka.cc\/images\/stories\/kizildere_11.JPG\" target=\"_blank\"><img decoding=\"async\" loading=\"lazy\" alt=\" \" src=\"https:\/\/www.baraka.cc\/images\/stories\/kizildere_11.JPG\" width=\"200\" height=\"133\" border=\"2\" \/><\/a><\/span><span style=\"line-height: 150%; font-family: Verdana; font-size: 11pt;\">\u00a0<\/span><\/p>\n<p>&nbsp;<\/p>\n<p><span style=\"font-family: Verdana; font-size: medium;\">Halkevleri&#8217;nin etkinlikte okunan mesajy:<\/span><\/p>\n<p><span style=\"font-family: Verdana; font-size: medium;\">\u00a0\u00a0\u00a0\u00a0\u00a0<\/span><\/p>\n<p><strong><span style=\"line-height: 150%; font-family: Verdana; font-size: 11pt;\">KIZILDERE SON DE?YL SAVA? S\u00dcR\u00dcYOR!<\/span><\/strong><span style=\"line-height: 150%; font-family: Verdana; font-size: 11pt;\">\u00a0 <\/span><\/p>\n<p class=\"MsoNormal\" style=\"line-height: 150%; margin: 0cm 0cm 0pt;\"><span style=\"line-height: 150%; font-family: Verdana; font-size: 11pt;\">Kyzyldere, T\u00fcrkiye halklarynyn kurtulu? m\u00fccadelesine On\u2019laryn \u00e7akty?y bir kyvylcym, devrimci yolda?ly?yn en temiz en saf hali, ezilen halklaryn devrimci potansiyelle bulu?tu?u bir kopu? anydyr. <\/span><\/p>\n<p><span style=\"line-height: 150%; font-family: Verdana; font-size: 11pt;\">\u00a0\u00a0\u00a0\u00a0\u00a0<\/span><span style=\"line-height: 150%; font-family: Verdana; font-size: 11pt;\">\u00a0 <\/span><\/p>\n<p class=\"MsoNormal\" style=\"line-height: 150%; margin: 0cm 0cm 0pt;\"><span style=\"line-height: 150%; font-family: Verdana; font-size: 11pt;\">\u00d6lmenin bazen son de?il ba?langy\u00e7 oldu?unun kanytydyr. <\/span><\/p>\n<p><span style=\"line-height: 150%; font-family: Verdana; font-size: 11pt;\">\u00a0\u00a0\u00a0\u00a0\u00a0<\/span><span style=\"line-height: 150%; font-family: Verdana; font-size: 11pt;\">\u00a0 <\/span><\/p>\n<p class=\"MsoNormal\" style=\"line-height: 150%; margin: 0cm 0cm 0pt;\"><span style=\"line-height: 150%; font-family: Verdana; font-size: 11pt;\">Bug\u00fcn, 30 Mart 1972 Kyzyldere katliamynyn 37. yyld\u00f6n\u00fcm\u00fc. <\/span><\/p>\n<p><span style=\"line-height: 150%; font-family: Verdana; font-size: 11pt;\">\u00a0\u00a0\u00a0\u00a0\u00a0<\/span><span style=\"line-height: 150%; font-family: Verdana; font-size: 11pt;\">\u00a0 <\/span><\/p>\n<p class=\"MsoNormal\" style=\"line-height: 150%; margin: 0cm 0cm 0pt;\"><span style=\"line-height: 150%; font-family: Verdana; font-size: 11pt;\">37 yyl \u00f6nce devrimcileri katlederek bitirebileceklerini zannedenler, hemen y\u00fckselen devrimci hareketle yanyldyklaryny anladylar. <\/span><\/p>\n<p><span style=\"line-height: 150%; font-family: Verdana; font-size: 11pt;\">\u00a0\u00a0\u00a0\u00a0\u00a0<\/span><span style=\"line-height: 150%; font-family: Verdana; font-size: 11pt;\">\u00a0 <\/span><\/p>\n<p class=\"MsoNormal\" style=\"line-height: 150%; margin: 0cm 0cm 0pt;\"><span style=\"line-height: 150%; font-family: Verdana; font-size: 11pt;\">Bug\u00fcn bu gelene?i ta?ymanyn onurunu ya?ayan bizler insanca ya?ady?ymyz bir \u00fclkenin m\u00fccadelesini veriyoruz. Umudumuzu gelecekten, inancymyzy ve bilincimizi ge\u00e7mi?imizden alyyoruz. Mahirlerin m\u00fccadelesini Halkyn Devrimci Yolu\u2019nda b\u00fcy\u00fct\u00fcyoruz, b\u00fcy\u00fctmeye devam edece?iz. <\/span><\/p>\n<p><span style=\"line-height: 150%; font-family: Verdana; font-size: 11pt;\">\u00a0\u00a0\u00a0\u00a0<\/span><span style=\"line-height: 150%; font-family: Verdana; font-size: 11pt;\">\u00a0 <\/span><\/p>\n<p class=\"MsoNormal\" style=\"line-height: 150%; margin: 0cm 0cm 0pt;\"><span style=\"line-height: 150%; font-family: Verdana; font-size: 11pt;\">Bu inan\u00e7la Kybrysly karde?lerimize yolda?\u00e7a merhaba diyor, m\u00fccadelelerinde ba?arylar diliyoruz. <\/span><\/p>\n<p class=\"MsoNormal\" style=\"line-height: 150%; margin: 0cm 0cm 0pt;\"><span style=\"line-height: 150%; font-family: Verdana; font-size: 11pt;\">\u00a0\u00a0\u00a0\u00a0\u00a0 <\/span><\/p>\n<p><span style=\"line-height: 150%; font-family: Verdana; font-size: 11pt;\">\u00a0\u00a0\u00a0\u00a0\u00a0<\/span><span style=\"line-height: 150%; font-family: Verdana; font-size: 11pt;\">\u00a0 <\/span><strong><span style=\"line-height: 150%; font-family: Verdana; font-size: 11pt;\">KURTULU?A KADAR SAVA? <\/span><\/strong><\/p>\n<p class=\"MsoNormal\" style=\"line-height: 150%; margin: 0cm 0cm 0pt;\"><strong><span style=\"line-height: 150%; font-family: Verdana; font-size: 11pt;\">KIZILDERE SON DE?YL SAVA? S\u00dcR\u00dcYOR <\/span><\/strong><\/p>\n<p><strong><span style=\"line-height: 150%; font-family: Verdana; font-size: 11pt;\">\u00a0\u00a0\u00a0\u00a0 <\/span><\/strong><strong><span style=\"line-height: 150%; font-family: Verdana; font-size: 11pt;\">\u00a0<\/span><\/strong><\/p>\n<p class=\"MsoNormal\" style=\"text-align: right; line-height: 150%; margin: 0cm 0cm 0pt;\" align=\"right\"><strong><span style=\"line-height: 150%; font-family: Verdana; font-size: 11pt;\">Halkevleri Genel Ba?kany <\/span><\/strong><\/p>\n<p><strong><span style=\"line-height: 150%; font-family: Verdana; font-size: 11pt;\">\u00a0\u00a0\u00a0\u00a0\u00a0\u00a0\u00a0\u00a0\u00a0\u00a0\u00a0\u00a0\u00a0\u00a0\u00a0\u00a0\u00a0\u00a0\u00a0\u00a0\u00a0\u00a0\u00a0\u00a0\u00a0\u00a0\u00a0\u00a0\u00a0\u00a0\u00a0\u00a0\u00a0\u00a0\u00a0\u00a0\u00a0\u00a0\u00a0\u00a0\u00a0\u00a0\u00a0\u00a0\u00a0\u00a0\u00a0\u00a0\u00a0\u00a0\u00a0\u00a0\u00a0\u00a0\u00a0\u00a0\u00a0\u00a0\u00a0\u00a0\u00a0\u00a0\u00a0\u00a0\u00a0\u00a0\u00a0\u00a0\u00a0\u00a0\u00a0\u00a0\u00a0\u00a0\u00a0\u00a0\u00a0\u00a0\u00a0\u00a0\u00a0\u00a0\u00a0\u00a0\u00a0\u00a0\u00a0\u00a0\u00a0\u00a0\u00a0\u00a0\u00a0\u00a0\u00a0\u00a0\u00a0\u00a0\u00a0\u00a0\u00a0\u00a0\u00a0\u00a0\u00a0 \u00a0 <\/span><\/strong><strong><span style=\"line-height: 150%; font-family: Verdana; font-size: 11pt;\">Ylknur Birol<\/span><\/strong><span style=\"line-height: 150%; font-family: Verdana; font-size: 11pt;\">\u00a0<\/span><\/p>\n<p>&nbsp;<\/p>\n<p>&nbsp;<\/p>\n<p class=\"MsoNormal\" style=\"margin: 4.05pt 0cm 3.6pt;\"><strong><span style=\"font-family: Verdana; font-size: 11pt;\">KIZILDERE ANMASI<\/span><\/strong><\/p>\n<p class=\"MsoNormal\" style=\"margin: 4.05pt 0cm 3.6pt;\"><strong><span style=\"font-family: Verdana; font-size: 11pt;\">\u00a0\u00a0\u00a0\u00a0 <\/span><\/strong><\/p>\n<p class=\"MsoNormal\" style=\"margin: 4.05pt 0cm 3.6pt;\"><strong><span style=\"font-family: Verdana; font-size: 11pt;\"><a href=\"https:\/\/www.baraka.cc\/images\/stories\/kizildere.jpg\" target=\"_blank\"><img decoding=\"async\" loading=\"lazy\" alt=\" \" src=\"https:\/\/www.baraka.cc\/images\/stories\/kizildere.jpg\" width=\"400\" height=\"282\" border=\"2\" \/><\/a><\/span><\/strong><\/p>\n<p class=\"MsoNormal\" style=\"margin: 4.05pt 0cm 3.6pt;\"><strong><span style=\"font-family: Verdana; font-size: 11pt;\">\u00a0\u00a0 <\/span><\/strong><\/p>\n<p><strong><span style=\"font-family: Verdana; font-size: 11pt;\">\u00a0\u00a0 <\/span><\/strong><span style=\"font-family: Verdana; font-size: 11pt;\">\u00a0<\/span><span style=\"font-family: Verdana; font-size: 11pt;\">\u00a0<\/span><\/p>\n<p class=\"MsoNormal\" style=\"margin: 4.05pt 0cm 3.6pt;\"><strong><span style=\"text-decoration: underline;\"><span style=\"font-family: Verdana; font-size: 11pt;\">Program:<\/span><\/span><\/strong><\/p>\n<p><strong><span style=\"font-family: Verdana; font-size: 11pt;\">\u00a0\u00a0 <\/span><\/strong><\/p>\n<p class=\"MsoNormal\" style=\"margin: 4.05pt 0cm 3.6pt;\"><span style=\"font-family: Verdana; font-size: 11pt;\">Sol Anahtary\u2019ndan Dinleti<\/span><\/p>\n<p><span style=\"font-family: Verdana; font-size: 11pt;\">\u00a0 <\/span><\/p>\n<p class=\"MsoNormal\" style=\"margin: 4.05pt 0cm 3.6pt;\"><span style=\"font-family: Verdana; font-size: 11pt;\">Kysa Belgesel G\u00f6sterimi<\/span><\/p>\n<p><span style=\"font-family: Verdana; font-size: 11pt;\">\u00a0\u00a0 <\/span><span style=\"font-family: Verdana; font-size: 11pt;\">\u00a0<\/span><\/p>\n<p class=\"MsoNormal\" style=\"margin: 4.05pt 0cm 3.6pt;\"><strong><span style=\"text-decoration: underline;\"><span style=\"font-family: Verdana; font-size: 11pt;\">Konu?macylar:<\/span><\/span><\/strong><\/p>\n<p><strong><span style=\"font-family: Verdana; font-size: 11pt;\">\u00a0\u00a0\u00a0 <\/span><\/strong><\/p>\n<p class=\"MsoNormal\" style=\"margin: 4.05pt 0cm 3.6pt;\"><span style=\"font-family: Verdana; font-size: 11pt;\">12 Mart darbesinin tany?y <strong><em>Mahir Sayyn<\/em><\/strong><\/span><\/p>\n<p><span style=\"font-family: Verdana; font-size: 11pt;\"><strong><em>\u00a0\u00a0 <\/em><\/strong><\/span><\/p>\n<p class=\"MsoNormal\" style=\"margin: 4.05pt 0cm 3.6pt;\"><span style=\"font-family: Verdana; font-size: 11pt;\">\u201cHalkyn Devrimci Yolu\u201d yazary <strong><em>\u00c7i?dem \u00c7ydamly<\/em><\/strong> <\/span><\/p>\n<p><span style=\"font-family: Verdana; font-size: 11pt;\">\u00a0\u00a0 <\/span><\/p>\n<p class=\"MsoNormal\" style=\"margin: 4.05pt 0cm 3.6pt;\"><span style=\"font-family: Verdana; font-size: 11pt;\">Cihan Alptekin&#8217;in karde?i <strong><em>Nuran Alptekin Kepenek<\/em><\/strong><\/span><\/p>\n<p><span style=\"font-family: Verdana; font-size: 11pt;\"><strong><em>\u00a0\u00a0 <\/em><\/strong><\/span><span style=\"font-family: Verdana; font-size: 11pt;\">\u00a0<\/span><\/p>\n<p class=\"MsoNormal\" style=\"margin: 4.05pt 0cm 3.6pt;\"><em><span style=\"font-family: Verdana; font-size: 11pt;\">Tarih: 30 Mart 2009 Pazartesi, Saat: 19:30<\/span><\/em><\/p>\n<p><em><span style=\"font-family: Verdana; font-size: 11pt;\">\u00a0\u00a0 <\/span><\/em><\/p>\n<p class=\"MsoNormal\" style=\"margin: 4.05pt 0cm 3.6pt;\"><em><span style=\"font-family: Verdana; font-size: 11pt;\">Yer: Tabipler Birli?i Lokali<\/span><\/em><\/p>\n<p class=\"MsoNormal\" style=\"margin: 4.05pt 0cm 3.6pt;\"><em><span style=\"font-family: Verdana; font-size: 11pt;\">\u00a0\u00a0 <\/span><\/em><\/p>\n<p class=\"MsoNormal\" style=\"margin: 4.05pt 0cm 3.6pt;\"><em><span style=\"font-family: Verdana; font-size: 11pt;\">\u00a0\u00a0 <\/span><\/em><\/p>\n<p class=\"MsoNormal\" style=\"margin: 4.05pt 0cm 3.6pt;\"><em><span style=\"font-family: Verdana; font-size: 11pt;\">\u00a0\u00a0 <\/span><\/em><\/p>\n<p><em><span style=\"font-family: Verdana; font-size: 11pt;\">\u00a0 <\/span><\/em><em><span style=\"font-family: Verdana; font-size: 11pt;\">\u00a0<\/span><\/em><\/p>\n<p class=\"MsoNormal\" style=\"margin: 4.05pt 0cm 3.6pt;\"><em><span style=\"font-family: Verdana; font-size: 11pt;\">T\u00fcm halkymyz davetlidir\u2026<\/span><\/em><\/p>\n<p><em><span style=\"font-family: Verdana; font-size: 11pt;\">\u00a0\u00a0 <\/span><\/em><em><span style=\"font-family: Verdana; font-size: 11pt;\">\u00a0<\/span><\/em><\/p>\n<p class=\"MsoNormal\" style=\"margin: 4.05pt 0cm 3.6pt;\"><em><span style=\"font-family: Verdana; font-size: 11pt;\">Yeni Kybrys Partisi, Baraka K\u00fclt\u00fcr Merkezi, ASY K\u00fclt\u00fcr Derne?i, KT\u00d6S<\/span><\/em><\/p>\n<p>&nbsp;<\/p>\n","protected":false},"excerpt":{"rendered":"<p>\u00a0\u00a0\u00a0 \u00a0 30 Mart 1972\u2019de Kyzyldere\u2019de \u00f6ld\u00fcr\u00fclen 10 gen\u00e7lik lideri anysyna d\u00fczenlenen etkinlik, 30 Mart 2009 Pazartesi saat 19:30\u2019da Tabipler Birli?inde yapyldy. \u00a0\u00a0\u00a0\u00a0 Yeni Kybrys<\/p>\n","protected":false},"author":1,"featured_media":0,"comment_status":"open","ping_status":"open","sticky":false,"template":"","format":"standard","meta":{"jetpack_post_was_ever_published":false,"_jetpack_newsletter_access":"","_jetpack_newsletter_tier_id":0,"jetpack_publicize_message":"","jetpack_is_tweetstorm":false,"jetpack_publicize_feature_enabled":true,"jetpack_social_post_already_shared":false,"jetpack_social_options":{"image_generator_settings":{"template":"highway","enabled":false}}},"categories":[57],"tags":[],"jetpack_publicize_connections":[],"jetpack_featured_media_url":"","jetpack_shortlink":"https:\/\/wp.me\/p4eHWX-mq","jetpack_sharing_enabled":true,"_links":{"self":[{"href":"https:\/\/baraka.cc\/index.php?rest_route=\/wp\/v2\/posts\/1390"}],"collection":[{"href":"https:\/\/baraka.cc\/index.php?rest_route=\/wp\/v2\/posts"}],"about":[{"href":"https:\/\/baraka.cc\/index.php?rest_route=\/wp\/v2\/types\/post"}],"author":[{"embeddable":true,"href":"https:\/\/baraka.cc\/index.php?rest_route=\/wp\/v2\/users\/1"}],"replies":[{"embeddable":true,"href":"https:\/\/baraka.cc\/index.php?rest_route=%2Fwp%2Fv2%2Fcomments&post=1390"}],"version-history":[{"count":2,"href":"https:\/\/baraka.cc\/index.php?rest_route=\/wp\/v2\/posts\/1390\/revisions"}],"predecessor-version":[{"id":1391,"href":"https:\/\/baraka.cc\/index.php?rest_route=\/wp\/v2\/posts\/1390\/revisions\/1391"}],"wp:attachment":[{"href":"https:\/\/baraka.cc\/index.php?rest_route=%2Fwp%2Fv2%2Fmedia&parent=1390"}],"wp:term":[{"taxonomy":"category","embeddable":true,"href":"https:\/\/baraka.cc\/index.php?rest_route=%2Fwp%2Fv2%2Fcategories&post=1390"},{"taxonomy":"post_tag","embeddable":true,"href":"https:\/\/baraka.cc\/index.php?rest_route=%2Fwp%2Fv2%2Ftags&post=1390"}],"curies":[{"name":"wp","href":"https:\/\/api.w.org\/{rel}","templated":true}]}}