{"id":1393,"date":"2010-05-06T10:45:41","date_gmt":"2010-05-06T08:45:41","guid":{"rendered":"https:\/\/baraka.cc\/?p=1393"},"modified":"2014-01-06T10:46:10","modified_gmt":"2014-01-06T08:46:10","slug":"denyzlery-anma-etkynlyy","status":"publish","type":"post","link":"https:\/\/baraka.cc\/?p=1393","title":{"rendered":"DENYZLERY ANMA ETKYNLY?Y"},"content":{"rendered":"<p class=\"MsoNormal\" style=\"text-align: justify; line-height: 150%; margin: 0cm 0cm 0pt;\">\n<p class=\"MsoNormal\" style=\"text-align: justify; line-height: 150%; margin: 0cm 0cm 0pt;\"><span style=\"line-height: 150%; font-family: Verdana; font-size: 10pt;\">\u00a0 <\/span><\/p>\n<p class=\"MsoNormal\" style=\"text-align: justify; line-height: 150%; margin: 0cm 0cm 0pt;\"><span style=\"line-height: 150%; font-family: Verdana; font-size: 10pt;\">\u00a0\u00a0\u00a0 <\/span><\/p>\n<p><span style=\"line-height: 150%; font-family: Verdana; font-size: 10pt;\"><img decoding=\"async\" loading=\"lazy\" alt=\" \" src=\"https:\/\/www.baraka.cc\/images\/stories\/6mayisdenizler.jpg\" width=\"200\" height=\"143\" align=\"left\" border=\"2\" \/><\/span><span style=\"line-height: 150%; font-family: Verdana; font-size: 10pt;\"><br \/>\n<\/span><\/p>\n<p class=\"MsoNormal\" style=\"margin: 0cm 0cm 0pt;\"><span style=\"font-family: Verdana; font-size: 11pt;\">Baraka, 68 ku?a?y devrimcilerinden T\u00fcrkiye <span class=\"yshortcuts\">Halk<\/span> Kurtulu? Ordusu (THKO) \u00f6nderleri <span class=\"yshortcuts\"><span>Deniz Gezmi?<\/span><\/span>, Yusuf Arslan ve H\u00fcseyin Ynan&#8217;yn T\u00fcrkiye&#8217;de fa?ist cunta tarafyndan katledili?lerinin 38. yylynda <span class=\"yshortcuts\"><span style=\"background-attachment: scroll; background-position: 0% 0%;\">Pir Sultan Abdal<\/span><\/span> K\u00fclt\u00fcr Derne?i&#8217;nin \u00e7a?rysyyla d\u00fczenlenecek olan anma etkinli?ine katyldy. Ba?ymsyz, sosyalist, \u00f6zg\u00fcr bir T\u00fcrkiye ve d\u00fcnya istemiyle yylmadan m\u00fccadele verdikleri i\u00e7in 1971 T\u00fcrkiye fa?ist cuntasynyn mahkemeleri tarafyndan idama mahkum edilen Deniz, Yusuf, H\u00fcseyin 6 Mayys 1972&#8217;de idam edildiler. Mirasy g\u00fcn\u00fcm\u00fcz Kybrysly T\u00fcrk Devrimci Hareketi&#8217;ne dahi y?yk tutan Denizler&#8217;i ve ?anly m\u00fccadelelerini Kybrys&#8217;yn kuzeyinde de ?iirler ve ?arkylarla andyk.\u00a0Sol Anahtary d\u00fczenlenlenen etkinlikte Deniz, Yusuf, H\u00fcseyin anysyna bir dinleti sundu. Sol Anahtary&#8217;nyn konseri i\u00e7in <\/span><a href=\"https:\/\/www.baraka.cc\/index.php?option=com_content&amp;task=view&amp;id=508&amp;Itemid=561\">tyklayynyz<\/a><\/p>\n<p class=\"MsoNormal\" style=\"margin: 0cm 0cm 0pt;\">\n<p class=\"MsoNormal\" style=\"margin: 0cm 0cm 0pt;\"><span style=\"line-height: 150%; font-family: Verdana; font-size: 10pt;\"><strong><span style=\"font-size: medium;\"><a href=\"https:\/\/www.baraka.cc\/images\/stories\/6mayis2010_2.jpg\" target=\"_blank\"><img decoding=\"async\" loading=\"lazy\" alt=\" \" src=\"https:\/\/www.baraka.cc\/images\/stories\/6mayis2010_2.jpg\" width=\"200\" height=\"150\" border=\"2\" \/><\/a>\u00a0<a href=\"https:\/\/www.baraka.cc\/images\/stories\/6mayis2010_3.jpg\" target=\"_blank\"><img decoding=\"async\" loading=\"lazy\" alt=\" \" src=\"https:\/\/www.baraka.cc\/images\/stories\/6mayis2010_3.jpg\" width=\"200\" height=\"150\" border=\"2\" \/><\/a><\/span><\/strong><\/span><\/p>\n","protected":false},"excerpt":{"rendered":"<p>\u00a0 \u00a0\u00a0\u00a0 Baraka, 68 ku?a?y devrimcilerinden T\u00fcrkiye Halk Kurtulu? Ordusu (THKO) \u00f6nderleri Deniz Gezmi?, Yusuf Arslan ve H\u00fcseyin Ynan&#8217;yn T\u00fcrkiye&#8217;de fa?ist cunta tarafyndan katledili?lerinin 38.<\/p>\n","protected":false},"author":1,"featured_media":0,"comment_status":"open","ping_status":"open","sticky":false,"template":"","format":"standard","meta":{"jetpack_post_was_ever_published":false,"_jetpack_newsletter_access":"","_jetpack_newsletter_tier_id":0,"jetpack_publicize_message":"","jetpack_is_tweetstorm":false,"jetpack_publicize_feature_enabled":true,"jetpack_social_post_already_shared":false,"jetpack_social_options":{"image_generator_settings":{"template":"highway","enabled":false}}},"categories":[57],"tags":[],"jetpack_publicize_connections":[],"jetpack_featured_media_url":"","jetpack_shortlink":"https:\/\/wp.me\/p4eHWX-mt","jetpack_sharing_enabled":true,"_links":{"self":[{"href":"https:\/\/baraka.cc\/index.php?rest_route=\/wp\/v2\/posts\/1393"}],"collection":[{"href":"https:\/\/baraka.cc\/index.php?rest_route=\/wp\/v2\/posts"}],"about":[{"href":"https:\/\/baraka.cc\/index.php?rest_route=\/wp\/v2\/types\/post"}],"author":[{"embeddable":true,"href":"https:\/\/baraka.cc\/index.php?rest_route=\/wp\/v2\/users\/1"}],"replies":[{"embeddable":true,"href":"https:\/\/baraka.cc\/index.php?rest_route=%2Fwp%2Fv2%2Fcomments&post=1393"}],"version-history":[{"count":0,"href":"https:\/\/baraka.cc\/index.php?rest_route=\/wp\/v2\/posts\/1393\/revisions"}],"wp:attachment":[{"href":"https:\/\/baraka.cc\/index.php?rest_route=%2Fwp%2Fv2%2Fmedia&parent=1393"}],"wp:term":[{"taxonomy":"category","embeddable":true,"href":"https:\/\/baraka.cc\/index.php?rest_route=%2Fwp%2Fv2%2Fcategories&post=1393"},{"taxonomy":"post_tag","embeddable":true,"href":"https:\/\/baraka.cc\/index.php?rest_route=%2Fwp%2Fv2%2Ftags&post=1393"}],"curies":[{"name":"wp","href":"https:\/\/api.w.org\/{rel}","templated":true}]}}