{"id":1422,"date":"2009-03-08T11:07:50","date_gmt":"2009-03-08T09:07:50","guid":{"rendered":"https:\/\/baraka.cc\/?p=1422"},"modified":"2014-01-06T11:08:16","modified_gmt":"2014-01-06T09:08:16","slug":"8-mart-2009","status":"publish","type":"post","link":"https:\/\/baraka.cc\/?p=1422","title":{"rendered":"8 Mart 2009"},"content":{"rendered":"<p class=\"MsoNormal\" style=\"line-height: 150%;\">\n<p class=\"MsoNormal\" style=\"line-height: 150%;\">\n<p class=\"MsoNormal\" style=\"line-height: 150%;\"><span style=\"font-size: 11pt; line-height: 150%; font-family: Verdana;\">Baraka K\u00fclt\u00fcr Merkezi, 8 Mart D\u00fcnya Emek\u00e7i Kadynlar G\u00fcn\u00fc ile Mart ayynyn Yzle-Tarty? etkinli?ini de birle?tirerek bir etkinlik ger\u00e7ekle?tirdi. Etkinlikte G\u00f6zde Gayde&#8217;nin Kybrys&#8217;ta Kadyn olmak konulu belgeseli izlendi. Belgeselin ardyndan Eylem Kanol&#8217;un hazyrlamy? oldu?u t\u00f6re cinayetleri konulu bir sunum ger\u00e7ekle?ti. Sunumdan sonra\u00a0ise Sakly Y\u00fczler isimli t\u00f6re cinayetlerini anlatan\u00a0 film izlendi.\u00a0\u00a0<\/span><\/p>\n<p class=\"MsoNormal\" style=\"line-height: 150%;\"><a href=\"https:\/\/www.baraka.cc\/images\/stories\/8mart6_1.jpg\" target=\"_blank\"><img decoding=\"async\" loading=\"lazy\" alt=\" \" src=\"https:\/\/www.baraka.cc\/images\/stories\/8mart6_1.jpg\" width=\"200\" height=\"150\" border=\"2\" \/><\/a>\u00a0<a href=\"https:\/\/www.baraka.cc\/images\/stories\/8mart6_2.jpg\" target=\"_blank\"><img decoding=\"async\" loading=\"lazy\" alt=\" \" src=\"https:\/\/www.baraka.cc\/images\/stories\/8mart6_2.jpg\" width=\"200\" height=\"150\" border=\"2\" \/><\/a><\/p>\n<p class=\"MsoNormal\" style=\"line-height: 150%;\"><a href=\"https:\/\/www.baraka.cc\/images\/stories\/8mart6_3.jpg\" target=\"_blank\"><img decoding=\"async\" loading=\"lazy\" alt=\" \" src=\"https:\/\/www.baraka.cc\/images\/stories\/8mart6_3.jpg\" width=\"200\" height=\"150\" border=\"2\" \/><\/a>\u00a0<a href=\"https:\/\/www.baraka.cc\/images\/stories\/8mart6_4.jpg\" target=\"_blank\"><img decoding=\"async\" loading=\"lazy\" alt=\" \" src=\"https:\/\/www.baraka.cc\/images\/stories\/8mart6_4.jpg\" width=\"200\" height=\"150\" border=\"2\" \/><\/a><\/p>\n","protected":false},"excerpt":{"rendered":"<p>Baraka K\u00fclt\u00fcr Merkezi, 8 Mart D\u00fcnya Emek\u00e7i Kadynlar G\u00fcn\u00fc ile Mart ayynyn Yzle-Tarty? etkinli?ini de birle?tirerek bir etkinlik ger\u00e7ekle?tirdi. Etkinlikte G\u00f6zde Gayde&#8217;nin Kybrys&#8217;ta Kadyn olmak<\/p>\n","protected":false},"author":1,"featured_media":0,"comment_status":"open","ping_status":"open","sticky":false,"template":"","format":"standard","meta":{"jetpack_post_was_ever_published":false,"_jetpack_newsletter_access":"","_jetpack_newsletter_tier_id":0,"jetpack_publicize_message":"","jetpack_is_tweetstorm":false,"jetpack_publicize_feature_enabled":true,"jetpack_social_post_already_shared":false,"jetpack_social_options":{"image_generator_settings":{"template":"highway","enabled":false}}},"categories":[59],"tags":[],"jetpack_publicize_connections":[],"jetpack_featured_media_url":"","jetpack_shortlink":"https:\/\/wp.me\/p4eHWX-mW","jetpack_sharing_enabled":true,"_links":{"self":[{"href":"https:\/\/baraka.cc\/index.php?rest_route=\/wp\/v2\/posts\/1422"}],"collection":[{"href":"https:\/\/baraka.cc\/index.php?rest_route=\/wp\/v2\/posts"}],"about":[{"href":"https:\/\/baraka.cc\/index.php?rest_route=\/wp\/v2\/types\/post"}],"author":[{"embeddable":true,"href":"https:\/\/baraka.cc\/index.php?rest_route=\/wp\/v2\/users\/1"}],"replies":[{"embeddable":true,"href":"https:\/\/baraka.cc\/index.php?rest_route=%2Fwp%2Fv2%2Fcomments&post=1422"}],"version-history":[{"count":0,"href":"https:\/\/baraka.cc\/index.php?rest_route=\/wp\/v2\/posts\/1422\/revisions"}],"wp:attachment":[{"href":"https:\/\/baraka.cc\/index.php?rest_route=%2Fwp%2Fv2%2Fmedia&parent=1422"}],"wp:term":[{"taxonomy":"category","embeddable":true,"href":"https:\/\/baraka.cc\/index.php?rest_route=%2Fwp%2Fv2%2Fcategories&post=1422"},{"taxonomy":"post_tag","embeddable":true,"href":"https:\/\/baraka.cc\/index.php?rest_route=%2Fwp%2Fv2%2Ftags&post=1422"}],"curies":[{"name":"wp","href":"https:\/\/api.w.org\/{rel}","templated":true}]}}