{"id":1423,"date":"2010-03-08T11:08:33","date_gmt":"2010-03-08T09:08:33","guid":{"rendered":"https:\/\/baraka.cc\/?p=1423"},"modified":"2017-06-23T08:42:19","modified_gmt":"2017-06-23T06:42:19","slug":"dereboyunda-8-mart-yuruyuu-yapildi","status":"publish","type":"post","link":"https:\/\/baraka.cc\/?p=1423","title":{"rendered":"8 Mart 2010"},"content":{"rendered":"<p>&nbsp;<\/p>\n<p><strong><span style=\"line-height: 150%; font-family: Verdana; font-size: 11pt;\">\u00a0\u00a0 <\/span><\/strong><\/p>\n<p><strong><span style=\"line-height: 150%; font-family: Verdana; font-size: 11pt;\"><a href=\"https:\/\/www.baraka.cc\/images\/stories\/8mart7_1.jpg\" target=\"_blank\"><img decoding=\"async\" loading=\"lazy\" alt=\" \" src=\"https:\/\/www.baraka.cc\/images\/stories\/8mart7_1.jpg\" width=\"200\" height=\"150\" align=\"left\" border=\"2\" \/><\/a><\/span><\/strong><\/p>\n<p><b>8 Mart D\u00fcnya Emek\u00e7i Kad\u0131nlar G\u00fcn\u00fc, Baraka K\u00fclt\u00fcr Merkezi\u2019nin \u00e7a\u011fr\u0131s\u0131yla ger\u00e7ekle\u015ftirilen ve YKP ile FEMA\u2019n\u0131n da destek verdi\u011fi bir sokak y\u00fcr\u00fcy\u00fc\u015f\u00fc ile kutland\u0131.\u00a0\u00a0 <\/b><\/p>\n<p>&nbsp;<\/p>\n<p><b>\u00a0 <\/b><\/p>\n<p>&nbsp;<\/p>\n<p><b>\u00a0\u00a0 <\/b><\/p>\n<p>&nbsp;<\/p>\n<p><b>\u00a0\u00a0 <\/b><\/p>\n<p>&nbsp;<\/p>\n<p>8 Mart Pazartesi g\u00fcn\u00fc saat 16.30\u2019dan itibaren Pronto \u00f6n\u00fcnde toplanan kalabal\u0131k, kad\u0131nlar g\u00fcn\u00fcn\u00fcn \u00f6neminin anlat\u0131ld\u0131\u011f\u0131 ve kad\u0131nlar\u0131n taleplerini i\u00e7eren bildirileri da\u011f\u0131tarak eylemlerine ba\u015flad\u0131lar. Kitle saat 17.00\u2019de, el eme\u011fi ile yap\u0131ld\u0131\u011f\u0131 dikkati \u00e7eken \u201cFEM\u0130N\u0130ST\u0130Z\u201d ve \u201cBARAKA\u201d pankartlar\u0131yla Dereboyu Caddesi\u2019nde y\u00fcr\u00fcy\u00fc\u015fe ge\u00e7ti. Y\u00fcr\u00fcy\u00fc\u015f boyunca \u201cKad\u0131nlar y\u00fcr\u00fcyor, m\u00fccadele b\u00fcy\u00fcyor\u201d, \u201cCinsel s\u0131n\u0131fsal s\u00f6m\u00fcr\u00fcye son\u201d, \u201cGece kul\u00fcpleri kapat\u0131ls\u0131n\u201d, \u201cDayak erkeklikse bizler erkek de\u011filiz\u201d, \u201cTaciz erkeklikse bizler erkek de\u011filiz\u201d, \u201cSessiz emek sesini y\u00fckselt\u201d, \u201cMutfaktaki tencere kimin umurunda, d\u00fcnyan\u0131n y\u00fck\u00fc benim s\u0131rt\u0131mda\u201d, \u201cE\u015fcinseller vard\u0131r, var olacakt\u0131r\u201d gibi sloganlar at\u0131ld\u0131. Kad\u0131nlar\u0131n, farkl\u0131 kimlik ve kad\u0131nl\u0131k durumlar\u0131n\u0131 g\u00f6r\u00fcn\u00fcr k\u0131lmay\u0131 ama\u00e7layan kost\u00fcmler kullanmas\u0131 da eylemin ilgin\u00e7 bir y\u00f6n\u00fc idi. Baraka Tiyatro Ekibi oyuncular\u0131, mutfak \u00f6nl\u00fc\u011f\u00fc, yemeni, bilim insan\u0131 \u00f6nl\u00fc\u011f\u00fc, yarg\u0131\u00e7 c\u00fcbbesi gibi \u00e7e\u015fitli kost\u00fcmlerle kad\u0131nlar\u0131n kamusal ve \u00f6zel ya\u015fam\u0131n her alan\u0131ndaki varl\u0131klar\u0131na i\u015faret ettiler. Ba\u015fbakanl\u0131k kav\u015fa\u011f\u0131nda tamamlanan y\u00fcr\u00fcy\u00fc\u015f, bas\u0131n a\u00e7\u0131klamas\u0131n\u0131n okunmas\u0131 ile son buldu.<\/p>\n<p>&nbsp;<\/p>\n<p>&nbsp;<\/p>\n<p>&nbsp;<\/p>\n<p>&nbsp;<\/p>\n<p>8 Mart\u2019\u0131n bir kutlama g\u00fcn\u00fcnden \u00e7ok bir m\u00fccadele g\u00fcn\u00fc olmas\u0131na vurgu yapan\u00a0 Baraka K\u00fclt\u00fcr Merkezi aktivistleri, bundan b\u00f6yle D\u00fcnya Emek\u00e7i Kad\u0131nlar G\u00fcn\u00fc\u2019nde, toplumsal cinsiyet e\u015fitli\u011finden yana olan herkesi soka\u011fa davet ettiklerini ve ilk kez yap\u0131lan bu y\u00fcr\u00fcy\u00fc\u015f\u00fc, t\u00fcm d\u00fcnyada oldu\u011fu gibi gelenekselle\u015ftireceklerini belirttiler.<\/p>\n<p>&nbsp;<\/p>\n<p><a href=\"https:\/\/www.baraka.cc\/index.php?option=com_content&amp;task=view&amp;id=486&amp;Itemid=539\">Bildiri i\u00e7in t\u0131klay\u0131n\u0131z<\/a><\/p>\n<p><strong><span style=\"line-height: 150%; font-family: Verdana; font-size: 11pt;\">\u00a0<\/span><\/strong><\/p>\n<p style=\"text-align: left;\">\n<p style=\"text-align: left;\"><img decoding=\"async\" loading=\"lazy\" alt=\" \" src=\"https:\/\/www.baraka.cc\/images\/stories\/8mart7_3.jpg\" width=\"200\" height=\"150\" align=\"left\" border=\"2\" \/><img decoding=\"async\" loading=\"lazy\" alt=\" \" src=\"https:\/\/www.baraka.cc\/images\/stories\/8mart7_2.jpg\" width=\"200\" height=\"150\" align=\"right\" border=\"2\" \/><\/p>\n","protected":false},"excerpt":{"rendered":"<p>&nbsp; \u00a0\u00a0 8 Mart D\u00fcnya Emek\u00e7i Kad\u0131nlar G\u00fcn\u00fc, Baraka K\u00fclt\u00fcr Merkezi\u2019nin \u00e7a\u011fr\u0131s\u0131yla ger\u00e7ekle\u015ftirilen ve YKP ile FEMA\u2019n\u0131n da destek verdi\u011fi bir sokak y\u00fcr\u00fcy\u00fc\u015f\u00fc ile kutland\u0131.\u00a0\u00a0<\/p>\n","protected":false},"author":1,"featured_media":0,"comment_status":"open","ping_status":"open","sticky":false,"template":"","format":"standard","meta":{"jetpack_post_was_ever_published":false,"_jetpack_newsletter_access":"","_jetpack_newsletter_tier_id":0,"jetpack_publicize_message":"","jetpack_is_tweetstorm":false,"jetpack_publicize_feature_enabled":true,"jetpack_social_post_already_shared":false,"jetpack_social_options":{"image_generator_settings":{"template":"highway","enabled":false}}},"categories":[53],"tags":[],"jetpack_publicize_connections":[],"jetpack_featured_media_url":"","jetpack_shortlink":"https:\/\/wp.me\/p4eHWX-mX","jetpack_sharing_enabled":true,"_links":{"self":[{"href":"https:\/\/baraka.cc\/index.php?rest_route=\/wp\/v2\/posts\/1423"}],"collection":[{"href":"https:\/\/baraka.cc\/index.php?rest_route=\/wp\/v2\/posts"}],"about":[{"href":"https:\/\/baraka.cc\/index.php?rest_route=\/wp\/v2\/types\/post"}],"author":[{"embeddable":true,"href":"https:\/\/baraka.cc\/index.php?rest_route=\/wp\/v2\/users\/1"}],"replies":[{"embeddable":true,"href":"https:\/\/baraka.cc\/index.php?rest_route=%2Fwp%2Fv2%2Fcomments&post=1423"}],"version-history":[{"count":4,"href":"https:\/\/baraka.cc\/index.php?rest_route=\/wp\/v2\/posts\/1423\/revisions"}],"predecessor-version":[{"id":5103,"href":"https:\/\/baraka.cc\/index.php?rest_route=\/wp\/v2\/posts\/1423\/revisions\/5103"}],"wp:attachment":[{"href":"https:\/\/baraka.cc\/index.php?rest_route=%2Fwp%2Fv2%2Fmedia&parent=1423"}],"wp:term":[{"taxonomy":"category","embeddable":true,"href":"https:\/\/baraka.cc\/index.php?rest_route=%2Fwp%2Fv2%2Fcategories&post=1423"},{"taxonomy":"post_tag","embeddable":true,"href":"https:\/\/baraka.cc\/index.php?rest_route=%2Fwp%2Fv2%2Ftags&post=1423"}],"curies":[{"name":"wp","href":"https:\/\/api.w.org\/{rel}","templated":true}]}}