{"id":1438,"date":"2001-08-29T11:17:50","date_gmt":"2001-08-29T09:17:50","guid":{"rendered":"https:\/\/baraka.cc\/?p=1438"},"modified":"2017-10-17T09:42:15","modified_gmt":"2017-10-17T07:42:15","slug":"dayanyma-konseri","status":"publish","type":"post","link":"https:\/\/baraka.cc\/?p=1438","title":{"rendered":"Dayan\u0131\u015fma Konseri"},"content":{"rendered":"<p><!--  \/* Font Definitions *\/  @font-face \t{font-family:Verdana; \tpanose-1:2 11 6 4 3 5 4 4 2 4; \tmso-font-charset:162; \tmso-generic-font-family:swiss; \tmso-font-pitch:variable; \tmso-font-signature:536871559 0 0 0 415 0;}  \/* Style Definitions *\/  p.MsoNormal, li.MsoNormal, div.MsoNormal \t{mso-style-parent:\"\"; \tmargin:0cm; \tmargin-bottom:.0001pt; \tmso-pagination:widow-orphan; \tfont-size:12.0pt; \tfont-family:\"Times New Roman\"; \tmso-fareast-font-family:\"Times New Roman\"; \tmso-no-proof:yes;} @page Section1 \t{size:595.3pt 841.9pt; \tmargin:70.85pt 70.85pt 70.85pt 70.85pt; \tmso-header-margin:35.4pt; \tmso-footer-margin:35.4pt; \tmso-paper-source:0;} div.Section1 \t{page:Section1;} --><\/p>\n<p>&nbsp;<\/p>\n<p class=\"MsoNormal\" style=\"line-height: 150%;\">Baraka K\u00fclt\u00fcr Merkezi\u2019nin kurulu\u015fundan \u00f6nce, maddi imkan yaratmak i\u00e7in 29 A\u011fustos 2001 tarihinde bir Dayan\u0131\u015fma Konseri d\u00fczenledik. Bu konserde Emre, \u00c7\u0131kmaz Sokak, SOS ve Alkapon m\u00fczikleri ile bize destek oldular. G\u00f6\u00e7menk\u00f6y Park\u0131nda d\u00fczenled\u011fimiz geceye yo\u011fun bir kat\u0131l\u0131m oldu.<\/p>\n<p class=\"MsoNormal\" style=\"line-height: 150%;\"><span style=\"font-size: 11pt; line-height: 150%; font-family: Verdana;\"><a href=\"https:\/\/www.baraka.cc\/images\/stories\/diger1_1.jpg\" target=\"_blank\"><img decoding=\"async\" loading=\"lazy\" alt=\" \" src=\"https:\/\/www.baraka.cc\/images\/stories\/diger1_1.jpg\" width=\"200\" height=\"259\" border=\"2\" \/><\/a>\u00a0<a href=\"https:\/\/www.baraka.cc\/images\/stories\/diger1_2.jpg\" target=\"_blank\"><img decoding=\"async\" loading=\"lazy\" alt=\" \" src=\"https:\/\/www.baraka.cc\/images\/stories\/diger1_2.jpg\" width=\"200\" height=\"128\" border=\"2\" \/><\/a><\/span><\/p>\n","protected":false},"excerpt":{"rendered":"<p>&nbsp; Baraka K\u00fclt\u00fcr Merkezi\u2019nin kurulu\u015fundan \u00f6nce, maddi imkan yaratmak i\u00e7in 29 A\u011fustos 2001 tarihinde bir Dayan\u0131\u015fma Konseri d\u00fczenledik. Bu konserde Emre, \u00c7\u0131kmaz Sokak, SOS ve<\/p>\n","protected":false},"author":1,"featured_media":0,"comment_status":"open","ping_status":"open","sticky":false,"template":"","format":"standard","meta":{"jetpack_post_was_ever_published":false,"_jetpack_newsletter_access":"","_jetpack_newsletter_tier_id":0,"jetpack_publicize_message":"","jetpack_is_tweetstorm":false,"jetpack_publicize_feature_enabled":true,"jetpack_social_post_already_shared":false,"jetpack_social_options":{"image_generator_settings":{"template":"highway","enabled":false}}},"categories":[63],"tags":[],"jetpack_publicize_connections":[],"jetpack_featured_media_url":"","jetpack_shortlink":"https:\/\/wp.me\/p4eHWX-nc","jetpack_sharing_enabled":true,"_links":{"self":[{"href":"https:\/\/baraka.cc\/index.php?rest_route=\/wp\/v2\/posts\/1438"}],"collection":[{"href":"https:\/\/baraka.cc\/index.php?rest_route=\/wp\/v2\/posts"}],"about":[{"href":"https:\/\/baraka.cc\/index.php?rest_route=\/wp\/v2\/types\/post"}],"author":[{"embeddable":true,"href":"https:\/\/baraka.cc\/index.php?rest_route=\/wp\/v2\/users\/1"}],"replies":[{"embeddable":true,"href":"https:\/\/baraka.cc\/index.php?rest_route=%2Fwp%2Fv2%2Fcomments&post=1438"}],"version-history":[{"count":1,"href":"https:\/\/baraka.cc\/index.php?rest_route=\/wp\/v2\/posts\/1438\/revisions"}],"predecessor-version":[{"id":5461,"href":"https:\/\/baraka.cc\/index.php?rest_route=\/wp\/v2\/posts\/1438\/revisions\/5461"}],"wp:attachment":[{"href":"https:\/\/baraka.cc\/index.php?rest_route=%2Fwp%2Fv2%2Fmedia&parent=1438"}],"wp:term":[{"taxonomy":"category","embeddable":true,"href":"https:\/\/baraka.cc\/index.php?rest_route=%2Fwp%2Fv2%2Fcategories&post=1438"},{"taxonomy":"post_tag","embeddable":true,"href":"https:\/\/baraka.cc\/index.php?rest_route=%2Fwp%2Fv2%2Ftags&post=1438"}],"curies":[{"name":"wp","href":"https:\/\/api.w.org\/{rel}","templated":true}]}}