{"id":1447,"date":"2007-03-30T11:23:16","date_gmt":"2007-03-30T09:23:16","guid":{"rendered":"https:\/\/baraka.cc\/?p=1447"},"modified":"2017-10-17T10:02:49","modified_gmt":"2017-10-17T08:02:49","slug":"ali-oz-barakadaydy","status":"publish","type":"post","link":"https:\/\/baraka.cc\/?p=1447","title":{"rendered":"Ali \u00d6z Baraka\u2019dayd\u0131"},"content":{"rendered":"<p><!--  \/* Font Definitions *\/  @font-face \t{font-family:Verdana; \tpanose-1:2 11 6 4 3 5 4 4 2 4; \tmso-font-charset:162; \tmso-generic-font-family:swiss; \tmso-font-pitch:variable; \tmso-font-signature:536871559 0 0 0 415 0;} @font-face \t{font-family:TRArial; \tpanose-1:0 0 0 0 0 0 0 0 0 0; \tmso-font-alt:\"Times New Roman\"; \tmso-font-charset:0; \tmso-generic-font-family:auto; \tmso-font-format:other; \tmso-font-pitch:auto; \tmso-font-signature:3 0 0 0 1 0;}  \/* Style Definitions *\/  p.MsoNormal, li.MsoNormal, div.MsoNormal \t{mso-style-parent:\"\"; \tmargin:0cm; \tmargin-bottom:.0001pt; \tmso-pagination:widow-orphan; \tfont-size:12.0pt; \tfont-family:\"Times New Roman\"; \tmso-fareast-font-family:\"Times New Roman\"; \tmso-no-proof:yes;} @page Section1 \t{size:612.0pt 792.0pt; \tmargin:70.85pt 70.85pt 70.85pt 70.85pt; \tmso-header-margin:35.4pt; \tmso-footer-margin:35.4pt; \tmso-paper-source:0;} div.Section1 \t{page:Section1;} --><\/p>\n<p>Foto\u011fraf G\u00fcnleri dolay\u0131s\u0131yla adam\u0131zda bulunan T\u00fcrkiye\u2019nin en \u00f6nemli politik haber foto\u011fraf\u00e7\u0131lar\u0131ndan Ali \u00d6z, Baraka K\u00fclt\u00fcr Merkezi ile ortak bir etkinlik d\u00fczenledi. 30 Mart 2007 tarihinde Baraka\u2019n\u0131n Dumlup\u0131nar\u2019daki lokalinde ger\u00e7ekle\u015ftirilen etkinlikte, 1982-2005 y\u0131llar\u0131 aras\u0131nda \u00e7ekilen foto\u011fraflardan olu\u015fan T\u00fcrkiye\u2019nin politik belgeseli sunuldu.<\/p>\n<p>\u0130lgiyle izlenen g\u00f6sterimde, gecekondu y\u0131k\u0131mlar\u0131ndan K\u00fcrdistan\u2019daki sava\u015fa, Turgut \u00d6zal\u2019\u0131n cenazesinden 1 May\u0131s mitinglerine kadar \u00e7ok geni\u015f bir yelpazede T\u00fcrkiye\u2019nin yak\u0131n d\u00f6nemini belgeleyen birbirinden \u00e7arp\u0131c\u0131 foto\u011fraflar yer ald\u0131. \u0130zleyiciler, Ali \u00d6z\u2019\u00fcn objektifinden yans\u0131yan \u015fekliyle T\u00fcrkiye halklar\u0131n\u0131n \u00e7ilesine ve y\u0131lmak bilmez m\u00fccadelesine tan\u0131k oldular. G\u00f6sterim, bir yandan politik panoramay\u0131 beyaz perdeye ta\u015f\u0131rken bir yandan da her bir foto\u011fraftaki farkl\u0131 ve estetik bak\u0131\u015f a\u00e7\u0131s\u0131yla sanatsal bir haz verdi. Foto\u011fraflar\u0131n izlenmesinin ard\u0131ndan kat\u0131l\u0131mc\u0131larla bir s\u00f6yle\u015fi de ger\u00e7ekle\u015ftirildi.<\/p>\n<p>Olduk\u00e7a samimi bir atmosferde ge\u00e7en sohbette, foto muhabirlik mesle\u011finin zorluklar\u0131, gazetecinin tarafs\u0131z olup olamayaca\u011f\u0131, foto\u011fraf sanat\u0131n\u0131n incelikleri ve kitleleri etkileyen g\u00fcc\u00fc, T\u00fcrkiye\u2019de bas\u0131n sekt\u00f6r\u00fcn\u00fcn durumu gibi konular tart\u0131\u015f\u0131ld\u0131. Ayr\u0131ca Ali \u00d6z, yirmi be\u015f y\u0131ll\u0131k meslek hayat\u0131nda ya\u015fad\u0131\u011f\u0131 \u00e7e\u015fitli ilgin\u00e7 an\u0131lar\u0131 da kat\u0131l\u0131mc\u0131larla payla\u015ft\u0131.<\/p>\n<p>Gecenin samimi havas\u0131 i\u00e7erisinde, programda yer almayan bir slayt g\u00f6sterimi de ger\u00e7ekle\u015ftirildi. Ge\u00e7ti\u011fimiz ay kalle\u015f\u00e7e \u00f6ld\u00fcr\u00fclen gazeteci Hrant Dink\u2019in kitlesel cenaze t\u00f6reninde \u00e7ekilen foto\u011fraflardan olu\u015fan bu g\u00f6sterim, izleyicileri hem \u00f6fkelendirdi hem de duyguland\u0131rd\u0131. Gecenin sonunda kat\u0131l\u0131mc\u0131lar, ge\u00e7mi\u015fe ve gelece\u011fe \u0131\u015f\u0131k tutan dondurulmu\u015f anlarda \u00e7ok \u00e7e\u015fitli duygulan\u0131mlar\u0131 ya\u015fam\u0131\u015f olarak Baraka K\u00fclt\u00fcr Merkezi\u2019nden ayr\u0131ld\u0131lar.<\/p>\n<p class=\"MsoNormal\" style=\"line-height: 200%;\"><a href=\"https:\/\/www.baraka.cc\/images\/stories\/diger8_afis.jpg\" target=\"_blank\"><img decoding=\"async\" loading=\"lazy\" alt=\" \" src=\"https:\/\/www.baraka.cc\/images\/stories\/diger8_afis.jpg\" width=\"150\" height=\"240\" border=\"2\" \/><\/a><\/p>\n<p><a href=\"https:\/\/www.baraka.cc\/images\/stories\/diger8_1.jpg\" target=\"_blank\"><img decoding=\"async\" loading=\"lazy\" alt=\" \" src=\"https:\/\/www.baraka.cc\/images\/stories\/diger8_1.jpg\" width=\"200\" height=\"133\" border=\"2\" \/><\/a> <a href=\"https:\/\/www.baraka.cc\/images\/stories\/diger8_2.jpg\" target=\"_blank\"><img decoding=\"async\" loading=\"lazy\" alt=\" \" src=\"https:\/\/www.baraka.cc\/images\/stories\/diger8_2.jpg\" width=\"200\" height=\"133\" border=\"2\" \/><\/a> <a href=\"https:\/\/www.baraka.cc\/images\/stories\/diger8_3.jpg\" target=\"_blank\"><img decoding=\"async\" loading=\"lazy\" alt=\" \" src=\"https:\/\/www.baraka.cc\/images\/stories\/diger8_3.jpg\" width=\"150\" height=\"159\" border=\"2\" \/><\/a><\/p>\n","protected":false},"excerpt":{"rendered":"<p>Foto\u011fraf G\u00fcnleri dolay\u0131s\u0131yla adam\u0131zda bulunan T\u00fcrkiye\u2019nin en \u00f6nemli politik haber foto\u011fraf\u00e7\u0131lar\u0131ndan Ali \u00d6z, Baraka K\u00fclt\u00fcr Merkezi ile ortak bir etkinlik d\u00fczenledi. 30 Mart 2007 tarihinde<\/p>\n","protected":false},"author":1,"featured_media":0,"comment_status":"open","ping_status":"open","sticky":false,"template":"","format":"standard","meta":{"jetpack_post_was_ever_published":false,"_jetpack_newsletter_access":"","_jetpack_newsletter_tier_id":0,"jetpack_publicize_message":"","jetpack_is_tweetstorm":false,"jetpack_publicize_feature_enabled":true,"jetpack_social_post_already_shared":false,"jetpack_social_options":{"image_generator_settings":{"template":"highway","enabled":false}}},"categories":[63],"tags":[],"jetpack_publicize_connections":[],"jetpack_featured_media_url":"","jetpack_shortlink":"https:\/\/wp.me\/p4eHWX-nl","jetpack_sharing_enabled":true,"_links":{"self":[{"href":"https:\/\/baraka.cc\/index.php?rest_route=\/wp\/v2\/posts\/1447"}],"collection":[{"href":"https:\/\/baraka.cc\/index.php?rest_route=\/wp\/v2\/posts"}],"about":[{"href":"https:\/\/baraka.cc\/index.php?rest_route=\/wp\/v2\/types\/post"}],"author":[{"embeddable":true,"href":"https:\/\/baraka.cc\/index.php?rest_route=\/wp\/v2\/users\/1"}],"replies":[{"embeddable":true,"href":"https:\/\/baraka.cc\/index.php?rest_route=%2Fwp%2Fv2%2Fcomments&post=1447"}],"version-history":[{"count":4,"href":"https:\/\/baraka.cc\/index.php?rest_route=\/wp\/v2\/posts\/1447\/revisions"}],"predecessor-version":[{"id":5469,"href":"https:\/\/baraka.cc\/index.php?rest_route=\/wp\/v2\/posts\/1447\/revisions\/5469"}],"wp:attachment":[{"href":"https:\/\/baraka.cc\/index.php?rest_route=%2Fwp%2Fv2%2Fmedia&parent=1447"}],"wp:term":[{"taxonomy":"category","embeddable":true,"href":"https:\/\/baraka.cc\/index.php?rest_route=%2Fwp%2Fv2%2Fcategories&post=1447"},{"taxonomy":"post_tag","embeddable":true,"href":"https:\/\/baraka.cc\/index.php?rest_route=%2Fwp%2Fv2%2Ftags&post=1447"}],"curies":[{"name":"wp","href":"https:\/\/api.w.org\/{rel}","templated":true}]}}