{"id":1463,"date":"2007-05-01T11:35:35","date_gmt":"2007-05-01T09:35:35","guid":{"rendered":"https:\/\/baraka.cc\/?p=1463"},"modified":"2014-01-06T11:36:06","modified_gmt":"2014-01-06T09:36:06","slug":"1-mayis-soylesi","status":"publish","type":"post","link":"https:\/\/baraka.cc\/?p=1463","title":{"rendered":"1 May\u0131s S\u00f6yle\u015fi"},"content":{"rendered":"<p class=\"MsoNormal\" style=\"text-align: justify; line-height: 150%; margin: 0cm 0cm 0pt;\"><strong><span style=\"line-height: 150%; font-family: Verdana; font-size: 11pt;\">Birle?ik Kybrys gazetesinin<span>\u00a0 <\/span>Baraka Aktivisti M\u00fcn\u00fcr Rahvancyo?lu ile ger\u00e7ekle?tirdi?i s\u00f6yle?i:<\/span><\/strong><\/p>\n<p class=\"MsoNormal\" style=\"text-align: justify; line-height: 150%; margin: 0cm 0cm 0pt;\"><strong><span style=\"line-height: 150%; font-family: Verdana; font-size: 11pt;\">\u00a0\u00a0 <\/span><\/strong><\/p>\n<p><strong><span style=\"line-height: 150%; font-family: Verdana; font-size: 11pt;\">\u00a0\u00a0\u00a0\u00a0<\/span><\/strong><strong><span style=\"line-height: 150%; font-family: Verdana; font-size: 11pt;\">\u00a0<\/span><\/strong><strong><span style=\"line-height: 150%; font-family: Verdana; font-size: 11pt;\">\u00a0<\/span><\/strong><strong><span style=\"line-height: 150%; font-family: Verdana; font-size: 11pt;\">1 Mayys senin i\u00e7in ne ifade ediyor?<\/span><\/strong><\/p>\n<p class=\"MsoNormal\" style=\"text-align: justify; line-height: 150%; margin: 0cm 0cm 0pt;\"><span style=\"line-height: 150%; font-family: Verdana; font-size: 11pt;\">1 Mayys i?\u00e7i synyfynyn uluslararasy birlik, m\u00fccadele ve dayany?ma g\u00fcn\u00fcd\u00fcr. Synyfyn ge\u00e7mi? m\u00fccadelelerine saygy, devam eden m\u00fccadelelerin sahiplenilmesi ve gelecek m\u00fccadelelere y\u00f6nelik kararlyly?yn, alana \u00e7ykarak g\u00f6sterilmesi demektir 1 Mayys. 1 Mayys\u2019yn politik, ekonomik ve tinsel anlamlary vardyr. Ve her bir farkly anlam, bir di?eri ile b\u00fct\u00fcnl\u00fc?\u00fc i\u00e7erisinde i?levselik kazanyr. Ancak kysaca s\u00f6ylemem gerekirse; \u201cbirlik\u201d de \u201cdayany?ma\u201d da \u201cm\u00fccadele\u201d i\u00e7indir. \u00d6z\u00fcnde 1 Mayys \u201cm\u00fccadele\u201d g\u00fcn\u00fcd\u00fcr. <\/span><\/p>\n<p class=\"MsoNormal\" style=\"text-align: justify; line-height: 150%; margin: 0cm 0cm 0pt;\"><span style=\"line-height: 150%; font-family: Verdana; font-size: 11pt;\">\u00a0\u00a0\u00a0\u00a0\u00a0\u00a0\u00a0\u00a0\u00a0\u00a0 <\/span><\/p>\n<p><span style=\"line-height: 150%; font-family: Verdana; font-size: 11pt;\">\u00a0\u00a0\u00a0\u00a0 <\/span><span style=\"line-height: 150%; font-family: Verdana; font-size: 11pt;\">\u00a0<\/span><strong><span style=\"line-height: 150%; font-family: Verdana; font-size: 11pt;\">Ge\u00e7mi?te \u201ceme?in en y\u00fcce de?er\u201d oldu?unu dilinden d\u00fc?\u00fcrmeyen CTP ile sizin 1 Mayys\u2019a baky? a\u00e7ynyzla aranyzdaki fark nedir?<\/span><\/strong><\/p>\n<p><span style=\"line-height: 150%; font-family: Verdana; font-size: 11pt;\">Sol d\u00fc?\u00fcnce i\u00e7erisinde bulunup da, farkly farkly teorik\/pratik a\u00e7ylymlar do?rultusunda hareket eden yapylar her zaman olmu?tur. Bu bir zenginliktir. \u00d6nemli olan bu zenginli?i sosyalist demokrasi anlayy?y \u00e7er\u00e7evesinde ve emek eksenli olma ?artyna ba?ly kalmak ko?uluyla, dayany?ma i\u00e7erisinde tutabilmektir. <\/span><span style=\"line-height: 150%; font-family: Verdana; font-size: 11pt;\">CTP b\u00fcrokrasisinin ge\u00e7mi? \u00e7izgisini terketti?i, tabanynyn istek ve \u00f6zlemlerinden farkly bir yola girdi?i bizce a\u00e7yk bir ger\u00e7ektir. Bu durumda CTP tabany ile, y\u00f6neticileri arasyna kesin bir ayrym \u00e7izgisi koyuyoruz. Yani CTP\u2019nin yanly?laryny, y\u00f6neticilerinin yanly?lary olarak de?erlendiriyoruz. Tabii tabanynyn da bunlara g\u00f6zyumdu?u oranda, bu politikalara ortak oldu?u bir ger\u00e7ek. Ancak gene de, politikalary \u00fcreterek uygulayanlar ile, \u00e7e?itli sebeplerle bu politikalara tabi olanlary ayyrtetmek gerekmektedir. <\/span><span style=\"line-height: 150%; font-family: Verdana; font-size: 11pt;\">CTP\u2019nin i?\u00e7i synyfy m\u00fccadelesinden anlady?y ?ey ile, bizim anlady?ymyz ?ey ge\u00e7mi?te de ayny ?ey de?ildi. Ancak ifade etmek gerekir ki, ge\u00e7mi?te bu farklylyk sol i\u00e7i bir farklylyk iken ?imdi sol ile sa? arasyndaki bir farklylyk mertebesine tekab\u00fcl etmektedir. <\/span><span style=\"line-height: 150%; font-family: Verdana; font-size: 11pt;\">CTP y\u00f6neticileri s\u00f6zde \u201ctek tip sosyal g\u00fcvenlik\u201d yasasy gibi yasalarla sosyal devletin tasfiyesine giri?mi?tir. E?itimin ve sa?ly?yn saty?y, GSM\u2019den ba?layarak telefonun par\u00e7a par\u00e7a \u00f6zelle?tirilmesi, \u00c7aly?ma Bakanynyn s\u00fcrekli sendikalarla kavga halinde olmasy gibi olgular a\u00e7yk\u00e7a g\u00f6stermektedir ki, CTP \u00fclkemizde neo-liberal saldyrynyn ve ticaret burjuvazisinin temsilcisi niteli?indedir. Emek eksenli siyaset CTP i\u00e7in ge\u00e7mi?te kalmy?tyr.<\/span><span style=\"line-height: 150%; font-family: Verdana; font-size: 11pt;\">Bu ba?lamda CTP i\u00e7in 1 Mayys \u00e7eli?ik anlamlar ifade ediyor. Ge\u00e7mi? m\u00fccadelelerini sendikal politikalara dayandyranlar ?imdi \u201cbiz vazge\u00e7tik\u201d diyemediklerinden, g\u00f6r\u00fcnt\u00fcy\u00fc kurtarmaya \u00e7aly?yyorlar. Tabanyna \u201cbiz de?i?medik\u201d mesajyny verirken, hem sermayeyi \u00fcrk\u00fctmeyecek, hem de emek\u00e7i kesimleri kontrol altynda tutacak bir stratejik \u00e7izgi tutturmaya \u00e7aly?yyorlar. Bunu yaparken de sendikal b\u00fcrokrasi i\u00e7erisindeki ittifaklaryna yaslanmaktadyrlar.<\/span><\/p>\n<p class=\"MsoNormal\" style=\"text-align: justify; line-height: 150%; margin: 0cm 0cm 0pt;\"><span style=\"line-height: 150%; font-family: Verdana; font-size: 11pt;\">Bizim baky? a\u00e7ymyzla bu anlayy? arasyndaki fark \u00e7ok a\u00e7yktyr. Bizim i\u00e7in 1 Mayys, synyfyn dinamizmini synyrsyzca sergileyece?i, umut ve kararlyly?yny tazeleyece?i bir m\u00fccadele d\u00f6neminin manifestosu niteli?indedir. <\/span><\/p>\n<p class=\"MsoNormal\" style=\"text-align: justify; line-height: 150%; margin: 0cm 0cm 0pt;\">\n<p><span style=\"line-height: 150%; font-family: Verdana; font-size: 11pt;\">\u00a0\u00a0\u00a0\u00a0 <\/span><span style=\"line-height: 150%; font-family: Verdana; font-size: 11pt;\">\u00a0<\/span><strong><span style=\"line-height: 150%; font-family: Verdana; font-size: 11pt;\">Ykiye b\u00f6l\u00fcm\u00fc? bir \u00fclkede, ortak vatan m\u00fccadelesi verirken, ge\u00e7irdi?imiz 1 Mayys mitingini nasyl de?erlendiriyorsun? Kybrys\u2019ta kalycy bary?y ve \u00e7\u00f6z\u00fcm\u00fc savunan ve bir \u00e7ok kesim tarafyndan sol g\u00f6r\u00fc?l\u00fc bir parti oldu?u d\u00fc?\u00fcn\u00fclen CTP;<span>\u00a0 <\/span>bug\u00fcn nasyl oluyor da bir s\u00fcr\u00fc olanak varken g\u00fcneydeki kurulu?larla ortak bir miting bile d\u00fczenleyemiyor.<\/span><\/strong><strong><span style=\"line-height: 150%; font-family: Verdana; font-size: 11pt;\">\u00dcstelik ger\u00e7ekle?ecek mitinglere katylmamyzy engellemek istercesine her iki eylemin saatlerinin \u00e7aky?malaryna izin veriyor; neden oluyor\u2026. <\/span><\/strong><\/p>\n<p><span style=\"line-height: 150%; font-family: Verdana; font-size: 11pt;\">Kapylar a\u00e7yldy?yndan beri, ortak 1 Mayys her iki taraftaki emek eksenli bary? g\u00fc\u00e7lerinin ortak arzusu konumundadyr. Ancak bu arzu bir t\u00fcrl\u00fc ger\u00e7eklik haline getirilememektedir. Ne yazyk ki 2007 1 Mayys\u2019y da bundan farkly olmamy?tyr. Bu olgunun nasyl a?ylaca?yna dair kysaca ?unu s\u00f6yleyebilirim ki, ortak m\u00fccadele 1 Mayys\u2019a indirgenemeyecek kadar kapsamly bir \u00e7izgide kavranmalydyr. 1 Mayys yalnyzca bir simge, bir bayraktyr. T\u00fcm bir yyl boyunca y\u00fcr\u00fct\u00fclecek koordineli \u00e7aly?malaryn ifadesi olarak kavranmadyk\u00e7a, ortak 1 Mayys ?ekilsel bir olgunun \u00f6tesine ge\u00e7emez. Yani ortak 1 Mayys i\u00e7in \u00f6n\u00fcm\u00fcze koymamyz gereken asyl hedef, ortak m\u00fccadeledir. Ortak m\u00fccadele hatty yakalandy?ynda, ortak 1 Mayys bunun ta\u00e7landyrylmasy ve ?enlendirilmesi olarak do?ally?ynda hayat bulacaktyr.<\/span><span style=\"line-height: 150%; font-family: Verdana; font-size: 11pt;\">CTP\u2019nin ise ortak m\u00fccadeleye dayanan ortak bir vatan in?aasy gibi bir politik \u00e7izgisi yoktur. CTP\u2019nin \u00e7\u00f6z\u00fcmden anlady?y ?ey, uluslararasy mali sermaye ile i?birli?i i\u00e7erisinde ve yukardan bir anla?madyr. Halk g\u00fc\u00e7lerinin a?a?ydan, ortak, fiili m\u00fccadelesine dayaly bir \u00e7izgi bu kesimlerin kabusudur. Yukardan bir \u201cbary?\u201d ile a?a?ydan bir \u201cbary?\u201d arasyndaki fark ne kdar a\u00e7yksa, CTP\u2019nin ortak miting istememesi de o kadar a\u00e7yktyr.<\/span><\/p>\n<p class=\"MsoNormal\" style=\"text-align: justify; line-height: 150%; margin: 0cm 0cm 0pt;\"><span style=\"line-height: 150%; font-family: Verdana; font-size: 11pt;\">1 Mayys 2007\u2019de CTP ikili bir strateji izledi ve 1 Mayys miting saatini g\u00fcneydeki miting ile denk d\u00fc?\u00fcrd\u00fc. B\u00f6ylece bir ta?la iki ku? vurmak hedefleniyordu. Kortejleri b\u00f6lerek ayryly?y peki?tirmek ve kuzeyde ba? a?rytan \u00f6rg\u00fctlerden kurtarylmy? bir alanda rahat rahat 1 Mayys\u2019y ge\u00e7i?tirmek. Bence her iki ama\u00e7laryna da ula?amadylar. Ne 1 Mayys\u2019y ayrylyk\u00e7y emellerine alet edebildiriler ne de kuzeyde dikensiz bir g\u00fcl bah\u00e7esi yaratabildiler. Ykili siyasetleri emek g\u00fc\u00e7lerinin m\u00fccadelesi sonucu fiyasko ile sonu\u00e7landy.<\/span><\/p>\n<p><span style=\"line-height: 150%; font-family: Verdana; font-size: 11pt;\">\u00a0\u00a0\u00a0 <\/span><span style=\"line-height: 150%; font-family: Verdana; font-size: 11pt;\">\u00a0<\/span><\/p>\n<p class=\"MsoNormal\" style=\"text-align: justify; line-height: 150%; margin: 0cm 0cm 0pt;\"><strong><span style=\"line-height: 150%; font-family: Verdana; font-size: 11pt;\">Baraka grubu ba?ta olmak \u00fczere birka\u00e7 \u00f6rg\u00fct\u00fcn daha, 1 Mayys Tertip Komitesi\u2019nin d\u00fczenledi?i y\u00fcr\u00fcy\u00fc?e katylmanyz neden engellenmek istendi?<\/span><\/strong><\/p>\n<p><span style=\"line-height: 150%; font-family: Verdana; font-size: 11pt;\">Ge\u00e7ti?imiz yyl, Baraka K\u00fclt\u00fcr Merkezi, BKP Gen\u00e7lik Kollary ve YKP Gen\u00e7lik\u2019ten olu?an bir blok olarak alanda ortak bir duru? sergilemi?tik. \u00d6zellikle \u201cKatil ABD Y?birlik\u00e7i CTP\u201d sloganymyz organizat\u00f6rlere ciddi bir rahatsyzlyk vermi?ti. Bu yyl ya?ananlar bu s\u00fcrecin devamydyr.<\/span><\/p>\n<p class=\"MsoNormal\" style=\"text-align: justify; line-height: 150%; margin: 0cm 0cm 0pt;\"><span style=\"line-height: 150%; font-family: Verdana; font-size: 11pt;\">Az \u00f6nce de s\u00f6yledi?im gibi, kuzeyde dikeniz g\u00fcl bah\u00e7esi yaratmak isteyen CTP b\u00fcrokratlary, kendilerine yakyn sendiklardan bir tertip komitesi olu?turdular. Bu komtede belirledikleri sloganlar dy?yndaki her t\u00fcrl\u00fc slogana da yasak\u00e7y bir mantykla sans\u00fcr uygulamak istediler. Ama\u00e7 CTP aleyhine slogan attylmasyny engellemekti. Baraka\u2019yy Dev-Y? Genel Merkezi\u2019ne \u00e7a?yrarak CTP aleyhine slogan istemediklerini a\u00e7yk\u00e7a ifade ettiler. \u00d6zellikle de ge\u00e7ti?imiz yyl \u201cKatil ABD Y?birlik\u00e7i CTP\u201d sloganyndan duyulan rahatsyzly?y dile getirdiler. E?er CTP aleyhine (onlaryn s\u00f6yleminde alana katylan gruplar aleyhine) slogan atylacak olursa olacak olacaklara dair tehtide varan ifadeler kullanyldy. \u00d6nce CTP\u2019lilerin \u00fczerimize saldyrabilece?i s\u00f6ylendi, ardyndan da i?\u00e7iler ile kar?y kar?yya gelece?imiz iddia edildi. <\/span><\/p>\n<p><span style=\"line-height: 150%; font-family: Verdana; font-size: 11pt;\">\u00a0\u00a0 <\/span><\/p>\n<p class=\"MsoNormal\" style=\"text-align: justify; line-height: 150%; margin: 0cm 0cm 0pt;\"><span style=\"line-height: 150%; font-family: Verdana; font-size: 11pt;\">T\u00fcm \u00e7aba CTP\u2019nin neo-liberal politiklarynyn alanda ele?tirilmesini engellemeye, bizi susturmaya, sans\u00fcrlemeye y\u00f6nelikti. Aslynda y\u00fcr\u00fcy\u00fc?e katylmamyzy engellemek de?il, y\u00fcr\u00fcy\u00fc?e onlaryn istedikleri bi\u00e7im ve i\u00e7erikte katylmamamyzy sa?lamak, yani bizi uysalla?tyrmak \u00e7abasy i\u00e7indeydiler.<\/span><\/p>\n<p class=\"MsoNormal\" style=\"text-align: justify; line-height: 150%; margin: 0cm 0cm 0pt;\"><span style=\"line-height: 150%; font-family: Verdana; font-size: 11pt;\">\u00a0\u00a0\u00a0 <\/span><\/p>\n<p><span style=\"line-height: 150%; font-family: Verdana; font-size: 11pt;\">\u00a0\u00a0 <\/span><span style=\"line-height: 150%; font-family: Verdana; font-size: 11pt;\">\u00a0<\/span><strong><span style=\"line-height: 150%; font-family: Verdana; font-size: 11pt;\">Sizin duru?unuz ne oldu. Neden?<\/span><\/strong><\/p>\n<p class=\"MsoNormal\" style=\"text-align: justify; line-height: 150%; margin: 0cm 0cm 0pt;\"><span style=\"line-height: 150%; font-family: Verdana; font-size: 11pt;\">Bize g\u00f6re 1 Mayys\u2019ta h\u00fck\u00fcmet ve h\u00fckmet partilerinin icraatlaryny emek eksenli bir baky? a\u00e7ysyndan ele?tirmekten daha me?ru hi\u00e7bir olgu yoktur. Kendilerine CTP\u2019nin bir h\u00fck\u00fcmet partisi oldu?unu sendikal hak ve \u00f6zg\u00fcrl\u00fcklere, e?itime, sa?ly?a ve sosyal kazanymlara y\u00f6nelik sermaye saldyrysyny y\u00f6neten partinin CTP oldu?unu hatyrlattyk. Bu noktada da CTP\u2019yi bu icraatlary do?rultusunda ele?tiren sloganlar ataca?ymyzy ve sloganlarymyza y\u00f6nelik hi\u00e7bir sans\u00fcr\u00fc kabul etmedi?imizi a\u00e7yk\u00e7a ifade ettik. Bizim sloganlarymyza kar?ylyk pazu kuvveti kullanacak kimseler varsa, ?iddet kullanan tarafyn iyice belirgin hale gelmesi i\u00e7in bekledikten sonra kar?ylyk vermekten \u00e7ekinmeyece?imizi a\u00e7yk\u00e7a ifade ettik. Alanda da bu ?ekilde davrandyk. Alanda Baraka, YKP, Pirsultan Abdal K\u00fclt\u00fcr Derne?i ve DA\u00dc\u2019l\u00fc \u00f6?renciler olarak olu?turdu?umuz blok, KT\u00d6S ve KTOE\u00d6S Sendikal Birlik Grubu tarafyndan desteklendi. Ba?ymsyz sendikal yapylaryn onurlu duru?unun kyymetini bir kez de ya?ayarak g\u00f6rm\u00fc? olduk.<\/span><\/p>\n<p><span style=\"line-height: 150%; font-family: Verdana; font-size: 11pt;\">\u00a0\u00a0\u00a0 <\/span><span style=\"line-height: 150%; font-family: Verdana; font-size: 11pt;\">Bizim i\u00e7in en duygusal anlardan birisi kortej \u00f6n\u00fcne olu?turulan barikaty g\u00f6ren KT\u00d6S\u2019nyn, kitlesi ile birlikte barikatyn arkasyna ge\u00e7mesi ve pankartyny bizim \u00f6n\u00fcm\u00fcze alarak, bizimle ortak tavyr g\u00f6stermesiydi. Bu andan sonra moral \u00fcst\u00fcnl\u00fck tamamen bizdeydi. \u201cBunu yap CTP Hadi Bunu Yap, Parasyz E?itim Parasyz Sa?lyk\u201d, \u201cCTP Sa?ly?a Zararlydyr\u201d, \u201cE?itimi Sattyn Sa?ly?y Sattyn, CTP Hani Sen Bizden Yanaydyn\u201d, \u201cEme?in Partisi CTP, ?aka Yaptyk\u201d, \u201cEme?e De?il Sermayeye Barikat\u201d, \u201cDemokrasi A?y?y CTP Hastayym Senin Demokrasine\u201d ve \u201cYa?asyn Ba?ymsyz Sendikacylyk\u201d gibi sloganlarymyzla kararly tavrymyzy s\u00fcrd\u00fcrd\u00fck. <\/span><\/p>\n<p class=\"MsoNormal\" style=\"text-align: justify; line-height: 150%; margin: 0cm 0cm 0pt;\"><span style=\"line-height: 150%; font-family: Verdana; font-size: 11pt;\">Bu kararlylyk sonucu alana giri?imizi engelleme niyetlerini uygulayamadylar. \u00dcstelik k\u00fcrs\u00fcden ger\u00e7ekle?en ruhsuz konu?malary bir s\u00fcre dinledikten sonra, \u201cCTP Sen \u00c7al Sen Oyna\u201d slogany e?ili?inde alany terketti?imizde, alanda neredeyse kimse kalmamy?ty. Bu noktada bir?eyi daha vurgulamak gerekir ki, CTP\u2019nin ama\u00e7laryna alet etmek itedi?i Dev-Y? \u00fcyesi barikat g\u00f6revlileri \u201cYa?asyn 1 Mayys\u201d sloganlaryna e?lik etmemiz \u00fczerine bizleri alky?lady, biz de onlara alky?larla kar?ylyk verdik.<\/span><\/p>\n<p class=\"MsoNormal\" style=\"text-align: justify; line-height: 150%; margin: 0cm 0cm 0pt;\"><span style=\"line-height: 150%; font-family: Verdana; font-size: 11pt;\">\u00a0\u00a0\u00a0\u00a0\u00a0\u00a0\u00a0\u00a0\u00a0\u00a0\u00a0\u00a0\u00a0\u00a0 <\/span><\/p>\n<p><span style=\"line-height: 150%; font-family: Verdana; font-size: 11pt;\">\u00a0\u00a0\u00a0 <\/span><span style=\"line-height: 150%; font-family: Verdana; font-size: 11pt;\">\u00a0<\/span><strong><span style=\"line-height: 150%; font-family: Verdana; font-size: 11pt;\">Sonu\u00e7 olarak b\u00f6yle bir duru? sergilemek size ne kazandyrdy\u2026 <\/span><\/strong><span style=\"line-height: 150%; font-family: Verdana; font-size: 11pt;\">Bizim duru?umuz belli bir kazanym beklentisinden kaynakly de?ildir. Biz m\u00fccadelesini verdi?imiz ve bizce do?ru olan ?eyleri 1 Mayys alanynyn ruhuna da uygun oldu?unu d\u00fc?\u00fcnd\u00fc?\u00fcm\u00fczden ifade ettik. Sloganlarymyzla bu konulary g\u00fcndeme getirdik. Sermaye ile i?birli?i i\u00e7indeki CTP B\u00fcrokrasisinin tepkisi ne kadar do?alsa, bizim tavrymyzy de?i?tirmememiz de o kadar do?aldyr. Ki?iler gibi \u00f6rg\u00fctler de d\u00fcr\u00fcstl\u00fc?\u00fc ve do?ru bildi?ini payla?mayy ilke edinmelidirler. Halk nezdinde inanylyr olmanyn yolu, kendi s\u00f6yledi?iniz s\u00f6z\u00fcn arkasynda kararlylykla durmaktan ge\u00e7er. Biz, s\u00f6yledi?imiz ve yapty?ymyz her?eyin arkasyndayyz. <\/span><\/p>\n<p class=\"MsoNormal\" style=\"text-align: justify; line-height: 150%; margin: 0cm 0cm 0pt;\"><span style=\"line-height: 150%; font-family: Verdana; font-size: 11pt;\">Bu tavrymyzy kazanym elde etmek i\u00e7in yapmadyk ama tavrymyz samimiyetimizin de g\u00f6stergesi olmu?tur diye d\u00fc?\u00fcn\u00fcyorum.<\/span><\/p>\n<p class=\"MsoNormal\" style=\"text-align: justify; line-height: 150%; margin: 0cm 0cm 0pt;\"><span style=\"line-height: 150%; font-family: Verdana; font-size: 11pt;\">\u00a0\u00a0 <\/span><\/p>\n<p><span style=\"line-height: 150%; font-family: Verdana; font-size: 11pt;\">\u00a0\u00a0\u00a0 <\/span><span style=\"line-height: 150%; font-family: Verdana; font-size: 11pt;\">\u00a0<\/span><strong><span style=\"line-height: 150%; font-family: Verdana; font-size: 11pt;\">Te?ekk\u00fcr ederim\u2026<\/span><\/strong><\/p>\n<p><span style=\"line-height: 150%; font-family: Verdana; font-size: 11pt;\">Ben te?ekk\u00fcr ederim<\/span><\/p>\n","protected":false},"excerpt":{"rendered":"<p>Birle?ik Kybrys gazetesinin\u00a0 Baraka Aktivisti M\u00fcn\u00fcr Rahvancyo?lu ile ger\u00e7ekle?tirdi?i s\u00f6yle?i: \u00a0\u00a0 \u00a0\u00a0\u00a0\u00a0\u00a0\u00a01 Mayys senin i\u00e7in ne ifade ediyor? 1 Mayys i?\u00e7i synyfynyn uluslararasy birlik, m\u00fccadele<\/p>\n","protected":false},"author":1,"featured_media":0,"comment_status":"open","ping_status":"open","sticky":false,"template":"","format":"standard","meta":{"jetpack_post_was_ever_published":false,"_jetpack_newsletter_access":"","_jetpack_newsletter_tier_id":0,"jetpack_publicize_message":"","jetpack_is_tweetstorm":false,"jetpack_publicize_feature_enabled":true,"jetpack_social_post_already_shared":false,"jetpack_social_options":{"image_generator_settings":{"template":"highway","enabled":false}}},"categories":[51],"tags":[],"jetpack_publicize_connections":[],"jetpack_featured_media_url":"","jetpack_shortlink":"https:\/\/wp.me\/p4eHWX-nB","jetpack_sharing_enabled":true,"_links":{"self":[{"href":"https:\/\/baraka.cc\/index.php?rest_route=\/wp\/v2\/posts\/1463"}],"collection":[{"href":"https:\/\/baraka.cc\/index.php?rest_route=\/wp\/v2\/posts"}],"about":[{"href":"https:\/\/baraka.cc\/index.php?rest_route=\/wp\/v2\/types\/post"}],"author":[{"embeddable":true,"href":"https:\/\/baraka.cc\/index.php?rest_route=\/wp\/v2\/users\/1"}],"replies":[{"embeddable":true,"href":"https:\/\/baraka.cc\/index.php?rest_route=%2Fwp%2Fv2%2Fcomments&post=1463"}],"version-history":[{"count":0,"href":"https:\/\/baraka.cc\/index.php?rest_route=\/wp\/v2\/posts\/1463\/revisions"}],"wp:attachment":[{"href":"https:\/\/baraka.cc\/index.php?rest_route=%2Fwp%2Fv2%2Fmedia&parent=1463"}],"wp:term":[{"taxonomy":"category","embeddable":true,"href":"https:\/\/baraka.cc\/index.php?rest_route=%2Fwp%2Fv2%2Fcategories&post=1463"},{"taxonomy":"post_tag","embeddable":true,"href":"https:\/\/baraka.cc\/index.php?rest_route=%2Fwp%2Fv2%2Ftags&post=1463"}],"curies":[{"name":"wp","href":"https:\/\/api.w.org\/{rel}","templated":true}]}}