{"id":1467,"date":"2010-05-01T11:37:30","date_gmt":"2010-05-01T09:37:30","guid":{"rendered":"https:\/\/baraka.cc\/?p=1467"},"modified":"2014-01-06T11:38:00","modified_gmt":"2014-01-06T09:38:00","slug":"1-mayis-2010-2","status":"publish","type":"post","link":"https:\/\/baraka.cc\/?p=1467","title":{"rendered":"1 May\u0131s 2010"},"content":{"rendered":"<p style=\"text-align: justify; line-height: 150%; margin: 0cm 0cm 0pt;\">\n<p><strong><span style=\"line-height: 150%; font-family: Verdana; font-size: 11pt;\">\u00a0\u00a0\u00a0\u00a0\u00a0\u00a0\u00a0\u00a0\u00a0\u00a0\u00a0\u00a0\u00a0 <\/span><\/strong><span style=\"line-height: 150%; font-family: Verdana; font-size: 11pt;\"><br \/>\n<\/span><\/p>\n<p style=\"text-align: justify; line-height: 150%; margin: 0cm 0cm 0pt;\"><a href=\"https:\/\/www.baraka.cc\/images\/stories\/1may10_1.jpg\" target=\"_blank\"><img decoding=\"async\" loading=\"lazy\" alt=\" \" src=\"https:\/\/www.baraka.cc\/images\/stories\/1may10_1.jpg\" width=\"200\" height=\"133\" align=\"left\" border=\"2\" \/><\/a>DEV-Y?, KT\u00d6S, KTAMS, BES, KTOE\u00d6S, El-Sen, Emek-Y?, Tel-Sen, Devrimci Genel-Y?, G\u00fc\u00e7-Sen, Petrol-Y?, Typ-Y?, Ma?usa T\u00fcrk Genel-Y?, Basyn-Sen, Koop-Sen, \u00c7a?-Sen, Da\u00fc-Sen, Da\u00fc-Bir-Sen, TES, Mec-Sen, Baraka K\u00fclt\u00fcr Merkezi, KTEZO, Bary? Derne?i, Kybrys T. Tabipleri Birli?i, KTMMOB, Kybrys Pir Sultan Abdal K\u00fclt\u00fcr Derne?i, \u00a0Yskele Yurtta? Ynisiyatifi, A\u00d6A \u00d6?rencileri, ODT\u00dc Sosyalist D\u00fc?\u00fcnce Toplulu?u, KGP, Kybrys Bary? Platformu, <span>\u00a0<\/span>Feminist At\u00f6lye, CTP\/BG, TDP, BKP, YKP\u2019nin katylymyyla ger\u00e7ekle?tirilen 1 Mayys co?kulu bir y\u00fcr\u00fcy\u00fc? ve mitinge sahne oldu.<\/p>\n<p style=\"text-align: justify; line-height: 150%; margin: 0cm 0cm 0pt;\">\n<p><span style=\"line-height: 150%; font-family: Verdana; font-size: 11pt;\">\u201cBary? Emektir Hedef Birle?ik Kybrys\u201d sloganyyla yapylan y\u00fcr\u00fcy\u00fc?ten, bir kez daha \u201cKybrys\u2019ta Bary? Engellenemez\u201d ve \u201cYa?asyn Halklaryn Karde?li?i\u201d sloganlary atyldy.<\/span><\/p>\n<p>&nbsp;<\/p>\n<p><span style=\"line-height: 150%; font-family: Verdana; font-size: 11pt;\">\u00d6zellikle, her alanda \u201c\u00f6zelle?tirme\u201d \u00e7abalary ve \u201c\u00e7aly?anlaryn s\u00f6m\u00fcr\u00fclmesi\u201dne kar?y sert ele?tiriler dile getirildi. Kimi yasal d\u00fczenlemelerle Kybrysly T\u00fcrklerin \u201cg\u00f6\u00e7e zorlandy?y\u201d belirtilen a\u00e7yklamalarda, bary? m\u00fccadelesinin y\u00fckseltilmesi gere?i \u00fczerinde duruldu.<\/span><\/p>\n<p style=\"text-align: justify; line-height: 150%; margin: 0cm 0cm 0pt;\">\n<p style=\"text-align: justify; line-height: 150%; margin: 0cm 0cm 0pt;\"><span style=\"line-height: 150%; font-family: Verdana; font-size: 11pt;\"><a href=\"https:\/\/www.baraka.cc\/images\/stories\/1may10_5.jpg\" target=\"_blank\"><img decoding=\"async\" loading=\"lazy\" alt=\" \" src=\"https:\/\/www.baraka.cc\/images\/stories\/1may10_5.jpg\" width=\"200\" height=\"133\" align=\"left\" border=\"2\" \/><\/a>Baraka&#8217;nyn y\u00fczden fazla aktivist ve dostunun katylymyyla Terminal&#8217;den Ku?ulu Park&#8217;a ve Saray\u00f6n\u00fc&#8217;ne ger\u00e7ekle?tirdi?i y\u00fcr\u00fcy\u00fc? olduk\u00e7a renkli ve co?kuluydu. Baraka kortejinde Baraka, Mustafa Ertan Kadyo?lu, Ba?ymsyz Kybrys Tek Yol Devrim, Feminist-iz, Baraka Tiyatro Ekibi ve Sol Anahtary pankartlary ta?yndy. Sol Anahtary pankartynyn arkasynda Safa?a \u00d6zlem \u00c7.H.M. Korosu ve bazy m\u00fczik emek\u00e7ileri de y\u00fcr\u00fcd\u00fcler. <a href=\"https:\/\/www.baraka.cc\/index.php?option=com_content&amp;task=view&amp;id=507&amp;Itemid=560\">Baraka kortejini izlemek i\u00e7in tyklayynyz<\/a><\/span><\/p>\n<p style=\"text-align: justify; line-height: 150%; margin: 0cm 0cm 0pt;\"><span style=\"line-height: 150%; font-family: Verdana; font-size: 11pt;\">\u00a0\u00a0 <\/span><\/p>\n<p><span style=\"line-height: 150%; font-family: Verdana; font-size: 11pt;\"><a href=\"https:\/\/www.baraka.cc\/images\/stories\/1may10_2.jpg\" target=\"_blank\"><img decoding=\"async\" loading=\"lazy\" alt=\" \" src=\"https:\/\/www.baraka.cc\/images\/stories\/1may10_2.jpg\" width=\"200\" height=\"133\" border=\"2\" \/><\/a>\u00a0<a href=\"https:\/\/www.baraka.cc\/images\/stories\/1may10_3.jpg\" target=\"_blank\"><img decoding=\"async\" loading=\"lazy\" alt=\" \" src=\"https:\/\/www.baraka.cc\/images\/stories\/1may10_3.jpg\" width=\"200\" height=\"133\" border=\"2\" \/><\/a>\u00a0<a href=\"https:\/\/www.baraka.cc\/images\/stories\/1may10_4.jpg\" target=\"_blank\"><img decoding=\"async\" loading=\"lazy\" alt=\" \" src=\"https:\/\/www.baraka.cc\/images\/stories\/1may10_4.jpg\" width=\"200\" height=\"133\" border=\"2\" \/><\/a>\u00a0\u00a0\u00a0\u00a0<\/span><span style=\"line-height: 150%; font-family: Verdana; font-size: 11pt;\">\u00a0\u00a0\u00a0\u00a0\u00a0\u00a0\u00a0\u00a0 <\/span><span style=\"line-height: 150%; font-family: Verdana; font-size: 11pt;\">\u00a0<\/span><\/p>\n<p style=\"text-align: justify; line-height: 150%; margin: 0cm 0cm 0pt;\"><span style=\"line-height: 150%; font-family: Verdana; font-size: 11pt;\"><a href=\"https:\/\/www.baraka.cc\/images\/stories\/1may10_7.jpg\" target=\"_blank\"><img decoding=\"async\" loading=\"lazy\" alt=\" \" src=\"https:\/\/www.baraka.cc\/images\/stories\/1may10_7.jpg\" width=\"200\" height=\"133\" align=\"left\" border=\"2\" \/><\/a>KTAMS Ba?kany Ahmet Kaptan ile \u00f6?retmen akademisinden Faize Sertel\u2019in sunum yapty?y mitingte; DEV-Y? Genel Ba?kany Mehmet Seyis, G\u00fc\u00e7-Sen Ba?kany Memduh \u00c7eto ile Pambis Kyritsis konu?ma yapty. Sadyk Zabitler\/Alkapon ve Baraka m\u00fczik toplulu?u Sol Anahtary da mitingde ?arkylar seslendirdi. Sol Anahtary&#8217;nyn seslendirdi?i 1 Mayys Mar?y, Gavur Ymam Ysyany, G\u00fcndo?du, Eylem G\u00fczeli, \u00c7avbella, Kadynlar Vardyr,\u00a0G\u00fcn Gibi&#8217;ye e?lik eden eylemciler ?arky aralarynda ise sloganlar attylar. Sahneden atylan <strong>&#8220;Ba?ymsyz Kybrys B\u00fct\u00fcn Halklar Karde?tir&#8221;<\/strong> sloganlary olduk\u00e7a anlamlyydy. Sol Anahtary konserini dinlemek i\u00e7in <a href=\"https:\/\/www.baraka.cc\/index.php?option=com_content&amp;task=view&amp;id=504&amp;Itemid=557\">tyklayynyz<\/a><\/span><\/p>\n<p style=\"text-align: justify; line-height: 150%; margin: 0cm 0cm 0pt;\"><span style=\"line-height: 150%; font-family: Verdana; font-size: 11pt;\">\u00a0\u00a0\u00a0 <\/span><\/p>\n<p><span style=\"line-height: 150%; font-family: Verdana; font-size: 11pt;\">\u00a0<\/span><span style=\"line-height: 150%; font-family: Verdana; font-size: 11pt;\"><br \/>\n<\/span><\/p>\n<p style=\"text-align: justify; line-height: 150%; margin: 0cm 0cm 0pt;\"><a href=\"https:\/\/www.baraka.cc\/images\/stories\/1may10_6.jpg\" target=\"_blank\"><img decoding=\"async\" loading=\"lazy\" alt=\" \" src=\"https:\/\/www.baraka.cc\/images\/stories\/1may10_6.jpg\" width=\"200\" height=\"133\" align=\"left\" border=\"2\" \/><\/a>Saray\u00f6n\u00fc Meydany\u2019ndaki konu?ma syrasynda, Atat\u00fcrk \u00d6?retmen Akademisi \u00f6?rencileri adyna yapylan konu?ma, kysa bir gerginli?e sebep oldu. Bu konu?ma syrasynda sahnede \u201cY?birlik\u00e7iler Emek\u00e7iye ve \u00d6?renciye Hesap Verecekler\u201d ve \u201cA\u00d6A\u2019yy Kapattyrmayyz\u201d pankartlary a\u00e7yldy. Sahneye \u00e7ykarak pankartlary kapatmak i\u00e7in Kybrys T\u00fcrk \u00d6?retmenler Sendikasy&#8217;na ve \u00d6?retmen Akademisi \u00f6?rencilerine m\u00fcdahale etmeye \u00e7aly?an Kybrys T\u00fcrk Orta E?itim \u00d6?retmenler Sendikasy y\u00f6neticileri gerginli?e sebep oldular.<\/p>\n<p style=\"text-align: justify; line-height: 150%; margin: 0cm 0cm 0pt;\">\n<p style=\"text-align: justify; line-height: 150%; margin: 0cm 0cm 0pt;\"><span style=\"line-height: 150%; font-family: Verdana; font-size: 11pt;\">Mitinge PEO, Sosyalist Ynisiyatif, Sol Kanat, Birle?ik Kybrys Bary? Ynisiyatifi ve Birle?ik \u00d6?retmenler Platformu konuk \u00f6rg\u00fctler olarak katyldy. Youth Against Nationalism ise Baraka K\u00fclt\u00fcr Merkezi ile y\u00fcr\u00fcd\u00fc.<\/span><\/p>\n<p style=\"text-align: justify; line-height: 150%; margin: 0cm 0cm 0pt;\">\n<p style=\"text-align: justify; line-height: 150%; margin: 0cm 0cm 0pt;\"><span style=\"line-height: 150%; font-family: Verdana; font-size: 11pt;\">Baraka K\u00fclt\u00fcr Merkezi&#8217;nin 1 Mayys 2010 \u00e7a?rysy ?u ?ekildeydi:<\/span><\/p>\n<p style=\"text-align: justify; line-height: 150%; margin: 0cm 0cm 0pt;\"><span style=\"line-height: 150%; font-family: Verdana; font-size: 11pt;\">\u00a0 <\/span><\/p>\n<p style=\"text-align: justify; line-height: 150%; margin: 0cm 0cm 0pt;\"><span style=\"line-height: 150%; font-family: Verdana; font-size: 11pt;\"><span style=\"font-family: 'Verdana','sans-serif';\"><span style=\"color: #000000;\"><a href=\"https:\/\/www.baraka.cc\/images\/stories\/1Mayis2010_1.jpg\" target=\"_blank\"><img decoding=\"async\" loading=\"lazy\" alt=\" \" src=\"https:\/\/www.baraka.cc\/images\/stories\/1Mayis2010_1.jpg\" width=\"200\" height=\"283\" border=\"2\" \/><\/a><span>\u00a0 <\/span><a href=\"https:\/\/www.baraka.cc\/images\/stories\/1Mayis2010_2.jpg\" target=\"_blank\"><span><img decoding=\"async\" loading=\"lazy\" alt=\" \" src=\"https:\/\/www.baraka.cc\/images\/stories\/1Mayis2010_2.jpg\" width=\"200\" height=\"283\" border=\"2\" \/><\/span><\/a><\/span><\/span><span style=\"font-family: 'Verdana','sans-serif';\"><span style=\"color: #000000;\">\u00a0\u00a0 <\/span><\/span><\/span><\/p>\n<p style=\"text-align: justify; line-height: 150%; margin: 0cm 0cm 0pt;\"><span style=\"line-height: 150%; font-family: Verdana; font-size: 11pt;\"><span style=\"font-family: 'Verdana','sans-serif';\"><span style=\"color: #000000;\">\u00a0 <\/span><\/span><\/span><\/p>\n<p><span style=\"line-height: 150%; font-family: Verdana; font-size: 11pt;\"><span style=\"font-family: 'Verdana','sans-serif';\"><span style=\"line-height: 150%; font-family: Verdana; font-size: 11pt;\">&#8211; S\u00f6zde Sosyal G\u00fcvenlik Yasasy\u2019na kar?y<br \/>\nY? g\u00fcvencesi, \u00f6zel sekt\u00f6rde sendikala?ma, rahat bir emeklilik <\/span><span style=\"line-height: 150%; font-family: Verdana; font-size: 11pt;\">\u00a0\u00a0 <\/span><\/span><\/span><\/p>\n<p>&#8211; G\u00f6\u00e7 Yasasy\u2019na Kar?y<br \/>\nYnsanca ya?ayabilir bir maa?, sendikal \u00f6zg\u00fcrl\u00fck<\/p>\n<p><span style=\"line-height: 150%; font-family: Verdana; font-size: 11pt;\">\u00a0\u00a0 <\/span><\/p>\n<p>&#8211; A\u00d6A\u2019nyn kapatylmasyna kar?y<br \/>\nParasyz, planly, kaliteli ve kamusal bir e?itim<span style=\"line-height: 150%; font-family: Verdana; font-size: 11pt;\">\u00a0\u00a0\u00a0 <\/span><\/p>\n<p>&#8211; Neo-liberal saldyrylara kar?y<br \/>\nHalkyn e?itim, sa?lyk, ula?ym, barynma, ileti?im ve enerji hakky<span style=\"line-height: 150%; font-family: Verdana; font-size: 11pt;\">\u00a0\u00a0 <\/span><\/p>\n<p>&#8211; Biber gazyna, davalara, coplamalara kar?y<br \/>\n\u00d6zg\u00fcrl\u00fck, e?itlik ve demokrasi<span style=\"line-height: 150%; font-family: Verdana; font-size: 11pt;\">\u00a0\u00a0 <\/span><\/p>\n<p>&#8211; Dilimizi, k\u00fclt\u00fcr\u00fcm\u00fcz\u00fc, ya?ady?ymyz yerlerin isimlerini de?i?tirenlere kar?y<br \/>\nAsimilasyona hayyr<span style=\"line-height: 150%; font-family: Verdana; font-size: 11pt;\">\u00a0\u00a0 <\/span><\/p>\n<p>&#8211; Da?larymyzyn, denizlerimizin, ormanlarymyzyn talan edilmesine kar?y<br \/>\nBu \u00fclke, bu do?a bizimdir<span style=\"line-height: 150%; font-family: Verdana; font-size: 11pt;\">\u00a0\u00a0 <\/span><\/p>\n<p>&#8211; Toplumsal cinsiyet e?itsizl?inden do?an ayyrymcylyklara kar?y<br \/>\nya?asyn feminist m\u00fccadelemiz<span style=\"line-height: 150%; font-family: Verdana; font-size: 11pt;\">\u00a0\u00a0 <\/span><\/p>\n<p>&#8211; Kybrys\u2019yn b\u00f6l\u00fcnm\u00fc?l\u00fc?\u00fcne kar?y<br \/>\nBa?ymsyz Kybrys<span style=\"line-height: 150%; font-family: Verdana; font-size: 11pt;\">\u00a0\u00a0 <\/span><\/p>\n<p>&#8211; T\u00fcrkiye G\u00f6\u00e7meni ve Kybrysly Elen d\u00fc?manly?yna kar?y<br \/>\nB\u00fct\u00fcn Halklar Karde?tir<span style=\"line-height: 150%; font-family: Verdana; font-size: 11pt;\">\u00a0\u00a0 <\/span><\/p>\n<p>diyerek y\u00fcr\u00fcyoruz\u2026<span style=\"line-height: 150%; font-family: Verdana; font-size: 11pt;\">\u00a0\u00a0 <\/span><\/p>\n<p><strong><span style=\"font-family: Verdana;\">Umutlaryn Ku?atylmasyn Bu Abluka Da?ytylacak!<\/span><\/strong><span style=\"font-size: 11pt;\"><span style=\"color: #000000; font-family: Times New Roman;\">\u00a0<\/span><\/span>\u00a0\u00a0\u00a0\u00a0\u00a0\u00a0\u00a0\u00a0 <span style=\"line-height: 150%; font-family: Verdana; font-size: 11pt;\">\u00a0<\/span><span style=\"line-height: 150%; font-family: Verdana; font-size: 11pt;\">\u00a0<\/span><span style=\"line-height: 150%; font-family: Verdana; font-size: 11pt;\">\u00a0<\/span><\/p>\n","protected":false},"excerpt":{"rendered":"<p>\u00a0\u00a0\u00a0\u00a0\u00a0\u00a0\u00a0\u00a0\u00a0\u00a0\u00a0\u00a0\u00a0 DEV-Y?, KT\u00d6S, KTAMS, BES, KTOE\u00d6S, El-Sen, Emek-Y?, Tel-Sen, Devrimci Genel-Y?, G\u00fc\u00e7-Sen, Petrol-Y?, Typ-Y?, Ma?usa T\u00fcrk Genel-Y?, Basyn-Sen, Koop-Sen, \u00c7a?-Sen, Da\u00fc-Sen, Da\u00fc-Bir-Sen, TES, Mec-Sen, Baraka<\/p>\n","protected":false},"author":1,"featured_media":0,"comment_status":"open","ping_status":"open","sticky":false,"template":"","format":"standard","meta":{"jetpack_post_was_ever_published":false,"_jetpack_newsletter_access":"","_jetpack_newsletter_tier_id":0,"jetpack_publicize_message":"","jetpack_is_tweetstorm":false,"jetpack_publicize_feature_enabled":true,"jetpack_social_post_already_shared":false,"jetpack_social_options":{"image_generator_settings":{"template":"highway","enabled":false}}},"categories":[51],"tags":[],"jetpack_publicize_connections":[],"jetpack_featured_media_url":"","jetpack_shortlink":"https:\/\/wp.me\/p4eHWX-nF","jetpack_sharing_enabled":true,"_links":{"self":[{"href":"https:\/\/baraka.cc\/index.php?rest_route=\/wp\/v2\/posts\/1467"}],"collection":[{"href":"https:\/\/baraka.cc\/index.php?rest_route=\/wp\/v2\/posts"}],"about":[{"href":"https:\/\/baraka.cc\/index.php?rest_route=\/wp\/v2\/types\/post"}],"author":[{"embeddable":true,"href":"https:\/\/baraka.cc\/index.php?rest_route=\/wp\/v2\/users\/1"}],"replies":[{"embeddable":true,"href":"https:\/\/baraka.cc\/index.php?rest_route=%2Fwp%2Fv2%2Fcomments&post=1467"}],"version-history":[{"count":0,"href":"https:\/\/baraka.cc\/index.php?rest_route=\/wp\/v2\/posts\/1467\/revisions"}],"wp:attachment":[{"href":"https:\/\/baraka.cc\/index.php?rest_route=%2Fwp%2Fv2%2Fmedia&parent=1467"}],"wp:term":[{"taxonomy":"category","embeddable":true,"href":"https:\/\/baraka.cc\/index.php?rest_route=%2Fwp%2Fv2%2Fcategories&post=1467"},{"taxonomy":"post_tag","embeddable":true,"href":"https:\/\/baraka.cc\/index.php?rest_route=%2Fwp%2Fv2%2Ftags&post=1467"}],"curies":[{"name":"wp","href":"https:\/\/api.w.org\/{rel}","templated":true}]}}