{"id":1501,"date":"2012-09-01T11:58:59","date_gmt":"2012-09-01T09:58:59","guid":{"rendered":"https:\/\/baraka.cc\/?p=1501"},"modified":"2014-01-06T11:59:28","modified_gmt":"2014-01-06T09:59:28","slug":"1-eylul-2012","status":"publish","type":"post","link":"https:\/\/baraka.cc\/?p=1501","title":{"rendered":"1 Eyl\u00fcl 2012"},"content":{"rendered":"<p>&nbsp;<\/p>\n<p class=\"MsoNormal\" style=\"margin-bottom: 0.0001pt; text-align: justify; line-height: 200%;\"><a href=\"https:\/\/www.baraka.cc\/images\/stories\/1eylul2012_afis.jpg\" target=\"_blank\"><img decoding=\"async\" alt=\" \" src=\"https:\/\/www.baraka.cc\/images\/stories\/1eylul2012_afis.jpg\" width=\"200\" align=\"left\" border=\"2\" \/><\/a> <span style=\"font-size: 10pt; line-height: 200%; font-family: 'Verdana','sans-serif';\">1 Eyl\u00fcl Cumartesi tarihinde, Baraka K\u00fclt\u00fcr Merkezi olarak, saat 18:00\u2019da Lefko\u015fa Terminali\u2019nde toplanarak y\u00fcr\u00fcy\u00fc\u015f ger\u00e7ekle\u015ftirdik. \u00d6n\u00fcm\u00fcze konulan s\u00f6zde bar\u0131\u015f planlar\u0131n\u0131 oylamak de\u011fil, kurulacak bar\u0131\u015fta halklar olarak bizzat rol oynamak i\u00e7in, y\u0131l boyu s\u00fcrd\u00fcrd\u00fc\u011f\u00fcm\u00fcz bar\u0131\u015f m\u00fccadelesini, 1 Eyl\u00fcl D\u00fcnya Bar\u0131\u015f G\u00fcn\u00fc\u2019nde de alanda tekrarlad\u0131k. Sol Anahtar\u0131&#8217;n\u0131n da sahne ald\u0131\u011f\u0131 eylemden videolar i\u00e7in t\u0131klay\u0131n\u0131z:<\/span><\/p>\n<p class=\"MsoNormal\" style=\"margin-bottom: 0.0001pt; text-align: justify; line-height: 200%;\"><a href=\"http:\/\/www.youtube.com\/watch?v=D-Uu_N0puG8\" target=\"_blank\">Kortej<\/a><\/p>\n<p class=\"MsoNormal\" style=\"margin-bottom: 0.0001pt; text-align: justify; line-height: 200%;\"><a href=\"http:\/\/www.youtube.com\/watch?v=0glA27sAiJo\" target=\"_blank\"><span style=\"font-size: 10pt; line-height: 200%; font-family: 'Verdana','sans-serif';\">\u0130syan<\/span><\/a><\/p>\n<p class=\"MsoNormal\" style=\"margin-bottom: 0.0001pt; text-align: justify; line-height: 200%;\"><a href=\"http:\/\/www.youtube.com\/watch?v=bq64IpQ_Kuk\" target=\"_blank\"><span style=\"font-size: 10pt; line-height: 200%; font-family: 'Verdana','sans-serif';\">Anti-Kapitalista <\/span><\/a><\/p>\n<p class=\"MsoNormal\" style=\"margin-bottom: 0.0001pt; text-align: justify; line-height: 200%;\"><a href=\"http:\/\/www.youtube.com\/watch?v=Q_tXq6hIA8c\" target=\"_blank\"><span style=\"font-size: 10pt; line-height: 200%; font-family: 'Verdana','sans-serif';\">Sol Anahtar\u0131 &#8211; G\u00fczel G\u00fcnler<\/span><\/a><\/p>\n<p class=\"MsoNormal\" style=\"margin-bottom: 0.0001pt; text-align: justify; line-height: 200%;\"><a href=\"https:\/\/www.baraka.cc\/images\/stories\/1eylul2012_1.JPG\" target=\"_blank\"><img decoding=\"async\" loading=\"lazy\" alt=\" \" src=\"https:\/\/www.baraka.cc\/images\/stories\/1eylul2012_1.JPG\" width=\"200\" height=\"150\" border=\"2\" \/><\/a>\u00a0 <a href=\"https:\/\/www.baraka.cc\/images\/stories\/1eylul2012_2.JPG\" target=\"_blank\"><img decoding=\"async\" alt=\" \" src=\"https:\/\/www.baraka.cc\/images\/stories\/1eylul2012_2.JPG\" width=\"200\" border=\"2\" \/><\/a><\/p>\n<p class=\"MsoNormal\" style=\"margin-bottom: 0.0001pt; text-align: justify; line-height: 200%;\"><a href=\"https:\/\/www.baraka.cc\/images\/stories\/1eylul2012_3.JPG\" target=\"_blank\"><img decoding=\"async\" alt=\" \" src=\"https:\/\/www.baraka.cc\/images\/stories\/1eylul2012_3.JPG\" width=\"200\" border=\"2\" \/><\/a>\u00a0 <a href=\"https:\/\/www.baraka.cc\/images\/stories\/1eylul2012_4.JPG\" target=\"_blank\"><img decoding=\"async\" alt=\" \" src=\"https:\/\/www.baraka.cc\/images\/stories\/1eylul2012_4.JPG\" width=\"200\" border=\"2\" \/><\/a><\/p>\n<p class=\"MsoNormal\" style=\"margin-bottom: 0.0001pt; text-align: justify; line-height: 200%;\">\n<p class=\"MsoNormal\" style=\"margin-bottom: 0.0001pt; text-align: justify; line-height: 200%;\">\n<p class=\"MsoNormal\" style=\"margin-bottom: 0.0001pt; text-align: justify; line-height: 200%;\">\n<p class=\"MsoNormal\" style=\"margin-bottom: 0.0001pt; text-align: justify; line-height: 200%;\">\n<p class=\"MsoNormal\" style=\"margin-bottom: 0.0001pt; text-align: justify; line-height: 200%;\">\n<p class=\"MsoNormal\" style=\"margin-bottom: 0.0001pt; text-align: justify; line-height: 200%;\"><span style=\"font-size: 10pt; line-height: 200%; font-family: 'Verdana','sans-serif';\">Baraka&#8217;n\u0131n 1 Eyl\u00fcl \u00e7a\u011fr\u0131s\u0131:<\/span><\/p>\n<p class=\"MsoNormal\" style=\"margin-bottom: 0.0001pt; text-align: justify; line-height: 200%;\"><span style=\"font-size: 10pt; line-height: 200%; font-family: 'Verdana','sans-serif';\">D\u00fcnya kapitalist sistemini s\u00fcr\u00fckleyen eli kanl\u0131 emperyalist devletlerin, ve onlar\u0131n s\u00fcr\u00fckledi\u011fi yay\u0131lmac\u0131 politikalar\u0131 kendi b\u00f6lgelerinde uygulayan ta\u015feron i\u015fgalcilerin ac\u0131mas\u0131zca kendi sava\u015f taleplerini dayatt\u0131klar\u0131 bir \u00e7a\u011fda, halklar\u0131n bar\u0131\u015f talebini \u00f6ne \u00e7\u0131karmas\u0131 halklar i\u00e7in hayati bir meseledir.. Hele, kap\u0131 kom\u015fusu oldu\u011fumuz Ortado\u011fu\u2019da, egemenlerin kendi \u00e7\u0131karlar\u0131n\u0131 halklar\u0131n sefaleti, \u00e7ilesi, yoksullu\u011fu ve kan\u0131 pahas\u0131na kurmaya ve korumaya \u00e7al\u0131\u015ft\u0131\u011f\u0131 bir d\u00f6nemden ge\u00e7iyorken, bar\u0131\u015f talebi her \u015feyden fazla \u00f6nem kazanmaktad\u0131r. K\u0131br\u0131s\u2019\u0131n kuzeyinin aktif ta\u015feronu olan T\u00fcrkiye\u2019nin, Suriye\u2019ye kar\u015f\u0131 sava\u015f tamtamlar\u0131n\u0131 \u00e7ald\u0131\u011f\u0131 bir d\u00f6nemde, bar\u0131\u015f talebini y\u00fckseltmek, biz K\u0131br\u0131sl\u0131 T\u00fcrkler i\u00e7in daha da zorunlu hale gelmektedir. T\u00fcm bunlar\u0131n \u00f6tesinde, ya\u015fad\u0131\u011f\u0131m\u0131z adan\u0131n yak\u0131n tarihi, K\u0131br\u0131sl\u0131 T\u00fcrk ve K\u0131br\u0131sl\u0131 Elen halklar\u0131n\u0131n karde\u015fli\u011finin ve bar\u0131\u015f\u0131n\u0131n yok edilmeye ve b\u00f6l\u00fcnm\u00fc\u015fl\u00fc\u011f\u00fcn yerle\u015ftirilmeye \u00e7al\u0131\u015f\u0131lmas\u0131n\u0131n tarihidir. Bu adan\u0131n b\u00f6l\u00fcm\u00fc\u015fl\u00fck halini hi\u00e7 de sakince kabullenme niyeti olmayan adan\u0131n sakinleri olarak, bar\u0131\u015f talebi, bizler i\u00e7in merkezi konumdad\u0131r. <a href=\"https:\/\/www.baraka.cc\/index.php?option=com_content&amp;task=view&amp;id=790&amp;Itemid=867\">Devam\u0131<\/a><\/span><\/p>\n<p class=\"MsoNormal\" style=\"margin-bottom: 0.0001pt; text-align: justify; line-height: 200%;\">\n<p class=\"MsoNormal\" style=\"margin-bottom: 0.0001pt; text-align: justify; line-height: 200%;\">\n","protected":false},"excerpt":{"rendered":"<p>&nbsp; 1 Eyl\u00fcl Cumartesi tarihinde, Baraka K\u00fclt\u00fcr Merkezi olarak, saat 18:00\u2019da Lefko\u015fa Terminali\u2019nde toplanarak y\u00fcr\u00fcy\u00fc\u015f ger\u00e7ekle\u015ftirdik. \u00d6n\u00fcm\u00fcze konulan s\u00f6zde bar\u0131\u015f planlar\u0131n\u0131 oylamak de\u011fil, kurulacak bar\u0131\u015fta<\/p>\n","protected":false},"author":1,"featured_media":0,"comment_status":"open","ping_status":"open","sticky":false,"template":"","format":"standard","meta":{"jetpack_post_was_ever_published":false,"_jetpack_newsletter_access":"","_jetpack_newsletter_tier_id":0,"jetpack_publicize_message":"","jetpack_is_tweetstorm":false,"jetpack_publicize_feature_enabled":true,"jetpack_social_post_already_shared":false,"jetpack_social_options":{"image_generator_settings":{"template":"highway","enabled":false}}},"categories":[52],"tags":[],"jetpack_publicize_connections":[],"jetpack_featured_media_url":"","jetpack_shortlink":"https:\/\/wp.me\/p4eHWX-od","jetpack_sharing_enabled":true,"_links":{"self":[{"href":"https:\/\/baraka.cc\/index.php?rest_route=\/wp\/v2\/posts\/1501"}],"collection":[{"href":"https:\/\/baraka.cc\/index.php?rest_route=\/wp\/v2\/posts"}],"about":[{"href":"https:\/\/baraka.cc\/index.php?rest_route=\/wp\/v2\/types\/post"}],"author":[{"embeddable":true,"href":"https:\/\/baraka.cc\/index.php?rest_route=\/wp\/v2\/users\/1"}],"replies":[{"embeddable":true,"href":"https:\/\/baraka.cc\/index.php?rest_route=%2Fwp%2Fv2%2Fcomments&post=1501"}],"version-history":[{"count":0,"href":"https:\/\/baraka.cc\/index.php?rest_route=\/wp\/v2\/posts\/1501\/revisions"}],"wp:attachment":[{"href":"https:\/\/baraka.cc\/index.php?rest_route=%2Fwp%2Fv2%2Fmedia&parent=1501"}],"wp:term":[{"taxonomy":"category","embeddable":true,"href":"https:\/\/baraka.cc\/index.php?rest_route=%2Fwp%2Fv2%2Fcategories&post=1501"},{"taxonomy":"post_tag","embeddable":true,"href":"https:\/\/baraka.cc\/index.php?rest_route=%2Fwp%2Fv2%2Ftags&post=1501"}],"curies":[{"name":"wp","href":"https:\/\/api.w.org\/{rel}","templated":true}]}}