{"id":1507,"date":"2006-09-06T12:01:57","date_gmt":"2006-09-06T10:01:57","guid":{"rendered":"https:\/\/baraka.cc\/?p=1507"},"modified":"2017-06-23T08:35:16","modified_gmt":"2017-06-23T06:35:16","slug":"1-eylulun-ardyndan","status":"publish","type":"post","link":"https:\/\/baraka.cc\/?p=1507","title":{"rendered":"1 Eyl\u00fcl\u2019\u00fcn Ardyndan"},"content":{"rendered":"<p>Baraka K\u00fclt\u00fcr Merkezi olarak 1 May\u0131s ve 1 Eyl\u00fcl tarihlerinin bizim i\u00e7in \u00f6zel bir anlama sahip oldu\u011funu her zaman vurgulad\u0131k. 1 May\u0131s, emek\u00e7i\/ezilen s\u0131n\u0131flar\u0131n uluslararas\u0131 birlik m\u00fccadele ve dayan\u0131\u015fma g\u00fcn\u00fcd\u00fcr. Ezilenler ve onlar\u0131n saf\u0131nda m\u00fccadele edenlerin duyars\u0131z kalamayaca\u011f\u0131 evrensel bir g\u00fcnd\u00fcr 1 May\u0131s. Oysa 1 Eyl\u00fcl tarihi \u00fclkemizin \u00f6zel ko\u015fullar\u0131 gere\u011fi d\u00fcnyan\u0131n pek \u00e7ok co\u011frafyas\u0131ndan farkl\u0131 bir anlamlar b\u00fct\u00fcn\u00fcn\u00fc bar\u0131nd\u0131r\u0131r bizim i\u00e7in. Kuru bir bar\u0131\u015fseverlik de\u011fildir 1 Eyl\u00fcl\u2019de alanlarda olman\u0131n anlam\u0131. G\u00fcn\u00fc kurtarmak veya \u201crakiplere\u201d \u00e7amur atmak i\u00e7in kullan\u0131lacak bir zemin olarak 1 Eyl\u00fcl, fazla uzun ya\u015famaz. E\u011fer 1 Eyl\u00fcl y\u0131llard\u0131r bu adan\u0131n en kitlesel eylemlerinin yap\u0131ld\u0131\u011f\u0131 bir tarihse, bunun nedeni; 1 Eyl\u00fcl\u2019de bar\u0131\u015f g\u00fc\u00e7lerinin t\u00fcm y\u0131l boyunca bar\u0131\u015fa d\u00f6n\u00fck \u00fcr\u00fcn ve eylemlerini ta\u00e7land\u0131rd\u0131klar\u0131 bir festival mant\u0131\u011f\u0131nda alanlara \u00e7\u0131kmalar\u0131d\u0131r.<\/p>\n<p>Y\u0131llard\u0131r 1 Eyl\u00fcl\u2019de kendi pankart\u0131 ve sloganlar\u0131 ile t\u00fcm bar\u0131\u015f g\u00fc\u00e7leri hep birlikte oldular. Y\u0131l boyunca ortak veya ayr\u0131 m\u00fccadele y\u00fcr\u00fcten t\u00fcm yap\u0131lar, 1 Eyl\u00fcl\u2019de kendi renkleri ile alanlarda oldular. Ancak son 2 y\u0131ld\u0131r bu s\u00fcrecin sekteye u\u011frad\u0131\u011f\u0131n\u0131 g\u00f6zlemliyoruz. CTP\u2019nin h\u00fck\u00fcmetin b\u00fcy\u00fck orta\u011f\u0131 olmas\u0131 ile bar\u0131\u015f g\u00fc\u00e7leri i\u00e7erden fethedilmi\u015f oldu. Bir\u00e7ok \u00f6rg\u00fct, anlams\u0131z bir bekleyi\u015f i\u00e7erisine girerek halklar ad\u0131na \u201cbirilerinin\u201d, \u201cbir yerlerde\u201d bar\u0131\u015fmas\u0131n\u0131 ummaya ba\u015flad\u0131. Hayaller, umutlar, dilekler iyidir, ki\u015finin ya\u015fama ba\u011fl\u0131 kalmas\u0131n\u0131 sa\u011flar. Ancak, bar\u0131\u015f dilekler dileyerek, mektuplar yazarak, mumlar yakarak, adaklar adayarak ger\u00e7ekle\u015femez.<\/p>\n<p>Baraka K\u00fclt\u00fcr Merkezi olarak 2005 y\u0131l\u0131nda, her y\u0131l oldu\u011fu gibi bir y\u00fcr\u00fcy\u00fc\u015f yap\u0131lmayaca\u011f\u0131n\u0131 \u00f6\u011frenir \u00f6renmez, bizce \u00e7ok anlaml\u0131 olan y\u00fcr\u00fcy\u00fc\u015f gelene\u011finin devam\u0131n\u0131 sa\u011flamak \u00fczere \u00e7al\u0131\u015fmaya ba\u015flad\u0131k. 3-4 g\u00fcn gibi k\u0131sa bir s\u00fcrede kortejimizi olu\u015fturarak alana \u00e7\u0131kt\u0131k. Bar\u0131\u015f bizim en de\u011fer verdi\u011fimiz de\u011ferlerimizden birisidir. Biz K\u0131br\u0131s\u2019ta bir ilk olan Biradada Birarada film projesini \u00f6rg\u00fctlerken \u00fclkemizde bar\u0131\u015fa y\u00f6nelik s\u00f6ylem, dilek ve temenniden \u00f6te somut bir i\u015f ortaya koyduk. K\u0131br\u0131sl\u0131 Elen ve K\u0131br\u0131sl\u0131 T\u00fcrk \u00f6rg\u00fctlerin ba\u011f\u0131ms\u0131z inisiyatifi ile olu\u015fan Sava\u015fa Hay\u0131r Koalisyonu \u00e7at\u0131s\u0131 alt\u0131nda ger\u00e7ekle\u015fen milliyet\u00e7ilik\/\u015fovenizm ve ayr\u0131l\u0131k\u00e7\u0131l\u0131k kar\u015f\u0131t\u0131 faaliyetlerimizle bar\u0131\u015f y\u00f6n\u00fcnde samimi, somut ad\u0131m atmak isteyen her ki\u015fi ve \u00f6rg\u00fcte bir alternatif sunduk. Mesele 1 Eyl\u00fcl\u2019de y\u00fcr\u00fcmekten ibaret de\u011fildir elbette. Bir y\u0131l boyunca bildiri ve s\u00f6ylemin \u00f6tesinde hi\u00e7bir \u015fey yapmay\u0131p yaln\u0131zca 1 Eyl\u00fcl\u2019de alanda olmak da ne m\u00fcmk\u00fcn ne de anlaml\u0131d\u0131r zaten. Bu \u00e7er\u00e7evede 2005 y\u0131l\u0131ndaki y\u00fcr\u00fcy\u00fc\u015f bizim i\u00e7in somut prati\u011fimizi alanda sergilemek, bir sonraki y\u0131la g\u00fcven ve moralle girmek y\u00f6n\u00fcnde anlaml\u0131yd\u0131. Y\u00fcr\u00fcd\u00fck diye adaya bar\u0131\u015f gelmesini beklemiyorduk tabii. Ama biz bar\u0131\u015fa do\u011fru y\u00fcr\u00fcmek kararl\u0131l\u0131\u011f\u0131m\u0131z\u0131 peki\u015ftirmek, bar\u0131\u015fsever halk kitleleri ile alanda bulu\u015fmak y\u00f6n\u00fcnde ad\u0131mlar att\u0131k ve 1 Eyl\u00fcl\u2019\u00fc hep bu anlamda alg\u0131lad\u0131k.<\/p>\n<p>2006 y\u0131l\u0131na gelindi\u011finde CTP ve ba\u011fl\u0131 \u00f6rg\u00fctleri \u201cdo\u011fan\u0131n bo\u015fluk kabul etmeyece\u011fini\u201d ya\u015fayarak \u00f6\u011frenmi\u015f bulunuyorlard\u0131. Y\u0131llarca \u201cbar\u0131\u015f\u201d s\u00f6ylemi etraf\u0131nda kitleleri mobilize edenler, kendileri koltuklarda oturuyor diye kimsenin alanlara \u00e7\u0131kmamas\u0131n\u0131 bekleyemezlerdi. 2005 y\u0131l\u0131nda bu b\u00f6yle olmam\u0131\u015ft\u0131, sembolik de olsa biz alandayd\u0131k ve \u00fcstelik bar\u0131\u015f\u0131 ondan bundan beklemeyece\u011fimizi \u201cbar\u0131\u015f bizlerin ellerindedir\u201d diyerek hayk\u0131r\u0131yorduk. Bu ba\u011f\u0131ms\u0131z tav\u0131r ve yaln\u0131z da olsa ba\u011f\u0131ms\u0131z hareket edebilme cesareti geriye kalan bar\u0131\u015f g\u00fc\u00e7leri i\u00e7in ciddi bir bas\u0131n\u00e7 yaratt\u0131, bunun meyvelerini de bu y\u0131l toplamaya ba\u015flad\u0131k.<\/p>\n<p>Evet, uzun tart\u0131\u015fmalar ve yorucu toplant\u0131lardan sonra adam\u0131zda ve d\u00fcnyada bar\u0131\u015f isteyen bir\u00e7ok \u00f6rg\u00fct\u00fc alana \u00e7\u0131karmay\u0131 ba\u015faramad\u0131k. Ancak on y\u0131llard\u0131r bu adada bar\u0131\u015f i\u00e7in y\u00fcr\u00fcnen yollar\u0131n, bar\u0131\u015f i\u00e7in at\u0131lan sloganlar\u0131n samimi bir devamc\u0131s\u0131 oldu\u011fumuzu, geleneksel bar\u0131\u015f y\u00fcr\u00fcy\u00fc\u015f\u00fcn\u00fc bir kez daha tekrarlayarak g\u00f6stermi\u015f olduk.<\/p>\n<p>Baraka ve Yeni K\u0131br\u0131s Partisi\u2019nden olu\u015fan kortej \u00e7a\u011fr\u0131c\u0131s\u0131 \u00f6rg\u00fctler saat 17.00\u2019dan itibaren Ku\u011fulu Park\u2019ta bulu\u015fmaya ba\u015flad\u0131lar. Alanda Baraka korosu taraf\u0131ndan \u015fark\u0131lar seslendirildi, Baraka aktivistlerince \u015fiirler okundu. YKP, Baraka ve eyleme destek veren Sava\u015fa Hay\u0131r Koalisyonu\u2019nun pankartlar\u0131 a\u00e7\u0131ld\u0131. Bir saat kadar devam eden bu performans\u0131n ard\u0131ndan,\u00a0 Ku\u011fulu Park\u2019tan Saray \u00d6n\u00fc \u2019ne kadar y\u00fcr\u00fcnd\u00fc. Y\u00fcr\u00fcy\u00fc\u015f boyunca \u201cay\u0131ya day\u0131 demeyece\u011fiz\u201d, \u201c\u00fcslere el konsun \u0130ngiltere defolsun\u201d, \u201cbar\u0131\u015f bizlerin ellerindedir\u201d, \u201chayalden ger\u00e7e\u011fe s\u0131n\u0131f m\u00fccadelesi\u201d, \u201cK\u0131br\u0131s\u2019ta bar\u0131\u015f, Filistin\u2019de hemen, L\u00fcbnan\u2019da \u015eimdi, bar\u0131\u015f hemen \u015eimdi\u201d, \u201cson son son i\u015fgallere son\u201d, \u201cKatil ABD i\u015fbirlik\u00e7i CTP\u201d, \u201cone solution revolution\u201d ve \u201cba\u011f\u0131ms\u0131z K\u0131br\u0131s b\u00fct\u00fcn halklar karde\u015ftir\u201d \u015feklinde sloganlar at\u0131ld\u0131. YKP \u201cAskersiz Lefko\u015fa\u201d pankart\u0131n\u0131 ta\u015f\u0131rken, Baraka \u201cBar\u0131\u015f Bizlerin Ellerindedir\u201d pankart\u0131 ile y\u00fcr\u00fcd\u00fc. K\u0131br\u0131sl\u0131 Elenler\u2019in de Sava\u015fa Hay\u0131r Koalisyonu pankart\u0131 ard\u0131nda y\u00fcr\u00fcd\u00fckleri dikkat \u00e7ekti. Saray \u00d6n\u00fc\u2019nde Baraka ve YKP temsilcileri bildirilerini okudular, Sava\u015fa Hay\u0131r Koalisyonu\u2019nun destek mesaj\u0131 iletildi ve Cumhurba\u015fkanl\u0131\u011f\u0131 Saray\u0131 g\u00fczerg\u00e2h\u0131ndan Ku\u011fulu Park\u2019a geri d\u00f6n\u00fclerek eylem sonland\u0131r\u0131ld\u0131. YKP ve Baraka\u2019n\u0131n tarihi bir inisiyatif alarak ger\u00e7ekle\u015ftirdi\u011fi ve tarihsel m\u00fccadelenin sahiplenilerek devam ettirilmesi demek olan bu eylem d\u0131\u015f\u0131nda 1 Eyl\u00fcl\u2019de \u00fclkemizde ba\u015fka bir y\u00fcr\u00fcy\u00fc\u015f yap\u0131lmad\u0131.<\/p>\n<p>1 Eyl\u00fcl\u2019\u00fc ba\u015fta s\u00f6yledi\u011fimiz \u201c\u00f6rg\u00fctlerin t\u00fcm y\u0131l boyunca bar\u0131\u015fa d\u00f6n\u00fck \u00fcr\u00fcn ve eylemlerini ta\u00e7land\u0131rd\u0131klar\u0131 bir festival\u201d mant\u0131\u011f\u0131 ile anlad\u0131\u011f\u0131m\u0131z zaman, \u00e7e\u015fitli \u00f6rg\u00fctlerin 1 Eyl\u00fcl\u2019deki tavr\u0131 onlar\u0131n y\u0131l boyunca yapt\u0131klar\u0131 ve bundan sonra yapmay\u0131 planlad\u0131klar\u0131 \u00e7er\u00e7evesinde anla\u015f\u0131labilir.<\/p>\n<p>Bu Memleket Bizim Platformu, Papadopulos, Talat ve BM\u2019ye mektup vererek bar\u0131\u015f\u0131 kimlerden umduklar\u0131n\u0131 ve kendi kendilerine bi\u00e7tikleri rol\u00fc g\u00f6sterirken, mumlar yak\u0131p bir adak adamad\u0131\u011f\u0131 kalan gen\u00e7lerimiz \u201cbar\u0131\u015f\u201dtan ve \u201cm\u00fccadele \u201cden abilerinden farkl\u0131 bir \u015fey anlamad\u0131klar\u0131n\u0131 g\u00f6steriyorlard\u0131. Gen\u00e7li\u011fin me\u015fru, ba\u011f\u0131ms\u0131z, fiili eyleminden bar\u0131\u015f tanr\u0131s\u0131na mum yakan inanm\u0131\u015flar kategorisine bu h\u0131zl\u0131 d\u00f6n\u00fc\u015f\u00fcm \u015fa\u015f\u0131rt\u0131c\u0131 da olsa, ortak toplant\u0131larda \u201cKatil ABD \u0130\u015fbirlik\u00e7i CTP\u201d slogan\u0131 at\u0131l\u0131rsa olacak olanlara dair verilen g\u00f6zda\u011flar\u0131 ac\u0131 ger\u00e7e\u011fin ifadesiydi.<\/p>\n<p>Baraka K\u00fclt\u00fcr Merkezi olarak alana \u00e7\u0131k\u0131lmamas\u0131n\u0131, y\u00fcr\u00fcy\u00fc\u015f yap\u0131lmamas\u0131n\u0131 \u201cbar\u0131\u015f istememenin g\u00f6stergesi\u201d olarak anlamad\u0131k ve \u00f6yle anlam\u0131yoruz. Bizce pratikte ortaya \u00e7\u0131kan farkl\u0131l\u0131klar, y\u00f6nteme dair farkl\u0131l\u0131klar\u0131n yans\u0131mas\u0131d\u0131r. Bar\u0131\u015f\u2019\u0131 birilerinden uman, \u00fcmit eden ve kendi fiili eylemini k\u00fc\u00e7\u00fcmseyen (mum, mektup) bir anlay\u0131\u015f\u0131 tabii ki eylem yapamazd\u0131. Kime kar\u015f\u0131 ve kim olarak eylem yapacakt\u0131 ki? Bunun yerine Br\u00fcksel koridorlar\u0131nda olu\u015facak yeni bir inisiyatif talep edilmesi (mektup) veya umulmas\u0131 (mum) tabii ki bu anlay\u0131\u015fa uygundur. \u00d6te yandan ne kadar ele\u015ftirilse de kitlenin ve kitlenin \u015fimdilik takip etmekte oldu\u011fu \u00f6rg\u00fct\u00fcn (CTP) \u00e7izdi\u011fi s\u0131n\u0131rlar\u0131n d\u0131\u015f\u0131na \u00e7\u0131k\u0131p alana inmek de baz\u0131lar\u0131na ger\u00e7ek\u00e7i gelmeyecek ve kuru bir bildiri veya bir iki gazete man\u015feti ile durumu idare etmek bir eylem anlay\u0131\u015f\u0131 olarak gelenekselle\u015fecektir. Bar\u0131\u015fa giden yolu halk\u0131n m\u00fccadelesinin de\u011fil oylar\u0131n\u0131n tayin edece\u011fine inanmay\u0131 bu b\u00fcrokratik anlay\u0131\u015f bar\u0131\u015f i\u00e7in bildiri yazman\u0131n \u00f6tesine ge\u00e7ip bu toplumun dinamiklerine ula\u015fma \u00e7abas\u0131n\u0131 k\u00fc\u00e7\u00fcmseyecektir elbette. Yoksa \u201cortak pankart olsun\u201d, \u201cfalanca slogan at\u0131lmas\u0131n\u201d veya \u201cbizim yazd\u0131\u011f\u0131m\u0131z antiemperyalist program tart\u0131\u015f\u0131ls\u0131n\u201d gibi gerek\u00e7eler, gerek\u00e7enin \u00f6tesinde bir anlama sahip olamaz.<\/p>\n<p>1 Eyl\u00fcl G\u00fcn\u00fc bildiri yay\u0131nlamak, mum yakmak ve mektup vermek d\u0131\u015f\u0131nda sadece YKP, Baraka ve Sava\u015fa Hay\u0131r Koalisyonu y\u00fcr\u00fcy\u00fc\u015f ger\u00e7ekle\u015ftirmi\u015ftir. Bu y\u00fcr\u00fcy\u00fc\u015f bir\u00e7ok anlamda olumluluklar bar\u0131nd\u0131rmaktad\u0131r. Bir kere t\u00fcm \u00f6rg\u00fctlerin \u201cke\u015fke birlikte hareket edebilseydik\u201d yollu s\u00f6ylemlerinin yerine bu \u00fc\u00e7 yap\u0131 ger\u00e7ekten de birlikte hareket edebilmi\u015flerdir. Farkl\u0131 renklerine, farkl\u0131 duru\u015flar\u0131na ra\u011fmen birbirlerini olduklar\u0131 gibi kabul ederek ortak i\u015f yapabilmi\u015flerdir. Birlikte hareket i\u00e7in \u015fart ko\u015fmak yerine kendi pankart\u0131 ve slogan\u0131 ile alana inebilenlerin birlikte de hareket edebilece\u011fi g\u00f6r\u00fclm\u00fc\u015ft\u00fcr. \u00d6te yandan bu y\u00fcr\u00fcy\u00fc\u015f y\u0131llardan beridir \u00fclkemizde ger\u00e7ekle\u015fen 1 Eyl\u00fcl kortejlerinin devaml\u0131l\u0131\u011f\u0131n\u0131 sa\u011flayarak ge\u00e7mi\u015f m\u00fccadelenin takip\u00e7isinin, devamc\u0131s\u0131n\u0131n kim oldu\u011funun da g\u00f6stergesi olmu\u015ftur. Bar\u0131\u015ftan s\u00f6z edenler mumlar\u0131n\u0131, mektuplar\u0131n\u0131, bildirilerini iki halk\u0131n temsilcileri ile hayata ge\u00e7iremiyorken; K\u0131br\u0131sl\u0131 T\u00fcrklerin ve K\u0131br\u0131sl\u0131 Elenlerin birlikte oldu\u011fu tek etkinlik de bu y\u00fcr\u00fcy\u00fc\u015f oluyordu. \u00d6te yandan 2005 y\u0131l\u0131na g\u00f6re \u00e7ok daha fazla \u00f6rg\u00fct\u00fcn \u00e7ok daha aktif olmas\u0131, y\u00fcr\u00fcmek kararl\u0131l\u0131\u011f\u0131 g\u00f6sterenlerin bar\u0131\u015f y\u00f6n\u00fcnde olu\u015fturdu\u011fu bas\u0131nc\u0131n etkisiydi ve bu da ge\u00e7ti\u011fimiz y\u0131la g\u00f6re bir olumluluktu. \u00d6zellikle BMBP\u2019nin y\u00fcr\u00fcy\u00fc\u015f yapamasa da en az\u0131ndan soka\u011fa \u00e7\u0131kar\u0131lmas\u0131 ba\u015far\u0131 olarak g\u00f6r\u00fclebilir.<\/p>\n<p>Son olarak gerek YKP gerekse Baraka olarak biz, \u00e7ok daha fazla insan\u0131 mobilize edebilece\u011fimiz bu eylemi sembolik bir kat\u0131l\u0131mla ve 50-60 ki\u015fiyle s\u0131n\u0131rland\u0131rarak bir olumsuzlu\u011fa neden olduk. Bir sonraki y\u0131la ne olursa olsun y\u00fcr\u00fcmek kararl\u0131l\u0131\u011f\u0131m\u0131z ve t\u00fcm y\u0131l\u0131n \u00e7al\u0131\u015fmalar\u0131n\u0131 ta\u00e7land\u0131racak bir festival mant\u0131\u011f\u0131 ile y\u00fcklenirsek, hem kat\u0131l\u0131m\u0131 hem de ba\u015fka \u00f6rg\u00fctlerin kararl\u0131l\u0131\u011f\u0131n\u0131 artt\u0131racak sonu\u00e7lar elde edebiliriz.<\/p>\n<p><b>\u00a0<\/b><\/p>\n<p><b>M\u00fcn\u00fcr Rahvanc\u0131o\u011flu<\/b><\/p>\n<p>(Argasdi Say\u0131 4.5)<\/p>\n","protected":false},"excerpt":{"rendered":"<p>Baraka K\u00fclt\u00fcr Merkezi olarak 1 May\u0131s ve 1 Eyl\u00fcl tarihlerinin bizim i\u00e7in \u00f6zel bir anlama sahip oldu\u011funu her zaman vurgulad\u0131k. 1 May\u0131s, emek\u00e7i\/ezilen s\u0131n\u0131flar\u0131n uluslararas\u0131<\/p>\n","protected":false},"author":1,"featured_media":0,"comment_status":"open","ping_status":"open","sticky":false,"template":"","format":"standard","meta":{"jetpack_post_was_ever_published":false,"_jetpack_newsletter_access":"","_jetpack_newsletter_tier_id":0,"jetpack_publicize_message":"","jetpack_is_tweetstorm":false,"jetpack_publicize_feature_enabled":true,"jetpack_social_post_already_shared":false,"jetpack_social_options":{"image_generator_settings":{"template":"highway","enabled":false}}},"categories":[52],"tags":[],"jetpack_publicize_connections":[],"jetpack_featured_media_url":"","jetpack_shortlink":"https:\/\/wp.me\/p4eHWX-oj","jetpack_sharing_enabled":true,"_links":{"self":[{"href":"https:\/\/baraka.cc\/index.php?rest_route=\/wp\/v2\/posts\/1507"}],"collection":[{"href":"https:\/\/baraka.cc\/index.php?rest_route=\/wp\/v2\/posts"}],"about":[{"href":"https:\/\/baraka.cc\/index.php?rest_route=\/wp\/v2\/types\/post"}],"author":[{"embeddable":true,"href":"https:\/\/baraka.cc\/index.php?rest_route=\/wp\/v2\/users\/1"}],"replies":[{"embeddable":true,"href":"https:\/\/baraka.cc\/index.php?rest_route=%2Fwp%2Fv2%2Fcomments&post=1507"}],"version-history":[{"count":3,"href":"https:\/\/baraka.cc\/index.php?rest_route=\/wp\/v2\/posts\/1507\/revisions"}],"predecessor-version":[{"id":5100,"href":"https:\/\/baraka.cc\/index.php?rest_route=\/wp\/v2\/posts\/1507\/revisions\/5100"}],"wp:attachment":[{"href":"https:\/\/baraka.cc\/index.php?rest_route=%2Fwp%2Fv2%2Fmedia&parent=1507"}],"wp:term":[{"taxonomy":"category","embeddable":true,"href":"https:\/\/baraka.cc\/index.php?rest_route=%2Fwp%2Fv2%2Fcategories&post=1507"},{"taxonomy":"post_tag","embeddable":true,"href":"https:\/\/baraka.cc\/index.php?rest_route=%2Fwp%2Fv2%2Ftags&post=1507"}],"curies":[{"name":"wp","href":"https:\/\/api.w.org\/{rel}","templated":true}]}}