{"id":1509,"date":"2007-09-01T12:02:43","date_gmt":"2007-09-01T10:02:43","guid":{"rendered":"https:\/\/baraka.cc\/?p=1509"},"modified":"2017-06-23T08:18:00","modified_gmt":"2017-06-23T06:18:00","slug":"1-eylul-2007","status":"publish","type":"post","link":"https:\/\/baraka.cc\/?p=1509","title":{"rendered":"1 Eyl\u00fcl 2007"},"content":{"rendered":"<p style=\"margin: 0cm 0cm 0pt; line-height: 150%; text-align: justify;\"><span style=\"font-size: 11pt; line-height: 150%; font-family: Verdana;\">\u00a0 \u00a0<\/span><\/p>\n<p>Sokakta eylem yapma iradesi 2007 y\u0131l\u0131nda da b\u00fcy\u00fcmeye devam etti. 2005 y\u0131l\u0131nda yola tek ba\u015f\u0131na \u00e7\u0131kan Baraka\u2019n\u0131n yan\u0131nda art\u0131k BKP Gen\u00e7lik Kollar\u0131, TDP Gen\u00e7lik \u00d6rg\u00fct\u00fc, YKP Gen\u00e7lik, Dance For Peace, K\u0131br\u0131sl\u0131 Gen\u00e7lik Platformu, KT\u00d6S, KTOE\u00d6S, DA\u00dc-Sen ve DA\u00dc-Bir-Sen de vard\u0131.<\/p>\n<p style=\"margin: 0cm 0cm 0pt; line-height: 150%; text-align: justify;\">\n<p>2007 y\u0131l\u0131nda Ba\u015fbakanl\u0131k Kav\u015fa\u011f\u0131\u2019ndan ba\u015flayan ve Pronto \u00f6n\u00fcnde sona eren y\u00fcr\u00fcy\u00fc\u015fe yakla\u015f\u0131k 250 ki\u015fi kat\u0131ld\u0131. Bu arada soka\u011f\u0131n ve \u00f6rg\u00fctlerin kontrol\u00fcn\u00fc kaybetti\u011fini hisseden CTP, Bar\u0131\u015f Derne\u011fi isimli y\u0131llardan beridir faaliyet g\u00f6stermeyen \u00f6rg\u00fct arac\u0131l\u0131\u011f\u0131 ile apar topar bir y\u00fcr\u00fcy\u00fc\u015f organize etti. Ancak bu y\u00fcr\u00fcy\u00fc\u015fe \u00e7o\u011funlu\u011fu CTP\u2019li m\u00fcd\u00fcr ve m\u00fcste\u015farlardan olu\u015fan 30 ki\u015fi d\u0131\u015f\u0131nda kimse kat\u0131lmad\u0131.<\/p>\n<p style=\"margin: 0cm 0cm 0pt; line-height: 150%; text-align: justify;\">\n<p>&nbsp;<\/p>\n<p style=\"margin: 0cm 0cm 0pt; line-height: 150%; text-align: justify;\">\n<p>\u00a0\u00a0 \u00a0<a href=\"https:\/\/www.baraka.cc\/index.php?option=com_content&amp;task=view&amp;id=216&amp;Itemid=260\">1 Eyl\u00fcl 2007\u2019de \u00f6rg\u00fctlerin ortak bas\u0131n bildirisi\u00a0<\/a><\/p>\n<p style=\"margin: 0cm 0cm 0pt; line-height: 150%; text-align: justify;\">\n<p>&nbsp;<\/p>\n<p><a href=\"https:\/\/www.baraka.cc\/images\/stories\/1ey07_1.jpg\" target=\"_blank\"><img decoding=\"async\" loading=\"lazy\" alt=\" \" src=\"https:\/\/www.baraka.cc\/images\/stories\/1ey07_1.jpg\" width=\"200\" height=\"150\" border=\"2\" \/><\/a>\u00a0<a href=\"https:\/\/www.baraka.cc\/images\/stories\/1ey07_2.jpg\" target=\"_blank\"><img decoding=\"async\" loading=\"lazy\" alt=\" \" src=\"https:\/\/www.baraka.cc\/images\/stories\/1ey07_2.jpg\" width=\"200\" height=\"150\" border=\"2\" \/><\/a><\/p>\n<p><a href=\"https:\/\/www.baraka.cc\/images\/stories\/1ey07_3.jpg\" target=\"_blank\"><img decoding=\"async\" loading=\"lazy\" alt=\" \" src=\"https:\/\/www.baraka.cc\/images\/stories\/1ey07_3.jpg\" width=\"200\" height=\"150\" border=\"2\" \/><\/a>\u00a0<a href=\"https:\/\/www.baraka.cc\/images\/stories\/1ey07_4.jpg\" target=\"_blank\"><img decoding=\"async\" loading=\"lazy\" alt=\" \" src=\"https:\/\/www.baraka.cc\/images\/stories\/1ey07_4.jpg\" width=\"200\" height=\"150\" border=\"2\" \/><\/a><\/p>\n<p><a href=\"https:\/\/www.baraka.cc\/images\/stories\/1ey07_5.jpg\" target=\"_blank\"><img decoding=\"async\" loading=\"lazy\" alt=\" \" src=\"https:\/\/www.baraka.cc\/images\/stories\/1ey07_5.jpg\" width=\"200\" height=\"150\" border=\"2\" \/><\/a>\u00a0<a href=\"https:\/\/www.baraka.cc\/images\/stories\/1ey07_6.jpg\" target=\"_blank\"><img decoding=\"async\" loading=\"lazy\" alt=\" \" src=\"https:\/\/www.baraka.cc\/images\/stories\/1ey07_6.jpg\" width=\"200\" height=\"150\" border=\"2\" \/><\/a><\/p>\n","protected":false},"excerpt":{"rendered":"<p>\u00a0 \u00a0 Sokakta eylem yapma iradesi 2007 y\u0131l\u0131nda da b\u00fcy\u00fcmeye devam etti. 2005 y\u0131l\u0131nda yola tek ba\u015f\u0131na \u00e7\u0131kan Baraka\u2019n\u0131n yan\u0131nda art\u0131k BKP Gen\u00e7lik Kollar\u0131, TDP<\/p>\n","protected":false},"author":1,"featured_media":0,"comment_status":"open","ping_status":"open","sticky":false,"template":"","format":"standard","meta":{"jetpack_post_was_ever_published":false,"_jetpack_newsletter_access":"","_jetpack_newsletter_tier_id":0,"jetpack_publicize_message":"","jetpack_is_tweetstorm":false,"jetpack_publicize_feature_enabled":true,"jetpack_social_post_already_shared":false,"jetpack_social_options":{"image_generator_settings":{"template":"highway","enabled":false}}},"categories":[52],"tags":[],"jetpack_publicize_connections":[],"jetpack_featured_media_url":"","jetpack_shortlink":"https:\/\/wp.me\/p4eHWX-ol","jetpack_sharing_enabled":true,"_links":{"self":[{"href":"https:\/\/baraka.cc\/index.php?rest_route=\/wp\/v2\/posts\/1509"}],"collection":[{"href":"https:\/\/baraka.cc\/index.php?rest_route=\/wp\/v2\/posts"}],"about":[{"href":"https:\/\/baraka.cc\/index.php?rest_route=\/wp\/v2\/types\/post"}],"author":[{"embeddable":true,"href":"https:\/\/baraka.cc\/index.php?rest_route=\/wp\/v2\/users\/1"}],"replies":[{"embeddable":true,"href":"https:\/\/baraka.cc\/index.php?rest_route=%2Fwp%2Fv2%2Fcomments&post=1509"}],"version-history":[{"count":3,"href":"https:\/\/baraka.cc\/index.php?rest_route=\/wp\/v2\/posts\/1509\/revisions"}],"predecessor-version":[{"id":5094,"href":"https:\/\/baraka.cc\/index.php?rest_route=\/wp\/v2\/posts\/1509\/revisions\/5094"}],"wp:attachment":[{"href":"https:\/\/baraka.cc\/index.php?rest_route=%2Fwp%2Fv2%2Fmedia&parent=1509"}],"wp:term":[{"taxonomy":"category","embeddable":true,"href":"https:\/\/baraka.cc\/index.php?rest_route=%2Fwp%2Fv2%2Fcategories&post=1509"},{"taxonomy":"post_tag","embeddable":true,"href":"https:\/\/baraka.cc\/index.php?rest_route=%2Fwp%2Fv2%2Ftags&post=1509"}],"curies":[{"name":"wp","href":"https:\/\/api.w.org\/{rel}","templated":true}]}}