{"id":1530,"date":"2006-05-01T12:23:56","date_gmt":"2006-05-01T10:23:56","guid":{"rendered":"https:\/\/baraka.cc\/?p=1530"},"modified":"2014-01-06T12:24:20","modified_gmt":"2014-01-06T10:24:20","slug":"argasdi-2-5","status":"publish","type":"post","link":"https:\/\/baraka.cc\/?p=1530","title":{"rendered":"argasdi 2.5"},"content":{"rendered":"<p><span>\u00a0<\/span><\/p>\n<p class=\"MsoNormal\" style=\"margin: 0cm 0cm 0pt;\">\n<p class=\"MsoNormal\" style=\"margin: 0cm 0cm 0pt;\">\n<p class=\"MsoNormal\" style=\"margin: 0cm 0cm 0pt;\"><span style=\"font-size: 10pt; font-family: Verdana;\"><span style=\"font-size: 10pt; font-family: Verdana;\"><a href=\"https:\/\/www.baraka.cc\/images\/stories\/argasdi_2_5_on.jpg\" target=\"_blank\"><img decoding=\"async\" loading=\"lazy\" alt=\" \" src=\"https:\/\/www.baraka.cc\/images\/stories\/argasdi_2_5_on.jpg\" width=\"150\" height=\"220\" border=\"2\" \/><\/a>\u00a0 <a href=\"https:\/\/www.baraka.cc\/images\/stories\/argasdi_2_5_arka.jpg\" target=\"_blank\"><img decoding=\"async\" loading=\"lazy\" alt=\" \" src=\"https:\/\/www.baraka.cc\/images\/stories\/argasdi_2_5_arka.jpg\" width=\"150\" height=\"219\" border=\"2\" \/><\/a><\/span><span style=\"font-size: 10pt; font-family: Verdana;\">\u00a0<\/span><span style=\"font-size: 10pt; font-family: Verdana;\">\u00a0<\/span><span style=\"font-size: 10pt; font-family: Verdana;\">\u00a0<\/span><strong>\u00a0<\/strong><\/span><\/p>\n<p class=\"MsoNormal\" style=\"margin: 0cm 0cm 0pt;\">\n<p><span style=\"font-size: 10pt; font-family: Verdana;\">\u00a0<\/span><\/p>\n<p class=\"MsoNormal\" style=\"margin: 0cm 0cm 0pt; text-align: justify;\"><span style=\"font-family: Verdana;\"><span style=\"font-size: medium;\"><strong>Argasdi Hammaliye Kurulu\u2019ndan<\/strong><\/span><\/span><\/p>\n<p><span style=\"font-size: 10pt; font-family: Verdana;\">Yeni Y\u00f6netici Elitimizin i?i ba?yndan a?kyn. <\/span><\/p>\n<p><span style=\"font-size: 10pt; font-family: Verdana;\">\u00d6nlerinde duran \u201cyapylacaklar\u201d listesi hayli kabaryk. \u00dcstelik safdy?y kalmy? gibi g\u00f6r\u00fcnen sermayenin ?ahin kanady Denkta? ve UBP \u00e7evresinin solu?u, her an enselerinde. <\/span><\/p>\n<p><span style=\"font-size: 10pt; font-family: Verdana;\">\u00c7o?unlukla CTP kadrolaryndan olu?an Kybrys T\u00fcrk Y\u00f6netici Eliti\u2019nin \u00f6ncelikli g\u00f6revlerinden biri; TC egemenlerinin ve onlaryn da \u201ca?abeyi\u201d konumundaki ABD\u2019nin \u201colur\u201dunu muhafaza etmek. UBP ve Denkta?\u2019yn fyrsat bekleyen saldyrganly?y altynda, en ufak bir hatanyn t\u00fcm stratejiyi \u00e7\u00f6kertece?i bu ip cambazly?y; neo-liberal ament\u00fcn\u00fcn gereklerini yerine getirip milliyet\u00e7ile?irken, \u201cbary?\u00e7yly?y\u201d da kimselere kaptyrmamayy ?art ko?uyor&#8230; Yeni Y\u00f6netici Elitimizin i?i ger\u00e7ekten ba?yndan a?kyn&#8230;<\/span><\/p>\n<p><span style=\"font-size: 10pt; font-family: Verdana;\">\u00a0\u00a0\u00a0<\/span><span style=\"font-size: 10pt; font-family: Verdana;\">\u00a0<\/span><\/p>\n<h1 style=\"margin: 0cm 0cm 0pt; line-height: normal; text-align: justify;\"><span style=\"font-size: 10pt; font-family: Verdana;\">CTP \u2013 AKP &#8211; ABD Y?birli?i<\/span><\/h1>\n<p class=\"MsoNormal\" style=\"margin: 0cm 0cm 0pt; text-align: justify;\"><span style=\"font-size: 10pt; font-family: Verdana;\">Ledra\u2019ya bir ge\u00e7i? kapysy a\u00e7ylmasy konusunu neredeyse sava?a vardyracak kadar milliyet\u00e7i s\u00f6ylemlerle dinamitleyen, k\u00f6pr\u00fcleri atmak i\u00e7in oldu bitti yaratarak k\u00f6pr\u00fcler in?a eden CTP kurmaylarynyn \u201cbary?\u201d diye bir derdi kalmamy?tyr. \u201cMilli dava\u201dyy en iyi kendilerinin savundu?unu g\u00f6stermek i\u00e7in, M\u00fclkiyet Yasasy, Anayasa\u2019nyn Demokratikle?tirilmesi gibi ba?lyklar altynda liberal d\u00fczenlemelerin de \u00f6nc\u00fcl\u00fc?\u00fc yapylmaktadyr. AKP ve Bush Cuntasy ile iyi ili?kileri korumak, neo-liberalizm, milliyet\u00e7ilik ve emperyalizmle i?birlik\u00e7ilik ?artlaryny yerine getirmeyi gerektiriyor. Gemikona?y b\u00f6lgesine, ABD Savunma Bakanly?y ile yakyn ili?kideki bir ?irket vasytasyyla gemi s\u00f6k\u00fcm tersanesi yapylaca?yna dair gazetelere yansyyan haberler, Ba?bakan tarafyndan da onaylanmy?tyr. Ba?bakan, s\u00f6z konusu tersanenin \u00f6zel bir ?irket tarafyndan i?letilece?ini belirtse de; Irak\u2019taki ABD i?gal kuvvetlerinin %50\u2019sinin \u00f6zel g\u00fcvenlik ?irketlerinden olu?tu?u, ABD\u2019de hapishanelerin bile \u00f6zelle?tirilmi? oldu?u ve s\u00f6z konusu \u00f6zel ?irketin ABD Savunma Bakanly?y ile i?birli?i halinde \u00e7aly?ty?y ger\u00e7ekleri Ba?bakanyn a\u00e7yklamasyny anlamsyzla?tyrmaktadyr.<\/span><\/p>\n<p><span style=\"font-size: 10pt; font-family: Verdana;\">\u00a0\u00a0 <\/span><span style=\"font-size: 10pt; font-family: Verdana;\">\u00a0<\/span><\/p>\n<h1 style=\"margin: 0cm 0cm 0pt; line-height: normal; text-align: justify;\"><span style=\"font-size: 10pt; font-family: Verdana;\">Yeni Liberallerden \u2013 Neoliberalizm<\/span><\/h1>\n<p class=\"MsoNormal\" style=\"margin: 0cm 0cm 0pt; text-align: justify;\"><span style=\"font-size: 10pt; font-family: Verdana;\">Bir zamanlar \u201cliberal\u201d kelimesini k\u00fcf\u00fcr niyetine kullananlar; bug\u00fcn \u00f6zelle?tirmenin nimetlerinden, piyasa ekonomisinin ka\u00e7ynylmazly?yndan bahsetmektedirler. Ku? Gribi salgynyny bahane ederek zaten can \u00e7eki?mekte olan k\u00f6y tavuk\u00e7ulu?una bir darbe daha vurulmu?tur. B\u00fcy\u00fck sermayenin kitlesel tavuk katliamyna dayaly, sa?lyksyz tavuk\u00e7uluk y\u00f6ntemleri, krizden daha da tekelle?erek \u00e7ykyvermi?tir. E?itim\u2019de tam gaz devam eden \u00f6zelle?tirme saldyrysy, kar?ysynda g\u00fc\u00e7l\u00fc bir sendikal direni? bulunca; \u00d6zel Dersaneler ve \u00d6zel \u00dcniversiteler vasytasyyla alty oyulan \u201c\u00f6?retmen muhalefeti\u201dnin zayyf d\u00fc?mesi, ?imdilik zamana byrakyldy. Bunun yerine, Mart ayy sa?lyk sistemine kar?y giri?ilen yeni bir \u00f6zelle?tirme saldyrysynyn reklamlaryyla geldi: Sa?lyk Bakany, sa?lyk hizmetini metala?tyracak bir s\u00fcrece start vererek Genel Sa?lyk Sigortasy Yasa Tasarysy\u2019ny \u00f6vg\u00fc dolu s\u00f6zlerle kamuoyuna anlatmaya ba?lady. Ger\u00e7i hali hazyrda hastahenenin temizlik ve yemek gibi hizmetleri \u00f6zel ?irketlere devredilmi? ve her yerde cirit atan \u00f6zel g\u00fcvenlik ?irketleri, devlet hastahanesini i?gal etmi? durumdadyr. Ancak \u201csa?lykta metala?ma ve piyasaya a\u00e7ylma\u201dnyn altyapysyny \u00f6ren bu \u201cGenel Sa?lyk(syzlyk) Yasasy\u201d, sa?lykta \u00f6zelle?tirme saldyrysynyn daha ileri bir boyuta tyrmandyrylaca?ynyn sinyallerini veriyor. Elektrik ve E?itim\u2019den sonra ?imdi de Sa?lyk\u2019ta \u00f6zelle?tirme s\u00fcrecine giriliyor. <\/span><\/p>\n<p><span style=\"font-size: 10pt; font-family: Verdana;\">\u00a0 <\/span><\/p>\n<p class=\"MsoNormal\" style=\"margin: 0cm 0cm 0pt; text-align: justify;\"><span style=\"font-size: 10pt; font-family: Verdana;\">Bir yandan da,<span>\u00a0 <\/span>\u201ckayyt dy?y ya?amyn kayyt altyna alynmasy\u201d s\u00f6ylemi altynda, g\u00f6\u00e7men i?\u00e7iler k\u00f6lelik ko?ullarynda \u00e7aly?tyrylyyor. Ysyan eden k\u00f6leler, insan avlary d\u00fczenlenerek synyrdy?y ediliyor. Sermayenin baronlary, \u201ckayyt dy?y\u201dnyn tek ve kesin \u00e7\u00f6z\u00fcm\u00fcn\u00fcn \u201csendikala?ma\u201d oldu?unu bilmezden geliyorlar. T\u00fcm kavramlary ters y\u00fcz eden neo-liberalizm, kayyt dy?yly?yn tek ve asyl kayna?y olan sermaye \u00e7evrelerini yanyna almy?, g\u00f6\u00e7men i?\u00e7ileri daha da k\u00f6lele?tiren \u00f6nlemlerini sykyla?tyrmy? durumdadyr.<\/span><\/p>\n<p><span style=\"font-size: 10pt; font-family: Verdana;\">\u00a0\u00a0 <\/span><span style=\"font-size: 10pt; font-family: Verdana;\">\u00a0<\/span><\/p>\n<h1 style=\"margin: 0cm 0cm 0pt; line-height: normal; text-align: justify;\"><span style=\"font-size: 10pt; font-family: Verdana;\">Yeni Ko?ullar Bize Yeni G\u00f6revler Y\u00fckl\u00fcyor<\/span><\/h1>\n<p class=\"MsoNormal\" style=\"margin: 0cm 0cm 0pt; text-align: justify;\"><span style=\"font-size: 10pt; font-family: Verdana;\">Eskinin m\u00fccadele y\u00f6ntemlerine dayaly stratejiler iflas etmi?tir. Eski \u00f6rg\u00fctlenme ve m\u00fccadele y\u00f6ntemleri direni?e katky sunmak bir yana, egemenlerin politikalaryny me?rula?tyrmaya hizmet etmektedir. KTOE\u00d6S\u2019nyn grevi ve bu grevin \u00f6rg\u00fctlenme y\u00f6ntem ve stratejilerinin yaratty?y sonu\u00e7lar a\u00e7yk\u00e7a g\u00f6stermektedir ki, eme?in b\u00fct\u00fcnsel kurtulu?unu \u00f6ng\u00f6rmeyen her t\u00fcrl\u00fc adym devletin\/sermayenin i?ine yaramaktadyr. Grev hakkyny tarty?tyran, grev yasaklayan bir h\u00fck\u00fcmetin kamuoyu nezdinde \u201chakly g\u00f6r\u00fcnmesini\u201d sa?layan bir sendikal strateji, yeni ko?ullary anlamayarak k\u00f6rlemesine eski tarza saplanan eski sendikacyly?yn \u00f6l\u00fcm \u00e7y?ly?ydyr. Oysa emperyalizmle uzla?arak, milliyet\u00e7ilik ve neo-liberalizm bayra?yny y\u00fckselten sermayeye hak etti?i yanyty vermek, yeni ko?ullary anlayan ve onun gere?ini yerine getiren bir \u00f6rg\u00fctlenme ve m\u00fccadele stratejisini ?art ko?uyor.<\/span><\/p>\n<p><span style=\"font-size: 10pt; font-family: Verdana;\">\u00a0\u00a0 <\/span><span style=\"font-size: 10pt; font-family: Verdana;\">\u00a0<\/span><\/p>\n<h1 style=\"margin: 0cm 0cm 0pt; line-height: normal; text-align: justify;\"><span style=\"font-size: 10pt; font-family: Verdana;\">Ba?ka Bir Kybrys M\u00fcmk\u00fcn<\/span><\/h1>\n<p><span style=\"font-size: 10pt; font-family: Verdana;\">Bu yo?un g\u00fcndemin i\u00e7inden alternatif k\u00fclt\u00fcrel-politik hattyn \u00f6r\u00fclmesi yolunda g\u00f6sterilen \u00e7abalar hen\u00fcz zayyf, cylyz ve yetersizdir. Bir yandan neo-liberalizmin d\u00fcnya \u00e7apyndaki saldyrysyny anlamak, di?er yandan Fransa, Almanya, Latin Amerika gibi co?rafyalarda ye?eren direni? tarz ve y\u00f6ntemlerini takip ederek kendi \u00fclkemize \u00f6zg\u00fc olanlary yaratmak g\u00f6revleri ile kar?y kar?yyayyz. Y\u00e7inde bulundu?umuz her alanda direni? odaklaryny desteklemek ve alternatif politikanyn tohumlaryny serpmek yolunda g\u00f6sterdi?imiz \u00e7abalar, toplum g\u00f6z\u00fcnde g\u00fcc\u00fcm\u00fcz\u00fcn \u00e7ok \u00f6tesinde bir me?rulu?umuzun olu?masyna neden oluyor. Bu da kendimize g\u00fcvenimizin artmasyny sa?lyyor. Sadece d\u00f6rt gecede 600\u2019e yakyn insany \u00e7eken tiyatro g\u00f6sterimlerimiz, Kumsal Parky Direni?i\u2019nde b\u00f6lge halky ile kurdu?umuz sa?lykly ili?kiler ve hedefe ula?mayy bilmemiz, elektrik kesintileri kar?ysynda toplumun nabzyny tutarak \u00f6fkeyi \u00f6zelle?tirme kar?ytly?yna y\u00f6nlendirme stratejimizin etkin olmasy ve 18 Mart\u2019ta i?gal kar?yty kortejimizin ardynda y\u00fcr\u00fcyecek pankart bulamayan ba?ymsyz katylymcylaryn tercihi olmasy do?ru yolda oldu?umuzu g\u00f6steriyor.<\/span><\/p>\n<p><span style=\"font-size: 10pt; font-family: Verdana;\">Bu arada gerici, karanlyk g\u00fc\u00e7lerin Koro ve Tiyatromuzun ODT\u00dc KKK\u2019da davetli olarak ger\u00e7ekle?tirdi?i etkinlikte kar?ymyza \u00e7ykma provasynda bulunmalary da; hem g\u00fcc\u00fcm\u00fcz\u00fcn \u00f6tesinde bir ilgiye mazhar oldu?umuzu g\u00f6sterdi, hem de toplumun ilerici g\u00fc\u00e7lerinin etrafymyzda kenetlenmesi sonucunu do?urarak me?ru \u00e7izgimizin anlamlyly?yny bir kez daha ortaya koydu. <\/span><\/p>\n<p><span style=\"font-size: 10pt; font-family: Verdana;\">\u00a0\u00a0 <\/span><\/p>\n<p class=\"MsoNormal\" style=\"margin: 0cm 0cm 0pt; text-align: justify;\"><span style=\"font-size: 10pt; font-family: Verdana;\">\u00d6n\u00fcm\u00fczdeki d\u00f6nemde bir\u00e7ok ilke de imza atmak yolundayyz; Mayys ayy ba?ynda Atina\u2019da ger\u00e7ekle?ecek Avrupa Sosyal Formu\u2019na Kybrys\u2019tan ilk kez organize bir katylym ger\u00e7ekle?tiriyoruz. 1 Mayys\u2019ta eylem alanyna Kybrys\u2019ta bir K\u00fclt\u00fcr Merkezi\u2019nin ger\u00e7ekle?tirdi?i en kitlesel katylymla girece?iz ve Mayys ayy sonunda T\u00fcrkiye-Kybrys-Yunanistan\u2019dan gelen filmlerden olu?an kendi bary? filmimizi g\u00f6sterime sokaca?yz. \u201cBiradadaBirarada\u201d film projesi, daha ?imdiden m\u00fccadele tarihimize ge\u00e7mi? durumda. Adamyzyn yeniden birle?mesi yolunda Baraka K\u00fclt\u00fcr Merkezi; ?arky, ?iir, tiyatro, sinema ve politik m\u00fccadele y\u00f6ntemlerine dair durmak bilmez bir \u00fcretkenlik sergiliyor. Adamyzdaki t\u00fcm olumlu unsurlar i\u00e7in bir \u00e7ekim ve ilham kayna?y oluyor. <\/span><\/p>\n<p><span style=\"font-size: 10pt; font-family: Verdana;\">\u00a0\u00a0 <\/span><\/p>\n<p class=\"MsoNormal\" style=\"margin: 0cm 0cm 0pt; text-align: justify;\"><span style=\"font-size: 10pt; font-family: Verdana;\">Bu ko?ullar altynda, 3 aylyk bir periyodla yayynlayaca?ymyz Argasdi\u2019yi sadece bir gazete veya teorik dergi olarak g\u00f6rm\u00fcyoruz. Argasdi ile; g\u00fcncel olaylary, teorik anlamlaryny a\u00e7y?a vurarak \u00e7\u00f6z\u00fcmlemeyi hedefliyoruz. <\/span><\/p>\n<p><span style=\"font-size: 10pt; font-family: Verdana;\">\u00a0\u00a0\u00a0 <\/span><\/p>\n<p class=\"MsoNormal\" style=\"margin: 0cm 0cm 0pt; text-align: justify;\"><span style=\"font-size: 10pt; font-family: Verdana;\">Neo-liberal saldyry kar?ysynda ?a?kynly?a d\u00fc?m\u00fc? emek \u00f6rg\u00fctlerinin, eme?in g\u00fcc\u00fcne olan g\u00fcvenini e?itlik\u00e7i ve \u00f6zg\u00fcrl\u00fck\u00e7\u00fc bir bary? adasy hedefi \u00e7er\u00e7evesinde yeniden toparlamasy yolunda m\u00fccadelemiz devam edecektir.<\/span><\/p>\n<p><span style=\"font-size: 10pt; font-family: Verdana;\">\u00a0\u00a0 <\/span><span style=\"font-size: 10pt; font-family: Verdana;\">\u00a0<\/span><\/p>\n<p class=\"MsoNormal\" style=\"margin: 0cm 0cm 0pt;\"><em><span style=\"font-size: 10pt; font-family: Verdana;\"><strong>M\u00fcn\u00fcr Rahvancyo?lu<\/strong><\/span><\/em><\/p>\n<p class=\"MsoNormal\" style=\"margin: 0cm 0cm 0pt;\"><em><span style=\"font-size: 10pt; font-family: Verdana;\"><strong>Saadet Alpar<\/strong><\/span><\/em><\/p>\n<p class=\"MsoNormal\" style=\"margin: 0cm 0cm 0pt;\"><em><span style=\"font-size: 10pt; font-family: Verdana;\"><strong>Halil Karapa?ao?lu<\/strong><\/span><\/em><\/p>\n<p class=\"MsoNormal\" style=\"margin: 0cm 0cm 0pt;\"><em><span style=\"font-size: 10pt; font-family: Verdana;\"><strong>Besim Baysal<\/strong><\/span><\/em><\/p>\n<p class=\"MsoNormal\" style=\"margin: 0cm 0cm 0pt;\"><em><span style=\"font-size: 10pt; font-family: Verdana;\"><strong>Hasan Yykycy<\/strong><\/span><\/em><\/p>\n<p><em><span style=\"font-size: 10pt; font-family: Verdana;\">\u00a0 <\/span><\/em><\/p>\n<p><span style=\"font-size: 10pt; font-family: Verdana;\"><strong>Y\u00c7YNDEKYLER<\/strong><\/span><\/p>\n<p class=\"MsoNormal\" style=\"margin: 0cm 0cm 0pt;\"><span style=\"font-size: 10pt; font-family: Verdana;\">Sayfa 2 \u2013 <strong>G\u00f6\u00e7men Ku?un G\u00f6rd\u00fckleri<\/strong>, Pynar \u00d6zkurt<\/span><\/p>\n<p><span style=\"font-size: 10pt; font-family: Verdana;\">\u00a0<\/span><\/p>\n<p class=\"MsoNormal\" style=\"margin: 0cm 0cm 0pt;\"><span style=\"font-size: 10pt; font-family: Verdana;\">Sayfa 3 \u2013 <strong>Hammaliye Kurulu\u2019ndan<\/strong><\/span><\/p>\n<p><span style=\"font-size: 10pt; font-family: Verdana;\"><strong>\u00a0<\/strong><\/span><\/p>\n<p class=\"MsoNormal\" style=\"margin: 0cm 0cm 0pt;\"><span style=\"font-size: 10pt; font-family: Verdana;\">Sayfa 4 \u2013 <strong>1 Mayys\u2019yn Kysa Tarih\u00e7esi<\/strong><\/span><\/p>\n<p><span style=\"font-size: 10pt; font-family: Verdana;\"><strong>\u00a0<\/strong><\/span><\/p>\n<p class=\"MsoNormal\" style=\"margin: 0cm 0cm 0pt;\"><span style=\"font-size: 10pt; font-family: Verdana;\">Sayfa 6 \u2013 <strong>Sendikacylyk Nasyl Yapylmaz<\/strong>, Ersen \u00d6nde?<\/span><\/p>\n<p><span style=\"font-size: 10pt; font-family: Verdana;\">\u00a0<\/span><\/p>\n<p class=\"MsoNormal\" style=\"margin: 0cm 0cm 0pt;\"><span style=\"font-size: 10pt; font-family: Verdana;\">Sayfa 7 \u2013 <strong>El-Sen Yle R\u00f6portaj<\/strong>, Besim Baysal \u2013 Hasan Yykycy<\/span><\/p>\n<p><span style=\"font-size: 10pt; font-family: Verdana;\">\u00a0<\/span><\/p>\n<p class=\"MsoNormal\" style=\"margin: 0cm 0cm 0pt;\"><span style=\"font-size: 10pt; font-family: Verdana;\">Sayfa 11 \u2013 <strong>Typ-Y? Yle R\u00f6portaj<\/strong>, Besim Baysal<\/span><\/p>\n<p><span style=\"font-size: 10pt; font-family: Verdana;\">\u00a0<\/span><\/p>\n<p class=\"MsoNormal\" style=\"margin: 0cm 0cm 0pt;\"><span style=\"font-size: 10pt; font-family: Verdana;\">Sayfa 13 \u2013 <strong>Irak\u2019taki ABD Barbarly?ynyn 3. Yyly<\/strong>, Hasan Yykycy<\/span><\/p>\n<p><span style=\"font-size: 10pt; font-family: Verdana;\">\u00a0<\/span><\/p>\n<p class=\"MsoNormal\" style=\"margin: 0cm 0cm 0pt;\"><span style=\"font-size: 10pt; font-family: Verdana;\">Sayfa 14 \u2013 <strong>Se\u00e7imler Yakla?yrken<\/strong>, Nazen ?ansal<\/span><\/p>\n<p><span style=\"font-size: 10pt; font-family: Verdana;\">\u00a0<\/span><\/p>\n<p class=\"MsoNormal\" style=\"margin: 0cm 0cm 0pt;\"><span style=\"font-size: 10pt; font-family: Verdana;\">Sayfa 15 \u2013 <strong>Yoketmenin Dayanylmaz Hafifli?i<\/strong>, Buket Oygar<\/span><\/p>\n<p><span style=\"font-size: 10pt; font-family: Verdana;\">\u00a0<\/span><\/p>\n<p class=\"MsoNormal\" style=\"margin: 0cm 0cm 0pt;\"><span style=\"font-size: 10pt; font-family: Verdana;\">Sayfa 16 \u2013 <strong>Kadyna Y\u00f6nelik ?iddete Hayyr<\/strong>, Nazen ?ansal<\/span><\/p>\n<p><span style=\"font-size: 10pt; font-family: Verdana;\">\u00a0<\/span><\/p>\n<p class=\"MsoNormal\" style=\"margin: 0cm 0cm 0pt;\"><span style=\"font-size: 10pt; font-family: Verdana;\">Sayfa 17 \u2013 <strong>K\u00f6pr\u00fcden Ge\u00e7emedim<\/strong>, M\u00fcn\u00fcr Rahvancyo?lu <\/span><\/p>\n<p><span style=\"font-size: 10pt; font-family: Verdana;\">\u00a0<\/span><\/p>\n<p class=\"MsoNormal\" style=\"margin: 0cm 0cm 0pt;\"><span style=\"font-size: 10pt; font-family: Verdana;\">Sayfa 18 <strong>\u2013 2007 \u00d6yk\u00fc Yary?masy Bildirisi<\/strong>, Erkal T\u00fclek &#8211; Halil Karapa?ao?lu<\/span><\/p>\n<p><span style=\"font-size: 10pt; font-family: Verdana;\">\u00a0<\/span><\/p>\n<p class=\"MsoNormal\" style=\"margin: 0cm 0cm 0pt;\"><span style=\"font-size: 10pt; font-family: Verdana;\">Sayfa 20 \u2013 <strong>Baraka Tiyatro ve Korosuna \u00c7irkin Saldyry<\/strong>, Nazen ?ansal<\/span><\/p>\n<p><span style=\"font-size: 10pt; font-family: Verdana;\">\u00a0<\/span><\/p>\n<p class=\"MsoNormal\" style=\"margin: 0cm 0cm 0pt;\"><span style=\"font-size: 10pt; font-family: Verdana;\">Sayfa 21 \u2013 <strong>D\u00fc?\u00fcnemeyen Adam<\/strong>, ?ifa Al\u00e7ycyo?lu<\/span><\/p>\n<p><span style=\"font-size: 10pt; font-family: Verdana;\">\u00a0<\/span><\/p>\n<p class=\"MsoNormal\" style=\"margin: 0cm 0cm 0pt;\"><span style=\"font-size: 10pt; font-family: Verdana;\">Sayfa 22 \u2013 <strong>Aksak Sorularyn Y\u00e7indeki Kafa Bulantysy<\/strong>, Halil Karapa?ao?lu<\/span><\/p>\n<p><span style=\"font-size: 10pt; font-family: Verdana;\">\u00a0 <\/span><\/p>\n<p class=\"MsoNormal\" style=\"margin: 0cm 0cm 0pt;\"><span style=\"font-size: 10pt; font-family: Verdana;\">Sayfa 23 \u2013 <strong>M\u00fclkiyet Yasasy Yine G\u00fcndemde<\/strong>, Nazen ?ansal<\/span><\/p>\n<p><span style=\"font-size: 10pt; font-family: Verdana;\">\u00a0 <\/span><\/p>\n<p class=\"MsoNormal\" style=\"margin: 0cm 0cm 0pt;\"><span style=\"font-size: 10pt; font-family: Verdana;\">Sayfa 24 \u2013 <strong>Anayasa Demokratikle?iyor Mu!<\/strong>, M\u00fcn\u00fcr Rahvancyo?lu<\/span><\/p>\n<p><span style=\"font-size: 10pt; font-family: Verdana;\">\u00a0 <\/span><\/p>\n<p class=\"MsoNormal\" style=\"margin: 0cm 0cm 0pt;\"><span style=\"font-size: 10pt; font-family: Verdana;\">Sayfa 26 \u2013 <strong>Hayalleri Olmayan Varolu?lar<\/strong>, Halil Karapa?ao?lu<\/span><\/p>\n<p><span style=\"font-size: 10pt; font-family: Verdana;\">\u00a0 <\/span><\/p>\n<p class=\"MsoNormal\" style=\"margin: 0cm 0cm 0pt;\"><span style=\"font-size: 10pt; font-family: Verdana;\">Sayfa 28 \u2013 <strong>Wolfram Adolphin Yle R\u00f6portaj<\/strong>, Saadet Alpar<\/span><\/p>\n<p><span style=\"font-size: 10pt; font-family: Verdana;\">\u00a0 <\/span><\/p>\n<p class=\"MsoNormal\" style=\"margin: 0cm 0cm 0pt;\"><span style=\"font-size: 10pt; font-family: Verdana;\">Sayfa 30 &#8211; <strong>Fransa\u2019da 2006 Bahary<\/strong>, Hasan Yykycy<\/span><\/p>\n<p><span style=\"font-size: 10pt; font-family: Verdana;\">\u00a0 <\/span><\/p>\n<p class=\"MsoNormal\" style=\"margin: 0cm 0cm 0pt;\"><span style=\"font-size: 10pt; font-family: Verdana;\">Sayfa 32 \u2013 <strong>Sosyal Form Hareketi ve D\u00fcnya Sosyal Formu<\/strong>, Mine Balman<\/span><\/p>\n<p><span style=\"font-size: 10pt; font-family: Verdana;\">\u00a0 <\/span><\/p>\n<p class=\"MsoNormal\" style=\"margin: 0cm 0cm 0pt;\"><span style=\"font-size: 10pt; font-family: Verdana;\">Sayfa 34 \u2013 <strong>Son \u00dc\u00e7 Ayda D\u00fcnya<\/strong><\/span><\/p>\n<p><span style=\"font-size: 10pt; font-family: Verdana;\"><strong>\u00a0 <\/strong><\/span><\/p>\n<p class=\"MsoNormal\" style=\"margin: 0cm 0cm 0pt;\"><span style=\"font-size: 10pt; font-family: Verdana;\">Sayfa 36 \u2013 <strong>Geronimo<\/strong>, Besim Baysal<\/span><\/p>\n<p><span style=\"font-size: 10pt; font-family: Verdana;\">\u00a0 <\/span><\/p>\n<p class=\"MsoNormal\" style=\"margin: 0cm 0cm 0pt;\"><span style=\"font-size: 10pt; font-family: Verdana;\">Sayfa 37 \u2013 <strong>Hesapla?ma<\/strong>, G\u00f6zde Gayde<\/span><\/p>\n<p><span style=\"font-size: 10pt; font-family: Verdana;\">\u00a0 <\/span><\/p>\n<p class=\"MsoNormal\" style=\"margin: 0cm 0cm 0pt;\"><span style=\"font-size: 10pt; font-family: Verdana;\">Sayfa 38 \u2013 <strong>Irk\u00e7yly?yn Ye?il Sahalardaki Ser\u00fcveni<\/strong>, Mehmet Adaman<\/span><\/p>\n<p><span style=\"font-size: 10pt; font-family: Verdana;\">Sayfa 39 \u2013 <strong>1 Mayys\u2019ta ?enlik Var<\/strong><\/span><\/p>\n<p class=\"MsoNormal\" style=\"margin: 0cm 0cm 0pt;\"><span style=\"font-size: 10pt; font-family: Verdana;\">\u00a0\u00a0\u00a0\u00a0\u00a0<\/span><\/p>\n<p>&nbsp;<\/p>\n<p class=\"MsoNormal\" style=\"margin: 0cm 0cm 0pt;\">\n<p><span style=\"font-size: 10pt; font-family: Verdana;\">Argasdi&#8217;yi bilgisayarynyza indirin&#8230;<\/span><\/p>\n<p><span style=\"font-size: 10pt; font-family: Verdana;\"><a href=\"https:\/\/www.baraka.cc\/down\/2_5_s2.pdf\" target=\"_blank\">Sayfa 2<\/a><\/span><\/p>\n<p><span style=\"font-size: 10pt; font-family: Verdana;\"><a href=\"https:\/\/www.baraka.cc\/down\/2_5_s3_15.pdf\" target=\"_blank\">Sayfa 3-15<\/a><\/span><\/p>\n<p><span style=\"font-size: 10pt; font-family: Verdana;\"><a href=\"https:\/\/www.baraka.cc\/down\/2_5_s16.pdf\" target=\"_blank\">Sayfa 16<\/a><\/span><\/p>\n<p><span style=\"font-size: 10pt; font-family: Verdana;\"><span style=\"font-size: 10pt; font-family: Verdana;\"><a href=\"https:\/\/www.baraka.cc\/down\/2_5_s17_21.pdf\" target=\"_blank\">Sayfa 17-21<\/a><\/span><\/span><\/p>\n<p><span style=\"font-size: 10pt; font-family: Verdana;\"><span style=\"font-size: 10pt; font-family: Verdana;\"><span style=\"font-size: 10pt; font-family: Verdana;\"><a href=\"https:\/\/www.baraka.cc\/down\/2_5_s22.pdf\" target=\"_blank\">Sayfa 22<\/a><\/span><\/span><\/span><\/p>\n<p><span style=\"font-size: 10pt; font-family: Verdana;\"><span style=\"font-size: 10pt; font-family: Verdana;\"><span style=\"font-size: 10pt; font-family: Verdana;\"><a href=\"https:\/\/www.baraka.cc\/down\/2_5_s23_29.pdf\" target=\"_blank\"><span style=\"font-size: 10pt; font-family: Verdana;\">Sayfa 23-29<\/span><\/a><\/span><\/span><\/span><\/p>\n","protected":false},"excerpt":{"rendered":"<p>\u00a0 \u00a0 \u00a0\u00a0\u00a0\u00a0 \u00a0 Argasdi Hammaliye Kurulu\u2019ndan Yeni Y\u00f6netici Elitimizin i?i ba?yndan a?kyn. \u00d6nlerinde duran \u201cyapylacaklar\u201d listesi hayli kabaryk. \u00dcstelik safdy?y kalmy? gibi g\u00f6r\u00fcnen sermayenin<\/p>\n","protected":false},"author":1,"featured_media":0,"comment_status":"open","ping_status":"open","sticky":false,"template":"","format":"standard","meta":{"jetpack_post_was_ever_published":false,"_jetpack_newsletter_access":"","_jetpack_newsletter_tier_id":0,"jetpack_publicize_message":"","jetpack_is_tweetstorm":false,"jetpack_publicize_feature_enabled":true,"jetpack_social_post_already_shared":false,"jetpack_social_options":{"image_generator_settings":{"template":"highway","enabled":false}}},"categories":[67],"tags":[],"jetpack_publicize_connections":[],"jetpack_featured_media_url":"","jetpack_shortlink":"https:\/\/wp.me\/p4eHWX-oG","jetpack_sharing_enabled":true,"_links":{"self":[{"href":"https:\/\/baraka.cc\/index.php?rest_route=\/wp\/v2\/posts\/1530"}],"collection":[{"href":"https:\/\/baraka.cc\/index.php?rest_route=\/wp\/v2\/posts"}],"about":[{"href":"https:\/\/baraka.cc\/index.php?rest_route=\/wp\/v2\/types\/post"}],"author":[{"embeddable":true,"href":"https:\/\/baraka.cc\/index.php?rest_route=\/wp\/v2\/users\/1"}],"replies":[{"embeddable":true,"href":"https:\/\/baraka.cc\/index.php?rest_route=%2Fwp%2Fv2%2Fcomments&post=1530"}],"version-history":[{"count":1,"href":"https:\/\/baraka.cc\/index.php?rest_route=\/wp\/v2\/posts\/1530\/revisions"}],"predecessor-version":[{"id":1531,"href":"https:\/\/baraka.cc\/index.php?rest_route=\/wp\/v2\/posts\/1530\/revisions\/1531"}],"wp:attachment":[{"href":"https:\/\/baraka.cc\/index.php?rest_route=%2Fwp%2Fv2%2Fmedia&parent=1530"}],"wp:term":[{"taxonomy":"category","embeddable":true,"href":"https:\/\/baraka.cc\/index.php?rest_route=%2Fwp%2Fv2%2Fcategories&post=1530"},{"taxonomy":"post_tag","embeddable":true,"href":"https:\/\/baraka.cc\/index.php?rest_route=%2Fwp%2Fv2%2Ftags&post=1530"}],"curies":[{"name":"wp","href":"https:\/\/api.w.org\/{rel}","templated":true}]}}