{"id":1539,"date":"2007-08-06T12:27:39","date_gmt":"2007-08-06T10:27:39","guid":{"rendered":"https:\/\/baraka.cc\/?p=1539"},"modified":"2014-01-06T12:27:55","modified_gmt":"2014-01-06T10:27:55","slug":"argasdi-7-5","status":"publish","type":"post","link":"https:\/\/baraka.cc\/?p=1539","title":{"rendered":"argasdi 7.5"},"content":{"rendered":"<p><span>\u00a0<\/span><\/p>\n<p class=\"MsoNormal\" style=\"margin: 0cm 0cm 0pt;\">\n<p class=\"MsoNormal\" style=\"margin: 0cm 0cm 0pt;\"><span style=\"font-size: 10pt; font-family: Verdana;\"><span style=\"font-size: 10pt; font-family: Verdana;\"><span style=\"font-size: 10pt; font-family: Verdana;\"><strong>\u00a0\u00a0 <\/strong><\/span><\/span><\/span><\/p>\n<p class=\"MsoNormal\" style=\"margin: 0cm 0cm 0pt;\">\n<p class=\"MsoNormal\" style=\"margin: 0cm 0cm 0pt;\"><span style=\"font-size: 10pt; font-family: Verdana;\"><span style=\"font-size: 10pt; font-family: Verdana;\"><a href=\"https:\/\/www.baraka.cc\/images\/stories\/argasdi_7_5_on.jpg\" target=\"_blank\"><img decoding=\"async\" loading=\"lazy\" alt=\" \" src=\"https:\/\/www.baraka.cc\/images\/stories\/argasdi_7_5_on.jpg\" width=\"150\" height=\"218\" border=\"2\" \/><\/a>\u00a0 <a href=\"https:\/\/www.baraka.cc\/images\/stories\/argasdi_7_5_arka.jpg\" target=\"_blank\"><img decoding=\"async\" loading=\"lazy\" alt=\" \" src=\"https:\/\/www.baraka.cc\/images\/stories\/argasdi_7_5_arka.jpg\" width=\"150\" height=\"219\" border=\"2\" \/><\/a><\/span><span style=\"font-size: 10pt; font-family: Verdana;\">\u00a0<\/span><span style=\"font-size: 10pt; font-family: Verdana;\">\u00a0<\/span><span style=\"font-size: 10pt; font-family: Verdana;\">\u00a0<\/span><strong>\u00a0<\/strong><\/span><\/p>\n<p class=\"MsoNormal\" style=\"margin: 0cm 0cm 0pt;\">\n<p><span style=\"font-size: 10pt; font-family: Verdana;\"><span style=\"font-size: 10pt; font-family: Verdana;\"><span style=\"font-size: 10pt; font-family: Verdana;\"><strong>Argasdi Hammaliye Kurulu\u2019ndan<\/strong><\/span><span style=\"font-size: 10pt; font-family: Verdana;\">\u00a0<\/span><br \/>\n<\/span><\/span><\/p>\n<p class=\"MsoNormal\" style=\"margin: 0cm 0cm 0pt;\"><span style=\"font-size: 10pt; font-family: Verdana;\">Hyzly ve sycak bir yaza ba?lady?ymyz daha nisan sonundaki \u00f6?retmen sendikalarynyn genel kurullaryndan belli oluyordu. Genel kurullarda ya?ananlar; Egemen Blok\u2019un yerel kanadyny olu?turan CTP \u00fcst d\u00fczey y\u00f6neticilerinin genel tavryny de?i?tirmese de, \u00f6fke ve kararlylyklaryny ciddi olarak arttyrdy. Genel kurullar \u00f6ncesinde Esnaf-Zanaatkar ve Ticaret Odalarynyn y\u00f6netimlerine kendi \u201ckomiserlerini\u201d yerle?tirmi? olmanyn yaratty?y \u201cnormallik\u201d ruh hali ile; \u00f6?retmen sendikalaryny \u201chiza istikamete\u201d almak CTP a\u00e7ysyndan ola?an bir durumdu. Ancak partideki hesap genel kurula uymady ve CTP b\u00fcrokrasisi \u00f6?retmen hareketinin duvaryna toslady. Esnaf-Zanaatkar ve Ticaret Odasy y\u00f6netimleri, 2003 \u00f6ncesinde Egemen Blok\u2019un en temel destek\u00e7ileri olagelmi?ti. 2003 yyly i\u00e7erisinde liberal liderliklerle bary? siyasetine d\u00fcmen kyrmalary, onlaryn bu temel \u00f6zelliklerinin de?i?ti?i anlamyna gelmiyordu. CTP, Egemen Blok ile uzla?ty?y her noktada bu odalar i\u00e7erisinde kendine daha sa?lam bir yer edinebiliyordu. Oysa s\u00fcrece dair nesnel bir de?erlendirme yapabilecek so?ukkanlyly?y kaybetmi? CTP Y\u00f6neticileri, bunu \u00f6rg\u00fctlenme becerilerine ba?lyyorlardy. B\u00f6ylece ayny ba?aryyy on yyllardyr stat\u00fckoya kar?y kavga veren \u00f6?retmen hareketi i\u00e7erisinde de elde etmeyi umdular. Ya?adyklary hayal kyrykly?y sonucunda nesnel de?erlendirme yapacaklaryna \u00f6fke ve nefretleri bilendi. B\u00f6ylece artyk geri d\u00f6n\u00fc?\u00fc olmayan bir yola girdikleri, revizyonist siyasetlerinin neo-liberalizmi \u00f6z\u00fcmsedi?i ve karakter de?i?imini tamamladyklary tescillenmi? oldu. <\/span><\/p>\n<p><span style=\"font-size: 10pt; font-family: Verdana;\">\u00a0 <\/span><\/p>\n<p class=\"MsoNormal\" style=\"margin: 0cm 0cm 0pt;\"><span style=\"font-size: 10pt; font-family: Verdana;\">Genel planda zaten hazyr olan ve D\u00fcnya Bankasy-IMF-AKP tarafyndan \u00e7izilen rota do?rultusunda uygulanmayy bekleyen her t\u00fcrl\u00fc emek d\u00fc?many siyasetleri i\u00e7in artyk \u201cduygusal\u201d bir nedene sahip olan CTP B\u00fcrokrasisi, g\u00f6z\u00fc d\u00f6nm\u00fc? bir nefretle uygulamaya ge\u00e7ti. 1 Mayys\u2019ta, 26 yyldan beridir ilk kez kortejler barikatla ikiye b\u00f6l\u00fcnd\u00fc. \u00d6nemli bir farkla ki; 26 yyl \u00f6nce barikat revizyonizmle devrimcilik (ama her hal\u00fckarda sol ile sol) arasynda \u00f6r\u00fcl\u00fcrken, bu kez neo-liberalizmle devrimcilik arasyna \u00f6r\u00fcl\u00fcyordu. Baraka gurur duyarak barikatyn devrimci tarafynda y\u00fcr\u00fcd\u00fc. <\/span><\/p>\n<p class=\"MsoNormal\" style=\"margin: 0cm 0cm 0pt;\"><span style=\"font-size: 10pt; font-family: Verdana;\">\u00a0\u00a0 <\/span><\/p>\n<p><span style=\"font-size: 10pt; font-family: Verdana;\">Denizlerin satyly?a \u00e7ykaryldy?y, kadyna, do?aya, yabancylara, zayyflara, ma?durlara y\u00f6nelik resmi ?iddetin y\u00fckseldi?i, cezaevlerinde a\u00e7lyk grevlerinin, \u00e7evik kuvvet baskynlarynyn ya?andy?y bir s\u00fcrece birden bire dalyverdik. Evet bu s\u00fcrecin altyapysy \u00e7ok \u00f6nceden hazyrlanmy?ty ve gidi?atyn buraya do?ru oldu?unun pratik \u00f6rnekleri de vardy. Ancak b\u00f6ylesine ba?d\u00f6nd\u00fcr\u00fcc\u00fc bir yo?unluk, ancak niteliksel bir de?i?imin sonucu olabilirdi. <\/span><\/p>\n<p class=\"MsoNormal\" style=\"margin: 0cm 0cm 0pt;\"><span style=\"font-size: 10pt; font-family: Verdana;\">Uyu?turucu ve kumar mafyasy ile i\u00e7li dy?ly oldu?undan kimsenin ku?ku duymady?y b\u00fcy\u00fck otelcilik sekt\u00f6r\u00fc ile balayy ya?ayan CTP y\u00f6netimi, bunu gizlemek i\u00e7in bildik \u201clokomatif sekt\u00f6r turizm\u201d edebiyatyna saryldy. Ancak ekolojik ve geleneksel yapy ile uyumlu bir turizm anlayy?y yerine do?a d\u00fc?many ve merkezi sermayeye dayaly kumar turizmi tercihi de ortada duruyordu. Her konuda tercih sermayeden, b\u00fcy\u00fck sermayeden, daha b\u00fcy\u00fck sermayeden yanaydy.<\/span><\/p>\n<p><span style=\"font-size: 10pt; font-family: Verdana;\">\u00a0\u00a0 <\/span><\/p>\n<p class=\"MsoNormal\" style=\"margin: 0cm 0cm 0pt;\"><span style=\"font-size: 10pt; font-family: Verdana;\">\u00d6yle ki artyk ekonomik anlamda da i\u00e7ine girilen ili?kiler olgunla?my?, diyetini talep etmektedir. Ekonomi i\u00e7erisinde te?vikler, yardymlar, hibelere dayaly asalak bir karaktere sahip, ama gene de kara-ekonominin omurgasy olan in?aat ve b\u00fcy\u00fck t\u00fcccar kesimi haziran ayy i\u00e7erisinde daha fazla, \u00e7ok daha fazla avanta istedi?ini sokaklara d\u00f6k\u00fclerek hatyrlatty. \u00c7aly?tyrdy?y yabancy i?\u00e7ileri kamyonlar, ?irolar, tyrlar i\u00e7inde sokaklara d\u00f6ken bu a\u00e7 kurtlar s\u00fcr\u00fcs\u00fc; Colony Otel\u2019de CTP\u2019ye \u00f6dedi?i milyonlaryn kar?yly?yny talep ediyordu. Y?\u00e7iler ise her zamanki gibi patronlaryn \u00e7ykarlary i\u00e7in siyasalla?tyrylyyor, olumlu tarafyndan bakarsak eylem yapmayy \u00f6?reniyorlardy. Ta ki kendi \u00f6z synyf \u00e7ykarlary i\u00e7in eylem yapacaklary g\u00fcne kadar. <\/span><\/p>\n<p><span style=\"font-size: 10pt; font-family: Verdana;\">\u00a0\u00a0 <\/span><\/p>\n<p class=\"MsoNormal\" style=\"margin: 0cm 0cm 0pt;\"><span style=\"font-size: 10pt; font-family: Verdana;\">Egemen Blok artyk CTP\u2019yi ele ge\u00e7irmi?tir. Sermaye, saldyrysyny artyk CTP aracyly?y ile y\u00fcr\u00fctmektedir. CTP\u2019ye y\u00f6nelik ele?tirilerimiz ve eylemlerimiz ise; anti-CTP\u2019lilikten de?il sermayenin topyek\u00fcn saldyrysyna direnme zorunlulu?undan do?uyor. Ancak sermaye bireysel ve \u00f6rg\u00fctsel alanlardan da saldyrmaktadyr. \u00d6rg\u00fctlerimiz Sivil Toplum \u00d6rg\u00fctleri Fuarlarynda satyly?a \u00e7ykarylmakta, k\u00fcresel ?irkerlerin kirli paralary i\u00e7in yary?mak konusunda te?vik edilmektedirler. Gen\u00e7lerimiz Knight-online gibi oyunlar aracyly?y ile yalnyzla?tyrylmakta, sanal alemde ya?amaya y\u00f6nlendirilerek ger\u00e7ekli?i de?i?tirmek perspektifinden uzakla?tyrylmaktadyrlar. Bizim baky?ymyzyn temeli sermayeye kar?y emek eksenine dayanyyor. Bu, tek tek \u00f6rg\u00fctlere kar?y olup olmamak kysyrly?yndan \u00f6te bir?eydir. Bu, hayatyn her alanyna dair emek eksenli bir d\u00fc?\u00fcnce ve pratik i\u00e7inde olmakla ilgili bir?eydir.<\/span><\/p>\n<p class=\"MsoNormal\" style=\"margin: 0cm 0cm 0pt;\"><span style=\"font-size: 10pt; font-family: Verdana;\">\u00a0\u00a0 <\/span><\/p>\n<p><span style=\"font-size: 10pt; font-family: Verdana;\">Sermayenin kalk borusuna uygun y\u00fcr\u00fct\u00fclen saldyry dalgasyny en iyi karakterize eden iki\u00a0 olay ise; eme?e ve do?aya kar?y y\u00fcr\u00fct\u00fclen harekatlardyr.<\/span><\/p>\n<p><span style=\"font-size: 10pt; font-family: Verdana;\">Karpaz\u2019a elektirik g\u00f6t\u00fcr\u00fclece?i bahanesiyle zaten parsel parsel b\u00f6l\u00fcnm\u00fc? sahillerimizin b\u00fcy\u00fck otellere pe?ke? \u00e7ekilmesi s\u00fcreci hyzlandyryldy. Karpaz, beton yy?yny otellerle tecav\u00fcze u?rarken, hayvan ve bitki t\u00fcrlerine yani bir b\u00fct\u00fcn olarak do?amyza y\u00f6nelen saldyry doru?a ula?my? olacak. \u00d6te yandan T\u00fcrkiye\u2019de \u00f6?renci-\u00f6?retmen muhalefeti korkusuyla \u00f6zelle?tirilemeyen ODT\u00dc ve YT\u00dc gibi \u00fcniversitelerin paraly b\u00f6l\u00fcmleri \u00fclkemize y\u00f6nlendirildi. Ne hazindir ki, YT\u00dc\u2019n\u00fcn \u00fclkemize giri?i Karpaz \u00fczerinden ger\u00e7ekle?me yolunda ve bu s\u00fcre\u00e7te paraly e?itim, ekolojik talan ve k\u00fclt\u00fcrel entegrasyon adyna bir ta?ta \u00fc\u00e7 ku? vurulmu? olacak. Karpaz\u2019a elektirik g\u00f6t\u00fcrmekte \u201ckararly\u201d sermaye h\u00fck\u00fcmeti, do?aya da insana verdi?i kadar de?er veriyor. Sosyal G\u00fcvenlik Yasasy ise CTP\u2019nin insanymyza verdi?i de?erin g\u00f6stergesi oldu. Emeklilik ya?yny arttyran, kadynlaryn yypranma payyny kaldyran, i?sizlik sigortasyndan analyk sigortasyna kadar t\u00fcm haklary gerileten bu neo-liberal saldyry, CTP\u2019nin en acymasyzca uygulady?y ve \u00f6?retmen sendiklaryndan r\u00f6van? aldy?yny d\u00fc?\u00fcnd\u00fc?\u00fc muharebeye sahne oldu. Oysa bu yasa sadece kamu emek\u00e7ilerinin de?il, sigortalylaryn ve \u00f6zel sekt\u00f6r \u00e7aly?anlarynyn da hak gerilemesine u?ramasyna sebep olmaktaydy. Yasayy sonuna kadar savunan ve \u201cdevrim\u201d diye niteleyenlerin, ileride ya?anacak bir muhalefet s\u00fcrecinde sola \u00e7arketme imkanlary da b\u00f6ylece kapanmy? oldu. CTP, d\u00fcnyada SG Yasasy gibi bir yasayy savunan kendi \u00e7izgisinde siyasi hareketler bulabilir. Ancak bunlaryn hepsi de kendilerini liberal olarak tanymlayacaklardyr. \u00c7aly?ma Bakany\u2019nyn \u201cdevrimcilik\u201d iddialary, yalnyzca sol CTP\u2019nin ya?ady?y trajediyi bir \u201cfars\u201da d\u00f6n\u00fc?t\u00fcrmeye hizmet etmi?tir. <\/span><\/p>\n<p><span style=\"font-size: 10pt; font-family: Verdana;\">\u00a0\u00a0 <\/span><\/p>\n<p class=\"MsoNormal\" style=\"margin: 0cm 0cm 0pt;\"><span style=\"font-size: 10pt; font-family: Verdana;\">Ve d\u00f6n\u00fc?\u00fcm\u00fcn son halkasy burjuva siyasetinin en y\u00fcce pislikleri r\u00fc?vet ve yolsuzluk iddialary ile CTP h\u00fck\u00fcmetinin (h\u00fck\u00fcmete dahil bakanlyklarynyn) birlikte anylmaya ba?lamasy olmu?tur. Parlamentarist bile olsa yyllardyr eme?in onurunu ta?yyan bir parti en \u00e7irkef ili?kilerin i\u00e7ine girerken, samimi bir hasmynyn burjuvaziye iltihak etmesine \u00fcz\u00fclmemek devrimcilerin elinde de?ildir. <\/span><\/p>\n<p class=\"MsoNormal\" style=\"margin: 0cm 0cm 0pt;\"><span style=\"font-size: 10pt; font-family: Verdana;\">\u00a0 <\/span><\/p>\n<p><span style=\"font-size: 10pt; font-family: Verdana;\">Oysa Kybrys T\u00fcrk solu hala fyrsat\u00e7y ve parlamentarist \u00f6zelliklerle damgalydyr. Olup bitenleri, bir sonraki se\u00e7imde oyunu arttyrmaya yarayacak, kysa vadede siyasi rant elde edecek vesileler olarak g\u00f6ren anlayy?lar ne yazyk ki ikinci ve hatta \u00fc\u00e7\u00fcnc\u00fc bir CTP vakasy yaratmaya adaydyrlar. Olgulary anti-CTP\u2019lilik g\u00f6zl\u00fc?\u00fcnden ve \u201cpartime-sendikama pop\u00fclerlik sa?lamak i\u00e7in konu?ma fyrsaty\u201d baky? a\u00e7ysyndan de?erlendiren bir anlayy? emek eksenli bir siyaset i\u00e7in kabul edilemezdir. Bizler ele?tirilerimizi neo-liberal felsefenin reddi ve emek ideolojisinin g\u00fc\u00e7lendirilerek sermaye ideolojisine kar?y kavga verilmesi gibi ilkelerle ?ekillendirmeliyiz. CTP\u2019yi yenmek demek, sermayeyi yenmek demek de?ildir. Parlamentarist de olsa, eme?in partisi olmak iddiasy ile yola \u00e7ykyp sermayeye teslim olan CTP, zaten yenilmi?tir. Sermaye ele ge\u00e7irdi?i partiler, bilgisayar oyunlary ve ST\u00d6 Fuarlary gibi vesileler yoluyla eme?e ve do?aya saldyrmaktadyr. Bu y\u00fczden direni?; o veya bu \u00f6rg\u00fcte kar?y veya taraftar bir zeminden de?il, emek hareketinin genel \u00e7ykarlary a\u00e7ysyndan ?ekillendirilmelidir. Devrimci siyaset bunu gerektirir.<\/span><span style=\"font-size: 10pt; font-family: Verdana;\">\u00a0<\/span><\/p>\n<p><em><span style=\"font-size: 10pt; font-family: Verdana;\"><strong>M\u00fcn\u00fcr Rahvancyo?lu<\/strong><\/span><\/em><\/p>\n<p><em><span style=\"font-size: 10pt; font-family: Verdana;\"><strong>Halil Karapa?ao?lu<\/strong><\/span><\/em><\/p>\n<p><em><span style=\"font-size: 10pt; font-family: Verdana;\"><strong>?ifa Al\u00e7ycyo?lu<\/strong><\/span><\/em><\/p>\n<p><em><span style=\"font-size: 10pt; font-family: Verdana;\"><strong>Besim Baysal<\/strong><\/span><\/em><\/p>\n<p><em><span style=\"font-size: 10pt; font-family: Verdana;\"><strong>Hasan Yykycy<\/strong><\/span><\/em><span style=\"font-size: 10pt; font-family: Verdana;\">\u00a0<\/span><\/p>\n<p>&nbsp;<\/p>\n<p><span style=\"font-size: 10pt; font-family: Verdana;\"><strong>Y\u00c7YNDEKYLER<\/strong><\/span><\/p>\n<p><span style=\"font-size: 10pt; font-family: Verdana;\">Sayfa 2 \u2013 <strong>Hammaliye Kurulu\u2019ndan<\/strong><\/span><\/p>\n<p class=\"MsoNormal\" style=\"margin: 0cm 0cm 0pt; text-align: justify;\"><span style=\"font-size: 10pt; font-family: Verdana;\">Sayfa 3 \u2013 <strong>Denizler Bile \u00d6zel M\u00fclk?<\/strong>, Buket E. Oygar<\/span><\/p>\n<p class=\"MsoNormal\" style=\"margin: 0cm 0cm 0pt; text-align: justify;\"><span style=\"font-size: 10pt; font-family: Verdana;\">\u00a0 \u00a0<\/span><\/p>\n<p><span style=\"font-size: 10pt; font-family: Verdana;\">Sayfa 3 \u2013 <strong>Ynadyna Her?eyin Sen \u00c7al Ben Akdenizliyim, <\/strong>Halil Karapa?ao?lu<\/span><\/p>\n<p class=\"MsoNormal\" style=\"margin: 0cm 0cm 0pt; text-align: justify;\"><span style=\"font-size: 10pt; font-family: Verdana;\">\u00a0 \u00a0<\/span><\/p>\n<p><span style=\"font-size: 10pt; font-family: Verdana;\">Sayfa 4 \u2013 <strong>Memleketin Ahvali<\/strong><\/span><\/p>\n<p class=\"MsoNormal\" style=\"margin: 0cm 0cm 0pt; text-align: justify;\"><span style=\"font-size: 10pt; font-family: Verdana;\">\u00a0 \u00a0<\/span><\/p>\n<p><span style=\"font-size: 10pt; font-family: Verdana;\">Sayfa 7 \u2013 <strong>SG Yasasy ve Bir Eylem S\u00fcreci De?erlendirmesi<\/strong>, Halil Karapa?ao?lu<\/span><\/p>\n<p class=\"MsoNormal\" style=\"margin: 0cm 0cm 0pt; text-align: justify;\"><span style=\"font-size: 10pt; font-family: Verdana;\">\u00a0 \u00a0<\/span><\/p>\n<p><span style=\"font-size: 10pt; font-family: Verdana;\">Sayfa 8 \u2013 <strong>Sendikal M\u00fccadelede Yeni Boyutlar<\/strong>, Besim Baysal<\/span><\/p>\n<p class=\"MsoNormal\" style=\"margin: 0cm 0cm 0pt; text-align: justify;\"><span style=\"font-size: 10pt; font-family: Verdana;\">\u00a0\u00a0 \u00a0 \u00a0<\/span><\/p>\n<p><span style=\"font-size: 10pt; font-family: Verdana;\">Sayfa 10 \u2013 <strong>Ysteyince Bir Yol Bulunur!<\/strong>, Nazen ?ansal<\/span><\/p>\n<p class=\"MsoNormal\" style=\"margin: 0cm 0cm 0pt; text-align: justify;\"><span style=\"font-size: 10pt; font-family: Verdana;\">\u00a0 \u00a0<\/span><\/p>\n<p><span style=\"font-size: 10pt; font-family: Verdana;\">Sayfa 11 \u2013 <strong>Kadyn, Toplum ve ?iddet, <\/strong>?ifa Al\u00e7ycyo?lu<\/span><\/p>\n<p class=\"MsoNormal\" style=\"margin: 0cm 0cm 0pt; text-align: justify;\"><span style=\"font-size: 10pt; font-family: Verdana;\">\u00a0 \u00a0<\/span><\/p>\n<p><span style=\"font-size: 10pt; font-family: Verdana;\">Sayfa 12 \u2013 <strong>Baraka\u2019nyn Ahvali<\/strong><\/span><\/p>\n<p class=\"MsoNormal\" style=\"margin: 0cm 0cm 0pt; text-align: justify;\"><span style=\"font-size: 10pt; font-family: Verdana;\">\u00a0 \u00a0<\/span><\/p>\n<p><span style=\"font-size: 10pt; font-family: Verdana;\">Sayfa 14 \u2013 <strong>1 Mayys\u2019ta Devrimcilere Barikat, <\/strong>M\u00fcn\u00fcr Rahvancyo?lu<\/span><\/p>\n<p class=\"MsoNormal\" style=\"margin: 0cm 0cm 0pt; text-align: justify;\"><span style=\"font-size: 10pt; font-family: Verdana;\">\u00a0 \u00a0<\/span><\/p>\n<p><span style=\"font-size: 10pt; font-family: Verdana;\">Sayfa 15 \u2013 <strong>Kybrys\u2019ta Fa?izm ve M\u00fccadele Y\u00f6ntemleri<\/strong>, Devrim Bar\u00e7yn<\/span><\/p>\n<p class=\"MsoNormal\" style=\"margin: 0cm 0cm 0pt; text-align: justify;\"><span style=\"font-size: 10pt; font-family: Verdana;\">\u00a0 \u00a0<\/span><\/p>\n<p><span style=\"font-size: 10pt; font-family: Verdana;\">Sayfa 16 <strong>\u2013 Kybrys Bir Ada Mydyr?, <\/strong>Nazen ?ansal<\/span><\/p>\n<p class=\"MsoNormal\" style=\"margin: 0cm 0cm 0pt; text-align: justify;\"><span style=\"font-size: 10pt; font-family: Verdana;\">\u00a0\u00a0 \u00a0<\/span><\/p>\n<p><span style=\"font-size: 10pt; font-family: Verdana;\">Sayfa 24 \u2013 <strong>Bellek \u2013 Ynkylap\u00e7y<\/strong>, Hasan Yykycy<\/span><\/p>\n<p class=\"MsoNormal\" style=\"margin: 0cm 0cm 0pt; text-align: justify;\"><span style=\"font-size: 10pt; font-family: Verdana;\">\u00a0 \u00a0<\/span><\/p>\n<p><span style=\"font-size: 10pt; font-family: Verdana;\">Sayfa 25 \u2013 <strong>Ynsanlaryn Hikayesi K\u00f6ylerin Tarihi<\/strong>, Besim Baysal<\/span><\/p>\n<p class=\"MsoNormal\" style=\"margin: 0cm 0cm 0pt; text-align: justify;\"><span style=\"font-size: 10pt; font-family: Verdana;\">\u00a0 \u00a0<\/span><\/p>\n<p><span style=\"font-size: 10pt; font-family: Verdana;\">Sayfa 26 \u2013 <strong>\u00c7aly?ma Ya?amynda Haklarymyz<\/strong><\/span><\/p>\n<p class=\"MsoNormal\" style=\"margin: 0cm 0cm 0pt; text-align: justify;\"><span style=\"font-size: 10pt; font-family: Verdana;\">\u00a0 \u00a0<\/span><\/p>\n<p><span style=\"font-size: 10pt; font-family: Verdana;\">Sayfa 28 \u2013 <strong>Pancho Villa, <\/strong>Ali ?ahin<\/span><\/p>\n<p class=\"MsoNormal\" style=\"margin: 0cm 0cm 0pt; text-align: justify;\"><span style=\"font-size: 10pt; font-family: Verdana;\">\u00a0 \u00a0<\/span><\/p>\n<p><span style=\"font-size: 10pt; font-family: Verdana;\">Sayfa 29 \u2013 <strong>G\u00f6lgede Ve G\u00fcne?te Futbol<\/strong>, Besim Baysal<\/span><\/p>\n<p class=\"MsoNormal\" style=\"margin: 0cm 0cm 0pt; text-align: justify;\"><span style=\"font-size: 10pt; font-family: Verdana;\">\u00a0 \u00a0<\/span><\/p>\n<p><span style=\"font-size: 10pt; font-family: Verdana;\">Sayfa 30 \u2013 <strong>Atletizm<\/strong>, Mehmet Adaman<\/span><\/p>\n<p class=\"MsoNormal\" style=\"margin: 0cm 0cm 0pt; text-align: justify;\"><span style=\"font-size: 10pt; font-family: Verdana;\">\u00a0 \u00a0<\/span><\/p>\n<p><span style=\"font-size: 10pt; font-family: Verdana;\">Sayfa 31 \u2013 <strong>\u00d6yk\u00fc \u2013 Karanfiller ve \u00c7ocuklar<\/strong>, Mehmet ?ah<\/span><\/p>\n<p>&nbsp;<\/p>\n<p class=\"MsoNormal\" style=\"margin: 0cm 0cm 0pt;\">\n<p><span style=\"font-size: 10pt; font-family: Verdana;\">Argasdi&#8217;yi bilgisayarynyza indirin&#8230;<\/span><\/p>\n<p><span style=\"font-size: 10pt; font-family: Verdana;\"><a href=\"https:\/\/www.baraka.cc\/down\/7_5_s2.pdf\" target=\"_blank\">Sayfa 2<\/a><\/span><\/p>\n<p><span style=\"font-size: 10pt; font-family: Verdana;\"><a href=\"https:\/\/www.baraka.cc\/down\/7_5_s3_9.pdf\" target=\"_blank\">Sayfa 3-9<\/a><\/span><\/p>\n<p><span style=\"font-size: 10pt; font-family: Verdana;\"><a href=\"https:\/\/www.baraka.cc\/down\/7_5_s10_11.pdf\" target=\"_blank\">Sayfa 10-11<\/a><\/span><\/p>\n<p><span style=\"font-size: 10pt; font-family: Verdana;\"><span style=\"font-size: 10pt; font-family: Verdana;\"><a href=\"https:\/\/www.baraka.cc\/down\/7_5_s12_13.pdf\" target=\"_blank\">Sayfa 12-13<\/a><\/span><\/span><\/p>\n<p><span style=\"font-size: 10pt; font-family: Verdana;\"><span style=\"font-size: 10pt; font-family: Verdana;\"><span style=\"font-size: 10pt; font-family: Verdana;\"><a href=\"https:\/\/www.baraka.cc\/down\/7_5_s14_15.pdf\" target=\"_blank\">Sayfa 14-15<\/a><\/span><\/span><\/span><\/p>\n<p><span style=\"font-size: 10pt; font-family: Verdana;\"><span style=\"font-size: 10pt; font-family: Verdana;\"><span style=\"font-size: 10pt; font-family: Verdana;\"><a href=\"https:\/\/www.baraka.cc\/down\/7_5_s16_17.pdf\" target=\"_blank\"><span style=\"font-size: 10pt; font-family: Verdana;\">Sayfa 16-17<\/span><\/a><\/span><\/span><\/span><\/p>\n<p><span style=\"font-size: 10pt; font-family: Verdana;\"><span style=\"font-size: 10pt; font-family: Verdana;\"><span style=\"font-size: 10pt; font-family: Verdana;\"><span style=\"font-size: 10pt; font-family: Verdana;\"><a href=\"https:\/\/www.baraka.cc\/down\/7_5_s24.pdf\" target=\"_blank\">Sayfa 24<\/a><\/span><\/span><\/span><\/span><\/p>\n<p><span style=\"font-size: 10pt; font-family: Verdana;\"><span style=\"font-size: 10pt; font-family: Verdana;\"><span style=\"font-size: 10pt; font-family: Verdana;\"><span style=\"font-size: 10pt; font-family: Verdana;\"><span style=\"font-size: 10pt; font-family: Verdana;\"><a href=\"https:\/\/www.baraka.cc\/down\/7_5_s25_31.pdf\" target=\"_blank\">Sayfa 25-31<\/a><\/span><\/span><\/span><\/span><\/span><\/p>\n<p>&nbsp;<\/p>\n<p>&nbsp;<\/p>\n<p>&nbsp;<\/p>\n","protected":false},"excerpt":{"rendered":"<p>\u00a0 \u00a0\u00a0 \u00a0 \u00a0\u00a0\u00a0\u00a0 Argasdi Hammaliye Kurulu\u2019ndan\u00a0 Hyzly ve sycak bir yaza ba?lady?ymyz daha nisan sonundaki \u00f6?retmen sendikalarynyn genel kurullaryndan belli oluyordu. Genel kurullarda ya?ananlar;<\/p>\n","protected":false},"author":1,"featured_media":0,"comment_status":"open","ping_status":"open","sticky":false,"template":"","format":"standard","meta":{"jetpack_post_was_ever_published":false,"_jetpack_newsletter_access":"","_jetpack_newsletter_tier_id":0,"jetpack_publicize_message":"","jetpack_is_tweetstorm":false,"jetpack_publicize_feature_enabled":true,"jetpack_social_post_already_shared":false,"jetpack_social_options":{"image_generator_settings":{"template":"highway","enabled":false}}},"categories":[67],"tags":[],"jetpack_publicize_connections":[],"jetpack_featured_media_url":"","jetpack_shortlink":"https:\/\/wp.me\/p4eHWX-oP","jetpack_sharing_enabled":true,"_links":{"self":[{"href":"https:\/\/baraka.cc\/index.php?rest_route=\/wp\/v2\/posts\/1539"}],"collection":[{"href":"https:\/\/baraka.cc\/index.php?rest_route=\/wp\/v2\/posts"}],"about":[{"href":"https:\/\/baraka.cc\/index.php?rest_route=\/wp\/v2\/types\/post"}],"author":[{"embeddable":true,"href":"https:\/\/baraka.cc\/index.php?rest_route=\/wp\/v2\/users\/1"}],"replies":[{"embeddable":true,"href":"https:\/\/baraka.cc\/index.php?rest_route=%2Fwp%2Fv2%2Fcomments&post=1539"}],"version-history":[{"count":1,"href":"https:\/\/baraka.cc\/index.php?rest_route=\/wp\/v2\/posts\/1539\/revisions"}],"predecessor-version":[{"id":1540,"href":"https:\/\/baraka.cc\/index.php?rest_route=\/wp\/v2\/posts\/1539\/revisions\/1540"}],"wp:attachment":[{"href":"https:\/\/baraka.cc\/index.php?rest_route=%2Fwp%2Fv2%2Fmedia&parent=1539"}],"wp:term":[{"taxonomy":"category","embeddable":true,"href":"https:\/\/baraka.cc\/index.php?rest_route=%2Fwp%2Fv2%2Fcategories&post=1539"},{"taxonomy":"post_tag","embeddable":true,"href":"https:\/\/baraka.cc\/index.php?rest_route=%2Fwp%2Fv2%2Ftags&post=1539"}],"curies":[{"name":"wp","href":"https:\/\/api.w.org\/{rel}","templated":true}]}}