{"id":1545,"date":"2008-05-06T12:29:40","date_gmt":"2008-05-06T10:29:40","guid":{"rendered":"https:\/\/baraka.cc\/?p=1545"},"modified":"2014-01-06T12:29:58","modified_gmt":"2014-01-06T10:29:58","slug":"argasdi-10","status":"publish","type":"post","link":"https:\/\/baraka.cc\/?p=1545","title":{"rendered":"argasdi 10"},"content":{"rendered":"<p><span>\u00a0<\/span><\/p>\n<p class=\"MsoNormal\" style=\"margin: 0cm 0cm 0pt;\">\n<p class=\"MsoNormal\" style=\"margin: 0cm 0cm 0pt;\">\n<p class=\"MsoNormal\" style=\"margin: 0cm 0cm 0pt;\"><span style=\"font-size: 10pt; font-family: Verdana;\"><span style=\"font-size: 10pt; font-family: Verdana;\"><a href=\"https:\/\/www.baraka.cc\/images\/stories\/argasdi_10_on.jpg\" target=\"_blank\"><img decoding=\"async\" loading=\"lazy\" alt=\" \" src=\"https:\/\/www.baraka.cc\/images\/stories\/argasdi_10_on.jpg\" width=\"150\" height=\"220\" border=\"2\" \/><\/a>\u00a0 <a href=\"https:\/\/www.baraka.cc\/images\/stories\/argasdi_10_arka.jpg\" target=\"_blank\"><img decoding=\"async\" loading=\"lazy\" alt=\" \" src=\"https:\/\/www.baraka.cc\/images\/stories\/argasdi_10_arka.jpg\" width=\"150\" height=\"219\" border=\"2\" \/><\/a><\/span><span style=\"font-size: 10pt; font-family: Verdana;\">\u00a0<\/span><span style=\"font-size: 10pt; font-family: Verdana;\">\u00a0<\/span><span style=\"font-size: 10pt; font-family: Verdana;\">\u00a0<\/span><strong>\u00a0<\/strong><\/span><\/p>\n<p class=\"MsoNormal\" style=\"margin: 0cm 0cm 0pt;\">\n<p><span style=\"font-size: 10pt; font-family: Verdana;\"><span style=\"font-family: Verdana;\"><span style=\"font-size: medium;\"><span style=\"font-size: 10pt; font-family: Verdana;\"><strong>\u201cHareketler, Kendi Suretlerinde Bir M\u00fccadele Yaratmalydyr\u201d<\/strong><\/span><span style=\"font-size: 10pt; font-family: Verdana;\">\u00a0<\/span><br \/>\n<\/span><\/span><\/span><\/p>\n<p class=\"MsoNormal\" style=\"margin: 0cm 0cm 0pt;\"><span style=\"font-size: 10pt; font-family: Verdana;\">G\u00fcmb\u00fcr g\u00fcmb\u00fcr bir yaz geliyor. Ge\u00e7mi?teki tek alanly ve tek boyutlu m\u00fccadelelerin sonu\u00e7suz kysyrly?y sona eriyor. Ekolojik sorunlardan, \u00fcniversitelere; \u00e7aly?ma ya?amyndan kimlik siyasetine kadar her alandan yeni \u00f6rg\u00fctl\u00fcl\u00fck giri?imlerinin \u00e7y?lyklary y\u00fckseliyor. Bug\u00fcn devrimci siyaset bu topraklarda e?er bir fark yaratmak istiyorsa, b\u00fct\u00fcn alanlaryn dinamizmini kucaklayan ve bunun da \u00f6tesinde alanlaryn kendisine ?ekil vermesine izin veren bir fikriyat ile donanmalydyr. Bug\u00fcn devrimci hareketin sorunu bir boyutu ile t\u00fcm alanlarda m\u00fccadele edecek kadrolar yeti?tirme sorunu ise, di?er boyutu ile her alandaki \u00f6nc\u00fc unsurlaryn devrimcile?tirilmesi sorunudur da&#8230; G\u00fcmb\u00fcr g\u00fcmb\u00fcr bir yaz geliyor. Hareketler kabyna sy?myyor. \u00d6yleyse ge\u00e7mi?in kabu?u s\u00f6k\u00fcl\u00fcp atylmalydyr. Hareketler, kendi suretlerinde bir m\u00fccadele yaratmalydyr.<\/span><\/p>\n<p><span style=\"font-size: 10pt; font-family: Verdana;\">\u00a0 <\/span><\/p>\n<p class=\"MsoNormal\" style=\"margin: 0cm 0cm 0pt;\"><span style=\"font-size: 10pt; font-family: Verdana;\">Egemen Blok\u2019un sivil kanadyny olu?turan CTP Y\u00f6netici Eliti; emek\u00e7ileri ve sol hareketi basky ile, tehdit ile, \u201cben gidersem yerime UBP\u201d gelir ?antajy ile y\u00f6netiyor. Ama Ticaret Odasy\u2019ny ve sermaye \u00e7evrelerini kesinlikle Y\u00d6-NE-TE-MY-YOR! Market saatlerini d\u00fczenleyece?ini iddia eden \u00c7aly?ma Bakanly?y\u2019na bu \u00fclkede kimin borusunun \u00f6tt\u00fc?\u00fcn\u00fc, burnunu s\u00fcrte s\u00fcrte \u00f6?rettiler. Solun, devrimcilerin en ufak bir myryldanmasyndan nem kapan bu aslan \u201cdevrimciler\u201d ise; kendilerini kaale almayan Ticaret Odasy ve Lemar \u00e7etesinin kar?ysynda geri adym \u00fcst\u00fcne geri adym attylar. <\/span><\/p>\n<p><span style=\"font-size: 10pt; font-family: Verdana;\">\u00a0 <\/span><\/p>\n<p class=\"MsoNormal\" style=\"margin: 0cm 0cm 0pt;\"><span style=\"font-size: 10pt; font-family: Verdana;\">Di?er yandan Karpaz\u2019a elektrik g\u00f6t\u00fcr\u00fclmesinin ilk faturasy Kybrys E?ekleri\u2019ne \u00e7ykty. Onar onar \u00f6ld\u00fcr\u00fclen e?eklerin \u00f6l\u00fcleri bulunurken, CTP Y\u00f6neticileri timsah g\u00f6zya?laryny tutamyyor. Demokratik kitle \u00f6rg\u00fctlerinin, d\u00fcnyanyn hi\u00e7bir yerinde g\u00f6r\u00fclmeyen bir olgunlukla y\u00fcr\u00fctt\u00fc?\u00fc elektrik kar?yty kampanyayy elinin tersi ile geri \u00e7eviren kendileri de?ilmi? gibi, ?imdi e?eklerin arkasyndan a?yt yakyyorlar. Ellerine bula?an kany temzilemenin hi\u00e7bir yolu yoktur. Ekoloji eksenli hareketin yeni nesli daha militan eylemlere imza atmaya ba?lady?ynda, eylemciler d\u00f6kt\u00fckleri kanyn hesabyny onlardan soracaktyr.<\/span><\/p>\n<p><span style=\"font-size: 10pt; font-family: Verdana;\">\u00a0 <\/span><\/p>\n<p class=\"MsoNormal\" style=\"margin: 0cm 0cm 0pt;\"><span style=\"font-size: 10pt; font-family: Verdana;\">KTOE\u00d6S, \u00fclkemizin b\u00fcrokratla?my? sendikal gelene?inden beklenmeyecek bir dinamizmle Lefke Avrupa \u00dcniversitesi\u2019nde m\u00fcthi? bir m\u00fccadele y\u00fcr\u00fct\u00fcyor. LA\u00dc\u2019y\u00fc \u00f6rg\u00fctlemek yolunda coplara, tutuklamalara, fa?ist saldyrylara ra?men b\u00f6lge halkynyn da deste?ini \u00f6rg\u00fctl\u00fcyor, kararly bir kavga y\u00fcr\u00fct\u00fcyor. Bug\u00fcn KTOE\u00d6S\u2019\u00fcn m\u00fccadelesi, \u00fcniversitelerde \u00f6rg\u00fctlenmenin yolunu a\u00e7an bir kar makinesi i?levi g\u00f6r\u00fcyor. Mevki, stat\u00fc ve kariyer i\u00e7in satylmy? bir iki \u00e7atlak ses dy?ynda t\u00fcm toplum solu?unu tutmu? LA\u00dc\u2019y\u00fc izliyor. \u00d6rg\u00fctlenme giri?imini g\u00f6rmezden gelen, basynda yer vermeyen, grev olunca da sendikacylaryn \u00fczerine polis g\u00f6nderen Egemen Blok, hi\u00e7bir demagojiden ka\u00e7ynmyyor. <em>\u201c\u00d6?rencilerin e?itim hakky ellerinden alynyyor\u201d<\/em>mu?. Sendikala?ma m\u00fccadelesinden, toplumsal hak arayy?yndan daha y\u00fcce bir e?itim mi varmy? da biz bilmiyoruz? Bu s\u00f6kmedi?inde ise klasik mazeretleri Kybrys sorununu \u00f6ne s\u00fcrmekten \u00e7ekinmiyorlar. Yoksa Kybrys sorunu, halklaryn her alanda sorunlaryna sahip \u00e7ykyp, kendi \u00f6z \u00f6rg\u00fctl\u00fcl\u00fckleri aracyly?y ile verecekleri irade sahibi olma m\u00fccadelesinden, emperyalistlerin ve yerli i?birlik\u00e7ilerinin defedilmesi m\u00fccadelesinden ayry bir yolla \u00e7\u00f6z\u00fclebilir mi? <\/span><\/p>\n<p><span style=\"font-size: 10pt; font-family: Verdana;\">\u00a0 <\/span><\/p>\n<p class=\"MsoNormal\" style=\"margin: 0cm 0cm 0pt;\"><span style=\"font-size: 10pt; font-family: Verdana;\">Hriftosyas ve Talat\u2019yn kapaly kapylar ardynda yapacaklary g\u00f6r\u00fc?meler; bir tarafta AB, bir tarafta ABD emperyalistlerini temsil eden iki kampyn uzla?aca?y bir emperyalist \u00e7\u00f6z\u00fcm, halklaryn iradesi hilafyna ne kadar ya?ayabilir? Ya?ayamaz! Bu y\u00fczden halklar her alanda \u00f6rg\u00fctlenmeli, her alanda egemenlerin kar?ysyna dikilip iradelerine sahip \u00e7ykmalydyr. LA\u00dc\u2019deki sendikala?ma m\u00fccadelesi ile Kybrys sorunu arasyndaki ba?, sivil toplumcu entellekt\u00fceller i\u00e7in g\u00f6r\u00fcn\u00fcr olmayabilir. Ancak biz devrimciler i\u00e7in g\u00fcn gibi a\u00e7yktyr.<\/span><\/p>\n<p><span style=\"font-size: 10pt; font-family: Verdana;\">\u00a0 <\/span><\/p>\n<p class=\"MsoNormal\" style=\"margin: 0cm 0cm 0pt;\"><span style=\"font-size: 10pt; font-family: Verdana;\">DA\u00dc\u2019de Kolektif \u00d6?renci Hareketi\u2019nden sonra, ?imdi de Atat\u00fcrk \u00d6?retmen Akademisi\u2019nde bir kypyrdanma ya?anyyor. Hen\u00fcz daha embriyo a?amasynda olan bu giri?im, Akademi\u2019nin tarihinde bir ilki ger\u00e7ekle?tirip E?itim Bakanly?y\u2019na y\u00f6nelik kitlesel bir basyn a\u00e7yklamasy ger\u00e7ekle?tirdi. Akademi standartlarynda bir devrim niteli?i ta?yyan bu hareket de elbet kendi yolunu bulacak, kendi g\u00fcndemini olu?turacaktyr. <\/span><\/p>\n<p><span style=\"font-size: 10pt; font-family: Verdana;\">\u00a0 <\/span><\/p>\n<p class=\"MsoNormal\" style=\"margin: 0cm 0cm 0pt;\"><span style=\"font-size: 10pt; font-family: Verdana;\">Burnu b\u00fcy\u00fck solcularymyzyn, syr\u00e7a kulelerinden de?erlendirdikleri g\u00fcndem hep \u00d6NEMLY!, B\u00dcY\u00dcK! meseleler etrafynda d\u00f6ner. Oysa \u00fclkemizin sokaklarynda ve okullarynda, i?yerlerinde ve mahallelerinde i?ne ile kuyu kazan devrimciler onlara g\u00f6re hep \u201ctali meselelerle\u201d u?ra?maktadyrlar. Devrimciler \u00c7a?layan\u2019da tarih yazyp, asimilasyona net, anla?ylyr ve g\u00fcr bir \u201cHAYIR\u201d dediklerinde, reklam fyrsatyny ka\u00e7yran mankenler gibi kameralaryn \u00f6n\u00fcne ko?anlar, ardyndan da kuytu inlerine, k\u00fc\u00e7\u00fck tekkelerine d\u00f6nerek \u201c<em>bu da mesele mi ki u?ra?yyorlar<\/em>\u201d diyenler de bu tatly su solculary idi. Ancak sivil fa?istler, TMT, UHH ve KTP onlar kadar k\u00f6r, onlar kadar aymaz bir durumda olmadyklaryndan, \u201ci?gal, i?gal\u201d diye ba?yranlara de?il, \u201c\u00c7a?layan\u2019a ismini iade edin\u201d diye m\u00fccadele edenlere saldyrdy. \u00c7\u00fcnk\u00fc hayat k\u00fc\u00e7\u00fck meselelerin toplamyndan, zafer tek tek silahlaryn namlularyndan \u00e7ykan kur?unlardan ve devrim k\u00fc\u00e7\u00fck insanlaryn kendi g\u00fcnl\u00fck hayatyna sahip \u00e7ykmasyndan olu?ur. Hayat bunu \u00f6?renmeyip kyrk senedir ayny t\u00fcrk\u00fcy\u00fc s\u00f6ylemekte ysrar edenlere \u00f6?retecektir.<\/span><\/p>\n<p class=\"MsoNormal\" style=\"margin: 0cm 0cm 0pt;\"><span style=\"font-size: 10pt; font-family: Verdana;\">\u00a0\u00a0 <\/span><\/p>\n<p><span style=\"font-size: 10pt; font-family: Verdana;\">Baraka bir k\u00fclt\u00fcr merkezidir. K\u00fclt\u00fcrel alany asla ihmal etmez. Kavga b\u00fcy\u00fck de olsa tiyatro ekibimiz perdelerini a\u00e7maya devam ediyor. Kavga her yere yayylmy? da olsa; her eylemde t\u00fcrk\u00fclerini, ?arkylaryny, mar?laryny seslendiren Sol Anahtary, alb\u00fcm \u00e7aly?malaryna da devam ediyor. Baraka, k\u00fclt\u00fcr\u00fcn ve sanatyn devrimci g\u00fcc\u00fcn\u00fc asla siyasete tabi kylmyyor. Ama k\u00fclt\u00fcrel yabancyla?manyn doruklarynda gezinen halktan kopuk sanat\u00e7ylarla da uzla?myyor.<\/span><\/p>\n<p class=\"MsoNormal\" style=\"margin: 0cm 0cm 0pt;\"><span style=\"font-size: 10pt; font-family: Verdana;\">\u00a0\u00a0 \u00a0<\/span><\/p>\n<p class=\"MsoNormal\" style=\"margin: 0cm 0cm 0pt;\"><span style=\"font-size: 10pt; font-family: Verdana;\">\u00dclkemizde geli?en devrimci hareket, t\u00fcm alanlaryn en ileri unsurlarynyn, devrimci bilincin kadrolary olarak \u00f6rg\u00fctlenmesi ile somutla?acaktyr. Ama daha o g\u00fcn gelmemi?tir. Halkyn teker teker her mevzide verdi?i m\u00fccadele, devrimci \u00f6znenin bilincini yo?uracak, onu ?ekillendirecek, ona \u00f6?retecektir. Devrimci \u00f6zne halktan \u00f6?renecektir ki, halka \u00f6?retebilsin! Bunun i\u00e7in okurlarymyzy, huzursuzlu?un oldu?u her yerde, \u00f6nemli \u00f6nemsiz, k\u00fc\u00e7\u00fck b\u00fcy\u00fck, merkezi tali, kalycy ge\u00e7ici diye d\u00fc?\u00fcnmeden \u00f6rg\u00fctlenmeye \u00e7a?yryyoruz. \u00d6rg\u00fctlenin, kitlelerle bulu?un, kitlelerden \u00f6?renin ve kitlelere \u00f6?retin! \u00d6rg\u00fctl\u00fcl\u00fc?\u00fcn\u00fczde biriktirdi?iniz deneyimi, di?er \u00f6rg\u00fctl\u00fcl\u00fcklerin deneyimleri ile de?i? toku? edece?iniz kadrola?ma g\u00fcn\u00fc geldi?inde, fa?istlerin salyalaryny akyta akyta \u00fczerinize saldyrdy?yny g\u00f6receksiniz. O g\u00fcn, syr\u00e7a kulelerindeki entellekt\u00fceller de size katylmak isteyecekler. Ancak hayatyn g\u00fc\u00e7l\u00fc akyntysy onlary \u00e7oktan sizden uzakla?tyrmy? olacaktyr.<\/span><\/p>\n<p class=\"MsoNormal\" style=\"margin: 0cm 0cm 0pt;\"><span style=\"font-size: 10pt; font-family: Verdana;\">\u00a0\u00a0 <\/span><\/p>\n<p class=\"MsoNormal\" style=\"margin: 0cm 0cm 0pt;\"><span style=\"font-size: 10pt; font-family: Verdana;\">G\u00fcmb\u00fcr g\u00fcmb\u00fcr bir yaz geliyor. Ge\u00e7mi?teki tek alanly ve tek boyutlu m\u00fccadelelerin sonu\u00e7suz kysyrly?y sona eriyor. Yazyn habercisi bahar, 1 Mayys\u2019la ta\u00e7lanyyor. Baraka yine alanlarda olacak. Birlikte y\u00fcr\u00fcyece?iniz \u00f6z \u00f6rg\u00fct\u00fcn\u00fcz varsa \u00f6rg\u00fct\u00fcn\u00fcz\u00fcn kortejinde, yoksa Baraka bayra?ynyn altynda ama mutlaka 1 Mayys alanynda bulu?alym. Kybrys\u2019yn ba?ymsyz, halklarynyn karde? olmasy gerekti?ini alanlarda haykyralym. \u00c7\u00fcnk\u00fc ge\u00e7mi?in kabu?u s\u00f6k\u00fcl\u00fcp atylmalydyr. Alanlardaki hareketler, kendi suretlerinde bir m\u00fccadele yaratmalydyr.<\/span><span style=\"font-size: 10pt; font-family: Verdana;\">\u00a0<\/span><\/p>\n<p class=\"MsoNormal\" style=\"margin: 0cm 0cm 0pt;\">\n<p class=\"MsoNormal\" style=\"margin: 0cm 0cm 0pt;\"><em><span style=\"font-size: 10pt; font-family: Verdana;\"><strong>M\u00fcn\u00fcr Rahvancyo?lu<\/strong><\/span><\/em><\/p>\n<p class=\"MsoNormal\" style=\"margin: 0cm 0cm 0pt;\"><em><span style=\"font-size: 10pt; font-family: Verdana;\"><strong>Halil Karapa?ao?lu<\/strong><\/span><\/em><\/p>\n<p class=\"MsoNormal\" style=\"margin: 0cm 0cm 0pt;\"><em><span style=\"font-size: 10pt; font-family: Verdana;\"><strong>?ifa Al\u00e7ycyo?lu<\/strong><\/span><\/em><\/p>\n<p class=\"MsoNormal\" style=\"margin: 0cm 0cm 0pt;\"><em><span style=\"font-size: 10pt; font-family: Verdana;\"><strong>Besim Baysal<\/strong><\/span><\/em><span style=\"font-size: 10pt; font-family: Verdana;\">\u00a0<\/span><\/p>\n<p class=\"MsoNormal\" style=\"margin: 0cm 0cm 0pt;\"><span style=\"font-size: 10pt; font-family: Verdana;\"><strong>\u00a0\u00a0\u00a0 \u00a0<\/strong><\/span><\/p>\n<p><span style=\"font-size: 10pt; font-family: Verdana;\"><strong>\u00a0\u00a0\u00a0 \u00a0<\/strong><\/span><\/p>\n<p><span style=\"font-size: 10pt; font-family: Verdana;\"><strong>Y<\/strong><\/span><span style=\"font-size: 10pt; font-family: Verdana;\"><strong>\u00c7YNDEKYLER<\/strong><\/span><span style=\"font-size: 10pt; font-family: Verdana;\"> (Dergiyi okumak i\u00e7in tyklayynyz)<\/span><span style=\"font-size: 10pt; font-family: Verdana;\"><br \/>\n<\/span><\/p>\n<p class=\"MsoNormal\" style=\"margin: 0cm 0cm 0pt;\"><span style=\"font-size: 10pt; font-family: Verdana;\"><a href=\"https:\/\/www.baraka.cc\/down\/10_s2_3.pdf\" target=\"_blank\">Sayfa 2 \u2013 <strong>Hammaliye Kurulu\u2019ndan<\/strong><\/a><\/span><\/p>\n<p><a href=\"https:\/\/www.baraka.cc\/down\/10_s2_3.pdf\" target=\"_blank\"><span style=\"font-size: 10pt; font-family: Verdana;\">Sayfa 3 \u2013 <strong>Neden \u201cBa?ymsyz Kybrys B\u00fct\u00fcn Halklar Karde?tir\u201d<\/strong>, M\u00fcn\u00fcr Rahvancyo?lu<\/span> <\/a><\/p>\n<p class=\"MsoNormal\" style=\"margin: 0cm 0cm 0pt;\"><span style=\"font-size: 10pt; font-family: Verdana;\"><a href=\"https:\/\/www.baraka.cc\/down\/10_s4_5.pdf\" target=\"_blank\">Sayfa 4 \u2013 <strong>Memleketin Ahvali<\/strong><\/a><\/span><\/p>\n<p class=\"MsoNormal\" style=\"margin: 0cm 0cm 0pt;\"><span style=\"font-size: 10pt; font-family: Verdana;\">\u00a0 \u00a0<\/span><\/p>\n<p><span style=\"font-size: 10pt; font-family: Verdana;\"><a href=\"https:\/\/www.baraka.cc\/down\/10_s6_7.pdf\" target=\"_blank\">Sayfa 6 \u2013 <strong>Talat-Hristofyas G\u00f6r\u00fc?meleri Bary? Getirir Mi?, <\/strong>Besim Baysal<\/a><\/span><\/p>\n<p class=\"MsoNormal\" style=\"margin: 0cm 0cm 0pt;\"><span style=\"font-size: 10pt; font-family: Verdana;\">\u00a0 \u00a0<\/span><\/p>\n<p class=\"MsoNormal\" style=\"margin: 0cm 0cm 0pt;\"><a href=\"https:\/\/www.baraka.cc\/down\/10_s8.pdf\" target=\"_blank\"><span style=\"font-size: 10pt; font-family: Verdana;\">Sayfa 8 \u2013 <strong>Hristofyas\u2019yn Se\u00e7im zaferi Ne Getirecek, <\/strong><\/span><span style=\"font-size: 10pt; font-family: Verdana;\">Dinos Agiomamitis<\/span><\/a><\/p>\n<p><a href=\"https:\/\/www.baraka.cc\/down\/10_s9_20.pdf\" target=\"_blank\"><span style=\"font-size: 10pt; font-family: Verdana;\">Sayfa 9 \u2013 <strong>\u00d6?retmen Akademisi\u2019nde \u00d6?renci Hareketi<\/strong>, Mehmet Adaman<\/span> <\/a><\/p>\n<p class=\"MsoNormal\" style=\"margin: 0cm 0cm 0pt;\"><a href=\"https:\/\/www.baraka.cc\/down\/10_s9_20.pdf\" target=\"_blank\"><span style=\"font-size: 10pt; font-family: Verdana;\">Sayfa 10 \u2013 <strong>Baraka\u2019nyn Ahvali<\/strong><\/span> <\/a><\/p>\n<p class=\"MsoNormal\" style=\"margin: 0cm 0cm 0pt;\"><span style=\"font-size: 10pt; font-family: Verdana;\"><a href=\"https:\/\/www.baraka.cc\/down\/10_s9_20.pdf\" target=\"_blank\">\u00a0 \u00a0<\/a><\/span><\/p>\n<p><a href=\"https:\/\/www.baraka.cc\/down\/10_s9_20.pdf\" target=\"_blank\"><span style=\"font-size: 10pt; font-family: Verdana;\">Sayfa 12 \u2013 <strong>Neden Fon Almyyoruz?, <\/strong>Halil Karapa?ao?lu<\/span> <\/a><\/p>\n<p class=\"MsoNormal\" style=\"margin: 0cm 0cm 0pt;\"><span style=\"font-size: 10pt; font-family: Verdana;\"><a href=\"https:\/\/www.baraka.cc\/down\/10_s9_20.pdf\" target=\"_blank\">\u00a0 \u00a0<\/a><\/span><\/p>\n<p><a href=\"https:\/\/www.baraka.cc\/down\/10_s9_20.pdf\" target=\"_blank\"><span style=\"font-size: 10pt; font-family: Verdana;\">Sayfa 14 \u2013 <strong>Toplumsal Cinsiyet E?itli?i, <\/strong>Mine Balman<\/span> <\/a><\/p>\n<p class=\"MsoNormal\" style=\"margin: 0cm 0cm 0pt;\"><span style=\"font-size: 10pt; font-family: Verdana;\"><a href=\"https:\/\/www.baraka.cc\/down\/10_s9_20.pdf\" target=\"_blank\">\u00a0 \u00a0<\/a><\/span><\/p>\n<p><a href=\"https:\/\/www.baraka.cc\/down\/10_s9_20.pdf\" target=\"_blank\"><span style=\"font-size: 10pt; font-family: Verdana;\">Sayfa 16 \u2013 <strong>1 Mayys\u2019yn Tarih\u00e7esi<\/strong><\/span> <\/a><\/p>\n<p class=\"MsoNormal\" style=\"margin: 0cm 0cm 0pt;\"><span style=\"font-size: 10pt; font-family: Verdana;\"><a href=\"https:\/\/www.baraka.cc\/down\/10_s9_20.pdf\" target=\"_blank\">\u00a0 \u00a0<\/a><\/span><\/p>\n<p><a href=\"https:\/\/www.baraka.cc\/down\/10_s9_20.pdf\" target=\"_blank\"><span style=\"font-size: 10pt; font-family: Verdana;\">Sayfa 16 \u2013 <strong>1 Mayys<\/strong>, Nazen ?ansal<\/span> <\/a><\/p>\n<p class=\"MsoNormal\" style=\"margin: 0cm 0cm 0pt;\"><span style=\"font-size: 10pt; font-family: Verdana;\"><a href=\"https:\/\/www.baraka.cc\/down\/10_s9_20.pdf\" target=\"_blank\">\u00a0 \u00a0<\/a><\/span><\/p>\n<p><a href=\"https:\/\/www.baraka.cc\/down\/10_s9_20.pdf\" target=\"_blank\"><span style=\"font-size: 10pt; font-family: Verdana;\">Sayfa 18 \u2013 <strong>Bellek \u2013 6 Mayys 1972<\/strong>, Ali ?ahin<\/span> <\/a><\/p>\n<p class=\"MsoNormal\" style=\"margin: 0cm 0cm 0pt;\"><span style=\"font-size: 10pt; font-family: Verdana;\"><a href=\"https:\/\/www.baraka.cc\/down\/10_s9_20.pdf\" target=\"_blank\">\u00a0 \u00a0<\/a><\/span><\/p>\n<p><a href=\"https:\/\/www.baraka.cc\/down\/10_s9_20.pdf\" target=\"_blank\"><span style=\"font-size: 10pt; font-family: Verdana;\">Sayfa 19 \u2013 <strong>Bellek \u2013 Kybrys\u2019yn Ba?ymsyzlyk Yolu, <\/strong>M\u00fcn\u00fcr Rahvancyo?lu<\/span> <\/a><\/p>\n<p class=\"MsoNormal\" style=\"margin: 0cm 0cm 0pt;\"><span style=\"font-size: 10pt; font-family: Verdana;\"><a href=\"https:\/\/www.baraka.cc\/down\/10_s9_20.pdf\" target=\"_blank\">\u00a0 \u00a0<\/a><\/span><\/p>\n<p><span style=\"font-size: 10pt; font-family: Verdana;\"><a href=\"https:\/\/www.baraka.cc\/down\/10_s9_20.pdf\" target=\"_blank\">Sayfa 20 \u2013 <strong>Deneme \u2013 ?iir \u00dczerine ?iirlenirim, <\/strong>Halil Karapa?ao?lu<\/a><\/span><\/p>\n<p class=\"MsoNormal\" style=\"margin: 0cm 0cm 0pt;\"><span style=\"font-size: 10pt; font-family: Verdana;\">\u00a0 \u00a0<\/span><\/p>\n<p><a href=\"https:\/\/www.baraka.cc\/down\/10_s21_31.pdf\" target=\"_blank\"><span style=\"font-size: 10pt; font-family: Verdana;\">Sayfa 21 \u2013 <strong>Ynsanlaryn Hikayesi K\u00f6ylerin Tarihi<\/strong>, Besim Baysal<\/span> <\/a><\/p>\n<p class=\"MsoNormal\" style=\"margin: 0cm 0cm 0pt;\"><span style=\"font-size: 10pt; font-family: Verdana;\"><a href=\"https:\/\/www.baraka.cc\/down\/10_s21_31.pdf\" target=\"_blank\">\u00a0 \u00a0<\/a><\/span><\/p>\n<p><a href=\"https:\/\/www.baraka.cc\/down\/10_s21_31.pdf\" target=\"_blank\"><span style=\"font-size: 10pt; font-family: Verdana;\">Sayfa 22 \u2013 <strong>\u00c7aly?ma Ya?amynda Haklarymyz<\/strong><\/span> <\/a><\/p>\n<p class=\"MsoNormal\" style=\"margin: 0cm 0cm 0pt;\"><span style=\"font-size: 10pt; font-family: Verdana;\"><a href=\"https:\/\/www.baraka.cc\/down\/10_s21_31.pdf\" target=\"_blank\">\u00a0 \u00a0<\/a><\/span><\/p>\n<p><a href=\"https:\/\/www.baraka.cc\/down\/10_s21_31.pdf\" target=\"_blank\"><span style=\"font-size: 10pt; font-family: Verdana;\">Sayfa 23 \u2013 <strong>KTOE\u00d6S\u2019\u00fcn LA\u00dc \u00d6rg\u00fctlenmesi<\/strong>, M\u00fcn\u00fcr Rahvancyo?lu<\/span> <\/a><\/p>\n<p class=\"MsoNormal\" style=\"margin: 0cm 0cm 0pt;\"><span style=\"font-size: 10pt; font-family: Verdana;\"><a href=\"https:\/\/www.baraka.cc\/down\/10_s21_31.pdf\" target=\"_blank\">\u00a0 \u00a0<\/a><\/span><\/p>\n<p><a href=\"https:\/\/www.baraka.cc\/down\/10_s21_31.pdf\" target=\"_blank\"><span style=\"font-size: 10pt; font-family: Verdana;\">Sayfa 24 \u2013 <strong>Neo-Liberalizmin Kyskacynda \u00dcniversite, <\/strong>Hasan Yykycy<\/span> <\/a><\/p>\n<p class=\"MsoNormal\" style=\"margin: 0cm 0cm 0pt;\"><span style=\"font-size: 10pt; font-family: Verdana;\"><a href=\"https:\/\/www.baraka.cc\/down\/10_s21_31.pdf\" target=\"_blank\">\u00a0 \u00a0<\/a><\/span><\/p>\n<p><a href=\"https:\/\/www.baraka.cc\/down\/10_s21_31.pdf\" target=\"_blank\"><span style=\"font-size: 10pt; font-family: Verdana;\">Sayfa 25 \u2013 <strong>Liseliyim \u2013 \u00d6SS<\/strong>, Ceyda Al\u00e7ycyo?lu<\/span> <\/a><\/p>\n<p class=\"MsoNormal\" style=\"margin: 0cm 0cm 0pt;\"><span style=\"font-size: 10pt; font-family: Verdana;\"><a href=\"https:\/\/www.baraka.cc\/down\/10_s21_31.pdf\" target=\"_blank\">\u00a0 \u00a0<\/a><\/span><\/p>\n<p><a href=\"https:\/\/www.baraka.cc\/down\/10_s21_31.pdf\" target=\"_blank\"><span style=\"font-size: 10pt; font-family: Verdana;\">Sayfa 26 \u2013 <strong>\u00d6yk\u00fc &#8211; Gri, Ye?il, Sary, <\/strong>Erkal T\u00fclek<\/span> <\/a><\/p>\n<p class=\"MsoNormal\" style=\"margin: 0cm 0cm 0pt;\"><span style=\"font-size: 10pt; font-family: Verdana;\"><a href=\"https:\/\/www.baraka.cc\/down\/10_s21_31.pdf\" target=\"_blank\">\u00a0 \u00a0<\/a><\/span><\/p>\n<p><a href=\"https:\/\/www.baraka.cc\/down\/10_s21_31.pdf\" target=\"_blank\"><span style=\"font-size: 10pt; font-family: Verdana;\">Sayfa 28 \u2013 <strong>K\u00fct\u00fcphane \u2013 Kayyp Romanlar, <\/strong>?ifa Al\u00e7ycyo?lu<\/span> <\/a><\/p>\n<p class=\"MsoNormal\" style=\"margin: 0cm 0cm 0pt;\"><span style=\"font-size: 10pt; font-family: Verdana;\"><a href=\"https:\/\/www.baraka.cc\/down\/10_s21_31.pdf\" target=\"_blank\">\u00a0 \u00a0<\/a><\/span><\/p>\n<p><a href=\"https:\/\/www.baraka.cc\/down\/10_s21_31.pdf\" target=\"_blank\"><span style=\"font-size: 10pt; font-family: Verdana;\">Sayfa 29 \u2013 <strong>?iir<\/strong><\/span> <\/a><\/p>\n<p class=\"MsoNormal\" style=\"margin: 0cm 0cm 0pt;\"><span style=\"font-size: 10pt; font-family: Verdana;\"><a href=\"https:\/\/www.baraka.cc\/down\/10_s21_31.pdf\" target=\"_blank\">\u00a0 \u00a0<\/a><\/span><\/p>\n<p><a href=\"https:\/\/www.baraka.cc\/down\/10_s21_31.pdf\" target=\"_blank\"><span style=\"font-size: 10pt; font-family: Verdana;\">Sayfa 30 \u2013 <strong>2008 Olimpiyatlary<\/strong>, Mehmet Adaman<\/span> <\/a><\/p>\n<p class=\"MsoNormal\" style=\"margin: 0cm 0cm 0pt;\"><span style=\"font-size: 10pt; font-family: Verdana;\"><a href=\"https:\/\/www.baraka.cc\/down\/10_s21_31.pdf\" target=\"_blank\">\u00a0 \u00a0<\/a><\/span><\/p>\n<p><span style=\"font-size: 10pt; font-family: Verdana;\"><a href=\"https:\/\/www.baraka.cc\/down\/10_s21_31.pdf\" target=\"_blank\">Sayfa 31 \u2013 <strong>?iir \u2013 Nazym Hikmet<\/strong><\/a><\/span><\/p>\n<p class=\"MsoNormal\" style=\"margin: 0cm 0cm 0pt;\">\n","protected":false},"excerpt":{"rendered":"<p>\u00a0 \u00a0 \u00a0\u00a0\u00a0\u00a0 \u201cHareketler, Kendi Suretlerinde Bir M\u00fccadele Yaratmalydyr\u201d\u00a0 G\u00fcmb\u00fcr g\u00fcmb\u00fcr bir yaz geliyor. Ge\u00e7mi?teki tek alanly ve tek boyutlu m\u00fccadelelerin sonu\u00e7suz kysyrly?y sona eriyor.<\/p>\n","protected":false},"author":1,"featured_media":0,"comment_status":"open","ping_status":"open","sticky":false,"template":"","format":"standard","meta":{"jetpack_post_was_ever_published":false,"_jetpack_newsletter_access":"","_jetpack_newsletter_tier_id":0,"jetpack_publicize_message":"","jetpack_is_tweetstorm":false,"jetpack_publicize_feature_enabled":true,"jetpack_social_post_already_shared":false,"jetpack_social_options":{"image_generator_settings":{"template":"highway","enabled":false}}},"categories":[67],"tags":[],"jetpack_publicize_connections":[],"jetpack_featured_media_url":"","jetpack_shortlink":"https:\/\/wp.me\/p4eHWX-oV","jetpack_sharing_enabled":true,"_links":{"self":[{"href":"https:\/\/baraka.cc\/index.php?rest_route=\/wp\/v2\/posts\/1545"}],"collection":[{"href":"https:\/\/baraka.cc\/index.php?rest_route=\/wp\/v2\/posts"}],"about":[{"href":"https:\/\/baraka.cc\/index.php?rest_route=\/wp\/v2\/types\/post"}],"author":[{"embeddable":true,"href":"https:\/\/baraka.cc\/index.php?rest_route=\/wp\/v2\/users\/1"}],"replies":[{"embeddable":true,"href":"https:\/\/baraka.cc\/index.php?rest_route=%2Fwp%2Fv2%2Fcomments&post=1545"}],"version-history":[{"count":0,"href":"https:\/\/baraka.cc\/index.php?rest_route=\/wp\/v2\/posts\/1545\/revisions"}],"wp:attachment":[{"href":"https:\/\/baraka.cc\/index.php?rest_route=%2Fwp%2Fv2%2Fmedia&parent=1545"}],"wp:term":[{"taxonomy":"category","embeddable":true,"href":"https:\/\/baraka.cc\/index.php?rest_route=%2Fwp%2Fv2%2Fcategories&post=1545"},{"taxonomy":"post_tag","embeddable":true,"href":"https:\/\/baraka.cc\/index.php?rest_route=%2Fwp%2Fv2%2Ftags&post=1545"}],"curies":[{"name":"wp","href":"https:\/\/api.w.org\/{rel}","templated":true}]}}