{"id":1546,"date":"2008-07-06T12:30:30","date_gmt":"2008-07-06T10:30:30","guid":{"rendered":"https:\/\/baraka.cc\/?p=1546"},"modified":"2014-01-06T12:30:48","modified_gmt":"2014-01-06T10:30:48","slug":"argasdi-11","status":"publish","type":"post","link":"https:\/\/baraka.cc\/?p=1546","title":{"rendered":"argasdi 11"},"content":{"rendered":"<p><span style=\"font-size: 10pt; font-family: Verdana;\">\u00a0<\/span><\/p>\n<p class=\"MsoNormal\" style=\"margin: 0cm 0cm 0pt; text-align: justify;\">\n<p>&nbsp;<\/p>\n<p>&nbsp;<\/p>\n<p class=\"MsoNormal\" style=\"margin: 0cm 0cm 0pt; text-align: justify;\">\n<p class=\"MsoNormal\" style=\"margin: 0cm 0cm 0pt; text-align: justify;\"><span style=\"font-size: 10pt; font-family: Verdana;\"><a href=\"https:\/\/www.baraka.cc\/images\/stories\/argasdi_11_on.jpg\" target=\"_blank\"><img decoding=\"async\" loading=\"lazy\" alt=\" \" src=\"https:\/\/www.baraka.cc\/images\/stories\/argasdi_11_on.jpg\" width=\"150\" height=\"210\" border=\"2\" \/><\/a>\u00a0 <a href=\"https:\/\/www.baraka.cc\/images\/stories\/argasdi_11_arka.jpg\" target=\"_blank\"><img decoding=\"async\" loading=\"lazy\" alt=\" \" src=\"https:\/\/www.baraka.cc\/images\/stories\/argasdi_11_arka.jpg\" width=\"150\" height=\"210\" border=\"2\" \/><\/a><\/span><\/p>\n<p class=\"MsoNormal\" style=\"margin: 0cm 0cm 0pt; text-align: justify;\">\n<p class=\"MsoNormal\" style=\"margin: 0cm 0cm 0pt; text-align: justify;\"><span style=\"font-size: 10pt; font-family: Verdana;\">Argasdi\u2019nin 11inci sayysy elinize bir ay erken ula?ty. 2006 yyly Mayys\u2019yndan beridir aksamadan her \u00fc\u00e7 ayda bir yayynlanan dergimizin periyodunu, yyl ba?larynda Ocak ayyna denk getirmek i\u00e7in b\u00f6yle bir d\u00fczenleme yaptyk. B\u00f6ylece her yyl ocak ayynda, bir \u00f6nceki yylyn g\u00fcndemini ve gelecek yyla dair \u00f6ng\u00f6r\u00fclerimizi de payla?abilece?iz sizlerle. Aslyna bakarsanyz bir \u00f6nceki sayymyzy iki aylyk yaparak, periyodumuzu kysaltmak konusunda kendi kendimizi de synamy? olduk. G\u00f6rd\u00fck ki, iki aylyk veya aylyk bir periyodu tutturmamyz da m\u00fcmk\u00fcn&#8230; Ancak ?imdilik bunu yapmayaca?yz. \u00c7\u00fcnk\u00fc Baraka\u2019nyn faliyetleri sadece Argasdi\u2019den ibaret de?il ve di?er alanlaryn da zamana, kayna?a ve enerjiye ihtiyacy var. Maddi ve manevi imkanlarymyzy olabildi?ince rasyonel bir ?ekilde kullanmamyz gereken g\u00fcnlerden ge\u00e7iyoruz.<\/span><\/p>\n<p><span style=\"font-size: 10pt; font-family: Verdana;\">\u00a0 \u00a0<\/span><\/p>\n<p class=\"MsoNormal\" style=\"margin: 0cm 0cm 0pt; text-align: justify;\"><span style=\"font-size: 10pt; font-family: Verdana;\">Bu sayymyzda KTOE\u00d6S\u2019\u00fcn mayys ayyna damgasyny vuran grevlerini merkeze alarak sendikacylyk eksenli bir dosya olu?turduk. Mayys ayynda \u201cKydemli \u00d6?retmen\u201d meselesi \u00fczerinden ya?anan tarty?malaryn, sendikalar arasy ili?kiler, emek hareketinin genel \u00e7ykarlary ve \u00f6?renciler ile ilgili boyutlaryny ayryntyly olarak incelemeye \u00e7aly?tyk. Bu arada KTOE\u00d6S\u2019\u00fcn son zamanlarda y\u00fcr\u00fctt\u00fc?\u00fc tarty?masyz en do?ru i? olan LA\u00dc\u2019deki \u00f6rg\u00fctlenme giri?imine de dosyamyzda yer verdik. Sendikal m\u00fccadele eksenli bir sayy yapty?ymyzdan Memur-Sen\u2019in Merkez Bankasy\u2019nda y\u00fcr\u00fctt\u00fc?\u00fc hakly m\u00fccadele ve genel olarak sendikacylyk \u00fczerine yazylary da bu sayymyzda bulabilirsiniz.<\/span><\/p>\n<p><span style=\"font-size: 10pt; font-family: Verdana;\">\u00a0 <\/span><\/p>\n<p class=\"MsoNormal\" style=\"margin: 0cm 0cm 0pt; text-align: justify;\"><span style=\"font-size: 10pt; font-family: Verdana;\">1 Mayys, son yyllaryn en kitlesel ve en co?kulu eylemlerine sahne oldu. Yyllardan beridir Dev-Y? aracyly?y ile emek hareketini kontrol\u00fc altynda tutan CTP, bu yyl kontrol\u00fc kaybetti. Ge\u00e7ti?imiz yyl, kimin hangi slogany ataca?yna kadar belirlemeye \u00e7aly?an, bunu kabul etmeyen kesimlere barikatlar kuran despot CTP manty?y; bu yyl Saray\u00f6n\u00fc\u2019ne yalnyz ba?yna \u00e7ykmak zorunda kaldy. Tabii t\u00fcm bunlar bu kadar kolay ve olaysyz olmady. 1 Mayys tarihi yakla?yrken, CTP elindeki t\u00fcm imkanlary seferber ederek halkyn g\u00f6z\u00fcnde kendi pozisyonunu g\u00fc\u00e7lendirmeye, Saray\u00f6n\u00fc\u2019ne katylacak insan sayysyny arttyrmaya \u00e7aly?yyordu. T\u00fcm televizyonlar, neredeyse t\u00fcm radyolar, Afrika ve Ortam dy?ynda t\u00fcm gazeteler ve devletin haber ajansy dahil t\u00fcm kaynaklardan, halkyn \u00fczerine CTP propagandasy boca edildi. Y?birlik\u00e7i sendikalar ve ba?ymsyz sendikalar i\u00e7indeki i?birlik\u00e7iler seferber edilirken, m\u00fcd\u00fcrler, m\u00fcste?arlardan ba?layarak en uzak k\u00f6ydeki parti oca?yna kadar her birime 1 Mayys\u2019a katylma talimaty veriliyordu. Ancak bu s\u00fcreci ger\u00e7ek bir hesapla?ma olarak g\u00f6ren geni? halk kitleleri, 1 Mayys ak?amynda CTP\u2019ye ciddi bir ders verdi. Maddi-manevi t\u00fcm imkanlaryna ra?men, Kyzyl 1 Mayys\u2019yn yarysyna bile ula?amayan, co?ku ve emek eksenli talepler bakymyndan ise hi\u00e7 esamesi okunmayan \u201ch\u00fck\u00fcmet kutlamalary\u201dnyn sonunda, CTP ders \u00e7ykaraca?yna daha da \u00f6fkelendi. Ba?bakan ba?ymsyz sendikalary b\u00f6l\u00fcc\u00fcl\u00fckle su\u00e7larken, CTP Gen\u00e7lik Kollary b\u00f6l\u00fcnmede tek gerek\u00e7enin \u201cCTP D\u00fc?manly?y\u201d oldu?unu ilan ediyordu. En azyndan Saray\u00f6n\u00fc\u2019ne giden sendikalaryn \u201cCTP dostu\u201d oldu?unun kabul\u00fc olan bu a\u00e7yklamadan sonra ise Dev-Y?\u2019ten bomba gibi bir haber geldi: \u201cDA\u00dc Bir-Sen Dev-Y?\u2019ten ihra\u00e7 edilmi?tir.\u201d<\/span><\/p>\n<p><span style=\"font-size: 10pt; font-family: Verdana;\">\u00a0 <\/span><\/p>\n<p class=\"MsoNormal\" style=\"margin: 0cm 0cm 0pt; text-align: justify;\"><span style=\"font-size: 10pt; font-family: Verdana;\">Ba?aryly 1 Mayys mitingi sonrasynda emek ve bary? g\u00fc\u00e7leri a\u00e7ysyndan ciddi bir \u00e7yky? imkany sunan LA\u00dc\u2019deki sendikala?ma m\u00fccadelesine y\u00fcklenmek gerekiyordu. Ancak KTOE\u00d6S\u2019\u00fcn yanly? bir strateji ve gereksiz bir taktiksel yakla?ymla ortaya s\u00fcrd\u00fc?\u00fc \u201cKydemli \u00d6?retmen\u201d konusu t\u00fcm g\u00fcndemi i?gal ediverdi. Ylerleyen sayfalarda ayryntyly olarak tarty?ty?ymyz bu konu \u00f6ylesine bir g\u00fcr\u00fclt\u00fc kopardy ki, sadece LA\u00dc de?il Merkez Bankasy\u2019ndaki grev de g\u00f6r\u00fclmez, duyulmaz oldu. Merkez Bankasy\u2019nda ya?ananlar; TC\u2019den atanan bir Genel M\u00fcd\u00fcr\u2019\u00fcn Kybrys T\u00fcrk halkyny yok sayan \u201cAdana\u2019dakiler gibi olun\u201d a\u00e7yklamasy, TC Devletinin Merkez Bankasy\u2019na grev kyrycy g\u00f6ndermesi ve yine TC tarafyndan Merkez Bankasy by-pass edilerek Ziraat Bankasy\u2019nyn grev boyunca \u201cyasa dy?y Merkez Bankasy\u201d olarak kullanylmasy gibi ciddi meselelerdi. Kybrys T\u00fcrk halkynyn yyllardan bu yana TC hegomonyasyna kar?y vermekte oldu?u onur m\u00fccadelesi, Merkez Bankasy\u2019nda ya?ananlarda kendine ciddi dayanak noktalary bulabilirdi. Ancak gerek Memur-Sen\u2019in sa? bir sendika olmasyndan kaynakly \u00f6nyargylar, gerekse de e?itimde ya?anmakta olan grevlerin verdi?i savunmacy ruh hali, bu m\u00fcthi? fyrsaty de?erlendirmeye imkan vermedi. Gene de eme?in ve emek\u00e7inin haklaryny ger\u00e7ekten savunmak isteyen herhangi bir sendikanyn kar?ysynda bulaca?y g\u00fcc\u00fcn TC oldu?u b\u00f6ylece g\u00f6r\u00fclm\u00fc? oldu.<\/span><\/p>\n<p><span style=\"font-size: 10pt; font-family: Verdana;\">\u00a0 \u00a0<\/span><\/p>\n<p class=\"MsoNormal\" style=\"margin: 0cm 0cm 0pt; text-align: justify;\"><span style=\"font-size: 10pt; font-family: Verdana;\">Ger\u00e7i Merkez Bankasy\u2019nda ka\u00e7my? olan fyrsat hen\u00fcz LA\u00dc\u2019de ka\u00e7my? de?il. Ancak ciddi bir inisiyatif kaybynyn s\u00f6z konusu oldu?u da ger\u00e7ek. Halkymyz t\u00fcm kesimleri ile LA\u00dc\u2019deki emek\u00e7ileri destekliyor da olsa, emek g\u00fc\u00e7leri hem ger\u00e7ek bir \u00f6nderlikten yoksun hem de birlikte hareket edebilme reflekslerini pek zorlamyyorlar. Durum b\u00f6yleyken LA\u00dc a\u00e7ysyndan da i?ler pek i\u00e7 a\u00e7ycy g\u00f6r\u00fcnm\u00fcyor. 1 Mayys\u2019ta yakalanan hava tekrar yakalanabilir, t\u00fcm kesimler LA\u00dc hedefi ekseninde biraraya gelebilirse, sadece LA\u00dc a\u00e7ysyndan de?il genel olarak sendikal \u00f6rg\u00fctl\u00fcl\u00fck a\u00e7ysyndan \u00e7ok ciddi bir potansiyel a\u00e7y?a \u00e7ykacaktyr. T\u00fcm emek g\u00fc\u00e7leri dikkatini LA\u00dc\u2019ye y\u00f6nlendirmek zorundadyr. Sendikalar, birbirlerine kar?y \u00f6nyargylaryny bir kenara byrakarak, emek hareketinin genelinin \u00e7ykaryna olan bu sendikala?ma m\u00fccadelesine tam destek vermelidir.<\/span><\/p>\n<p><span style=\"font-size: 10pt; font-family: Verdana;\">\u00a0 \u00a0<\/span><\/p>\n<p class=\"MsoNormal\" style=\"margin: 0cm 0cm 0pt; text-align: justify;\"><span style=\"font-size: 10pt; font-family: Verdana;\">\u00dclkemizde neo-liberal politikalary uygulamak misyonu ile h\u00fck\u00fcmet koltu?una oturan CTP, elini uzatty?y her alanda kaos ve karga?a yaratyyor. Bu sadece CTP ile ilgili bir olgu de?ildir. Bu sonu\u00e7 neo-liberal politikalaryn karakterinden kaynaklydyr. Bug\u00fcn, e?itim, sa?lyk, Karpaz, ekoloji, sendikal ya?am, ula?ym, elektrik vb. her alanda emek d\u00fc?many politikalarla saldyryya ge\u00e7en sermaye, t\u00fcm g\u00fcc\u00fcn\u00fc CTP\u2019de birle?tirmi? durumdadyr. \u00dcstelik bu saldyryda yeri geldik\u00e7e asker ve polis gibi kolluk kuvvetleri de kullanylmaktadyr. Neredeyse her eylem ve g\u00f6steride, ya?anan her grevde polisler elleri coplarynda hazyr bekliyorlar. Sendika ba?kanlary tutuklanyyor, eylemciler polis ?iddeti ile sindirilmeye \u00e7aly?ylyyor. CTP ger\u00e7ek bir i\u00e7 sava?yn kurmay partisi gibi hareket ediyor. Hem i?birlik\u00e7ileri aracyly?y ile heryere syzyyor, hem s\u00fcrekli bir ideolojik manip\u00fclasyona hem de polis ?iddetine ba?vuruyor. Bu ko?ullar altynda emek g\u00fc\u00e7lerinin sadece fiziki g\u00fc\u00e7 biriktirmeye de?il, ideolojik bir netle?meye de ihtiyacy vardyr. <\/span><\/p>\n<p><span style=\"font-size: 10pt; font-family: Verdana;\">Baraka K\u00fclt\u00fcr Merkezi olarak, bu kavgada emek g\u00fc\u00e7lerinin yanynda saf tutmu? durumdayyz. ?imdilik alternatif medya cephesinde yeni bir adym attyk: Baraka\u2019nyn eylem ve etkinliklerinin haberlerine daha kolay ula?abilece?iniz web sitemizi<span>\u00a0 <\/span><a href=\"https:\/\/www.baraka.cc\/\"><span><span style=\"text-decoration: underline;\">www.baraka.cc<\/span><\/span><\/a> adresinden yayyna soktuk. Argasdi\u2019nin t\u00fcm eski sayylaryna da bu adresten ula?abilirsiniz.<\/span><\/p>\n<p><strong><span style=\"font-size: 10pt; font-family: Verdana;\">\u00a0M\u00fcn\u00fcr Rahvancyo?lu, ?ifa Al\u00e7ycyo?lu, Besim Baysal, Halil Karapa?ao?lu<\/span><\/strong><span style=\"font-size: 10pt; font-family: Verdana;\">\u00a0<\/span><\/p>\n<p><strong><span style=\"font-size: 10pt; font-family: Verdana;\">Y\u00e7indekiler<\/span><\/strong><span style=\"font-size: 10pt; font-family: Verdana;\">\u00a0<\/span><\/p>\n<p class=\"MsoNormal\" style=\"margin: 0cm 0cm 0pt; text-align: justify;\"><a href=\"https:\/\/www.baraka.cc\/down\/11_s2_23.pdf\" target=\"_blank\"><strong><span style=\"font-size: 10pt; font-family: Verdana;\">Sayfa 2<\/span><\/strong><span style=\"font-size: 10pt; font-family: Verdana;\"> \u2013 Hammaliye Kurulu\u2019ndan<\/span><\/a><\/p>\n<p><a href=\"https:\/\/www.baraka.cc\/down\/11_s2_23.pdf\" target=\"_blank\"><span style=\"font-size: 10pt; font-family: Verdana;\">\u00a0<\/span> <\/a><\/p>\n<p class=\"MsoNormal\" style=\"margin: 0cm 0cm 0pt; text-align: justify;\"><a href=\"https:\/\/www.baraka.cc\/down\/11_s2_23.pdf\" target=\"_blank\"><strong><span style=\"font-size: 10pt; font-family: Verdana;\">Sayfa 3<\/span><\/strong><span style=\"font-size: 10pt; font-family: Verdana;\"> \u2013 KTOE\u00d6S ve LA\u00dc Grevi, <strong>?ifa Al\u00e7ycyo?lu<\/strong><\/span><\/a><\/p>\n<p><a href=\"https:\/\/www.baraka.cc\/down\/11_s2_23.pdf\" target=\"_blank\"><span style=\"font-size: 10pt; font-family: Verdana;\"><strong>\u00a0<\/strong><\/span> <\/a><\/p>\n<p class=\"MsoNormal\" style=\"margin: 0cm 0cm 0pt; text-align: justify;\"><a href=\"https:\/\/www.baraka.cc\/down\/11_s2_23.pdf\" target=\"_blank\"><strong><span style=\"font-size: 10pt; font-family: Verdana;\">Sayfa 4<\/span><\/strong><span style=\"font-size: 10pt; font-family: Verdana;\"> \u2013 \u201cGrev\u201d Var, Grev Var!, <strong>M\u00fcn\u00fcr Rahvancyo?lu<\/strong><\/span><\/a><\/p>\n<p><a href=\"https:\/\/www.baraka.cc\/down\/11_s2_23.pdf\" target=\"_blank\"><span style=\"font-size: 10pt; font-family: Verdana;\"><strong>\u00a0<\/strong><\/span> <\/a><\/p>\n<p class=\"MsoNormal\" style=\"margin: 0cm 0cm 0pt; text-align: justify;\"><a href=\"https:\/\/www.baraka.cc\/down\/11_s2_23.pdf\" target=\"_blank\"><strong><span style=\"font-size: 10pt; font-family: Verdana;\">Sayfa 6<\/span><\/strong><span style=\"font-size: 10pt; font-family: Verdana;\"> \u2013 Toplumsal Hareket Sendikacyly?y, <strong>Besim Baysal<\/strong><\/span><\/a><\/p>\n<p><a href=\"https:\/\/www.baraka.cc\/down\/11_s2_23.pdf\" target=\"_blank\"><span style=\"font-size: 10pt; font-family: Verdana;\"><strong>\u00a0<\/strong><\/span> <\/a><\/p>\n<p class=\"MsoNormal\" style=\"margin: 0cm 0cm 0pt; text-align: justify;\"><a href=\"https:\/\/www.baraka.cc\/down\/11_s2_23.pdf\" target=\"_blank\"><strong><span style=\"font-size: 10pt; font-family: Verdana;\">Sayfa 7<\/span><\/strong><span style=\"font-size: 10pt; font-family: Verdana;\"> \u2013 \u00d6?rencinin Hakkyny Aramasy Su\u00e7 Mudur?, <strong>Ceyda Al\u00e7ycyo?lu<\/strong><\/span><\/a><\/p>\n<p><a href=\"https:\/\/www.baraka.cc\/down\/11_s2_23.pdf\" target=\"_blank\"><span style=\"font-size: 10pt; font-family: Verdana;\"><strong>\u00a0<\/strong><\/span> <\/a><\/p>\n<p class=\"MsoNormal\" style=\"margin: 0cm 0cm 0pt; text-align: justify;\"><a href=\"https:\/\/www.baraka.cc\/down\/11_s2_23.pdf\" target=\"_blank\"><strong><span style=\"font-size: 10pt; font-family: Verdana;\">Sayfa 8<\/span><\/strong><span style=\"font-size: 10pt; font-family: Verdana;\"> \u2013 Memleketin Ahvali<\/span><\/a><\/p>\n<p><a href=\"https:\/\/www.baraka.cc\/down\/11_s2_23.pdf\" target=\"_blank\"><span style=\"font-size: 10pt; font-family: Verdana;\">\u00a0<\/span> <\/a><\/p>\n<p class=\"MsoNormal\" style=\"margin: 0cm 0cm 0pt; text-align: justify;\"><a href=\"https:\/\/www.baraka.cc\/down\/11_s2_23.pdf\" target=\"_blank\"><strong><span style=\"font-size: 10pt; font-family: Verdana;\">Sayfa 10<\/span><\/strong><span style=\"font-size: 10pt; font-family: Verdana;\"> \u2013 Ye?il 1 Mayys\u2019a Kar?y Ynadyna Kyzyl 1 Mayys, <strong>Halil Karapa?ao?lu<\/strong><\/span><\/a><\/p>\n<p><a href=\"https:\/\/www.baraka.cc\/down\/11_s2_23.pdf\" target=\"_blank\"><span style=\"font-size: 10pt; font-family: Verdana;\"><strong>\u00a0<\/strong><\/span> <\/a><\/p>\n<p class=\"MsoNormal\" style=\"margin: 0cm 0cm 0pt; text-align: justify;\"><a href=\"https:\/\/www.baraka.cc\/down\/11_s2_23.pdf\" target=\"_blank\"><strong><span style=\"font-size: 10pt; font-family: Verdana;\">Sayfa 11 <\/span><\/strong><span style=\"font-size: 10pt; font-family: Verdana;\">\u2013<strong> <\/strong>\u00dc\u00e7 De?i?ik Kalem Bir Ayny Kafa, <strong>M\u00fcn\u00fcr Rahvancyo?lu<\/strong><\/span><\/a><\/p>\n<p><a href=\"https:\/\/www.baraka.cc\/down\/11_s2_23.pdf\" target=\"_blank\"><span style=\"font-size: 10pt; font-family: Verdana;\"><strong>\u00a0<\/strong><\/span> <\/a><\/p>\n<p class=\"MsoNormal\" style=\"margin: 0cm 0cm 0pt; text-align: justify;\"><a href=\"https:\/\/www.baraka.cc\/down\/11_s2_23.pdf\" target=\"_blank\"><strong><span style=\"font-size: 10pt; font-family: Verdana;\">Sayfa 12<\/span><\/strong><span style=\"font-size: 10pt; font-family: Verdana;\"> \u2013 Baraka\u2019nyn Ahvali<\/span><\/a><\/p>\n<p><a href=\"https:\/\/www.baraka.cc\/down\/11_s2_23.pdf\" target=\"_blank\"><span style=\"font-size: 10pt; font-family: Verdana;\">\u00a0<\/span> <\/a><\/p>\n<p class=\"MsoNormal\" style=\"margin: 0cm 0cm 0pt; text-align: justify;\"><a href=\"https:\/\/www.baraka.cc\/down\/11_s2_23.pdf\" target=\"_blank\"><strong><span style=\"font-size: 10pt; font-family: Verdana;\">Sayfa 14<\/span><\/strong><span style=\"font-size: 10pt; font-family: Verdana;\"> \u2013 Devrimci Yol\u2019u Anlamak, <strong>G\u00f6zde Gayde<\/strong><\/span><\/a><\/p>\n<p><a href=\"https:\/\/www.baraka.cc\/down\/11_s2_23.pdf\" target=\"_blank\">\u00a0 <\/a><\/p>\n<p class=\"MsoNormal\" style=\"margin: 0cm 0cm 0pt; text-align: justify;\"><a href=\"https:\/\/www.baraka.cc\/down\/11_s2_23.pdf\" target=\"_blank\"><strong><span style=\"font-size: 10pt; font-family: Verdana;\">Sayfa 16<\/span><\/strong><span style=\"font-size: 10pt; font-family: Verdana;\"> \u2013 Liseliyim, <strong>Ceyda Al\u00e7ycyo?lu<\/strong><\/span><\/a><\/p>\n<p><a href=\"https:\/\/www.baraka.cc\/down\/11_s2_23.pdf\" target=\"_blank\"><span style=\"font-size: 10pt; font-family: Verdana;\"><strong>\u00a0<\/strong><\/span> <\/a><\/p>\n<p class=\"MsoNormal\" style=\"margin: 0cm 0cm 0pt; text-align: justify;\"><a href=\"https:\/\/www.baraka.cc\/down\/11_s2_23.pdf\" target=\"_blank\"><strong><span style=\"font-size: 10pt; font-family: Verdana;\">Sayfa 17<\/span><\/strong><span style=\"font-size: 10pt; font-family: Verdana;\"> \u2013 Ynsanlaryn Hikayesi K\u00f6ylerin Tarihi, <strong>Besim Baysal<\/strong><\/span><\/a><\/p>\n<p><a href=\"https:\/\/www.baraka.cc\/down\/11_s2_23.pdf\" target=\"_blank\"><span style=\"font-size: 10pt; font-family: Verdana;\"><strong>\u00a0<\/strong><\/span> <\/a><\/p>\n<p class=\"MsoNormal\" style=\"margin: 0cm 0cm 0pt; text-align: justify;\"><a href=\"https:\/\/www.baraka.cc\/down\/11_s2_23.pdf\" target=\"_blank\"><strong><span style=\"font-size: 10pt; font-family: Verdana;\">Sayfa 18<\/span><\/strong><span style=\"font-size: 10pt; font-family: Verdana;\"> \u2013 Bellek D\u00fcnya; 28 Yyllyk \u00d6zlem Fatsa, <strong>Ali ?ahin<\/strong><\/span><\/a><\/p>\n<p><a href=\"https:\/\/www.baraka.cc\/down\/11_s2_23.pdf\" target=\"_blank\"><span style=\"font-size: 10pt; font-family: Verdana;\"><strong>\u00a0<\/strong><\/span> <\/a><\/p>\n<p class=\"MsoNormal\" style=\"margin: 0cm 0cm 0pt; text-align: justify;\"><a href=\"https:\/\/www.baraka.cc\/down\/11_s2_23.pdf\" target=\"_blank\"><strong><span style=\"font-size: 10pt; font-family: Verdana;\">Sayfa 19<\/span><\/strong><span style=\"font-size: 10pt; font-family: Verdana;\"> \u2013 Bellek Kybrys; Kybrys Cumhuriyeti, <strong>M\u00fcn\u00fcr Rahvancyo?lu<\/strong><\/span><\/a><\/p>\n<p><a href=\"https:\/\/www.baraka.cc\/down\/11_s2_23.pdf\" target=\"_blank\"><span style=\"font-size: 10pt; font-family: Verdana;\"><strong>\u00a0<\/strong><\/span> <\/a><\/p>\n<p class=\"MsoNormal\" style=\"margin: 0cm 0cm 0pt; text-align: justify;\"><a href=\"https:\/\/www.baraka.cc\/down\/11_s2_23.pdf\" target=\"_blank\"><strong><span style=\"font-size: 10pt; font-family: Verdana;\">Sayfa 20<\/span><\/strong><span style=\"font-size: 10pt; font-family: Verdana;\"> \u2013 \u00c7aly?ma Ya?amynda Haklarymyz<\/span><\/a><\/p>\n<p><a href=\"https:\/\/www.baraka.cc\/down\/11_s2_23.pdf\" target=\"_blank\"><span style=\"font-size: 10pt; font-family: Verdana;\">\u00a0<\/span> <\/a><\/p>\n<p class=\"MsoNormal\" style=\"margin: 0cm 0cm 0pt; text-align: justify;\"><a href=\"https:\/\/www.baraka.cc\/down\/11_s2_23.pdf\" target=\"_blank\"><strong><span style=\"font-size: 10pt; font-family: Verdana;\">Sayfa 22<\/span><\/strong><span style=\"font-size: 10pt; font-family: Verdana;\"> \u2013 K\u00fct\u00fcp-ha!ne?; Zapatista Hikayeleri, <strong>Nazen ?ansal<\/strong><\/span><\/a><\/p>\n<p><a href=\"https:\/\/www.baraka.cc\/down\/11_s2_23.pdf\" target=\"_blank\"><span style=\"font-size: 10pt; font-family: Verdana;\"><strong>\u00a0<\/strong><\/span> <\/a><\/p>\n<p class=\"MsoNormal\" style=\"margin: 0cm 0cm 0pt; text-align: justify;\"><a href=\"https:\/\/www.baraka.cc\/down\/11_s2_23.pdf\" target=\"_blank\"><strong><span style=\"font-size: 10pt; font-family: Verdana;\">Sayfa 23<\/span><\/strong><span style=\"font-size: 10pt; font-family: Verdana;\"> \u2013 ?iir, \u00d6yk\u00fc<\/span><\/a><\/p>\n<p><span style=\"font-size: 10pt; font-family: Verdana;\">\u00a0<\/span><span style=\"font-size: 10pt; font-family: Verdana;\">\u00a0<\/span><\/p>\n","protected":false},"excerpt":{"rendered":"<p>\u00a0 &nbsp; &nbsp; \u00a0 Argasdi\u2019nin 11inci sayysy elinize bir ay erken ula?ty. 2006 yyly Mayys\u2019yndan beridir aksamadan her \u00fc\u00e7 ayda bir yayynlanan dergimizin periyodunu, yyl<\/p>\n","protected":false},"author":1,"featured_media":0,"comment_status":"open","ping_status":"open","sticky":false,"template":"","format":"standard","meta":{"jetpack_post_was_ever_published":false,"_jetpack_newsletter_access":"","_jetpack_newsletter_tier_id":0,"jetpack_publicize_message":"","jetpack_is_tweetstorm":false,"jetpack_publicize_feature_enabled":true,"jetpack_social_post_already_shared":false,"jetpack_social_options":{"image_generator_settings":{"template":"highway","enabled":false}}},"categories":[67],"tags":[],"jetpack_publicize_connections":[],"jetpack_featured_media_url":"","jetpack_shortlink":"https:\/\/wp.me\/p4eHWX-oW","jetpack_sharing_enabled":true,"_links":{"self":[{"href":"https:\/\/baraka.cc\/index.php?rest_route=\/wp\/v2\/posts\/1546"}],"collection":[{"href":"https:\/\/baraka.cc\/index.php?rest_route=\/wp\/v2\/posts"}],"about":[{"href":"https:\/\/baraka.cc\/index.php?rest_route=\/wp\/v2\/types\/post"}],"author":[{"embeddable":true,"href":"https:\/\/baraka.cc\/index.php?rest_route=\/wp\/v2\/users\/1"}],"replies":[{"embeddable":true,"href":"https:\/\/baraka.cc\/index.php?rest_route=%2Fwp%2Fv2%2Fcomments&post=1546"}],"version-history":[{"count":1,"href":"https:\/\/baraka.cc\/index.php?rest_route=\/wp\/v2\/posts\/1546\/revisions"}],"predecessor-version":[{"id":1547,"href":"https:\/\/baraka.cc\/index.php?rest_route=\/wp\/v2\/posts\/1546\/revisions\/1547"}],"wp:attachment":[{"href":"https:\/\/baraka.cc\/index.php?rest_route=%2Fwp%2Fv2%2Fmedia&parent=1546"}],"wp:term":[{"taxonomy":"category","embeddable":true,"href":"https:\/\/baraka.cc\/index.php?rest_route=%2Fwp%2Fv2%2Fcategories&post=1546"},{"taxonomy":"post_tag","embeddable":true,"href":"https:\/\/baraka.cc\/index.php?rest_route=%2Fwp%2Fv2%2Ftags&post=1546"}],"curies":[{"name":"wp","href":"https:\/\/api.w.org\/{rel}","templated":true}]}}