{"id":1549,"date":"2009-01-06T12:32:06","date_gmt":"2009-01-06T10:32:06","guid":{"rendered":"https:\/\/baraka.cc\/?p=1549"},"modified":"2014-01-06T12:32:23","modified_gmt":"2014-01-06T10:32:23","slug":"argasdi-13","status":"publish","type":"post","link":"https:\/\/baraka.cc\/?p=1549","title":{"rendered":"argasdi 13"},"content":{"rendered":"<p>&nbsp;<\/p>\n<p><a href=\"https:\/\/www.baraka.cc\/images\/stories\/argasdi_13_on.jpg\" target=\"_blank\"><img decoding=\"async\" loading=\"lazy\" alt=\" \" src=\"https:\/\/www.baraka.cc\/images\/stories\/argasdi_13_on.jpg\" width=\"150\" height=\"209\" border=\"2\" \/><\/a>\u00a0 <a href=\"https:\/\/www.baraka.cc\/images\/stories\/argasdi_13_arka.jpg\" target=\"_blank\"><img decoding=\"async\" loading=\"lazy\" alt=\" \" src=\"https:\/\/www.baraka.cc\/images\/stories\/argasdi_13_arka.jpg\" width=\"152\" height=\"210\" border=\"2\" \/><\/a><\/p>\n<p>&nbsp;<\/p>\n<p><span style=\"font-size: 11pt; font-family: Verdana;\">\u00a0<\/span><\/p>\n<p class=\"MsoNormal\" style=\"margin: 0cm 0cm 0pt; line-height: 150%; text-align: justify;\"><span style=\"font-size: 10pt; line-height: 150%; font-family: Verdana;\"><strong>Ynadyna BA?IMSIZ KIBRIS Ynadyna B\u00dcT\u00dcN HALKLAR KARDE?TYR!<\/strong><\/span><\/p>\n<p><span style=\"font-size: 10pt; line-height: 150%; font-family: Verdana;\"><strong>\u00a0\u00a0\u00a0 <\/strong><\/span><span style=\"font-size: 10pt; line-height: 150%; font-family: Verdana;\">\u00a0<\/span><\/p>\n<p class=\"MsoNormal\" style=\"margin: 0cm 0cm 0pt; line-height: 150%; text-align: justify;\"><span style=\"font-size: 10pt; line-height: 150%; font-family: Verdana;\">10. sayydan sonra \u00fc\u00e7 aylyk periyodumuzda<span>\u00a0 <\/span>de?i?iklik yaparak Argasdi\u2019nin ocak ayyna ge\u00e7mesi i\u00e7in bir d\u00fczenleme yapmy?tyk. Bu sayyyla birlikte dergimiz ocak ayynda \u00e7ykmaya ba?lyyor ve b\u00f6ylece hedefledi?imiz gibi ge\u00e7mi? yylyn de?erlendirmesini ve gelecek yyla dair d\u00fc?\u00fcncelerimizi de sizlere aktarma fyrsaty buluyoruz. 2008 yylyna ait genel bir de?erlendirmeyi bulaca?ynyz 13. sayymyzda, g\u00f6r\u00fc?melerin ba?lamasyyla iki halkyn \u201cbary?\u201d vaadiyle bir kez daha kandyryldy?yny, eski eser synyfyna giren surlarla \u00e7evrili<span>\u00a0 <\/span>\u00c7a?layan Parky\u2019nyn adynyn de?i?tirilmesiyle ya?anan ini?li \u00e7yky?ly s\u00fcreci, 1 Mayys\u2019ta iki ayry kortej olu?turulmasyyla meydana gelen b\u00f6l\u00fcnmenin sebebi olarak hedef g\u00f6sterilen, emek g\u00fc\u00e7lerine kar?y, CTP h\u00fck\u00fcmeti tarafyndan <span>\u00a0<\/span>ya?atylan saldyrgan tavry ve bu tavry 1 Eyl\u00fcl\u2019e ta?ymaya \u00e7aly?masynyn ardyndan T\u00fcrkiye\u2019den sanat\u00e7y getirtti?i halde kitlelerin ilk kez iki toplumlu bir 1 Eyl\u00fcl\u2019e akyn etmesiyle<span>\u00a0 <\/span>hala daha bir umut y?y?ynyn var oldu?unu, LA\u00dc\u2019deki sendikala?ma m\u00fccadelesini ve Bel\u00e7a\u2019yy bir tehdit unsuru olarak g\u00fcndemde tutmaya \u00e7aly?an h\u00fck\u00fcmetin tavryny bir kez daha hatyrlamy? olaca?yz.<\/span><\/p>\n<p><span style=\"font-size: 10pt; line-height: 150%; font-family: Verdana;\">\u00a0\u00a0\u00a0\u00a0 <\/span><\/p>\n<p class=\"MsoNormal\" style=\"margin: 0cm 0cm 0pt; line-height: 150%; text-align: justify;\"><span style=\"font-size: 10pt; line-height: 150%; font-family: Verdana;\">Kybrysly T\u00fcrkler ve Kybrysly Elenler ba?ymsyz ve birle?ik bir Kybrys\u2019ta karde?\u00e7e ya?amalydyr. Kybrys halklarynyn \u00e7ykarlary iki halkyn ortak m\u00fccadelesi sonucunda ger\u00e7ekle?ebilir. Kybrys Sorunu\u2019nu bir\u00e7ok boyutuyla kurgulayyp sizlerle payla?ty?ymyz makaleler b\u00fct\u00fcn\u00fcnde, Kybryslylyk unsurunun iki halkyn ortak m\u00fccadeleleriyle olabilece?ine i?aret ederken, Kybrys\u2019yn kuzeyinde ger\u00e7ekten bir devlet olup olmady?yny da g\u00fcndeme ta?ydyk. Kybrysly T\u00fcrk solunun, Kybrys\u2019 taki<span>\u00a0 <\/span>halklarla ilgili ge\u00e7mi?ten g\u00fcn\u00fcm\u00fcze neler s\u00f6ylediklerine de?indik. Ayryca \u00fclkenin ekonomik sykyntylaryny tarty?arak \u00f6zelle?tirme canavarynyn h\u00fck\u00fcmetin de katkysyyla bizleri daha da avucunun i\u00e7ine aldy?y durumundan bahsettik. T\u00fcm bunlara ra?men \u00e7\u00f6z\u00fcm\u00fcn \u00f6rg\u00fctl\u00fcl\u00fckten ge\u00e7ti?ini eme?in en y\u00fcce de?er oldu?unun bilinmesiyle a?ylabilece?ini vurguladyk. Bizim i\u00e7in Halkla Dayany?ma ve K\u00fclt\u00fcr Derne?i\u2019nin (HALK- DER)<span>\u00a0 <\/span>ge\u00e7mi? m\u00fccadelesi bir zemin te?kil ediyor. Ge\u00e7mi?te, iki halk tespitinden dolayy HALK-DER\u2019 e kar?y tutum takynan CTP\u2019 nin bug\u00fcn milliyet\u00e7ili?e kayan s\u00f6ylemine inat biz hala \u201cBa?ymsyz Kybrys B\u00fct\u00fcn Halklar Karde?tir\u201d demeye devam ediyoruz. <\/span><\/p>\n<p><span style=\"font-size: 10pt; line-height: 150%; font-family: Verdana;\">\u00a0\u00a0\u00a0 <\/span><\/p>\n<p class=\"MsoNormal\" style=\"margin: 0cm 0cm 0pt; line-height: 150%; text-align: justify;\"><span style=\"font-size: 10pt; line-height: 150%; font-family: Verdana;\">Belediye \u00e7aly?anlaryny en erken bir ay gecikmeli olarak \u00f6deyen Lefko?a T\u00fcrk Belediyesi, i?ten \u00e7ykarmalara devam ediyor. Kutlay Erk<span>\u00a0 <\/span>d\u00f6neminde ba?layan \u00f6zelle?tirme furyalary Cemal Buluto?lulary d\u00f6neminde ise tavana vurmu? durumda. Halktan toplanan<span>\u00a0 <\/span>vergiler, oto park \u00fccretleri<span>\u00a0 <\/span>v.b maksimum d\u00fczeydeyken verilen hizmetin minimum d\u00fczeyde olmasy vatanda?a ve belediye \u00e7aly?anlaryna yapylan en b\u00fcy\u00fck haksyzlyk. Sahip \u00e7ykmazsak LTB bu s\u00fcre\u00e7ten en fazla zarar g\u00f6ren kurum olmaya devam edecek. <\/span><\/p>\n<p><span style=\"font-size: 10pt; line-height: 150%; font-family: Verdana;\">\u00a0\u00a0\u00a0 <\/span><\/p>\n<p class=\"MsoNormal\" style=\"margin: 0cm 0cm 0pt; line-height: 150%; text-align: justify;\"><span style=\"font-size: 10pt; line-height: 150%; font-family: Verdana;\">Baraka K\u00fclt\u00fcr Merkezi olarak yol almaya devam ediyoruz. Kooperatif Merkez Bankasy kar?ysynda bulunan Mahmut Pa?a Sokak No:41 numaraly binaya ta?yndy?ymyzyn m\u00fcjdesini verirken, her cumartesi de b\u00fcfemizle faaliyette oldu?umuzu sizlerle payla?yryz. Baraka m\u00fczik toplulu?u Sol Anahtary\u2019nyn alb\u00fcm \u00e7aly?malarynyn devam etti?ini, Baraka Tiyatro Ekibi\u2019nin yeni oyun \u00e7aly?masy i\u00e7inde oldu?unu ve okuma grubunun Kybrysly T\u00fcrk Devrimci Hareketi ile ilgili okumalar yapty?yny ve her ayyn ilk cumartesi g\u00fcn\u00fc izle-tarty? etkinliklerimizi ger\u00e7ekle?tirdi?imizi de hatyrlatalym. Ayryca k\u00fct\u00fcphanemiz ve cd ar?ivimiz de kullanymda.<\/span><\/p>\n<p><span style=\"font-size: 10pt; line-height: 150%; font-family: Verdana;\">\u00a0\u00a0\u00a0 \u00a0<\/span><\/p>\n<p class=\"MsoNormal\" style=\"margin: 0cm 0cm 0pt; line-height: 150%; text-align: justify;\"><span style=\"font-size: 10pt; line-height: 150%; font-family: Verdana;\">M\u00fccadelenin sokaklarda verilmesi gerekti?ini savunuyoruz. Yapylan her eylem ve g\u00f6steride ellerinde coplaryyla g\u00f6rmeye aly?kyn oldu?umuz polisler, eylemcileri polis ?iddeti ile sindirmeye \u00e7aly?yyor. Yunanistan\u2019da polis ?iddeti sonucunda 16 ya?ynda bir gen\u00e7 hayatyny kaybetti. T\u00fcm d\u00fcnyada polis ?iddetini kynamak amacyyla Yunan El\u00e7ilikleri \u00f6n\u00fcnde eylemler d\u00fczenledi. K\u00fcresel bir direni?e sahne olan bu olaylar sonucunda Kybrysly T\u00fcrk gen\u00e7li?i olarak, 20 Aralyk\u2019ta Atina\u2019da \u00f6ld\u00fcr\u00fclen Alexandros Grigoropoulos anysyna, polis ?iddetine kar?y T\u00fcrkiye El\u00e7ili?i\u2019ne y\u00fcr\u00fcyerek bir eylem yaptyk. Polisin sivile ba?lanmasy gerekti?ini belirtti?imiz eylemde Baraka yanynda <span>YKP Gen\u00e7lik, BKP Gen\u00e7lik Kollary, TDP Gen\u00e7lik Kollary, KSP Gen\u00e7lik Birimi ve E.K.Y.M K\u00fclt\u00fcr Merkezi de yer aldy.<\/span><\/span><\/p>\n<p><span style=\"font-size: 10pt; line-height: 150%; font-family: Verdana;\"><span>\u00a0\u00a0\u00a0 <\/span><\/span><\/p>\n<p class=\"MsoNormal\" style=\"margin: 0cm 0cm 0pt; line-height: 150%; text-align: justify;\"><span style=\"font-size: 10pt; line-height: 150%; font-family: Verdana;\">Gen\u00e7likten umut beklerken ya?anan bir olay toplum tarafyndan gen\u00e7li?in \u201c\u00e7ivisi \u00e7ykmy?\u201d ?eklinde yorumlandy; konsey se\u00e7imlerini kazanan bir grup \u00f6?renci tarafyndan kutlama yapmak i\u00e7in okula dans\u00e7y kyz getirtilmesi patlak verirken s\u00f6z\u00fc edilen liseden ba?ka, di?er okullaryn da bu t\u00fcr bir e?lence d\u00fczenledikleri ortaya \u00e7ykty. \u201c\u00c7ivisi \u00e7ykmy?\u201d bu gen\u00e7leri sorgulamadan \u00f6nce <span>\u00a0<\/span>\u201c\u00e7ivisi \u00e7ykmy?\u201d \u00fclkemize bakmak hi\u00e7 akyllara gelmedi. Su\u00e7 \u00fclkede kumary serbest byrakanlar da my yoksa kadyn ticaretini yasal hale getirenler de mi yoksa bu anlayy?la yeti?tirilen gen\u00e7lerde mi? Ancak hala umut vaat eden gen\u00e7lerimiz de eksik de?il. \u201cBen koyun de?ilim\u201d diyerek okul se\u00e7imlerine katylan Leyla Falhan<span>\u00a0 <\/span>isimli arkada?ymyzla yapty?ymyz sohbet bunu g\u00f6steriyor.<\/span><\/p>\n<p><span style=\"font-size: 10pt; line-height: 150%; font-family: Verdana;\">\u00a0\u00a0\u00a0 <\/span><\/p>\n<p class=\"MsoNormal\" style=\"margin: 0cm 0cm 0pt; line-height: 150%; text-align: justify;\"><span style=\"font-size: 10pt; line-height: 150%; font-family: Verdana;\">H\u00fck\u00fcmet tarafyndan zorla da olsa yasaklanan keklik ve tura\u00e7 avy, avcylar tarafyndan \u00f6fkeyle kar?ylanyrken, avyn spor olmady?ynyn altyny \u00e7izerek ava kar?y oldu?umuzu, yasaklanmady?y takdirde ekolojik dengenin yok olma s\u00fcrecine daha erken girece?ini s\u00f6yl\u00fcyoruz. Ekolojik<span>\u00a0 <\/span>dengeyi bozan bir ba?ka olay ise Dikmen \u00c7\u00f6pl\u00fc?\u00fc\u2019nden y\u00fckselen kara dumanlar. Bu konu ile ilgili olarak<span>\u00a0 <\/span>\u00e7ykan dumandan zehirlendiklerini dile getiren Hamitk\u00f6y halky bir eylem yaparak durumu protesto etti. Havadan zehirlendiklerini ve su problemi ya?adyklaryny<span>\u00a0 <\/span>belirten<span>\u00a0 <\/span>Hamitk\u00f6y halky, \u00f6rg\u00fctlenerek bir komite kurmaya ba?lady. Tabandan ba?layarak yayylan bu \u00f6rg\u00fctl\u00fcl\u00fc?\u00fc Hamitk\u00f6y Eylem Komitesi \u00fcyesi Soydan Sakally ile<span>\u00a0 <\/span>konu?tuk.<\/span><\/p>\n<p><span style=\"font-size: 10pt; line-height: 150%; font-family: Verdana;\">\u00a0\u00a0\u00a0 <\/span><\/p>\n<p class=\"MsoNormal\" style=\"margin: 0cm 0cm 0pt; line-height: 150%; text-align: justify;\"><span style=\"font-size: 10pt; line-height: 150%; font-family: Verdana;\">Tarihin tozlu sayfalarynda; Makarios ve 15 Temmuz s\u00fcrecini ele alyyoruz. Kybrys \u00fczerinde hegomonya sahibi ABD, T\u00fcrkiye, Yngiltere <span>\u00a0<\/span>ve Yunanistan tarafyndan piyon olarak kullanylmaya \u00e7aly?ylan Kybrys liderlerinden Makarios\u2019un, milliyet\u00e7i tutumu hegomon g\u00fc\u00e7lerin irade kullanmasynda zorluklar ya?atmy?tyr. Bu y\u00fczden bir\u00e7ok suikast giri?imine hedef olur. Belle?imizde yer alan bir di?er konu ise eme?in en y\u00fcce de?er oldu?unu bizlere bir kez daha hatyrlatan bir g\u00fcn\u00fcn hikayesi; 8 Mart D\u00fcnya Emek\u00e7i Kadynlar G\u00fcn\u00fc. 8 Mart\u2019yn<span>\u00a0 <\/span>tarihsel geli?imi ile \u201cekmek ve g\u00fcller\u201di anlattyk. <\/span><\/p>\n<p><span style=\"font-size: 10pt; line-height: 150%; font-family: Verdana;\">\u00a0\u00a0\u00a0 <\/span><span style=\"font-size: 10pt; line-height: 150%; font-family: Verdana;\">Yeni bir<span>\u00a0 <\/span>yyla giriyoruz. Kybrys sorununun \u00e7\u00f6z\u00fcm\u00fcnde tabandan ba?layyp tavana do?ru ilerleyen bir \u00f6rg\u00fctlenme kurarak; en temel haklarymyz olan e?itim, sa?lyk, barynma, ula?ym hakky i\u00e7in, sendikal m\u00fccadeleler vererek, ekoloji , kadyn ve homofobiye konularyna kar?y direnmeye devam edece?iz. Halklaryn karde?li?i i\u00e7in <span>\u00a0<\/span>Kybrysly Elen ve Kybrysly T\u00fcrklerin bir arada karde?\u00e7e ya?abilmesi adyna inadyna Kybrys\u2019ta iki halk oldu?undan bahsetmeye, s\u00f6ylemeye, yazmaya ve sokaklarda haykyrmaya devam edece?iz. <\/span><span style=\"font-size: 10pt; line-height: 150%; font-family: Verdana;\"><strong>\u00a0<\/strong><\/span><\/p>\n<p class=\"MsoNormal\" style=\"margin: 0cm 0cm 0pt; line-height: 150%; text-align: justify;\"><span style=\"font-size: 10pt; line-height: 150%; font-family: Verdana;\"><strong>M\u00fcn\u00fcr Rahvancyo?lu, ?ifa Al\u00e7ycyo?lu, Besim Baysal<\/strong><\/span><\/p>\n<p class=\"MsoNormal\" style=\"margin: 0cm 0cm 0pt; line-height: 150%; text-align: justify;\"><span style=\"font-size: 10pt; line-height: 150%; font-family: Verdana;\"><strong>\u00a0\u00a0\u00a0\u00a0 <\/strong><\/span><\/p>\n<p class=\"MsoNormal\" style=\"margin: 0cm 0cm 0pt; line-height: 150%; text-align: justify;\"><span style=\"font-size: 10pt; line-height: 150%; font-family: Verdana;\"><strong>\u00a0\u00a0 <\/strong><\/span><\/p>\n<p><span style=\"font-size: 10pt; line-height: 150%; font-family: Verdana;\"><strong>\u00a0\u00a0 <\/strong><\/span><span style=\"font-size: 10pt; line-height: 150%; font-family: Verdana;\"><strong>\u00a0<\/strong><\/span><\/p>\n<p class=\"MsoNormal\" style=\"margin: 0cm 0cm 0pt; line-height: 150%; text-align: justify;\"><span style=\"font-size: 10pt; line-height: 150%; font-family: Verdana;\"><strong>Y\u00e7indekiler<\/strong><\/span><\/p>\n<p><span style=\"font-size: 10pt; line-height: 150%; font-family: Verdana;\"><strong>\u00a0\u00a0 <\/strong><\/span><\/p>\n<p class=\"MsoNormal\" style=\"margin: 0cm 0cm 0pt; line-height: 150%; text-align: justify;\"><span><strong><a href=\"https:\/\/www.baraka.cc\/down\/13_s2.pdf\" target=\"_blank\">Sayfa 2 \u2013 Hammaliye Kurulu\u2019ndan<\/a><\/strong><\/span><\/p>\n<p><span>\u00a0\u00a0 <\/span><\/p>\n<p class=\"MsoNormal\" style=\"margin: 0cm 0cm 0pt; line-height: 150%; text-align: justify;\"><span><a href=\"https:\/\/www.baraka.cc\/down\/13_s3_31.pdf\" target=\"_blank\"><strong>Sayfa 3 \u2013<\/strong> 2008\u2019in 2009\u2019a Byraktyklary, M\u00fcn\u00fcr Rahvancyo?lu<\/a><\/span><\/p>\n<p><span><a href=\"https:\/\/www.baraka.cc\/down\/13_s3_31.pdf\" target=\"_blank\">\u00a0\u00a0 <\/a><\/span><\/p>\n<p class=\"MsoNormal\" style=\"margin: 0cm 0cm 0pt; line-height: 150%; text-align: justify;\"><span><a href=\"https:\/\/www.baraka.cc\/down\/13_s3_31.pdf\" target=\"_blank\"><strong>Sayfa 4 \u2013<\/strong> Memleketin Ahvali, Mehmet Adaman<\/a><\/span><\/p>\n<p><span><a href=\"https:\/\/www.baraka.cc\/down\/13_s3_31.pdf\" target=\"_blank\">\u00a0\u00a0 <\/a><\/span><\/p>\n<p class=\"MsoNormal\" style=\"margin: 0cm 0cm 0pt; line-height: 150%; text-align: justify;\"><span><a href=\"https:\/\/www.baraka.cc\/down\/13_s3_31.pdf\" target=\"_blank\"><strong>Sayfa 6 \u2013<\/strong> Hamitk\u00f6yl\u00fclerle \u201cHava\u201ddan \u201cSu\u201ddan Bir Sohbet, Nazen ?ansal<\/a><\/span><\/p>\n<p><span><a href=\"https:\/\/www.baraka.cc\/down\/13_s3_31.pdf\" target=\"_blank\">\u00a0\u00a0 <\/a><\/span><\/p>\n<p class=\"MsoNormal\" style=\"margin: 0cm 0cm 0pt; line-height: 150%; text-align: justify;\"><span><a href=\"https:\/\/www.baraka.cc\/down\/13_s3_31.pdf\" target=\"_blank\"><strong>Sayfa 8 \u2013<\/strong> Belediye Mi \u00c7iftlik Mi?, Besim Baysal<\/a><\/span><\/p>\n<p><span><a href=\"https:\/\/www.baraka.cc\/down\/13_s3_31.pdf\" target=\"_blank\">\u00a0\u00a0 <\/a><\/span><\/p>\n<p class=\"MsoNormal\" style=\"margin: 0cm 0cm 0pt; line-height: 150%; text-align: justify;\"><span><a href=\"https:\/\/www.baraka.cc\/down\/13_s3_31.pdf\" target=\"_blank\"><strong>Sayfa 9 \u2013<\/strong> Her?eye Ra?men Sokaklar Bizi \u00c7a?yryyor, Ali ?ahin<\/a><\/span><\/p>\n<p><span><a href=\"https:\/\/www.baraka.cc\/down\/13_s3_31.pdf\" target=\"_blank\">\u00a0\u00a0 <\/a><\/span><\/p>\n<p class=\"MsoNormal\" style=\"margin: 0cm 0cm 0pt; line-height: 150%; text-align: justify;\"><span><a href=\"https:\/\/www.baraka.cc\/down\/13_s3_31.pdf\" target=\"_blank\"><strong>Sayfa 10 \u2013<\/strong> M\u00fc?teri De?il \u00d6?renciyiz, Hasan Yykycy<\/a><\/span><\/p>\n<p><span><a href=\"https:\/\/www.baraka.cc\/down\/13_s3_31.pdf\" target=\"_blank\">\u00a0\u00a0 <\/a><\/span><\/p>\n<p class=\"MsoNormal\" style=\"margin: 0cm 0cm 0pt; line-height: 150%; text-align: justify;\"><span><a href=\"https:\/\/www.baraka.cc\/down\/13_s3_31.pdf\" target=\"_blank\"><strong>Sayfa 11 \u2013<\/strong> Kapsamly M\u00fczakereler Neleri Kapsamyyor, Nazen ?ansal<\/a><\/span><\/p>\n<p><span><a href=\"https:\/\/www.baraka.cc\/down\/13_s3_31.pdf\" target=\"_blank\">\u00a0\u00a0 <\/a><\/span><\/p>\n<p class=\"MsoNormal\" style=\"margin: 0cm 0cm 0pt; line-height: 150%; text-align: justify;\"><span><a href=\"https:\/\/www.baraka.cc\/down\/13_s3_31.pdf\" target=\"_blank\"><strong>Sayfa 12 \u2013<\/strong> Kybrysly T\u00fcrk Solunun Halk Yle Ymtihany, M\u00fcn\u00fcr Rahvancyo?lu<\/a><\/span><\/p>\n<p><span><a href=\"https:\/\/www.baraka.cc\/down\/13_s3_31.pdf\" target=\"_blank\">\u00a0\u00a0 <\/a><\/span><\/p>\n<p class=\"MsoNormal\" style=\"margin: 0cm 0cm 0pt; line-height: 150%; text-align: justify;\"><span><a href=\"https:\/\/www.baraka.cc\/down\/13_s3_31.pdf\" target=\"_blank\"><strong>Sayfa 12 \u2013<\/strong> Kybryslylyk Yki Halkyn Ortak M\u00fccadelesinden Do?ar, Ali ?ahin<\/a><\/span><\/p>\n<p><span><a href=\"https:\/\/www.baraka.cc\/down\/13_s3_31.pdf\" target=\"_blank\">\u00a0\u00a0 <\/a><\/span><\/p>\n<p class=\"MsoNormal\" style=\"margin: 0cm 0cm 0pt; line-height: 150%; text-align: justify;\"><span><a href=\"https:\/\/www.baraka.cc\/down\/13_s3_31.pdf\" target=\"_blank\"><strong>Sayfa 14 \u2013<\/strong> Soru Yorum, Besim Baysal<\/a><\/span><\/p>\n<p><span><a href=\"https:\/\/www.baraka.cc\/down\/13_s3_31.pdf\" target=\"_blank\">\u00a0\u00a0 <\/a><\/span><\/p>\n<p class=\"MsoNormal\" style=\"margin: 0cm 0cm 0pt; line-height: 150%; text-align: justify;\"><span><a href=\"https:\/\/www.baraka.cc\/down\/13_s3_31.pdf\" target=\"_blank\"><strong>Sayfa 15 \u2013<\/strong> Belgeselerde Kybrys Sorunu, G\u00f6zde Gayde<\/a><\/span><\/p>\n<p><span><a href=\"https:\/\/www.baraka.cc\/down\/13_s3_31.pdf\" target=\"_blank\">\u00a0\u00a0\u00a0 <\/a><\/span><\/p>\n<p class=\"MsoNormal\" style=\"margin: 0cm 0cm 0pt; line-height: 150%; text-align: justify;\"><span><a href=\"https:\/\/www.baraka.cc\/down\/13_s3_31.pdf\" target=\"_blank\"><strong>Sayfa 16 \u2013<\/strong> Baraka\u2019dan Haberler, ?ifa Al\u00e7ycyo?lu<\/a><\/span><\/p>\n<p><span><a href=\"https:\/\/www.baraka.cc\/down\/13_s3_31.pdf\" target=\"_blank\">\u00a0\u00a0\u00a0 <\/a><\/span><\/p>\n<p class=\"MsoNormal\" style=\"margin: 0cm 0cm 0pt; line-height: 150%; text-align: justify;\"><span><a href=\"https:\/\/www.baraka.cc\/down\/13_s3_31.pdf\" target=\"_blank\"><strong>Sayfa 18 \u2013<\/strong> Ferman Devletinse Do?a Bizimdir<\/a><\/span><\/p>\n<p><span><a href=\"https:\/\/www.baraka.cc\/down\/13_s3_31.pdf\" target=\"_blank\">\u00a0\u00a0 <\/a><\/span><\/p>\n<p class=\"MsoNormal\" style=\"margin: 0cm 0cm 0pt; line-height: 150%; text-align: justify;\"><span><a href=\"https:\/\/www.baraka.cc\/down\/13_s3_31.pdf\" target=\"_blank\"><strong>Sayfa 19 \u2013<\/strong> Her Yer Atina Her Yer Direni?, Hasan Yykycy<\/a><\/span><\/p>\n<p><span><a href=\"https:\/\/www.baraka.cc\/down\/13_s3_31.pdf\" target=\"_blank\">\u00a0\u00a0 <\/a><\/span><\/p>\n<p class=\"MsoNormal\" style=\"margin: 0cm 0cm 0pt; line-height: 150%; text-align: justify;\"><span><a href=\"https:\/\/www.baraka.cc\/down\/13_s3_31.pdf\" target=\"_blank\"><strong>Sayfa 20 \u2013<\/strong> Ynanlaryn Hikayesi K\u00f6ylerin Tarihi, Besim Baysal<\/a><\/span><\/p>\n<p><span><a href=\"https:\/\/www.baraka.cc\/down\/13_s3_31.pdf\" target=\"_blank\">\u00a0\u00a0 <\/a><\/span><\/p>\n<p class=\"MsoNormal\" style=\"margin: 0cm 0cm 0pt; line-height: 150%; text-align: justify;\"><span><a href=\"https:\/\/www.baraka.cc\/down\/13_s3_31.pdf\" target=\"_blank\"><strong>Sayfa 22 \u2013<\/strong> Bellek D\u00fcnya; 8 Mart D\u00fcnya emek\u00e7i Kadynlar G\u00fcn\u00fc, ?ifa Al\u00e7ycyo?lu<\/a><\/span><\/p>\n<p><span><a href=\"https:\/\/www.baraka.cc\/down\/13_s3_31.pdf\" target=\"_blank\">\u00a0\u00a0\u00a0 <\/a><\/span><\/p>\n<p class=\"MsoNormal\" style=\"margin: 0cm 0cm 0pt; line-height: 150%; text-align: justify;\"><span><a href=\"https:\/\/www.baraka.cc\/down\/13_s3_31.pdf\" target=\"_blank\"><strong>Sayfa 23 \u2013<\/strong> Bellek Kybrys; Makarios ve 15 Temmuz S\u00fcreci, Besim Baysal<\/a><\/span><\/p>\n<p><span><a href=\"https:\/\/www.baraka.cc\/down\/13_s3_31.pdf\" target=\"_blank\">\u00a0\u00a0 <\/a><\/span><\/p>\n<p class=\"MsoNormal\" style=\"margin: 0cm 0cm 0pt; line-height: 150%; text-align: justify;\"><span><a href=\"https:\/\/www.baraka.cc\/down\/13_s3_31.pdf\" target=\"_blank\"><strong>Sayfa 24 \u2013<\/strong> K\u00fct\u00fcp-Ha!-Ne?; Kadynly?a ve Erkekli?e Dair, Mine Balman<\/a><\/span><\/p>\n<p><span><a href=\"https:\/\/www.baraka.cc\/down\/13_s3_31.pdf\" target=\"_blank\">\u00a0\u00a0 <\/a><\/span><\/p>\n<p class=\"MsoNormal\" style=\"margin: 0cm 0cm 0pt; line-height: 150%; text-align: justify;\"><span><a href=\"https:\/\/www.baraka.cc\/down\/13_s3_31.pdf\" target=\"_blank\"><strong>Sayfa 26 \u2013<\/strong> Yki \u00d6yk\u00fc, Erkal T\u00fclek<\/a><\/span><\/p>\n<p><span><a href=\"https:\/\/www.baraka.cc\/down\/13_s3_31.pdf\" target=\"_blank\">\u00a0\u00a0 <\/a><\/span><\/p>\n<p class=\"MsoNormal\" style=\"margin: 0cm 0cm 0pt; line-height: 150%; text-align: justify;\"><span><a href=\"https:\/\/www.baraka.cc\/down\/13_s3_31.pdf\" target=\"_blank\"><strong>Sayfa 27 \u2013 <\/strong>?iir<\/a><\/span><\/p>\n<p><span><a href=\"https:\/\/www.baraka.cc\/down\/13_s3_31.pdf\" target=\"_blank\">\u00a0\u00a0\u00a0 <\/a><\/span><\/p>\n<p class=\"MsoNormal\" style=\"margin: 0cm 0cm 0pt; line-height: 150%; text-align: justify;\"><span><a href=\"https:\/\/www.baraka.cc\/down\/13_s3_31.pdf\" target=\"_blank\"><strong>Sayfa 28-<\/strong> Geleneksel Hukuk Anlayy?yna Kar?y Ele?tirel Teori, Eyy\u00fcp Sabih Benzetsel<\/a><\/span><\/p>\n<p><span><a href=\"https:\/\/www.baraka.cc\/down\/13_s3_31.pdf\" target=\"_blank\">\u00a0\u00a0 <\/a><\/span><\/p>\n<p class=\"MsoNormal\" style=\"margin: 0cm 0cm 0pt; line-height: 150%; text-align: justify;\"><span><a href=\"https:\/\/www.baraka.cc\/down\/13_s3_31.pdf\" target=\"_blank\"><strong>Sayfa 29 \u2013<\/strong> Liseliyim, Ceyda Al\u00e7ycyo?lu<\/a><\/span><\/p>\n<p><span><a href=\"https:\/\/www.baraka.cc\/down\/13_s3_31.pdf\" target=\"_blank\">\u00a0\u00a0 <\/a><\/span><\/p>\n<p class=\"MsoNormal\" style=\"margin: 0cm 0cm 0pt; line-height: 150%; text-align: justify;\"><span><a href=\"https:\/\/www.baraka.cc\/down\/13_s3_31.pdf\" target=\"_blank\"><strong>Sayfa 30 \u2013<\/strong> Eskiz, \u00d6mer Tatlysu<\/a><\/span><\/p>\n<p><span><a href=\"https:\/\/www.baraka.cc\/down\/13_s3_31.pdf\" target=\"_blank\">\u00a0\u00a0 <\/a><\/span><\/p>\n<p class=\"MsoNormal\" style=\"margin: 0cm 0cm 0pt; line-height: 150%; text-align: justify;\"><span><a href=\"https:\/\/www.baraka.cc\/down\/13_s3_31.pdf\" target=\"_blank\"><strong>Sayfa 31 \u2013<\/strong> Futbol ve Siyaset, Mehmet Adaman<\/a><\/span><\/p>\n<p><span>\u00a0\u00a0\u00a0 <\/span><span style=\"font-size: 10pt; line-height: 150%; font-family: Verdana;\"><strong>\u00a0<\/strong><\/span><span style=\"font-size: 10pt; line-height: 150%; font-family: Verdana;\"><strong>\u00a0<\/strong><\/span><\/p>\n","protected":false},"excerpt":{"rendered":"<p>&nbsp; \u00a0 &nbsp; \u00a0 Ynadyna BA?IMSIZ KIBRIS Ynadyna B\u00dcT\u00dcN HALKLAR KARDE?TYR! \u00a0\u00a0\u00a0 \u00a0 10. sayydan sonra \u00fc\u00e7 aylyk periyodumuzda\u00a0 de?i?iklik yaparak Argasdi\u2019nin ocak ayyna ge\u00e7mesi<\/p>\n","protected":false},"author":1,"featured_media":0,"comment_status":"open","ping_status":"open","sticky":false,"template":"","format":"standard","meta":{"jetpack_post_was_ever_published":false,"_jetpack_newsletter_access":"","_jetpack_newsletter_tier_id":0,"jetpack_publicize_message":"","jetpack_is_tweetstorm":false,"jetpack_publicize_feature_enabled":true,"jetpack_social_post_already_shared":false,"jetpack_social_options":{"image_generator_settings":{"template":"highway","enabled":false}}},"categories":[67],"tags":[],"jetpack_publicize_connections":[],"jetpack_featured_media_url":"","jetpack_shortlink":"https:\/\/wp.me\/p4eHWX-oZ","jetpack_sharing_enabled":true,"_links":{"self":[{"href":"https:\/\/baraka.cc\/index.php?rest_route=\/wp\/v2\/posts\/1549"}],"collection":[{"href":"https:\/\/baraka.cc\/index.php?rest_route=\/wp\/v2\/posts"}],"about":[{"href":"https:\/\/baraka.cc\/index.php?rest_route=\/wp\/v2\/types\/post"}],"author":[{"embeddable":true,"href":"https:\/\/baraka.cc\/index.php?rest_route=\/wp\/v2\/users\/1"}],"replies":[{"embeddable":true,"href":"https:\/\/baraka.cc\/index.php?rest_route=%2Fwp%2Fv2%2Fcomments&post=1549"}],"version-history":[{"count":0,"href":"https:\/\/baraka.cc\/index.php?rest_route=\/wp\/v2\/posts\/1549\/revisions"}],"wp:attachment":[{"href":"https:\/\/baraka.cc\/index.php?rest_route=%2Fwp%2Fv2%2Fmedia&parent=1549"}],"wp:term":[{"taxonomy":"category","embeddable":true,"href":"https:\/\/baraka.cc\/index.php?rest_route=%2Fwp%2Fv2%2Fcategories&post=1549"},{"taxonomy":"post_tag","embeddable":true,"href":"https:\/\/baraka.cc\/index.php?rest_route=%2Fwp%2Fv2%2Ftags&post=1549"}],"curies":[{"name":"wp","href":"https:\/\/api.w.org\/{rel}","templated":true}]}}