{"id":1559,"date":"2010-07-06T12:36:56","date_gmt":"2010-07-06T10:36:56","guid":{"rendered":"https:\/\/baraka.cc\/?p=1559"},"modified":"2014-01-06T12:39:05","modified_gmt":"2014-01-06T10:39:05","slug":"argasdi-19","status":"publish","type":"post","link":"https:\/\/baraka.cc\/?p=1559","title":{"rendered":"argasdi 19"},"content":{"rendered":"<p class=\"MsoNormal\" style=\"text-align: justify; line-height: 200%; margin: 0cm 0cm 0pt;\">\n<p class=\"MsoNormal\" style=\"text-align: justify; line-height: 200%; margin: 0cm 0cm 0pt;\"><strong><span style=\"font-family: Verdana;\"><span style=\"font-size: medium;\">\u00a0\u00a0\u00a0<\/span><\/span><\/strong><strong><span style=\"font-family: Verdana;\"><span style=\"font-size: medium;\">\u00a0<\/span><\/span><\/strong><\/p>\n<p class=\"MsoNormal\" style=\"text-align: justify; line-height: 200%; margin: 0cm 0cm 0pt;\"><strong><span style=\"font-family: Verdana;\"><a href=\"https:\/\/www.baraka.cc\/images\/stories\/argasdi_19_on.jpg\" target=\"_blank\"><img decoding=\"async\" loading=\"lazy\" alt=\" \" src=\"https:\/\/www.baraka.cc\/images\/stories\/argasdi_19_on.jpg\" width=\"200\" height=\"280\" border=\"2\" \/><\/a>\u00a0 <a href=\"https:\/\/www.baraka.cc\/images\/stories\/argasdi_19_arka.jpg\" target=\"_blank\"><img decoding=\"async\" loading=\"lazy\" alt=\" \" src=\"https:\/\/www.baraka.cc\/images\/stories\/argasdi_19_arka.jpg\" width=\"200\" height=\"280\" border=\"2\" \/><\/a><\/span><\/strong><\/p>\n<p class=\"MsoNormal\" style=\"text-align: justify; line-height: 200%; margin: 0cm 0cm 0pt;\"><strong><span style=\"font-family: Verdana;\">\u00a0 <\/span><\/strong><\/p>\n<p class=\"MsoNormal\" style=\"text-align: justify; line-height: 150%;\"><strong><span style=\"line-height: 150%; font-family: Verdana; font-size: 11pt;\">ARGASDY \u201cYEREL Y\u00d6NETYMLER\u201d DOSYASI YLE BAYYLERDE<\/span><\/strong><\/p>\n<p class=\"MsoNormal\" style=\"text-align: justify; line-height: 150%;\"><strong><span style=\"line-height: 150%; font-family: Verdana; font-size: 11pt;\"><br \/>\n<\/span><\/strong><\/p>\n<p class=\"MsoNormal\" style=\"text-align: justify; line-height: 150%;\"><strong><span style=\"line-height: 150%; font-family: Verdana; font-size: 11pt;\">Baraka K\u00fclt\u00fcr Merkezi\u2019nin \u00fc\u00e7 ayda bir yayynlanan politika-k\u00fclt\u00fcr-sanat dergisi Argasdi\u2019nin 19. sayysy \u00e7ykty.<\/span><\/strong><\/p>\n<p class=\"MsoNormal\" style=\"text-align: justify; line-height: 150%;\">\n<p class=\"MsoNormal\" style=\"text-align: justify; line-height: 150%;\"><span style=\"line-height: 150%; font-family: Verdana; font-size: 11pt;\">Dosya konusu olarak yerel y\u00f6netimlerin se\u00e7ildi?i ve \u00e7e?itli boyutlary ile ele alyndy?y dergide ayryca Kybrys sorunu, \u00f6zelle?tirmeler, \u00d6?retmen Akademisi direni?i ve yeni Dernekler Yasa Tasarysy ile ilgili makaleler bulunuyor. \u201cMemleketin Ahvali\u201d sayfalarynda g\u00fcncel gazete haberleri yorumlanyrken, \u201cYnsanlaryn Hikayesi K\u00f6ylerin Tarihi\u201d sayfasynda ilk Kybrysly T\u00fcrk Belediyesi Lefke konu alynyyor. \u201cFeministYZ\u201d b\u00f6l\u00fcm\u00fcnde insan ticareti ve seks i?\u00e7ili?i, feminizm ve ekoloji konulu makaleler ile medya ele?tirileri bulunuyor.<span>\u00a0 <\/span>Dergide ayryca protest m\u00fczik ve Bandista\u2019yla ilgili yazylar ile Lefkoa? Sanat Tiyarosu\u2019yla yapylmy? bir rop\u00f6rtaj da okuyucuya sunulmakta. \u201cLiseler Bizimdir\u201d sayfalarynda liseli gen\u00e7lerin sorunlary kendi kalmelerinden anlatylmakta, ?iir ve karikat\u00fcr sayfalary okuyucuyu sanatla bulu?turmakta. <span>\u00a0<\/span><\/span><\/p>\n<p class=\"MsoNormal\" style=\"text-align: justify; line-height: 150%;\">\n<p class=\"MsoNormal\" style=\"text-align: justify; line-height: 150%;\"><span style=\"line-height: 150%; font-family: Verdana; font-size: 11pt;\">\u201cYerel Y\u00f6netimler\u201d dosyasynda \u201cBelediyeyi ?irket Gibi Y\u00f6netmek\u201d, \u201cKadynlar Katlanan De?il Katylan Omak Ystiyor\u201d, \u201cYerel Y\u00f6netimler ve K\u00fclt\u00fcr-Sanat\u201d, \u201cEngelli miyim Engel-siz misiniz?\u201d ve \u201cK\u00f6ylerin Belediye\u2019ye Ba?lanmasy\u201d gibi inceleme yazylarynyn bulundu?u dergi 32 sayfa ve foto?rafly. 5TL okuyucu katkysy ile satylan Argasdi, gazate bayilerinden ve Baraka K\u00fclt\u00fcr Merkezi lokalinden temin edilebilir.<\/span><\/p>\n<p class=\"MsoNormal\" style=\"text-align: justify; line-height: 150%;\"><span style=\"line-height: 150%; font-family: Verdana; font-size: 11pt;\">\u00a0\u00a0 <\/span><\/p>\n<p><span style=\"line-height: 150%; font-family: Verdana; font-size: 11pt;\">\u00a0<\/span><\/p>\n<p class=\"MsoNoSpacing\" style=\"text-align: justify; line-height: 200%; margin: 0cm 0cm 0pt;\"><strong><span style=\"font-family: 'Verdana','sans-serif';\">S\u00f6z, Yetki, Karar, Yktidar Halka<\/span><\/strong><\/p>\n<p><strong><span style=\"font-family: 'Verdana','sans-serif';\">\u00a0\u00a0 <\/span><\/strong><span style=\"font-family: 'Verdana','sans-serif';\">\u00a0<\/span><\/p>\n<p class=\"MsoNoSpacing\" style=\"text-align: justify; line-height: 200%; margin: 0cm 0cm 0pt;\"><span style=\"font-family: 'Verdana','sans-serif';\">Fikirlerimizi payla?tyk\u00e7a ve tarty?tyk\u00e7a s\u00f6ylemlerin eylemlere d\u00f6n\u00fc?ebilece?ine olan inancymyzla; inatla b\u00fcy\u00fcmeye, yayylmaya ve argasdi otunun karakteristik \u00f6zelli?ini bir miras gibi ta?ymaya devam ediyoruz. Bu sayyda \u201cyerel y\u00f6netimler\u201d konulu bir dosya belirleyerek 27 Haziran se\u00e7imlerinden \u00f6nce dergimizi sizlere ula?tyrabilmek adyna zamanlama a\u00e7ysyndan k\u00fc\u00e7\u00fck bir de?i?iklik yaparak 15 g\u00fcn erken ba?ladyk Argasdi yolculu?una. Yerel y\u00f6netimler dosyamyza; belediyecili?i bir ?irket gibi kurgulayyp hareket eden belediyeleri, yerellik olgusuna vurgu yaparak; k\u00fclt\u00fcr- sanaty, yerel y\u00f6netimlerde kadyny, engelli yurtta?larymyza konan engelleri, alternatif bir belediyecilik anlayy?yny bununla birlikte k\u00f6ylerin belediyelere ba?lanmasy konusundaki fikirlerimizi ve Lefko?a T\u00fcrk Belediyesi\u2019ni konu ba?lyklary olarak belirledik.<\/span><\/p>\n<p><span style=\"font-family: 'Verdana','sans-serif';\">\u00a0\u00a0\u00a0\u00a0\u00a0\u00a0\u00a0\u00a0\u00a0\u00a0\u00a0\u00a0\u00a0\u00a0\u00a0\u00a0\u00a0 \u00a0<\/span><\/p>\n<p class=\"MsoNoSpacing\" style=\"text-align: justify; line-height: 200%; margin: 0cm 0cm 0pt;\"><span style=\"font-family: 'Verdana','sans-serif';\">Yerel y\u00f6netimlerin; demokratik bir temelde, alternatif bir yerel y\u00f6netim bi\u00e7imiyle varly?yny devam ettirmesi toplumlary d\u00f6n\u00fc?t\u00fcrmeye ve geli?tirmeye zemin hazyrlar. Ylk olarak Eski Yunan\u2019da Grekler tarafyndan uygulanan demokrasi, <span>azynly?yn \u00e7o?unlu?a hakim oldu?u ve insanlar arasynda e?itsizli?in ge\u00e7erli bulundu?u Yunan toplumu i\u00e7in b\u00fcy\u00fck bir ilerleme ve geli?meydi. Yunan Site Devletleri\u2019nden sonra uzun s\u00fcre g\u00f6r\u00fclmeyen demokrasi orta\u00e7a?yn sona ermesiyle geli?en s\u00fcre\u00e7te ?ehirlerde yeniden belediyeler \u00fczerinden ortaya \u00e7ykty. Halk iradesinin bir ba?ka \u00f6rne?i de referandum yani halk oylamasydyr. \u00dclkemizin kuzey co?rafyasynda Anayasa\u2019da yapylacak herhangi bir de?i?iklik halk oylamasyyla teyit alyr ve salt \u00e7o?unluk yakalanyrsa gerekli madde de?i?ir. UBP\u2019nin h\u00fck\u00fcmete girmesinin ardyndan ya?anan s\u00fcre\u00e7 bu hakkymyzy da elimizden almaya niyet etmi? ancak olay daha g\u00fcndeme d\u00fc?meden yapylmaya ba?lanan tarty?malar ve halktan taraf y\u00fckselen tepkiler sonucunda bu niyet ertelenmi? ve olay s\u00f6nmeye byrakylmy?tyr. K\u00fcllerinden yeniden do?masy bir ihtimal de olsa bu niyete kar?y tavrymyz gayet a\u00e7yk ve nettir. Demokrasinin \u00f6znesi halktyr.<\/span><\/span><\/p>\n<p><span style=\"font-family: 'Verdana','sans-serif';\"><span>\u00a0\u00a0\u00a0\u00a0\u00a0\u00a0\u00a0\u00a0\u00a0\u00a0\u00a0\u00a0\u00a0\u00a0\u00a0\u00a0\u00a0\u00a0\u00a0\u00a0\u00a0\u00a0\u00a0\u00a0\u00a0\u00a0\u00a0 <\/span><\/span><\/p>\n<p class=\"MsoNoSpacing\" style=\"text-align: justify; line-height: 200%; margin: 0cm 0cm 0pt;\"><span style=\"font-family: 'Verdana','sans-serif';\">Sycak yaz g\u00fcnlerinin ba?lamasyyla paralel sycak g\u00fcndemler de Kybrys\u2019yn kuzeyini yakyp kavurmaya ba?lady. Ero?lu\u2019nun ba?bakanlyktan cumhurba?kanly?yna se\u00e7imler yoluyla terfi etmesinden sonra (!) kabinenin bazy bakanlyklarynyn revize edilmesinin yany syra Ero?lu saltanaty i\u00e7in \u201cacaba Kybrys Sorunu\u2019nu \u00e7\u00f6zer mi?\u201d sorusu da g\u00fcn y\u00fcz\u00fcne \u00e7ykty tekrardan. \u201cM\u00fclkiyet Hakky\u201d gibi problemli bir konuyla ba?layan m\u00fczakere s\u00fcreci ve Ero?lu\u2019nun AKP talimatlaryyla Talat\u2019yn yolundan gidip gitmeyece?i tarty?malary s\u00fcredursun, di?er yandan \u00f6zelle?tirme furyalarynyn kapanyna syky?my? durumdayyz. YD\u00dc\u2019n\u00fcn Okul \u00d6ncesi \u00d6?retmenli?i b\u00f6l\u00fcm\u00fcn\u00fc yasalla?tyrarak, Atat\u00fcrk \u00d6?retmen Akademisi\u2019ni kapanma s\u00fcrecine sokan kararyn ge\u00e7mesi, KTHY\u2019nin batyrylma giri?imi, devletin selden ma?dur olan hastanesine sahip \u00e7ykmayarak \u00f6zel hastaneleri g\u00f6klere \u00e7ykarmasy, Elektrik Kurumuna ilaveten T\u00fcrkiye sermayesine santral kurma izni verilmesiyle KIB-TEK\u2019in teklemeye ba?lamasy gibi uygulamalaryn \u00fczerimizde yaratty?y basyn\u00e7 giderek artyyor. Ya?anylan t\u00fcm bu olumsuzluklar yanynda en temel haklarymyzdan birisi olan dernek kurma hakkymyza da \u201cDernekler Yasa Tasarysy\u201d ba?ly?y altynda bir kysytlama getirme giri?imleri ba? g\u00f6sterdi. Fa?izmin yeni bir sureti olarak g\u00f6rd\u00fc?\u00fcm\u00fcz bu yasaya kar?y \u201cSivil Toplum \u00d6rg\u00fctleri A?y\u201d altynda toplanan pek \u00e7ok \u00f6rg\u00fct muhalefet \u00f6rmeye ba?lady. Baraka bu a?a i\u00e7inde olmamasyna ra?men tasaryya kar?y her t\u00fcrl\u00fc me?ru eylemi ger\u00e7ekle?tirece?ini de a\u00e7yklady.<\/span><\/p>\n<p><span style=\"font-family: 'Verdana','sans-serif';\">\u00a0\u00a0\u00a0\u00a0\u00a0\u00a0\u00a0\u00a0\u00a0\u00a0\u00a0\u00a0\u00a0\u00a0\u00a0\u00a0\u00a0\u00a0\u00a0\u00a0\u00a0\u00a0\u00a0\u00a0\u00a0\u00a0\u00a0\u00a0\u00a0\u00a0 <\/span><\/p>\n<p class=\"MsoNoSpacing\" style=\"text-align: justify; line-height: 200%; margin: 0cm 0cm 0pt;\"><span style=\"font-family: 'Verdana','sans-serif';\">Teori ile prati?in harmanlanmasy sonucunda ilerleme sa?lanaca?y g\u00f6r\u00fc?\u00fcnde olan Baraka aktivistleri, anlamly i?lere imza atmaya devam ediyorlar. 1 Mayys\u2019ta etkinlik grubu pankartlaryyla ba?latty?ymyz kalabalyk ve renkli kortejimize katylan aktivist ve dostlarla<span>\u00a0 <\/span>\u201cBa?ka Bir D\u00fcnya M\u00fcmk\u00fcn\u201d ?iaryny hep birlikte y\u00fckselttik. M\u00fczik toplulu?umuz Sol Anahtary\u2019nyn da k\u00fcrs\u00fcden canly olarak seslendirdi?i par\u00e7alar e?li?inde eme?in en y\u00fcce de?er oldu?u g\u00fcn\u00fcn anlamy bir kez daha hafyzalara kazandy. \u201cBir Yolculuk Hikayesi\u201d olarak ba?layan ser\u00fcven BTE tarafyndan nisan ayy boyunca sergilenerek izleyicilerde muazzam tatlar byrakty. 68 Ku?a?y devrimcilerinden Deniz Gezmi?, Yusuf Aslan ve H\u00fcseyin Ynan anysyna yapylan anmada Sol Anahtary tarafyndan yapylan dinleti duygulu anlar ya?anmasyna neden olurken, \u00fccretsiz sinema g\u00f6sterimimiz, Yzle- Tarty? etkinli?iyle 7. yyly ve 100. filmi geride byrakarak yoluna devam ediyor. Yaz planlary \u00e7er\u00e7evesinde; festivaller ve her yyl yapty?ymyz yaz kampymyz i\u00e7in geriye sayymy ba?lattyk.<\/span><\/p>\n<p><span style=\"font-family: 'Verdana','sans-serif';\">\u00a0\u00a0\u00a0\u00a0\u00a0\u00a0\u00a0\u00a0\u00a0\u00a0\u00a0\u00a0\u00a0\u00a0\u00a0\u00a0\u00a0\u00a0\u00a0\u00a0\u00a0\u00a0 \u00a0<\/span><\/p>\n<p class=\"MsoNoSpacing\" style=\"text-align: justify; line-height: 200%; margin: 0cm 0cm 0pt;\"><span style=\"font-family: 'Verdana','sans-serif';\">Belle?imizi ilk Kybrysly T\u00fcrk belediyelerinin olu?turulmasy konusuna \u00e7evirirken, Bellek D\u00fcnya sayfasynda ise T\u00fcrkiye oligar?isi tarafyndan \u00f6rnek bir yerel y\u00f6netim anlayy?y ortaya koyan Fatsa\u2019ya d\u00fczenlenen \u201cnokta operasyonu\u201dnu konu aldyk. Toplumsal cinsiyet e?itli?i olmadan, adil ve demokratik bir ya?am kurulamayaca?yny savunan Feminist-Yz yazarlary; eko feministler ve seks i?\u00e7ili?i \u00fczerine iki makale kaleme aldy. Ynsanlaryn Hikayesi, K\u00f6ylerin Tarihi; dosya konumuzla ili?kili olarak belediyeler konusunu irdelerken, k\u00fct\u00fcphane sayfamyz bu sefer \u201d Ben Okudum Hi\u00e7 Haz Etmedim\u201d diyerek Okuma-Tarty?ma Grubunda,<\/span><strong><span style=\"font-family: 'Verdana','sans-serif';\"> nisan ayy ba?ynda okunmaya ba?lanan ve <\/span><\/strong><span style=\"font-family: 'Verdana','sans-serif';\">Engels\u2019in \u201cAilenin, \u00d6zel M\u00fclkiyetin Ve Devletin K\u00f6keni\u201d isimli kitabyndan alyntylandy?yny iddia edilen kysymlaryny bilin\u00e7li olarak \u00e7arpytyldy?yny d\u00fc?\u00fcnd\u00fckleri \u201cKadyn ve Marksizm\u201d isimli kitaby ele?tiri s\u00fczgecinden ge\u00e7iriyor.<\/span><\/p>\n<p><span style=\"font-family: 'Verdana','sans-serif';\">\u00a0\u00a0\u00a0\u00a0\u00a0\u00a0\u00a0\u00a0\u00a0\u00a0\u00a0\u00a0\u00a0\u00a0\u00a0\u00a0\u00a0\u00a0\u00a0\u00a0\u00a0\u00a0\u00a0\u00a0\u00a0\u00a0\u00a0\u00a0\u00a0\u00a0\u00a0\u00a0\u00a0\u00a0\u00a0\u00a0\u00a0 <\/span><\/p>\n<p class=\"MsoNoSpacing\" style=\"text-align: justify; line-height: 200%; margin: 0cm 0cm 0pt;\"><span style=\"font-family: 'Verdana','sans-serif';\">1 Eyl\u00fcl\u2019\u00fc bary? i\u00e7in m\u00fccadele arzusuyla kutlamaya hazyrlanyrken, mayys ayy sonunda Gazze\u2019ye insani yardym g\u00f6t\u00fcren sivillere Uluslararasy sularda Ysrail h\u00fck\u00fcmetinin saldyry d\u00fczenledi?ini ve sonucunda bir\u00e7ok masum insanyn zarar g\u00f6rd\u00fc?\u00fc haberini izledik televizyonlardan. Bary?yn egemenler tarafyndan sunularak de?il, halklaryn s\u00f6z, yetki ve kararyyla belirlenmesi gereklili?inin altyny \u00e7iziyor,1 Eyl\u00fcl\u2019\u00fc sava?laryn, s\u00f6m\u00fcr\u00fclerin olmady?y bir d\u00fcnyada, \u00f6zg\u00fcrce kutlamak arzumuzu haykyryyoruz!<\/span><\/p>\n<p><span style=\"font-family: 'Verdana','sans-serif';\">\u00a0\u00a0\u00a0\u00a0\u00a0\u00a0\u00a0\u00a0\u00a0\u00a0\u00a0\u00a0\u00a0\u00a0\u00a0\u00a0\u00a0\u00a0\u00a0\u00a0\u00a0\u00a0\u00a0\u00a0\u00a0\u00a0\u00a0\u00a0\u00a0\u00a0\u00a0\u00a0\u00a0\u00a0\u00a0 <\/span><span style=\"font-family: 'Verdana','sans-serif';\">\u00a0<\/span><\/p>\n<p class=\"MsoNoSpacing\" style=\"text-align: justify; line-height: 200%; margin: 0cm 0cm 0pt;\"><strong><span style=\"font-family: 'Verdana','sans-serif';\">Argasdi Hammaliye Kurulu<\/span><\/strong><\/p>\n<p><strong><span style=\"font-family: 'Verdana','sans-serif';\">\u00a0\u00a0\u00a0\u00a0 <\/span><\/strong><\/p>\n<p class=\"MsoNoSpacing\" style=\"text-align: justify; line-height: 200%; margin: 0cm 0cm 0pt;\"><span style=\"font-family: 'Verdana','sans-serif';\">M\u00fcn\u00fcr Rahvancyo?lu, Besim Baysal, ?ifa Al\u00e7ycyo?lu<\/span><\/p>\n<p><span style=\"font-family: 'Verdana','sans-serif';\">\u00a0\u00a0\u00a0 <\/span><span style=\"font-family: 'Verdana','sans-serif';\">\u00a0<\/span><\/p>\n<p class=\"MsoNoSpacing\" style=\"text-align: justify; line-height: 200%; margin: 0cm 0cm 0pt;\"><a href=\"https:\/\/www.baraka.cc\/down\/19_s2_31.pdf\" target=\"_blank\"><span style=\"font-family: 'Verdana','sans-serif';\">Sayfa 2<\/span><span style=\"font-family: 'Verdana','sans-serif';\"> \u2013 S\u00f6z Yetki Karar Yktidar Halka, <span>Argasdi Hammaliye Kurulu<\/span><\/span><\/a><\/p>\n<p><span style=\"font-family: 'Verdana','sans-serif';\"><span><a href=\"https:\/\/www.baraka.cc\/down\/19_s2_31.pdf\" target=\"_blank\">\u00a0\u00a0 <\/a><\/span><\/span><\/p>\n<p class=\"MsoNoSpacing\" style=\"text-align: justify; line-height: 200%; margin: 0cm 0cm 0pt;\"><a href=\"https:\/\/www.baraka.cc\/down\/19_s2_31.pdf\" target=\"_blank\"><span style=\"font-family: 'Verdana','sans-serif';\">Sayfa 3<\/span><span style=\"font-family: 'Verdana','sans-serif';\"> \u2013 Ero?lu ve Kybrys Sorunu, <span>Mustafa Kele?zade<\/span><\/span><\/a><\/p>\n<p><span style=\"font-family: 'Verdana','sans-serif';\"><span><a href=\"https:\/\/www.baraka.cc\/down\/19_s2_31.pdf\" target=\"_blank\">\u00a0\u00a0 <\/a><\/span><\/span><\/p>\n<p class=\"MsoNoSpacing\" style=\"text-align: justify; line-height: 200%; margin: 0cm 0cm 0pt;\"><a href=\"https:\/\/www.baraka.cc\/down\/19_s2_31.pdf\" target=\"_blank\"><span style=\"font-family: 'Verdana','sans-serif';\">Sayfa 4<\/span><span style=\"font-family: 'Verdana','sans-serif';\"> \u2013 Memleketin Ahvali, <span>Merter Refiko?lu<\/span><\/span><\/a><\/p>\n<p><span style=\"font-family: 'Verdana','sans-serif';\"><span><a href=\"https:\/\/www.baraka.cc\/down\/19_s2_31.pdf\" target=\"_blank\">\u00a0\u00a0 <\/a><\/span><\/span><\/p>\n<p class=\"MsoNoSpacing\" style=\"text-align: justify; line-height: 200%; margin: 0cm 0cm 0pt;\"><a href=\"https:\/\/www.baraka.cc\/down\/19_s2_31.pdf\" target=\"_blank\"><span style=\"font-family: 'Verdana','sans-serif';\">Sayfa 6<\/span><span style=\"font-family: 'Verdana','sans-serif';\"> \u2013 Ynsanlaryn Hikayesi K\u00f6ylerin Tarihi, <span>Besim Baysal<\/span><\/span><\/a><\/p>\n<p><span style=\"font-family: 'Verdana','sans-serif';\"><span><a href=\"https:\/\/www.baraka.cc\/down\/19_s2_31.pdf\" target=\"_blank\">\u00a0\u00a0 <\/a><\/span><\/span><\/p>\n<p class=\"MsoNoSpacing\" style=\"text-align: justify; line-height: 200%; margin: 0cm 0cm 0pt;\"><a href=\"https:\/\/www.baraka.cc\/down\/19_s2_31.pdf\" target=\"_blank\"><span style=\"font-family: 'Verdana','sans-serif';\">Sayfa 7<\/span><span style=\"font-family: 'Verdana','sans-serif';\"> \u2013 Dosya: Yerel Y\u00f6netimler<\/span><\/a><\/p>\n<p><span style=\"font-family: 'Verdana','sans-serif';\"><a href=\"https:\/\/www.baraka.cc\/down\/19_s2_31.pdf\" target=\"_blank\">\u00a0\u00a0 <\/a><\/span><\/p>\n<p class=\"MsoNoSpacing\" style=\"text-align: justify; line-height: 200%; margin: 0cm 0cm 0pt;\"><span style=\"font-family: 'Verdana','sans-serif';\"><a href=\"https:\/\/www.baraka.cc\/down\/19_s2_31.pdf\" target=\"_blank\">Sayfa 8 \u2013 Belediyeyi ?irket Gibi Y\u00f6netmek, <span>M\u00fcn\u00fcr Rahvancyo?lu<\/span><\/a><\/span><\/p>\n<p><span style=\"font-family: 'Verdana','sans-serif';\"><span><a href=\"https:\/\/www.baraka.cc\/down\/19_s2_31.pdf\" target=\"_blank\">\u00a0\u00a0 <\/a><\/span><\/span><\/p>\n<p class=\"MsoNoSpacing\" style=\"text-align: justify; line-height: 200%; margin: 0cm 0cm 0pt;\"><a href=\"https:\/\/www.baraka.cc\/down\/19_s2_31.pdf\" target=\"_blank\"><span style=\"font-family: 'Verdana','sans-serif';\">Sayfa 9<\/span><span style=\"font-family: 'Verdana','sans-serif';\"> \u2013 Yerel Y\u00f6netimcilikten Ne Anlyyoruz?, <span>Hasan Yykycy<\/span><\/span><\/a><\/p>\n<p><span style=\"font-family: 'Verdana','sans-serif';\"><span><a href=\"https:\/\/www.baraka.cc\/down\/19_s2_31.pdf\" target=\"_blank\">\u00a0 <\/a><\/span><\/span><\/p>\n<p class=\"MsoNoSpacing\" style=\"text-align: justify; line-height: 200%; margin: 0cm 0cm 0pt;\"><a href=\"https:\/\/www.baraka.cc\/down\/19_s2_31.pdf\" target=\"_blank\"><span style=\"font-family: 'Verdana','sans-serif';\">Sayfa 10<\/span><span style=\"font-family: 'Verdana','sans-serif';\"> \u2013 D\u00f6rt Yyl Boyunca Sakladyk, <span>Merter Refiko?lu<\/span><\/span><\/a><\/p>\n<p><span style=\"font-family: 'Verdana','sans-serif';\"><span><a href=\"https:\/\/www.baraka.cc\/down\/19_s2_31.pdf\" target=\"_blank\">\u00a0 <\/a><\/span><\/span><\/p>\n<p class=\"MsoNoSpacing\" style=\"text-align: justify; line-height: 200%; margin: 0cm 0cm 0pt;\"><a href=\"https:\/\/www.baraka.cc\/down\/19_s2_31.pdf\" target=\"_blank\"><span style=\"font-family: 'Verdana','sans-serif';\">Sayfa 12<\/span><span style=\"font-family: 'Verdana','sans-serif';\"> \u2013 Kadynlar Katlanan De?il Katylan Olmak Ystiyor, Hyvsiye \u00d6ztoprak<\/span><\/a><\/p>\n<p><span style=\"font-family: 'Verdana','sans-serif';\"><a href=\"https:\/\/www.baraka.cc\/down\/19_s2_31.pdf\" target=\"_blank\">\u00a0 <\/a><\/span><\/p>\n<p class=\"MsoNoSpacing\" style=\"text-align: justify; line-height: 200%; margin: 0cm 0cm 0pt;\"><a href=\"https:\/\/www.baraka.cc\/down\/19_s2_31.pdf\" target=\"_blank\"><span style=\"font-family: 'Verdana','sans-serif';\">Sayfa 13<\/span><span style=\"font-family: 'Verdana','sans-serif';\"> \u2013 Yerel Y\u00f6netimler ve K\u00fclt\u00fcr Sanat, <span>?ifa Al\u00e7ycyo?lu<\/span><\/span><\/a><\/p>\n<p><span style=\"font-family: 'Verdana','sans-serif';\"><span><a href=\"https:\/\/www.baraka.cc\/down\/19_s2_31.pdf\" target=\"_blank\">\u00a0 <\/a><\/span><\/span><\/p>\n<p class=\"MsoNoSpacing\" style=\"text-align: justify; line-height: 200%; margin: 0cm 0cm 0pt;\"><a href=\"https:\/\/www.baraka.cc\/down\/19_s2_31.pdf\" target=\"_blank\"><span style=\"font-family: 'Verdana','sans-serif';\">Sayfa 14<\/span><span style=\"font-family: 'Verdana','sans-serif';\"> \u2013 Sayyn Yerel Y\u00f6netim, Engelli Miyim Engel-siz Misiniz?, <span>Mine Balman<\/span><\/span><\/a><\/p>\n<p><span style=\"font-family: 'Verdana','sans-serif';\"><span><a href=\"https:\/\/www.baraka.cc\/down\/19_s2_31.pdf\" target=\"_blank\">\u00a0\u00a0 <\/a><\/span><\/span><\/p>\n<p class=\"MsoNoSpacing\" style=\"text-align: justify; line-height: 200%; margin: 0cm 0cm 0pt;\"><a href=\"https:\/\/www.baraka.cc\/down\/19_s2_31.pdf\" target=\"_blank\"><span style=\"font-family: 'Verdana','sans-serif';\">Sayfa 15 \u2013 <\/span><span style=\"font-family: 'Verdana','sans-serif';\">K\u00f6ylerin Belediyelere Ba?lanmasy, <span>Besim Baysal<\/span><\/span><\/a><\/p>\n<p><span style=\"font-family: 'Verdana','sans-serif';\"><span><a href=\"https:\/\/www.baraka.cc\/down\/19_s2_31.pdf\" target=\"_blank\">\u00a0 <\/a><\/span><\/span><\/p>\n<p class=\"MsoNoSpacing\" style=\"text-align: justify; line-height: 200%; margin: 0cm 0cm 0pt;\"><a href=\"https:\/\/www.baraka.cc\/down\/19_s2_31.pdf\" target=\"_blank\"><span style=\"font-family: 'Verdana','sans-serif';\">Sayfa 16<\/span><span style=\"font-family: 'Verdana','sans-serif';\"> \u2013 Baraka\u2019dan Kysa Kysa, <span>?ifa Al\u00e7ycyo?lu<\/span><\/span><\/a><\/p>\n<p><span style=\"font-family: 'Verdana','sans-serif';\"><span><a href=\"https:\/\/www.baraka.cc\/down\/19_s2_31.pdf\" target=\"_blank\">\u00a0 <\/a><\/span><\/span><\/p>\n<p class=\"MsoNoSpacing\" style=\"text-align: justify; line-height: 200%; margin: 0cm 0cm 0pt;\"><a href=\"https:\/\/www.baraka.cc\/down\/19_s2_31.pdf\" target=\"_blank\"><span style=\"font-family: 'Verdana','sans-serif';\">Sayfa 18<\/span><span style=\"font-family: 'Verdana','sans-serif';\"> \u2013 Direni?in Kysa Ady: A\u00d6A, <span>Ysmail \u00d6zu\u00e7ar<\/span><\/span><\/a><\/p>\n<p><span style=\"font-family: 'Verdana','sans-serif';\"><span><a href=\"https:\/\/www.baraka.cc\/down\/19_s2_31.pdf\" target=\"_blank\">\u00a0 <\/a><\/span><\/span><\/p>\n<p class=\"MsoNoSpacing\" style=\"text-align: justify; line-height: 200%; margin: 0cm 0cm 0pt;\"><a href=\"https:\/\/www.baraka.cc\/down\/19_s2_31.pdf\" target=\"_blank\"><span style=\"font-family: 'Verdana','sans-serif';\">Sayfa 20<\/span><span style=\"font-family: 'Verdana','sans-serif';\"> \u2013 K\u00fct\u00fcp-ha!-ne?; Marksizm ve Kadyn ve Marksizm,<span>M\u00fcn\u00fcr Rahvancyo?lu<\/span><\/span><\/a><\/p>\n<p><span style=\"font-family: 'Verdana','sans-serif';\"><span><a href=\"https:\/\/www.baraka.cc\/down\/19_s2_31.pdf\" target=\"_blank\">\u00a0 <\/a><\/span><\/span><\/p>\n<p class=\"MsoNoSpacing\" style=\"text-align: justify; line-height: 200%; margin: 0cm 0cm 0pt;\"><a href=\"https:\/\/www.baraka.cc\/down\/19_s2_31.pdf\" target=\"_blank\"><span style=\"font-family: 'Verdana','sans-serif';\">Sayfa 21<\/span><span style=\"font-family: 'Verdana','sans-serif';\"> \u2013 Lefko?a Sanat Tiyatrosu, <span>Nazen ?ansal<\/span> <\/span><\/a><\/p>\n<p><span style=\"font-family: 'Verdana','sans-serif';\"><a href=\"https:\/\/www.baraka.cc\/down\/19_s2_31.pdf\" target=\"_blank\">\u00a0\u00a0 <\/a><\/span><\/p>\n<p class=\"MsoNoSpacing\" style=\"text-align: justify; line-height: 200%; margin: 0cm 0cm 0pt;\"><a href=\"https:\/\/www.baraka.cc\/down\/19_s2_31.pdf\" target=\"_blank\"><span style=\"font-family: 'Verdana','sans-serif';\">Sayfa 22<\/span><span style=\"font-family: 'Verdana','sans-serif';\"> \u2013 \u00d6zelle?tirme Nereden \u00c7ykty?, <span>Besim Baysal<\/span><\/span><\/a><\/p>\n<p><span style=\"font-family: 'Verdana','sans-serif';\"><span><a href=\"https:\/\/www.baraka.cc\/down\/19_s2_31.pdf\" target=\"_blank\">\u00a0 <\/a><\/span><\/span><\/p>\n<p class=\"MsoNoSpacing\" style=\"text-align: justify; line-height: 200%; margin: 0cm 0cm 0pt;\"><a href=\"https:\/\/www.baraka.cc\/down\/19_s2_31.pdf\" target=\"_blank\"><span style=\"font-family: 'Verdana','sans-serif';\">Sayfa 23<\/span><span style=\"font-family: 'Verdana','sans-serif';\"> \u2013<span>\u00a0Fa?izmin Yeni Bir Sureti: Dernekler Yasasy, Nazen ?ansal<\/span><\/span><\/a><\/p>\n<p><span style=\"font-family: 'Verdana','sans-serif';\"><span><a href=\"https:\/\/www.baraka.cc\/down\/19_s2_31.pdf\" target=\"_blank\">\u00a0 <\/a><\/span><\/span><\/p>\n<p class=\"MsoNoSpacing\" style=\"text-align: justify; line-height: 200%; margin: 0cm 0cm 0pt;\"><a href=\"https:\/\/www.baraka.cc\/down\/19_s2_31.pdf\" target=\"_blank\"><span style=\"font-family: 'Verdana','sans-serif';\">Sayfa 24<\/span><span style=\"font-family: 'Verdana','sans-serif';\"> \u2013 feminist YZ<\/span><\/a><\/p>\n<p><span style=\"font-family: 'Verdana','sans-serif';\"><a href=\"https:\/\/www.baraka.cc\/down\/19_s2_31.pdf\" target=\"_blank\">\u00a0 <\/a><\/span><\/p>\n<p class=\"MsoNoSpacing\" style=\"text-align: justify; line-height: 200%; margin: 0cm 0cm 0pt;\"><a href=\"https:\/\/www.baraka.cc\/down\/19_s2_31.pdf\" target=\"_blank\"><span style=\"font-family: 'Verdana','sans-serif';\">Sayfa 26<\/span><span style=\"font-family: 'Verdana','sans-serif';\"> \u2013 Bellek D\u00fcnya; Belediyeyi Halk Y\u00f6netirse, <span>M\u00fcn\u00fcr Rahvancyo?lu\u00a0 <\/span><\/span><\/a><\/p>\n<p><span style=\"font-family: 'Verdana','sans-serif';\"><span><a href=\"https:\/\/www.baraka.cc\/down\/19_s2_31.pdf\" target=\"_blank\">\u00a0\u00a0 <\/a><\/span><\/span><\/p>\n<p class=\"MsoNoSpacing\" style=\"text-align: justify; line-height: 200%; margin: 0cm 0cm 0pt;\"><a href=\"https:\/\/www.baraka.cc\/down\/19_s2_31.pdf\" target=\"_blank\"><span style=\"font-family: 'Verdana','sans-serif';\">Sayfa 27<\/span><span style=\"font-family: 'Verdana','sans-serif';\"> \u2013 Bellek Kybrys; Yngiliz S\u00f6m\u00fcrge Ydaresi, Yerel Y\u00f6netimler, <span>Besim Baysal<\/span><\/span><\/a><\/p>\n<p><span style=\"font-family: 'Verdana','sans-serif';\"><span><a href=\"https:\/\/www.baraka.cc\/down\/19_s2_31.pdf\" target=\"_blank\">\u00a0 <\/a><\/span><\/span><\/p>\n<p class=\"MsoNoSpacing\" style=\"text-align: justify; line-height: 200%; margin: 0cm 0cm 0pt;\"><a href=\"https:\/\/www.baraka.cc\/down\/19_s2_31.pdf\" target=\"_blank\"><span style=\"font-family: 'Verdana','sans-serif';\">Sayfa 28 \u2013 <\/span><span style=\"font-family: 'Verdana','sans-serif';\">Protest M\u00fczik ve Bandista, Ysmail \u00d6zu\u00e7ar<\/span><\/a><\/p>\n<p><span style=\"font-family: 'Verdana','sans-serif';\"><a href=\"https:\/\/www.baraka.cc\/down\/19_s2_31.pdf\" target=\"_blank\">\u00a0\u00a0 <\/a><\/span><\/p>\n<p class=\"MsoNoSpacing\" style=\"text-align: justify; line-height: 200%; margin: 0cm 0cm 0pt;\"><span style=\"font-family: 'Verdana','sans-serif';\"><a href=\"https:\/\/www.baraka.cc\/down\/19_s2_31.pdf\" target=\"_blank\">Sayfa 29 \u2013 Lyricus, Hasan Yykycy<\/a><\/span><\/p>\n<p><a href=\"https:\/\/www.baraka.cc\/down\/19_s2_31.pdf\" target=\"_blank\"><span style=\"font-family: 'Verdana','sans-serif';\">\u00a0 <\/span><\/a><\/p>\n<p class=\"MsoNoSpacing\" style=\"text-align: justify; line-height: 200%; margin: 0cm 0cm 0pt;\"><a href=\"https:\/\/www.baraka.cc\/down\/19_s2_31.pdf\" target=\"_blank\"><span style=\"font-family: 'Verdana','sans-serif';\">Sayfa 30 \u2013 <\/span><span style=\"font-family: 'Verdana','sans-serif';\">Liseler Bizimdir<\/span><\/a><\/p>\n<p><span style=\"font-family: 'Verdana','sans-serif';\"><a href=\"https:\/\/www.baraka.cc\/down\/19_s2_31.pdf\" target=\"_blank\">\u00a0 <\/a><\/span><\/p>\n<p class=\"MsoNoSpacing\" style=\"text-align: justify; line-height: 200%; margin: 0cm 0cm 0pt;\"><a href=\"https:\/\/www.baraka.cc\/down\/19_s2_31.pdf\" target=\"_blank\"><span style=\"font-family: 'Verdana','sans-serif';\">Sayfa 31 \u2013 <\/span><span style=\"font-family: 'Verdana','sans-serif';\">Parmak Yzi, \u00d6mer Tatlysu<\/span><\/a><\/p>\n<p><span style=\"font-family: 'Verdana','sans-serif';\">\u00a0 <\/span><\/p>\n","protected":false},"excerpt":{"rendered":"<p>\u00a0\u00a0\u00a0\u00a0 \u00a0 \u00a0 ARGASDY \u201cYEREL Y\u00d6NETYMLER\u201d DOSYASI YLE BAYYLERDE Baraka K\u00fclt\u00fcr Merkezi\u2019nin \u00fc\u00e7 ayda bir yayynlanan politika-k\u00fclt\u00fcr-sanat dergisi Argasdi\u2019nin 19. sayysy \u00e7ykty. Dosya konusu olarak<\/p>\n","protected":false},"author":1,"featured_media":0,"comment_status":"open","ping_status":"open","sticky":false,"template":"","format":"standard","meta":{"jetpack_post_was_ever_published":false,"_jetpack_newsletter_access":"","_jetpack_newsletter_tier_id":0,"jetpack_publicize_message":"","jetpack_is_tweetstorm":false,"jetpack_publicize_feature_enabled":true,"jetpack_social_post_already_shared":false,"jetpack_social_options":{"image_generator_settings":{"template":"highway","enabled":false}}},"categories":[67],"tags":[],"jetpack_publicize_connections":[],"jetpack_featured_media_url":"","jetpack_shortlink":"https:\/\/wp.me\/p4eHWX-p9","jetpack_sharing_enabled":true,"_links":{"self":[{"href":"https:\/\/baraka.cc\/index.php?rest_route=\/wp\/v2\/posts\/1559"}],"collection":[{"href":"https:\/\/baraka.cc\/index.php?rest_route=\/wp\/v2\/posts"}],"about":[{"href":"https:\/\/baraka.cc\/index.php?rest_route=\/wp\/v2\/types\/post"}],"author":[{"embeddable":true,"href":"https:\/\/baraka.cc\/index.php?rest_route=\/wp\/v2\/users\/1"}],"replies":[{"embeddable":true,"href":"https:\/\/baraka.cc\/index.php?rest_route=%2Fwp%2Fv2%2Fcomments&post=1559"}],"version-history":[{"count":2,"href":"https:\/\/baraka.cc\/index.php?rest_route=\/wp\/v2\/posts\/1559\/revisions"}],"predecessor-version":[{"id":2427,"href":"https:\/\/baraka.cc\/index.php?rest_route=\/wp\/v2\/posts\/1559\/revisions\/2427"}],"wp:attachment":[{"href":"https:\/\/baraka.cc\/index.php?rest_route=%2Fwp%2Fv2%2Fmedia&parent=1559"}],"wp:term":[{"taxonomy":"category","embeddable":true,"href":"https:\/\/baraka.cc\/index.php?rest_route=%2Fwp%2Fv2%2Fcategories&post=1559"},{"taxonomy":"post_tag","embeddable":true,"href":"https:\/\/baraka.cc\/index.php?rest_route=%2Fwp%2Fv2%2Ftags&post=1559"}],"curies":[{"name":"wp","href":"https:\/\/api.w.org\/{rel}","templated":true}]}}