{"id":1578,"date":"2013-01-06T12:49:07","date_gmt":"2013-01-06T10:49:07","guid":{"rendered":"https:\/\/baraka.cc\/?p=1578"},"modified":"2014-07-22T09:58:38","modified_gmt":"2014-07-22T07:58:38","slug":"argasdi-29","status":"publish","type":"post","link":"https:\/\/baraka.cc\/?p=1578","title":{"rendered":"argasdi 29"},"content":{"rendered":"<p><!--[if gte mso 9]><xml>  <w:WordDocument>   <w:View>Normal<\/w:View>   <w:Zoom>0<\/w:Zoom>   <w:HyphenationZone>21<\/w:HyphenationZone>   <w:PunctuationKerning\/>   <w:ValidateAgainstSchemas\/>   <w:SaveIfXMLInvalid>false<\/w:SaveIfXMLInvalid>   <w:IgnoreMixedContent>false<\/w:IgnoreMixedContent>   <w:AlwaysShowPlaceholderText>false<\/w:AlwaysShowPlaceholderText>   <w:Compatibility>    <w:BreakWrappedTables\/>    <w:SnapToGridInCell\/>    <w:WrapTextWithPunct\/>    <w:UseAsianBreakRules\/>    <w:DontGrowAutofit\/>   <\/w:Compatibility>   <w:BrowserLevel>MicrosoftInternetExplorer4<\/w:BrowserLevel>  <\/w:WordDocument> <\/xml><![endif]--><\/p>\n<p class=\"MsoNormal\" style=\"text-align: justify; line-height: 200%;\"><strong><span style=\"font-size: 11pt; line-height: 200%; font-family: Verdana;\">\u00a0<\/span><\/strong><\/p>\n<p class=\"MsoNormal\" style=\"text-align: justify; line-height: 200%;\"><a href=\"https:\/\/www.baraka.cc\/images\/stories\/argasdi_29_on.jpg\" target=\"_blank\"><img decoding=\"async\" loading=\"lazy\" alt=\" \" src=\"https:\/\/www.baraka.cc\/images\/stories\/argasdi_29_on.jpg\" width=\"200\" height=\"280\" align=\"left\" border=\"2\" \/><\/a> <strong><span style=\"font-size: 11pt; line-height: 200%; font-family: Verdana;\">Baraka K\u00fclt\u00fcr Merkezi\u2019nin \u00fc\u00e7 ayda bir yay\u0131nlad\u0131\u011f\u0131 k\u00fclt\u00fcr, sanat ve politika dergisi Argasdi\u2019nin 29. say\u0131s\u0131 bayilerde yerini ald\u0131. 2003 y\u0131l\u0131nda yay\u0131nlanmaya ba\u015flayan dergi, bu y\u0131l onuncu ya\u015f\u0131na girdi. \u201cArgasdi 10 Ya\u015f\u0131nda\u201d vurgusuyla haz\u0131rlanan yeni say\u0131n\u0131n dosya konusu \u201cK\u00fclt\u00fcr\u201d olarak belirlenmi\u015f. Derginin arka kapa\u011f\u0131nda ise Arif Hasan Tahsin\u2019in 1984 y\u0131l\u0131nda Ecevit\u2019le birlikte \u00e7ekilmi\u015f bir foto\u011fraf\u0131 ve \u00e7arp\u0131c\u0131 bir s\u00f6z\u00fc yer al\u0131yor. \u00c7e\u015fitli konulardaki makalelerin yan\u0131 s\u0131ra \u015fiir ve karikat\u00fcr sayfalar\u0131 ile \u201cMemleketin Ahvali\u201d gibi ilgin\u00e7 b\u00f6l\u00fcmlerin yer ald\u0131\u011f\u0131 32 sayfal\u0131k dergi, 5TL okur katk\u0131s\u0131 kar\u015f\u0131l\u0131\u011f\u0131nda Baraka K\u00fclt\u00fcr Merkezi\u2019nden, Khora Kitap Cafe\u2019den, t\u00fcm market ve gazete bayilerinden temin edilebilir. <\/span><\/strong><\/p>\n<p class=\"MsoNormal\" style=\"text-align: justify; line-height: 200%;\"><strong><span style=\"font-size: 11pt; line-height: 200%; font-family: Verdana;\">\u00a0<\/span><\/strong><\/p>\n<p class=\"MsoNormal\" style=\"text-align: justify; line-height: 200%;\"><span style=\"font-size: 11pt; line-height: 200%; font-family: Verdana;\">Kendini \u201cHammaliye Kurulu\u201d olarak isimlendiren yay\u0131n kurulunun giri\u015f yaz\u0131s\u0131nda, \u00f6nemli \u015fairlerimizden Fikret Demira\u011f\u2019dan da al\u0131nt\u0131larla \u201cumutlar\u0131n ku\u015fat\u0131lmas\u0131n\u201d mesaj\u0131 verilmekte. Hammaliye Kurulu, okurlara seslenirken, \u201c\u0130lerledik\u00e7e zaman, d\u00fc\u015ft\u00fck\u00e7e takvimin yapraklar\u0131 bir bir yere, daha da a\u011f\u0131rla\u015f\u0131yor halklar\u0131n \u00fczerine y\u0131\u011f\u0131lan zulum\u00fcn y\u00fck\u00fc. Adam\u0131z\u0131 esir almaya \u00e7al\u0131\u015f\u0131yor karanl\u0131k. &#8230; Her \u015feye ra\u011fmen 2012\u2019yi u\u011furlay\u0131p 2013\u2019e merhaba derken t\u00fcm d\u00fcnya meydanlar\u0131ndan halklar\u0131n umutlu m\u00fccadele \u00e7\u0131\u011fl\u0131klar\u0131 y\u00fckselmeye ba\u015fl\u0131yor.\u201d demekte. \u201cM\u00fccadele ve Emek\u00e7iler\u201d ba\u015fl\u0131kl\u0131 \u00fc\u00e7\u00fcnc\u00fc sayfa yaz\u0131s\u0131nda ise belediye emek\u00e7ilerinin m\u00fccadelesi ve sendikalar\u0131n tutumu irdeleniyor. \u00a0Argasdi\u2019nin s\u00fcrekli sayfalar\u0131ndan Feminist-\u0130z\u2019de K\u00fclt\u00fcr ve Kad\u0131n konulu bir makale, Neriman Cahit\u2019le k\u00fclt\u00fcr \u00fczerine bir s\u00f6yle\u015fi, emzirme hakk\u0131 ve reklamlarla ilgili ele\u015ftiri yaz\u0131lar\u0131 yer almakta. Liseler Bizimdir sayfas\u0131nda, gen\u00e7lerin AKP dayatmas\u0131 yasalarla ilgili g\u00f6r\u00fc\u015fleri bulunuyor. \u00dclkemizin tan\u0131nm\u0131\u015f m\u00fczisyenlerinin m\u00fczik-politika ili\u015fkisi ve k\u00fclt\u00fcrel asimilasyon hakk\u0131ndaki g\u00f6r\u00fc\u015flerine de yer verilen dergide, kitap ve film tan\u0131t\u0131mlar\u0131 da okuyucuya sunulmakta. \u201cK\u00fclt\u00fcr\u201d ba\u015fl\u0131kl\u0131 dosyada ise \u00e7e\u015fitli kalemlerden \u201cPop\u00fcler K\u00fclt\u00fcr ve Medya\u201d, \u201cNeden Ba\u015fka Bir K\u00fclt\u00fcr\u201d, \u201cK\u0131br\u0131s\u2019ta K\u00fclt\u00fcr Asimilasyonu\u201d, \u201cAyd\u0131n ve K\u00fclt\u00fcr\u201d, \u201cPostmodernizm ve K\u00fclt\u00fcrel Alan\u201d gibi, k\u00fclt\u00fcr konusunu farkl\u0131 boyutlar\u0131yla inceleyen makaleler mevcut. Argasdi\u2019nin, 2013\u2019\u00fcn ilk say\u0131s\u0131 olan 29. say\u0131s\u0131 ile birlikte, tarihsel \u00f6nemi olan direni\u015f ve m\u00fccadele g\u00fcnlerinin a\u00e7\u0131kland\u0131\u011f\u0131 bir takvim de okurlara hediye\u00a0ediliyor. <\/span><\/p>\n<p class=\"MsoNormal\" style=\"text-align: justify; line-height: 200%;\"><span style=\"font-size: 11pt; line-height: 200%; font-family: Verdana;\">\u00a0<a href=\"https:\/\/www.baraka.cc\/down\/Argasdi29.pdf\">\u0130ndir<\/a><\/span><\/p>\n<p><!--[if gte mso 9]><xml>  <w:LatentStyles DefLockedState=\"false\" LatentStyleCount=\"156\">  <\/w:LatentStyles> <\/xml><![endif]--><!--[if gte mso 10]>\n\n\n\n<style>  \/* Style Definitions *\/  table.MsoNormalTable \t{mso-style-name:\"Table Normal\"; \tmso-tstyle-rowband-size:0; \tmso-tstyle-colband-size:0; \tmso-style-noshow:yes; \tmso-style-parent:\"\"; \tmso-padding-alt:0cm 5.4pt 0cm 5.4pt; \tmso-para-margin:0cm; \tmso-para-margin-bottom:.0001pt; \tmso-pagination:widow-orphan; \tfont-size:10.0pt; \tfont-family:\"Times New Roman\"; \tmso-ansi-language:#0400; \tmso-fareast-language:#0400; \tmso-bidi-language:#0400;} <\/style>\n\n <![endif]--><\/p>\n","protected":false},"excerpt":{"rendered":"<p>\u00a0 Baraka K\u00fclt\u00fcr Merkezi\u2019nin \u00fc\u00e7 ayda bir yay\u0131nlad\u0131\u011f\u0131 k\u00fclt\u00fcr, sanat ve politika dergisi Argasdi\u2019nin 29. say\u0131s\u0131 bayilerde yerini ald\u0131. 2003 y\u0131l\u0131nda yay\u0131nlanmaya ba\u015flayan dergi, bu<\/p>\n","protected":false},"author":1,"featured_media":0,"comment_status":"open","ping_status":"open","sticky":false,"template":"","format":"standard","meta":{"jetpack_post_was_ever_published":false,"_jetpack_newsletter_access":"","_jetpack_newsletter_tier_id":0,"jetpack_publicize_message":"","jetpack_is_tweetstorm":false,"jetpack_publicize_feature_enabled":true,"jetpack_social_post_already_shared":false,"jetpack_social_options":{"image_generator_settings":{"template":"highway","enabled":false}}},"categories":[67],"tags":[],"jetpack_publicize_connections":[],"jetpack_featured_media_url":"","jetpack_shortlink":"https:\/\/wp.me\/p4eHWX-ps","jetpack_sharing_enabled":true,"_links":{"self":[{"href":"https:\/\/baraka.cc\/index.php?rest_route=\/wp\/v2\/posts\/1578"}],"collection":[{"href":"https:\/\/baraka.cc\/index.php?rest_route=\/wp\/v2\/posts"}],"about":[{"href":"https:\/\/baraka.cc\/index.php?rest_route=\/wp\/v2\/types\/post"}],"author":[{"embeddable":true,"href":"https:\/\/baraka.cc\/index.php?rest_route=\/wp\/v2\/users\/1"}],"replies":[{"embeddable":true,"href":"https:\/\/baraka.cc\/index.php?rest_route=%2Fwp%2Fv2%2Fcomments&post=1578"}],"version-history":[{"count":3,"href":"https:\/\/baraka.cc\/index.php?rest_route=\/wp\/v2\/posts\/1578\/revisions"}],"predecessor-version":[{"id":2436,"href":"https:\/\/baraka.cc\/index.php?rest_route=\/wp\/v2\/posts\/1578\/revisions\/2436"}],"wp:attachment":[{"href":"https:\/\/baraka.cc\/index.php?rest_route=%2Fwp%2Fv2%2Fmedia&parent=1578"}],"wp:term":[{"taxonomy":"category","embeddable":true,"href":"https:\/\/baraka.cc\/index.php?rest_route=%2Fwp%2Fv2%2Fcategories&post=1578"},{"taxonomy":"post_tag","embeddable":true,"href":"https:\/\/baraka.cc\/index.php?rest_route=%2Fwp%2Fv2%2Ftags&post=1578"}],"curies":[{"name":"wp","href":"https:\/\/api.w.org\/{rel}","templated":true}]}}