{"id":1597,"date":"2010-06-18T14:40:33","date_gmt":"2010-06-18T12:40:33","guid":{"rendered":"https:\/\/baraka.cc\/?p=1597"},"modified":"2014-01-06T14:41:57","modified_gmt":"2014-01-06T12:41:57","slug":"yeni-isci-hareketi-reformist-bir-icerikte-asla-gelisemez","status":"publish","type":"post","link":"https:\/\/baraka.cc\/?p=1597","title":{"rendered":"\u201cYeni i\u015f\u00e7i hareketi reformist bir i\u00e7erikte asla geli\u015femez!\u201d"},"content":{"rendered":"<p><!--[if gte mso 9]><xml>  <w:WordDocument>   <w:View>Normal<\/w:View>   <w:Zoom>0<\/w:Zoom>   <w:TrackMoves\/>   <w:TrackFormatting\/>   <w:HyphenationZone>21<\/w:HyphenationZone>   <w:PunctuationKerning\/>   <w:ValidateAgainstSchemas\/>   <w:SaveIfXMLInvalid>false<\/w:SaveIfXMLInvalid>   <w:IgnoreMixedContent>false<\/w:IgnoreMixedContent>   <w:AlwaysShowPlaceholderText>false<\/w:AlwaysShowPlaceholderText>   <w:DoNotPromoteQF\/>   <w:LidThemeOther>TR<\/w:LidThemeOther>   <w:LidThemeAsian>X-NONE<\/w:LidThemeAsian>   <w:LidThemeComplexScript>X-NONE<\/w:LidThemeComplexScript>   <w:Compatibility>    <w:BreakWrappedTables\/>    <w:SnapToGridInCell\/>    <w:WrapTextWithPunct\/>    <w:UseAsianBreakRules\/>    <w:DontGrowAutofit\/>    <w:SplitPgBreakAndParaMark\/>    <w:DontVertAlignCellWithSp\/>    <w:DontBreakConstrainedForcedTables\/>    <w:DontVertAlignInTxbx\/>    <w:Word11KerningPairs\/>    <w:CachedColBalance\/>    <w:UseFELayout\/>   <\/w:Compatibility>   <m:mathPr>    <m:mathFont m:val=\"Cambria Math\"\/>    <m:brkBin m:val=\"before\"\/>    <m:brkBinSub m:val=\"&#45;-\"\/>    <m:smallFrac m:val=\"off\"\/>    <m:dispDef\/>    <m:lMargin m:val=\"0\"\/>    <m:rMargin m:val=\"0\"\/>    <m:defJc m:val=\"centerGroup\"\/>    <m:wrapIndent m:val=\"1440\"\/>    <m:intLim m:val=\"subSup\"\/>    <m:naryLim m:val=\"undOvr\"\/>   <\/m:mathPr><\/w:WordDocument> <\/xml><![endif]--><!--[if gte mso 9]><xml>  <w:LatentStyles DefLockedState=\"false\" DefUnhideWhenUsed=\"true\"   DefSemiHidden=\"true\" DefQFormat=\"false\" DefPriority=\"99\"   LatentStyleCount=\"267\">   <w:LsdException Locked=\"false\" Priority=\"0\" SemiHidden=\"false\"    UnhideWhenUsed=\"false\" QFormat=\"true\" Name=\"Normal\"\/>   <w:LsdException Locked=\"false\" Priority=\"9\" SemiHidden=\"false\"    UnhideWhenUsed=\"false\" QFormat=\"true\" Name=\"heading 1\"\/>   <w:LsdException Locked=\"false\" Priority=\"9\" QFormat=\"true\" Name=\"heading 2\"\/>   <w:LsdException Locked=\"false\" Priority=\"9\" QFormat=\"true\" Name=\"heading 3\"\/>   <w:LsdException Locked=\"false\" Priority=\"9\" QFormat=\"true\" Name=\"heading 4\"\/>   <w:LsdException Locked=\"false\" Priority=\"9\" QFormat=\"true\" Name=\"heading 5\"\/>   <w:LsdException Locked=\"false\" Priority=\"9\" QFormat=\"true\" Name=\"heading 6\"\/>   <w:LsdException Locked=\"false\" Priority=\"9\" QFormat=\"true\" Name=\"heading 7\"\/>   <w:LsdException Locked=\"false\" Priority=\"9\" QFormat=\"true\" Name=\"heading 8\"\/>   <w:LsdException Locked=\"false\" Priority=\"9\" QFormat=\"true\" Name=\"heading 9\"\/>   <w:LsdException Locked=\"false\" Priority=\"39\" Name=\"toc 1\"\/>   <w:LsdException Locked=\"false\" Priority=\"39\" Name=\"toc 2\"\/>   <w:LsdException Locked=\"false\" Priority=\"39\" Name=\"toc 3\"\/>   <w:LsdException Locked=\"false\" Priority=\"39\" Name=\"toc 4\"\/>   <w:LsdException Locked=\"false\" Priority=\"39\" Name=\"toc 5\"\/>   <w:LsdException Locked=\"false\" Priority=\"39\" Name=\"toc 6\"\/>   <w:LsdException Locked=\"false\" Priority=\"39\" Name=\"toc 7\"\/>   <w:LsdException Locked=\"false\" Priority=\"39\" Name=\"toc 8\"\/>   <w:LsdException Locked=\"false\" Priority=\"39\" Name=\"toc 9\"\/>   <w:LsdException Locked=\"false\" Priority=\"35\" QFormat=\"true\" Name=\"caption\"\/>   <w:LsdException Locked=\"false\" Priority=\"10\" SemiHidden=\"false\"    UnhideWhenUsed=\"false\" QFormat=\"true\" Name=\"Title\"\/>   <w:LsdException Locked=\"false\" Priority=\"1\" Name=\"Default Paragraph Font\"\/>   <w:LsdException Locked=\"false\" Priority=\"11\" SemiHidden=\"false\"    UnhideWhenUsed=\"false\" QFormat=\"true\" Name=\"Subtitle\"\/>   <w:LsdException Locked=\"false\" Priority=\"22\" SemiHidden=\"false\"    UnhideWhenUsed=\"false\" QFormat=\"true\" Name=\"Strong\"\/>   <w:LsdException Locked=\"false\" Priority=\"20\" SemiHidden=\"false\"    UnhideWhenUsed=\"false\" QFormat=\"true\" Name=\"Emphasis\"\/>   <w:LsdException Locked=\"false\" Priority=\"59\" SemiHidden=\"false\"    UnhideWhenUsed=\"false\" Name=\"Table Grid\"\/>   <w:LsdException Locked=\"false\" UnhideWhenUsed=\"false\" Name=\"Placeholder Text\"\/>   <w:LsdException Locked=\"false\" Priority=\"1\" SemiHidden=\"false\"    UnhideWhenUsed=\"false\" QFormat=\"true\" Name=\"No Spacing\"\/>   <w:LsdException Locked=\"false\" Priority=\"60\" SemiHidden=\"false\"    UnhideWhenUsed=\"false\" Name=\"Light Shading\"\/>   <w:LsdException Locked=\"false\" Priority=\"61\" SemiHidden=\"false\"    UnhideWhenUsed=\"false\" Name=\"Light List\"\/>   <w:LsdException Locked=\"false\" Priority=\"62\" SemiHidden=\"false\"    UnhideWhenUsed=\"false\" Name=\"Light Grid\"\/>   <w:LsdException Locked=\"false\" Priority=\"63\" SemiHidden=\"false\"    UnhideWhenUsed=\"false\" Name=\"Medium Shading 1\"\/>   <w:LsdException Locked=\"false\" Priority=\"64\" SemiHidden=\"false\"    UnhideWhenUsed=\"false\" Name=\"Medium Shading 2\"\/>   <w:LsdException Locked=\"false\" Priority=\"65\" SemiHidden=\"false\"    UnhideWhenUsed=\"false\" Name=\"Medium List 1\"\/>   <w:LsdException Locked=\"false\" Priority=\"66\" SemiHidden=\"false\"    UnhideWhenUsed=\"false\" Name=\"Medium List 2\"\/>   <w:LsdException Locked=\"false\" Priority=\"67\" SemiHidden=\"false\"    UnhideWhenUsed=\"false\" Name=\"Medium Grid 1\"\/>   <w:LsdException Locked=\"false\" Priority=\"68\" SemiHidden=\"false\"    UnhideWhenUsed=\"false\" Name=\"Medium Grid 2\"\/>   <w:LsdException Locked=\"false\" Priority=\"69\" SemiHidden=\"false\"    UnhideWhenUsed=\"false\" Name=\"Medium Grid 3\"\/>   <w:LsdException Locked=\"false\" Priority=\"70\" SemiHidden=\"false\"    UnhideWhenUsed=\"false\" Name=\"Dark List\"\/>   <w:LsdException Locked=\"false\" Priority=\"71\" SemiHidden=\"false\"    UnhideWhenUsed=\"false\" Name=\"Colorful Shading\"\/>   <w:LsdException Locked=\"false\" Priority=\"72\" SemiHidden=\"false\"    UnhideWhenUsed=\"false\" Name=\"Colorful List\"\/>   <w:LsdException Locked=\"false\" Priority=\"73\" SemiHidden=\"false\"    UnhideWhenUsed=\"false\" Name=\"Colorful Grid\"\/>   <w:LsdException Locked=\"false\" Priority=\"60\" SemiHidden=\"false\"    UnhideWhenUsed=\"false\" Name=\"Light Shading Accent 1\"\/>   <w:LsdException Locked=\"false\" Priority=\"61\" SemiHidden=\"false\"    UnhideWhenUsed=\"false\" Name=\"Light List Accent 1\"\/>   <w:LsdException Locked=\"false\" Priority=\"62\" SemiHidden=\"false\"    UnhideWhenUsed=\"false\" Name=\"Light Grid Accent 1\"\/>   <w:LsdException Locked=\"false\" Priority=\"63\" SemiHidden=\"false\"    UnhideWhenUsed=\"false\" Name=\"Medium Shading 1 Accent 1\"\/>   <w:LsdException Locked=\"false\" Priority=\"64\" SemiHidden=\"false\"    UnhideWhenUsed=\"false\" Name=\"Medium Shading 2 Accent 1\"\/>   <w:LsdException Locked=\"false\" Priority=\"65\" SemiHidden=\"false\"    UnhideWhenUsed=\"false\" Name=\"Medium List 1 Accent 1\"\/>   <w:LsdException Locked=\"false\" UnhideWhenUsed=\"false\" Name=\"Revision\"\/>   <w:LsdException Locked=\"false\" Priority=\"34\" SemiHidden=\"false\"    UnhideWhenUsed=\"false\" QFormat=\"true\" Name=\"List Paragraph\"\/>   <w:LsdException Locked=\"false\" Priority=\"29\" SemiHidden=\"false\"    UnhideWhenUsed=\"false\" QFormat=\"true\" Name=\"Quote\"\/>   <w:LsdException Locked=\"false\" Priority=\"30\" SemiHidden=\"false\"    UnhideWhenUsed=\"false\" QFormat=\"true\" Name=\"Intense Quote\"\/>   <w:LsdException Locked=\"false\" Priority=\"66\" SemiHidden=\"false\"    UnhideWhenUsed=\"false\" Name=\"Medium List 2 Accent 1\"\/>   <w:LsdException Locked=\"false\" Priority=\"67\" SemiHidden=\"false\"    UnhideWhenUsed=\"false\" Name=\"Medium Grid 1 Accent 1\"\/>   <w:LsdException Locked=\"false\" Priority=\"68\" SemiHidden=\"false\"    UnhideWhenUsed=\"false\" Name=\"Medium Grid 2 Accent 1\"\/>   <w:LsdException Locked=\"false\" Priority=\"69\" SemiHidden=\"false\"    UnhideWhenUsed=\"false\" Name=\"Medium Grid 3 Accent 1\"\/>   <w:LsdException Locked=\"false\" Priority=\"70\" SemiHidden=\"false\"    UnhideWhenUsed=\"false\" Name=\"Dark List Accent 1\"\/>   <w:LsdException Locked=\"false\" Priority=\"71\" SemiHidden=\"false\"    UnhideWhenUsed=\"false\" Name=\"Colorful Shading Accent 1\"\/>   <w:LsdException Locked=\"false\" Priority=\"72\" SemiHidden=\"false\"    UnhideWhenUsed=\"false\" Name=\"Colorful List Accent 1\"\/>   <w:LsdException Locked=\"false\" Priority=\"73\" SemiHidden=\"false\"    UnhideWhenUsed=\"false\" Name=\"Colorful Grid Accent 1\"\/>   <w:LsdException Locked=\"false\" Priority=\"60\" SemiHidden=\"false\"    UnhideWhenUsed=\"false\" Name=\"Light Shading Accent 2\"\/>   <w:LsdException Locked=\"false\" Priority=\"61\" SemiHidden=\"false\"    UnhideWhenUsed=\"false\" Name=\"Light List Accent 2\"\/>   <w:LsdException Locked=\"false\" Priority=\"62\" SemiHidden=\"false\"    UnhideWhenUsed=\"false\" Name=\"Light Grid Accent 2\"\/>   <w:LsdException Locked=\"false\" Priority=\"63\" SemiHidden=\"false\"    UnhideWhenUsed=\"false\" Name=\"Medium Shading 1 Accent 2\"\/>   <w:LsdException Locked=\"false\" Priority=\"64\" SemiHidden=\"false\"    UnhideWhenUsed=\"false\" Name=\"Medium Shading 2 Accent 2\"\/>   <w:LsdException Locked=\"false\" Priority=\"65\" SemiHidden=\"false\"    UnhideWhenUsed=\"false\" Name=\"Medium List 1 Accent 2\"\/>   <w:LsdException Locked=\"false\" Priority=\"66\" SemiHidden=\"false\"    UnhideWhenUsed=\"false\" Name=\"Medium List 2 Accent 2\"\/>   <w:LsdException Locked=\"false\" Priority=\"67\" SemiHidden=\"false\"    UnhideWhenUsed=\"false\" Name=\"Medium Grid 1 Accent 2\"\/>   <w:LsdException Locked=\"false\" Priority=\"68\" SemiHidden=\"false\"    UnhideWhenUsed=\"false\" Name=\"Medium Grid 2 Accent 2\"\/>   <w:LsdException Locked=\"false\" Priority=\"69\" SemiHidden=\"false\"    UnhideWhenUsed=\"false\" Name=\"Medium Grid 3 Accent 2\"\/>   <w:LsdException Locked=\"false\" Priority=\"70\" SemiHidden=\"false\"    UnhideWhenUsed=\"false\" Name=\"Dark List Accent 2\"\/>   <w:LsdException Locked=\"false\" Priority=\"71\" SemiHidden=\"false\"    UnhideWhenUsed=\"false\" Name=\"Colorful Shading Accent 2\"\/>   <w:LsdException Locked=\"false\" Priority=\"72\" SemiHidden=\"false\"    UnhideWhenUsed=\"false\" Name=\"Colorful List Accent 2\"\/>   <w:LsdException Locked=\"false\" Priority=\"73\" SemiHidden=\"false\"    UnhideWhenUsed=\"false\" Name=\"Colorful Grid Accent 2\"\/>   <w:LsdException Locked=\"false\" Priority=\"60\" SemiHidden=\"false\"    UnhideWhenUsed=\"false\" Name=\"Light Shading Accent 3\"\/>   <w:LsdException Locked=\"false\" Priority=\"61\" SemiHidden=\"false\"    UnhideWhenUsed=\"false\" Name=\"Light List Accent 3\"\/>   <w:LsdException Locked=\"false\" Priority=\"62\" SemiHidden=\"false\"    UnhideWhenUsed=\"false\" Name=\"Light Grid Accent 3\"\/>   <w:LsdException Locked=\"false\" Priority=\"63\" SemiHidden=\"false\"    UnhideWhenUsed=\"false\" Name=\"Medium Shading 1 Accent 3\"\/>   <w:LsdException Locked=\"false\" Priority=\"64\" SemiHidden=\"false\"    UnhideWhenUsed=\"false\" Name=\"Medium Shading 2 Accent 3\"\/>   <w:LsdException Locked=\"false\" Priority=\"65\" SemiHidden=\"false\"    UnhideWhenUsed=\"false\" Name=\"Medium List 1 Accent 3\"\/>   <w:LsdException Locked=\"false\" Priority=\"66\" SemiHidden=\"false\"    UnhideWhenUsed=\"false\" Name=\"Medium List 2 Accent 3\"\/>   <w:LsdException Locked=\"false\" Priority=\"67\" SemiHidden=\"false\"    UnhideWhenUsed=\"false\" Name=\"Medium Grid 1 Accent 3\"\/>   <w:LsdException Locked=\"false\" Priority=\"68\" SemiHidden=\"false\"    UnhideWhenUsed=\"false\" Name=\"Medium Grid 2 Accent 3\"\/>   <w:LsdException Locked=\"false\" Priority=\"69\" SemiHidden=\"false\"    UnhideWhenUsed=\"false\" Name=\"Medium Grid 3 Accent 3\"\/>   <w:LsdException Locked=\"false\" Priority=\"70\" SemiHidden=\"false\"    UnhideWhenUsed=\"false\" Name=\"Dark List Accent 3\"\/>   <w:LsdException Locked=\"false\" Priority=\"71\" SemiHidden=\"false\"    UnhideWhenUsed=\"false\" Name=\"Colorful Shading Accent 3\"\/>   <w:LsdException Locked=\"false\" Priority=\"72\" SemiHidden=\"false\"    UnhideWhenUsed=\"false\" Name=\"Colorful List Accent 3\"\/>   <w:LsdException Locked=\"false\" Priority=\"73\" SemiHidden=\"false\"    UnhideWhenUsed=\"false\" Name=\"Colorful Grid Accent 3\"\/>   <w:LsdException Locked=\"false\" Priority=\"60\" SemiHidden=\"false\"    UnhideWhenUsed=\"false\" Name=\"Light Shading Accent 4\"\/>   <w:LsdException Locked=\"false\" Priority=\"61\" SemiHidden=\"false\"    UnhideWhenUsed=\"false\" Name=\"Light List Accent 4\"\/>   <w:LsdException Locked=\"false\" Priority=\"62\" SemiHidden=\"false\"    UnhideWhenUsed=\"false\" Name=\"Light Grid Accent 4\"\/>   <w:LsdException Locked=\"false\" Priority=\"63\" SemiHidden=\"false\"    UnhideWhenUsed=\"false\" Name=\"Medium Shading 1 Accent 4\"\/>   <w:LsdException Locked=\"false\" Priority=\"64\" SemiHidden=\"false\"    UnhideWhenUsed=\"false\" Name=\"Medium Shading 2 Accent 4\"\/>   <w:LsdException Locked=\"false\" Priority=\"65\" SemiHidden=\"false\"    UnhideWhenUsed=\"false\" Name=\"Medium List 1 Accent 4\"\/>   <w:LsdException Locked=\"false\" Priority=\"66\" SemiHidden=\"false\"    UnhideWhenUsed=\"false\" Name=\"Medium List 2 Accent 4\"\/>   <w:LsdException Locked=\"false\" Priority=\"67\" SemiHidden=\"false\"    UnhideWhenUsed=\"false\" Name=\"Medium Grid 1 Accent 4\"\/>   <w:LsdException Locked=\"false\" Priority=\"68\" SemiHidden=\"false\"    UnhideWhenUsed=\"false\" Name=\"Medium Grid 2 Accent 4\"\/>   <w:LsdException Locked=\"false\" Priority=\"69\" SemiHidden=\"false\"    UnhideWhenUsed=\"false\" Name=\"Medium Grid 3 Accent 4\"\/>   <w:LsdException Locked=\"false\" Priority=\"70\" SemiHidden=\"false\"    UnhideWhenUsed=\"false\" Name=\"Dark List Accent 4\"\/>   <w:LsdException Locked=\"false\" Priority=\"71\" SemiHidden=\"false\"    UnhideWhenUsed=\"false\" Name=\"Colorful Shading Accent 4\"\/>   <w:LsdException Locked=\"false\" Priority=\"72\" SemiHidden=\"false\"    UnhideWhenUsed=\"false\" Name=\"Colorful List Accent 4\"\/>   <w:LsdException Locked=\"false\" Priority=\"73\" SemiHidden=\"false\"    UnhideWhenUsed=\"false\" Name=\"Colorful Grid Accent 4\"\/>   <w:LsdException Locked=\"false\" Priority=\"60\" SemiHidden=\"false\"    UnhideWhenUsed=\"false\" Name=\"Light Shading Accent 5\"\/>   <w:LsdException Locked=\"false\" Priority=\"61\" SemiHidden=\"false\"    UnhideWhenUsed=\"false\" Name=\"Light List Accent 5\"\/>   <w:LsdException Locked=\"false\" Priority=\"62\" SemiHidden=\"false\"    UnhideWhenUsed=\"false\" Name=\"Light Grid Accent 5\"\/>   <w:LsdException Locked=\"false\" Priority=\"63\" SemiHidden=\"false\"    UnhideWhenUsed=\"false\" Name=\"Medium Shading 1 Accent 5\"\/>   <w:LsdException Locked=\"false\" Priority=\"64\" SemiHidden=\"false\"    UnhideWhenUsed=\"false\" Name=\"Medium Shading 2 Accent 5\"\/>   <w:LsdException Locked=\"false\" Priority=\"65\" SemiHidden=\"false\"    UnhideWhenUsed=\"false\" Name=\"Medium List 1 Accent 5\"\/>   <w:LsdException Locked=\"false\" Priority=\"66\" SemiHidden=\"false\"    UnhideWhenUsed=\"false\" Name=\"Medium List 2 Accent 5\"\/>   <w:LsdException Locked=\"false\" Priority=\"67\" SemiHidden=\"false\"    UnhideWhenUsed=\"false\" Name=\"Medium Grid 1 Accent 5\"\/>   <w:LsdException Locked=\"false\" Priority=\"68\" SemiHidden=\"false\"    UnhideWhenUsed=\"false\" Name=\"Medium Grid 2 Accent 5\"\/>   <w:LsdException Locked=\"false\" Priority=\"69\" SemiHidden=\"false\"    UnhideWhenUsed=\"false\" Name=\"Medium Grid 3 Accent 5\"\/>   <w:LsdException Locked=\"false\" Priority=\"70\" SemiHidden=\"false\"    UnhideWhenUsed=\"false\" Name=\"Dark List Accent 5\"\/>   <w:LsdException Locked=\"false\" Priority=\"71\" SemiHidden=\"false\"    UnhideWhenUsed=\"false\" Name=\"Colorful Shading Accent 5\"\/>   <w:LsdException Locked=\"false\" Priority=\"72\" SemiHidden=\"false\"    UnhideWhenUsed=\"false\" Name=\"Colorful List Accent 5\"\/>   <w:LsdException Locked=\"false\" Priority=\"73\" SemiHidden=\"false\"    UnhideWhenUsed=\"false\" Name=\"Colorful Grid Accent 5\"\/>   <w:LsdException Locked=\"false\" Priority=\"60\" SemiHidden=\"false\"    UnhideWhenUsed=\"false\" Name=\"Light Shading Accent 6\"\/>   <w:LsdException Locked=\"false\" Priority=\"61\" SemiHidden=\"false\"    UnhideWhenUsed=\"false\" Name=\"Light List Accent 6\"\/>   <w:LsdException Locked=\"false\" Priority=\"62\" SemiHidden=\"false\"    UnhideWhenUsed=\"false\" Name=\"Light Grid Accent 6\"\/>   <w:LsdException Locked=\"false\" Priority=\"63\" SemiHidden=\"false\"    UnhideWhenUsed=\"false\" Name=\"Medium Shading 1 Accent 6\"\/>   <w:LsdException Locked=\"false\" Priority=\"64\" SemiHidden=\"false\"    UnhideWhenUsed=\"false\" Name=\"Medium Shading 2 Accent 6\"\/>   <w:LsdException Locked=\"false\" Priority=\"65\" SemiHidden=\"false\"    UnhideWhenUsed=\"false\" Name=\"Medium List 1 Accent 6\"\/>   <w:LsdException Locked=\"false\" Priority=\"66\" SemiHidden=\"false\"    UnhideWhenUsed=\"false\" Name=\"Medium List 2 Accent 6\"\/>   <w:LsdException Locked=\"false\" Priority=\"67\" SemiHidden=\"false\"    UnhideWhenUsed=\"false\" Name=\"Medium Grid 1 Accent 6\"\/>   <w:LsdException Locked=\"false\" Priority=\"68\" SemiHidden=\"false\"    UnhideWhenUsed=\"false\" Name=\"Medium Grid 2 Accent 6\"\/>   <w:LsdException Locked=\"false\" Priority=\"69\" SemiHidden=\"false\"    UnhideWhenUsed=\"false\" Name=\"Medium Grid 3 Accent 6\"\/>   <w:LsdException Locked=\"false\" Priority=\"70\" SemiHidden=\"false\"    UnhideWhenUsed=\"false\" Name=\"Dark List Accent 6\"\/>   <w:LsdException Locked=\"false\" Priority=\"71\" SemiHidden=\"false\"    UnhideWhenUsed=\"false\" Name=\"Colorful Shading Accent 6\"\/>   <w:LsdException Locked=\"false\" Priority=\"72\" SemiHidden=\"false\"    UnhideWhenUsed=\"false\" Name=\"Colorful List Accent 6\"\/>   <w:LsdException Locked=\"false\" Priority=\"73\" SemiHidden=\"false\"    UnhideWhenUsed=\"false\" Name=\"Colorful Grid Accent 6\"\/>   <w:LsdException Locked=\"false\" Priority=\"19\" SemiHidden=\"false\"    UnhideWhenUsed=\"false\" QFormat=\"true\" Name=\"Subtle Emphasis\"\/>   <w:LsdException Locked=\"false\" Priority=\"21\" SemiHidden=\"false\"    UnhideWhenUsed=\"false\" QFormat=\"true\" Name=\"Intense Emphasis\"\/>   <w:LsdException Locked=\"false\" Priority=\"31\" SemiHidden=\"false\"    UnhideWhenUsed=\"false\" QFormat=\"true\" Name=\"Subtle Reference\"\/>   <w:LsdException Locked=\"false\" Priority=\"32\" SemiHidden=\"false\"    UnhideWhenUsed=\"false\" QFormat=\"true\" Name=\"Intense Reference\"\/>   <w:LsdException Locked=\"false\" Priority=\"33\" SemiHidden=\"false\"    UnhideWhenUsed=\"false\" QFormat=\"true\" Name=\"Book Title\"\/>   <w:LsdException Locked=\"false\" Priority=\"37\" Name=\"Bibliography\"\/>   <w:LsdException Locked=\"false\" Priority=\"39\" QFormat=\"true\" Name=\"TOC Heading\"\/>  <\/w:LatentStyles> <\/xml><![endif]--><!--[if gte mso 10]>\n\n\n<style>  \/* Style Definitions *\/  table.MsoNormalTable \t{mso-style-name:\"Table Normal\"; \tmso-tstyle-rowband-size:0; \tmso-tstyle-colband-size:0; \tmso-style-noshow:yes; \tmso-style-priority:99; \tmso-style-qformat:yes; \tmso-style-parent:\"\"; \tmso-padding-alt:0cm 5.4pt 0cm 5.4pt; \tmso-para-margin-top:0cm; \tmso-para-margin-right:0cm; \tmso-para-margin-bottom:10.0pt; \tmso-para-margin-left:0cm; \tline-height:115%; \tmso-pagination:widow-orphan; \tfont-size:11.0pt; \tfont-family:\"Calibri\",\"sans-serif\"; \tmso-ascii-font-family:Calibri; \tmso-ascii-theme-font:minor-latin; \tmso-hansi-font-family:Calibri; \tmso-hansi-theme-font:minor-latin;} <\/style>\n\n <![endif]--><\/p>\n<p class=\"nospacing\" style=\"text-align: center; line-height: 200%;\" align=\"center\"><!--[if gte mso 9]><xml>  <w:WordDocument>   <w:View>Normal<\/w:View>   <w:Zoom>0<\/w:Zoom>   <w:TrackMoves\/>   <w:TrackFormatting\/>   <w:HyphenationZone>21<\/w:HyphenationZone>   <w:PunctuationKerning\/>   <w:ValidateAgainstSchemas\/>   <w:SaveIfXMLInvalid>false<\/w:SaveIfXMLInvalid>   <w:IgnoreMixedContent>false<\/w:IgnoreMixedContent>   <w:AlwaysShowPlaceholderText>false<\/w:AlwaysShowPlaceholderText>   <w:DoNotPromoteQF\/>   <w:LidThemeOther>TR<\/w:LidThemeOther>   <w:LidThemeAsian>X-NONE<\/w:LidThemeAsian>   <w:LidThemeComplexScript>X-NONE<\/w:LidThemeComplexScript>   <w:Compatibility>    <w:BreakWrappedTables\/>    <w:SnapToGridInCell\/>    <w:WrapTextWithPunct\/>    <w:UseAsianBreakRules\/>    <w:DontGrowAutofit\/>    <w:SplitPgBreakAndParaMark\/>    <w:DontVertAlignCellWithSp\/>    <w:DontBreakConstrainedForcedTables\/>    <w:DontVertAlignInTxbx\/>    <w:Word11KerningPairs\/>    <w:CachedColBalance\/>    <w:UseFELayout\/>   <\/w:Compatibility>   <m:mathPr>    <m:mathFont m:val=\"Cambria Math\"\/>    <m:brkBin m:val=\"before\"\/>    <m:brkBinSub m:val=\"&#45;-\"\/>    <m:smallFrac m:val=\"off\"\/>    <m:dispDef\/>    <m:lMargin m:val=\"0\"\/>    <m:rMargin m:val=\"0\"\/>    <m:defJc m:val=\"centerGroup\"\/>    <m:wrapIndent m:val=\"1440\"\/>    <m:intLim m:val=\"subSup\"\/>    <m:naryLim m:val=\"undOvr\"\/>   <\/m:mathPr><\/w:WordDocument> <\/xml><![endif]--><!--[if gte mso 9]><xml>  <w:LatentStyles DefLockedState=\"false\" DefUnhideWhenUsed=\"true\"   DefSemiHidden=\"true\" DefQFormat=\"false\" DefPriority=\"99\"   LatentStyleCount=\"267\">   <w:LsdException Locked=\"false\" Priority=\"0\" SemiHidden=\"false\"    UnhideWhenUsed=\"false\" QFormat=\"true\" Name=\"Normal\"\/>   <w:LsdException Locked=\"false\" Priority=\"9\" SemiHidden=\"false\"    UnhideWhenUsed=\"false\" QFormat=\"true\" Name=\"heading 1\"\/>   <w:LsdException Locked=\"false\" Priority=\"9\" QFormat=\"true\" Name=\"heading 2\"\/>   <w:LsdException Locked=\"false\" Priority=\"9\" QFormat=\"true\" Name=\"heading 3\"\/>   <w:LsdException Locked=\"false\" Priority=\"9\" QFormat=\"true\" Name=\"heading 4\"\/>   <w:LsdException Locked=\"false\" Priority=\"9\" QFormat=\"true\" Name=\"heading 5\"\/>   <w:LsdException Locked=\"false\" Priority=\"9\" QFormat=\"true\" Name=\"heading 6\"\/>   <w:LsdException Locked=\"false\" Priority=\"9\" QFormat=\"true\" Name=\"heading 7\"\/>   <w:LsdException Locked=\"false\" Priority=\"9\" QFormat=\"true\" Name=\"heading 8\"\/>   <w:LsdException Locked=\"false\" Priority=\"9\" QFormat=\"true\" Name=\"heading 9\"\/>   <w:LsdException Locked=\"false\" Priority=\"39\" Name=\"toc 1\"\/>   <w:LsdException Locked=\"false\" Priority=\"39\" Name=\"toc 2\"\/>   <w:LsdException Locked=\"false\" Priority=\"39\" Name=\"toc 3\"\/>   <w:LsdException Locked=\"false\" Priority=\"39\" Name=\"toc 4\"\/>   <w:LsdException Locked=\"false\" Priority=\"39\" Name=\"toc 5\"\/>   <w:LsdException Locked=\"false\" Priority=\"39\" Name=\"toc 6\"\/>   <w:LsdException Locked=\"false\" Priority=\"39\" Name=\"toc 7\"\/>   <w:LsdException Locked=\"false\" Priority=\"39\" Name=\"toc 8\"\/>   <w:LsdException Locked=\"false\" Priority=\"39\" Name=\"toc 9\"\/>   <w:LsdException Locked=\"false\" Priority=\"35\" QFormat=\"true\" Name=\"caption\"\/>   <w:LsdException Locked=\"false\" Priority=\"10\" SemiHidden=\"false\"    UnhideWhenUsed=\"false\" QFormat=\"true\" Name=\"Title\"\/>   <w:LsdException Locked=\"false\" Priority=\"1\" Name=\"Default Paragraph Font\"\/>   <w:LsdException Locked=\"false\" Priority=\"11\" SemiHidden=\"false\"    UnhideWhenUsed=\"false\" QFormat=\"true\" Name=\"Subtitle\"\/>   <w:LsdException Locked=\"false\" Priority=\"22\" SemiHidden=\"false\"    UnhideWhenUsed=\"false\" QFormat=\"true\" Name=\"Strong\"\/>   <w:LsdException Locked=\"false\" Priority=\"20\" SemiHidden=\"false\"    UnhideWhenUsed=\"false\" QFormat=\"true\" Name=\"Emphasis\"\/>   <w:LsdException Locked=\"false\" Priority=\"59\" SemiHidden=\"false\"    UnhideWhenUsed=\"false\" Name=\"Table Grid\"\/>   <w:LsdException Locked=\"false\" UnhideWhenUsed=\"false\" Name=\"Placeholder Text\"\/>   <w:LsdException Locked=\"false\" Priority=\"1\" SemiHidden=\"false\"    UnhideWhenUsed=\"false\" QFormat=\"true\" Name=\"No Spacing\"\/>   <w:LsdException Locked=\"false\" Priority=\"60\" SemiHidden=\"false\"    UnhideWhenUsed=\"false\" Name=\"Light Shading\"\/>   <w:LsdException Locked=\"false\" Priority=\"61\" SemiHidden=\"false\"    UnhideWhenUsed=\"false\" Name=\"Light List\"\/>   <w:LsdException Locked=\"false\" Priority=\"62\" SemiHidden=\"false\"    UnhideWhenUsed=\"false\" Name=\"Light Grid\"\/>   <w:LsdException Locked=\"false\" Priority=\"63\" SemiHidden=\"false\"    UnhideWhenUsed=\"false\" Name=\"Medium Shading 1\"\/>   <w:LsdException Locked=\"false\" Priority=\"64\" SemiHidden=\"false\"    UnhideWhenUsed=\"false\" Name=\"Medium Shading 2\"\/>   <w:LsdException Locked=\"false\" Priority=\"65\" SemiHidden=\"false\"    UnhideWhenUsed=\"false\" Name=\"Medium List 1\"\/>   <w:LsdException Locked=\"false\" Priority=\"66\" SemiHidden=\"false\"    UnhideWhenUsed=\"false\" Name=\"Medium List 2\"\/>   <w:LsdException Locked=\"false\" Priority=\"67\" SemiHidden=\"false\"    UnhideWhenUsed=\"false\" Name=\"Medium Grid 1\"\/>   <w:LsdException Locked=\"false\" Priority=\"68\" SemiHidden=\"false\"    UnhideWhenUsed=\"false\" Name=\"Medium Grid 2\"\/>   <w:LsdException Locked=\"false\" Priority=\"69\" SemiHidden=\"false\"    UnhideWhenUsed=\"false\" Name=\"Medium Grid 3\"\/>   <w:LsdException Locked=\"false\" Priority=\"70\" SemiHidden=\"false\"    UnhideWhenUsed=\"false\" Name=\"Dark List\"\/>   <w:LsdException Locked=\"false\" Priority=\"71\" SemiHidden=\"false\"    UnhideWhenUsed=\"false\" Name=\"Colorful Shading\"\/>   <w:LsdException Locked=\"false\" Priority=\"72\" SemiHidden=\"false\"    UnhideWhenUsed=\"false\" Name=\"Colorful List\"\/>   <w:LsdException Locked=\"false\" Priority=\"73\" SemiHidden=\"false\"    UnhideWhenUsed=\"false\" Name=\"Colorful Grid\"\/>   <w:LsdException Locked=\"false\" Priority=\"60\" SemiHidden=\"false\"    UnhideWhenUsed=\"false\" Name=\"Light Shading Accent 1\"\/>   <w:LsdException Locked=\"false\" Priority=\"61\" SemiHidden=\"false\"    UnhideWhenUsed=\"false\" Name=\"Light List Accent 1\"\/>   <w:LsdException Locked=\"false\" Priority=\"62\" SemiHidden=\"false\"    UnhideWhenUsed=\"false\" Name=\"Light Grid Accent 1\"\/>   <w:LsdException Locked=\"false\" Priority=\"63\" SemiHidden=\"false\"    UnhideWhenUsed=\"false\" Name=\"Medium Shading 1 Accent 1\"\/>   <w:LsdException Locked=\"false\" Priority=\"64\" SemiHidden=\"false\"    UnhideWhenUsed=\"false\" Name=\"Medium Shading 2 Accent 1\"\/>   <w:LsdException Locked=\"false\" Priority=\"65\" SemiHidden=\"false\"    UnhideWhenUsed=\"false\" Name=\"Medium List 1 Accent 1\"\/>   <w:LsdException Locked=\"false\" UnhideWhenUsed=\"false\" Name=\"Revision\"\/>   <w:LsdException Locked=\"false\" Priority=\"34\" SemiHidden=\"false\"    UnhideWhenUsed=\"false\" QFormat=\"true\" Name=\"List Paragraph\"\/>   <w:LsdException Locked=\"false\" Priority=\"29\" SemiHidden=\"false\"    UnhideWhenUsed=\"false\" QFormat=\"true\" Name=\"Quote\"\/>   <w:LsdException Locked=\"false\" Priority=\"30\" SemiHidden=\"false\"    UnhideWhenUsed=\"false\" QFormat=\"true\" Name=\"Intense Quote\"\/>   <w:LsdException Locked=\"false\" Priority=\"66\" SemiHidden=\"false\"    UnhideWhenUsed=\"false\" Name=\"Medium List 2 Accent 1\"\/>   <w:LsdException Locked=\"false\" Priority=\"67\" SemiHidden=\"false\"    UnhideWhenUsed=\"false\" Name=\"Medium Grid 1 Accent 1\"\/>   <w:LsdException Locked=\"false\" Priority=\"68\" SemiHidden=\"false\"    UnhideWhenUsed=\"false\" Name=\"Medium Grid 2 Accent 1\"\/>   <w:LsdException Locked=\"false\" Priority=\"69\" SemiHidden=\"false\"    UnhideWhenUsed=\"false\" Name=\"Medium Grid 3 Accent 1\"\/>   <w:LsdException Locked=\"false\" Priority=\"70\" SemiHidden=\"false\"    UnhideWhenUsed=\"false\" Name=\"Dark List Accent 1\"\/>   <w:LsdException Locked=\"false\" Priority=\"71\" SemiHidden=\"false\"    UnhideWhenUsed=\"false\" Name=\"Colorful Shading Accent 1\"\/>   <w:LsdException Locked=\"false\" Priority=\"72\" SemiHidden=\"false\"    UnhideWhenUsed=\"false\" Name=\"Colorful List Accent 1\"\/>   <w:LsdException Locked=\"false\" Priority=\"73\" SemiHidden=\"false\"    UnhideWhenUsed=\"false\" Name=\"Colorful Grid Accent 1\"\/>   <w:LsdException Locked=\"false\" Priority=\"60\" SemiHidden=\"false\"    UnhideWhenUsed=\"false\" Name=\"Light Shading Accent 2\"\/>   <w:LsdException Locked=\"false\" Priority=\"61\" SemiHidden=\"false\"    UnhideWhenUsed=\"false\" Name=\"Light List Accent 2\"\/>   <w:LsdException Locked=\"false\" Priority=\"62\" SemiHidden=\"false\"    UnhideWhenUsed=\"false\" Name=\"Light Grid Accent 2\"\/>   <w:LsdException Locked=\"false\" Priority=\"63\" SemiHidden=\"false\"    UnhideWhenUsed=\"false\" Name=\"Medium Shading 1 Accent 2\"\/>   <w:LsdException Locked=\"false\" Priority=\"64\" SemiHidden=\"false\"    UnhideWhenUsed=\"false\" Name=\"Medium Shading 2 Accent 2\"\/>   <w:LsdException Locked=\"false\" Priority=\"65\" SemiHidden=\"false\"    UnhideWhenUsed=\"false\" Name=\"Medium List 1 Accent 2\"\/>   <w:LsdException Locked=\"false\" Priority=\"66\" SemiHidden=\"false\"    UnhideWhenUsed=\"false\" Name=\"Medium List 2 Accent 2\"\/>   <w:LsdException Locked=\"false\" Priority=\"67\" SemiHidden=\"false\"    UnhideWhenUsed=\"false\" Name=\"Medium Grid 1 Accent 2\"\/>   <w:LsdException Locked=\"false\" Priority=\"68\" SemiHidden=\"false\"    UnhideWhenUsed=\"false\" Name=\"Medium Grid 2 Accent 2\"\/>   <w:LsdException Locked=\"false\" Priority=\"69\" SemiHidden=\"false\"    UnhideWhenUsed=\"false\" Name=\"Medium Grid 3 Accent 2\"\/>   <w:LsdException Locked=\"false\" Priority=\"70\" SemiHidden=\"false\"    UnhideWhenUsed=\"false\" Name=\"Dark List Accent 2\"\/>   <w:LsdException Locked=\"false\" Priority=\"71\" SemiHidden=\"false\"    UnhideWhenUsed=\"false\" Name=\"Colorful Shading Accent 2\"\/>   <w:LsdException Locked=\"false\" Priority=\"72\" SemiHidden=\"false\"    UnhideWhenUsed=\"false\" Name=\"Colorful List Accent 2\"\/>   <w:LsdException Locked=\"false\" Priority=\"73\" SemiHidden=\"false\"    UnhideWhenUsed=\"false\" Name=\"Colorful Grid Accent 2\"\/>   <w:LsdException Locked=\"false\" Priority=\"60\" SemiHidden=\"false\"    UnhideWhenUsed=\"false\" Name=\"Light Shading Accent 3\"\/>   <w:LsdException Locked=\"false\" Priority=\"61\" SemiHidden=\"false\"    UnhideWhenUsed=\"false\" Name=\"Light List Accent 3\"\/>   <w:LsdException Locked=\"false\" Priority=\"62\" SemiHidden=\"false\"    UnhideWhenUsed=\"false\" Name=\"Light Grid Accent 3\"\/>   <w:LsdException Locked=\"false\" Priority=\"63\" SemiHidden=\"false\"    UnhideWhenUsed=\"false\" Name=\"Medium Shading 1 Accent 3\"\/>   <w:LsdException Locked=\"false\" Priority=\"64\" SemiHidden=\"false\"    UnhideWhenUsed=\"false\" Name=\"Medium Shading 2 Accent 3\"\/>   <w:LsdException Locked=\"false\" Priority=\"65\" SemiHidden=\"false\"    UnhideWhenUsed=\"false\" Name=\"Medium List 1 Accent 3\"\/>   <w:LsdException Locked=\"false\" Priority=\"66\" SemiHidden=\"false\"    UnhideWhenUsed=\"false\" Name=\"Medium List 2 Accent 3\"\/>   <w:LsdException Locked=\"false\" Priority=\"67\" SemiHidden=\"false\"    UnhideWhenUsed=\"false\" Name=\"Medium Grid 1 Accent 3\"\/>   <w:LsdException Locked=\"false\" Priority=\"68\" SemiHidden=\"false\"    UnhideWhenUsed=\"false\" Name=\"Medium Grid 2 Accent 3\"\/>   <w:LsdException Locked=\"false\" Priority=\"69\" SemiHidden=\"false\"    UnhideWhenUsed=\"false\" Name=\"Medium Grid 3 Accent 3\"\/>   <w:LsdException Locked=\"false\" Priority=\"70\" SemiHidden=\"false\"    UnhideWhenUsed=\"false\" Name=\"Dark List Accent 3\"\/>   <w:LsdException Locked=\"false\" Priority=\"71\" SemiHidden=\"false\"    UnhideWhenUsed=\"false\" Name=\"Colorful Shading Accent 3\"\/>   <w:LsdException Locked=\"false\" Priority=\"72\" SemiHidden=\"false\"    UnhideWhenUsed=\"false\" Name=\"Colorful List Accent 3\"\/>   <w:LsdException Locked=\"false\" Priority=\"73\" SemiHidden=\"false\"    UnhideWhenUsed=\"false\" Name=\"Colorful Grid Accent 3\"\/>   <w:LsdException Locked=\"false\" Priority=\"60\" SemiHidden=\"false\"    UnhideWhenUsed=\"false\" Name=\"Light Shading Accent 4\"\/>   <w:LsdException Locked=\"false\" Priority=\"61\" SemiHidden=\"false\"    UnhideWhenUsed=\"false\" Name=\"Light List Accent 4\"\/>   <w:LsdException Locked=\"false\" Priority=\"62\" SemiHidden=\"false\"    UnhideWhenUsed=\"false\" Name=\"Light Grid Accent 4\"\/>   <w:LsdException Locked=\"false\" Priority=\"63\" SemiHidden=\"false\"    UnhideWhenUsed=\"false\" Name=\"Medium Shading 1 Accent 4\"\/>   <w:LsdException Locked=\"false\" Priority=\"64\" SemiHidden=\"false\"    UnhideWhenUsed=\"false\" Name=\"Medium Shading 2 Accent 4\"\/>   <w:LsdException Locked=\"false\" Priority=\"65\" SemiHidden=\"false\"    UnhideWhenUsed=\"false\" Name=\"Medium List 1 Accent 4\"\/>   <w:LsdException Locked=\"false\" Priority=\"66\" SemiHidden=\"false\"    UnhideWhenUsed=\"false\" Name=\"Medium List 2 Accent 4\"\/>   <w:LsdException Locked=\"false\" Priority=\"67\" SemiHidden=\"false\"    UnhideWhenUsed=\"false\" Name=\"Medium Grid 1 Accent 4\"\/>   <w:LsdException Locked=\"false\" Priority=\"68\" SemiHidden=\"false\"    UnhideWhenUsed=\"false\" Name=\"Medium Grid 2 Accent 4\"\/>   <w:LsdException Locked=\"false\" Priority=\"69\" SemiHidden=\"false\"    UnhideWhenUsed=\"false\" Name=\"Medium Grid 3 Accent 4\"\/>   <w:LsdException Locked=\"false\" Priority=\"70\" SemiHidden=\"false\"    UnhideWhenUsed=\"false\" Name=\"Dark List Accent 4\"\/>   <w:LsdException Locked=\"false\" Priority=\"71\" SemiHidden=\"false\"    UnhideWhenUsed=\"false\" Name=\"Colorful Shading Accent 4\"\/>   <w:LsdException Locked=\"false\" Priority=\"72\" SemiHidden=\"false\"    UnhideWhenUsed=\"false\" Name=\"Colorful List Accent 4\"\/>   <w:LsdException Locked=\"false\" Priority=\"73\" SemiHidden=\"false\"    UnhideWhenUsed=\"false\" Name=\"Colorful Grid Accent 4\"\/>   <w:LsdException Locked=\"false\" Priority=\"60\" SemiHidden=\"false\"    UnhideWhenUsed=\"false\" Name=\"Light Shading Accent 5\"\/>   <w:LsdException Locked=\"false\" Priority=\"61\" SemiHidden=\"false\"    UnhideWhenUsed=\"false\" Name=\"Light List Accent 5\"\/>   <w:LsdException Locked=\"false\" Priority=\"62\" SemiHidden=\"false\"    UnhideWhenUsed=\"false\" Name=\"Light Grid Accent 5\"\/>   <w:LsdException Locked=\"false\" Priority=\"63\" SemiHidden=\"false\"    UnhideWhenUsed=\"false\" Name=\"Medium Shading 1 Accent 5\"\/>   <w:LsdException Locked=\"false\" Priority=\"64\" SemiHidden=\"false\"    UnhideWhenUsed=\"false\" Name=\"Medium Shading 2 Accent 5\"\/>   <w:LsdException Locked=\"false\" Priority=\"65\" SemiHidden=\"false\"    UnhideWhenUsed=\"false\" Name=\"Medium List 1 Accent 5\"\/>   <w:LsdException Locked=\"false\" Priority=\"66\" SemiHidden=\"false\"    UnhideWhenUsed=\"false\" Name=\"Medium List 2 Accent 5\"\/>   <w:LsdException Locked=\"false\" Priority=\"67\" SemiHidden=\"false\"    UnhideWhenUsed=\"false\" Name=\"Medium Grid 1 Accent 5\"\/>   <w:LsdException Locked=\"false\" Priority=\"68\" SemiHidden=\"false\"    UnhideWhenUsed=\"false\" Name=\"Medium Grid 2 Accent 5\"\/>   <w:LsdException Locked=\"false\" Priority=\"69\" SemiHidden=\"false\"    UnhideWhenUsed=\"false\" Name=\"Medium Grid 3 Accent 5\"\/>   <w:LsdException Locked=\"false\" Priority=\"70\" SemiHidden=\"false\"    UnhideWhenUsed=\"false\" Name=\"Dark List Accent 5\"\/>   <w:LsdException Locked=\"false\" Priority=\"71\" SemiHidden=\"false\"    UnhideWhenUsed=\"false\" Name=\"Colorful Shading Accent 5\"\/>   <w:LsdException Locked=\"false\" Priority=\"72\" SemiHidden=\"false\"    UnhideWhenUsed=\"false\" Name=\"Colorful List Accent 5\"\/>   <w:LsdException Locked=\"false\" Priority=\"73\" SemiHidden=\"false\"    UnhideWhenUsed=\"false\" Name=\"Colorful Grid Accent 5\"\/>   <w:LsdException Locked=\"false\" Priority=\"60\" SemiHidden=\"false\"    UnhideWhenUsed=\"false\" Name=\"Light Shading Accent 6\"\/>   <w:LsdException Locked=\"false\" Priority=\"61\" SemiHidden=\"false\"    UnhideWhenUsed=\"false\" Name=\"Light List Accent 6\"\/>   <w:LsdException Locked=\"false\" Priority=\"62\" SemiHidden=\"false\"    UnhideWhenUsed=\"false\" Name=\"Light Grid Accent 6\"\/>   <w:LsdException Locked=\"false\" Priority=\"63\" SemiHidden=\"false\"    UnhideWhenUsed=\"false\" Name=\"Medium Shading 1 Accent 6\"\/>   <w:LsdException Locked=\"false\" Priority=\"64\" SemiHidden=\"false\"    UnhideWhenUsed=\"false\" Name=\"Medium Shading 2 Accent 6\"\/>   <w:LsdException Locked=\"false\" Priority=\"65\" SemiHidden=\"false\"    UnhideWhenUsed=\"false\" Name=\"Medium List 1 Accent 6\"\/>   <w:LsdException Locked=\"false\" Priority=\"66\" SemiHidden=\"false\"    UnhideWhenUsed=\"false\" Name=\"Medium List 2 Accent 6\"\/>   <w:LsdException Locked=\"false\" Priority=\"67\" SemiHidden=\"false\"    UnhideWhenUsed=\"false\" Name=\"Medium Grid 1 Accent 6\"\/>   <w:LsdException Locked=\"false\" Priority=\"68\" SemiHidden=\"false\"    UnhideWhenUsed=\"false\" Name=\"Medium Grid 2 Accent 6\"\/>   <w:LsdException Locked=\"false\" Priority=\"69\" SemiHidden=\"false\"    UnhideWhenUsed=\"false\" Name=\"Medium Grid 3 Accent 6\"\/>   <w:LsdException Locked=\"false\" Priority=\"70\" SemiHidden=\"false\"    UnhideWhenUsed=\"false\" Name=\"Dark List Accent 6\"\/>   <w:LsdException Locked=\"false\" Priority=\"71\" SemiHidden=\"false\"    UnhideWhenUsed=\"false\" Name=\"Colorful Shading Accent 6\"\/>   <w:LsdException Locked=\"false\" Priority=\"72\" SemiHidden=\"false\"    UnhideWhenUsed=\"false\" Name=\"Colorful List Accent 6\"\/>   <w:LsdException Locked=\"false\" Priority=\"73\" SemiHidden=\"false\"    UnhideWhenUsed=\"false\" Name=\"Colorful Grid Accent 6\"\/>   <w:LsdException Locked=\"false\" Priority=\"19\" SemiHidden=\"false\"    UnhideWhenUsed=\"false\" QFormat=\"true\" Name=\"Subtle Emphasis\"\/>   <w:LsdException Locked=\"false\" Priority=\"21\" SemiHidden=\"false\"    UnhideWhenUsed=\"false\" QFormat=\"true\" Name=\"Intense Emphasis\"\/>   <w:LsdException Locked=\"false\" Priority=\"31\" SemiHidden=\"false\"    UnhideWhenUsed=\"false\" QFormat=\"true\" Name=\"Subtle Reference\"\/>   <w:LsdException Locked=\"false\" Priority=\"32\" SemiHidden=\"false\"    UnhideWhenUsed=\"false\" QFormat=\"true\" Name=\"Intense Reference\"\/>   <w:LsdException Locked=\"false\" Priority=\"33\" SemiHidden=\"false\"    UnhideWhenUsed=\"false\" QFormat=\"true\" Name=\"Book Title\"\/>   <w:LsdException Locked=\"false\" Priority=\"37\" Name=\"Bibliography\"\/>   <w:LsdException Locked=\"false\" Priority=\"39\" QFormat=\"true\" Name=\"TOC Heading\"\/>  <\/w:LatentStyles> <\/xml><![endif]--><!--[if gte mso 10]>\n\n\n<style>  \/* Style Definitions *\/  table.MsoNormalTable \t{mso-style-name:\"Table Normal\"; \tmso-tstyle-rowband-size:0; \tmso-tstyle-colband-size:0; \tmso-style-noshow:yes; \tmso-style-priority:99; \tmso-style-qformat:yes; \tmso-style-parent:\"\"; \tmso-padding-alt:0cm 5.4pt 0cm 5.4pt; \tmso-para-margin-top:0cm; \tmso-para-margin-right:0cm; \tmso-para-margin-bottom:10.0pt; \tmso-para-margin-left:0cm; \tline-height:115%; \tmso-pagination:widow-orphan; \tfont-size:11.0pt; \tfont-family:\"Calibri\",\"sans-serif\"; \tmso-ascii-font-family:Calibri; \tmso-ascii-theme-font:minor-latin; \tmso-hansi-font-family:Calibri; \tmso-hansi-theme-font:minor-latin;} <\/style>\n\n <![endif]--><\/p>\n<p class=\"nospacing\" style=\"text-align: center; line-height: 200%;\" align=\"center\"><span style=\"font-size: 11.5pt; line-height: 200%; font-family: 'Verdana','sans-serif';\">Kapitalizmin t\u00fcm d\u00fcnyada gittik\u00e7e artan bir h\u0131zla g\u00fcvencesizle\u015ftirme ve dolay\u0131s\u0131 ile geleceksizle\u015ftirme r\u00fczgarlar\u0131 estiriyor olu\u015fu, toplumun bir \u00e7ok kamusal hakk\u0131n\u0131 yok edip ac\u0131mas\u0131z bir metala\u015ft\u0131rma s\u00fcrecine tabi tutmas\u0131; \u00e7oklu, par\u00e7al\u0131 ve esnek \u00fcretim modelleri ile kendisini yeniden kurmas\u0131, toplumsal yap\u0131da, s\u0131n\u0131flar\u0131n\u00a0yap\u0131lan\u0131\u015f\u0131nda ciddi de\u011fi\u015fimlere neden oldu.\u00a0Bu nedenle geleneksel\u00a0olandan farkl\u0131, yeni bir i\u015f\u00e7i s\u0131n\u0131f\u0131 ve bu yeni i\u015f\u00e7i s\u0131n\u0131f\u0131n\u0131n yeni\u00a0bir m\u00fccadele zemini olu\u015fmaya ba\u015flad\u0131. Bu tablo i\u015f\u00e7i s\u0131n\u0131f\u0131 m\u00fccadelesinin\u00a0yeni bir tarihsel d\u00f6neminin ba\u015flamakta oldu\u011funa i\u015faret etmektedir.\u00a0 <\/span><\/p>\n<p class=\"nospacing\" style=\"text-align: center; line-height: 200%;\" align=\"center\"><span style=\"font-size: 11.5pt; line-height: 200%; font-family: 'Verdana','sans-serif';\">\u00a0<\/span><\/p>\n<p class=\"nospacing\" style=\"text-align: center; line-height: 200%;\" align=\"center\"><span style=\"font-size: 11.5pt; line-height: 200%; font-family: 'Verdana','sans-serif';\">Kriz ko\u015fullar\u0131n\u0131n giderek derinle\u015fti\u011fi ve buna paralel olarak yoksullu\u011fun, i\u015f\u00e7ile\u015fmenin ve i\u015fsizli\u011fin giderek y\u00fckseldi\u011fi bir d\u00f6nemdeyiz. Kapitalizmin tek se\u00e7enek oldu\u011fu safsatas\u0131 yine kapitalizmin kendisi taraf\u0131ndan yalanlan\u0131yor, ge\u00e7ersizle\u015ftiriliyor. Krize kar\u015f\u0131 d\u00fcnyan\u0131n \u00e7e\u015fitli yerlerinden ciddi tepkiler y\u00fckseliyor. Baz\u0131 Latin Amerika \u00fclkelerinde farkl\u0131 sol deneyimler ya\u015fan\u0131yor. \u2018K\u00fcresel evimizde\u2019 s\u0131n\u0131f \u00e7eli\u015fkileri keskinle\u015fiyor, s\u0131n\u0131flar\u0131n yap\u0131s\u0131 de\u011fi\u015fiyor. T\u00fcrkiye\u2019de ise g\u00fcvencesizli\u011fe kar\u015f\u0131 aylarca m\u00fccadele eden TEKEL i\u015f\u00e7ilerinin yakt\u0131\u011f\u0131 ate\u015f hen\u00fcz s\u00f6nm\u00fc\u015f de\u011fil.<\/span><\/p>\n<p class=\"nospacing\" style=\"text-align: center; line-height: 200%;\" align=\"center\">\n<p class=\"nospacing\" style=\"text-align: center; line-height: 200%;\" align=\"center\"><span style=\"font-size: 11.5pt; line-height: 200%; font-family: 'Verdana','sans-serif';\">\u00a0<\/span><\/p>\n<p class=\"nospacing\" style=\"text-align: center; line-height: 200%;\" align=\"center\"><span style=\"font-size: 11.5pt; line-height: 200%; font-family: 'Verdana','sans-serif';\">Yeni d\u00f6nemi anlamak, do\u011fru analizlerde bulunmak ve de\u011fi\u015fim s\u00fcrecinin karakterini \u00e7\u00f6zmek devrimci m\u00fccadelenin geli\u015fimi a\u00e7\u0131s\u0131ndan \u00f6nemlidir. Ge\u00e7ti\u011fimiz haftalarda Baraka K\u00fclt\u00fcr Merkezi\u2019nin misafiri olarak T\u00fcrkiye\u2019den gelen ve yeni i\u015f\u00e7i s\u0131n\u0131f\u0131 ve TEKEL direni\u015fi \u00fczerine bir konferans veren Yal\u00e7\u0131n B\u00fcrkev ile konu\u015ftuk. T\u00fcrkiye\u2019deki siyasal-ideolojik ba\u011flamdan neo-liberal krize, TEKEL direni\u015finden yeni i\u015f\u00e7i s\u0131n\u0131f\u0131 hareketine\u2026<\/span><\/p>\n<p class=\"nospacing\" style=\"text-align: center; line-height: 200%;\" align=\"center\">\n<p class=\"nospacing\" style=\"text-align: center; line-height: 200%;\" align=\"center\"><span style=\"font-size: 11.5pt; line-height: 200%; font-family: 'Verdana','sans-serif';\">\u00a0<\/span><\/p>\n<p class=\"nospacing\" style=\"text-align: center; line-height: 200%;\" align=\"center\">\n<p class=\"nospacing\" style=\"text-align: center; line-height: 200%;\" align=\"center\">\n<p class=\"nospacing\" style=\"text-align: center; line-height: 200%;\" align=\"center\"><strong><span style=\"font-size: 11.5pt; line-height: 200%; font-family: 'Verdana','sans-serif';\">Yeni i\u015f\u00e7i s\u0131n\u0131f\u0131 hareketi ve s\u0131n\u0131f m\u00fccadelesi \u00fczerine Yal\u00e7\u0131n B\u00fcrkev ile r\u00f6portaj<\/span><\/strong><\/p>\n<p class=\"nospacing\" style=\"text-align: center; line-height: 200%;\" align=\"center\">\n<p class=\"nospacing\" style=\"text-align: center; line-height: 200%;\" align=\"center\"><strong><span style=\"font-size: 11.5pt; line-height: 200%; font-family: 'Verdana','sans-serif';\">\u201cYeni i\u015f\u00e7i hareketi reformist bir i\u00e7erikte asla geli\u015femez!\u201d<\/span><\/strong><\/p>\n<p class=\"nospacing\" style=\"text-align: center; line-height: 200%;\" align=\"center\">\n<p class=\"nospacing\" style=\"line-height: 200%;\"><strong><span style=\"font-size: 11.5pt; line-height: 200%; font-family: 'Verdana','sans-serif';\">\u00a0<\/span><\/strong><\/p>\n<p class=\"nospacing\" style=\"line-height: 200%;\"><span style=\"font-size: 11.5pt; line-height: 200%; font-family: 'Verdana','sans-serif';\">\u00a0<\/span><span style=\"font-size: 10pt; line-height: 150%; font-family: 'Verdana','sans-serif';\"><a href=\"https:\/\/www.baraka.cc\/images\/stories\/yalcin_burkev_rop1.jpg\" target=\"_blank\"><img decoding=\"async\" loading=\"lazy\" alt=\" \" src=\"https:\/\/www.baraka.cc\/images\/stories\/yalcin_burkev_rop1.jpg\" width=\"200\" height=\"133\" border=\"2\" \/><\/a><\/span><\/p>\n<p class=\"nospacing\" style=\"line-height: 200%;\"><span style=\"font-size: 11.5pt; line-height: 200%; font-family: 'Verdana','sans-serif';\">\u00a0<\/span><\/p>\n<p class=\"nospacing\" style=\"margin-left: 36pt; line-height: 200%;\"><strong><span style=\"font-size: 11.5pt; line-height: 200%; font-family: 'Verdana','sans-serif';\">1.\u00a0\u00a0\u00a0\u00a0\u00a0 <span style=\"text-decoration: underline;\">T\u00fcrkiye\u2019deki egemen siyasal konjonkt\u00fcr:<\/span><\/span><\/strong><\/p>\n<p class=\"nospacing\" style=\"margin-left: 36pt; line-height: 200%;\">\n<p class=\"nospacing\" style=\"line-height: 200%;\"><span style=\"font-size: 11.5pt; line-height: 200%; font-family: 'Verdana','sans-serif';\">\u00a0<\/span><\/p>\n<p class=\"nospacing\" style=\"line-height: 200%;\"><strong><em><span style=\"font-size: 11.5pt; line-height: 200%; font-family: 'Verdana','sans-serif';\">SORU: Emek\u00e7i kesimler a\u00e7\u0131s\u0131ndan T\u00fcrkiye\u2019deki siyasi arenan\u0131n karakterinden ba\u015flayal\u0131m dilerseniz. \u2018Tekel Direni\u015finin I\u015f\u0131\u011f\u0131nda Gelenekselden Yeniye \u0130\u015f\u00e7i S\u0131n\u0131f\u0131 Hareketi\u2019 isimli derleme kitaptaki makalenizde \u015fu andaki siyasi konjonkt\u00fcr\u00fc ge\u00e7i\u015f s\u00fcreci olarak tan\u0131ml\u0131yorsunuz. AKP\u2019nin yeni d\u00f6nemin kurucu akt\u00f6r\u00fc olmaya \u00e7abalad\u0131\u011f\u0131n\u0131 ifade ediyorsunuz. Bu bahsi ge\u00e7en yenilenme d\u00f6neminin veya ge\u00e7i\u015f s\u00fcrecinin karakterini, \u015fu anki siyasi ve ideolojik ba\u011flam\u0131n nas\u0131l \u015fekillendi\u011fini biraz a\u00e7abilir misiniz? <\/span><\/em><\/strong><\/p>\n<p class=\"nospacing\" style=\"line-height: 200%;\">\n<p class=\"nospacing\" style=\"line-height: 200%;\"><span style=\"font-size: 11.5pt; line-height: 200%; font-family: 'Verdana','sans-serif';\">\u00a0<\/span><\/p>\n<p class=\"nospacing\" style=\"line-height: 200%;\"><strong><span style=\"font-size: 11.5pt; line-height: 200%; font-family: 'Verdana','sans-serif';\">CEVAP:<\/span><\/strong><span style=\"font-size: 11.5pt; line-height: 200%; font-family: 'Verdana','sans-serif';\"> Ya\u015fanan uluslararas\u0131 ekonomik kriz b\u00fct\u00fcn d\u00fcnyada oldu\u011fu gibi T\u00fcrkiye\u2019de de kritik bir d\u00f6neme\u00e7 olu\u015fturuyor. Bu a\u00e7\u0131dan bak\u0131ld\u0131\u011f\u0131nda T\u00fcrkiye\u2019de 12 Eyl\u00fcl ile ba\u015flayan ve ayn\u0131 zamanda t\u00fcm d\u00fcnyada neo-liberal politikalar\u0131n uygulanmas\u0131na denk d\u00fc\u015fen 1980 sonras\u0131 d\u00f6nem bu krizle birlikte sona erdi. Dolay\u0131s\u0131yla bu 30 y\u0131ll\u0131k d\u00f6nem sona ererken, ayn\u0131 zamanda AKP ile sonu\u00e7lanan d\u00f6nem de sona erdi. \u015e\u00f6yle de diyebiliriz,<span>\u00a0 <\/span>AKP \u00d6zal d\u00f6neminde ba\u015flayan politikalar\u0131 sonu\u00e7land\u0131rm\u0131\u015f oldu. 1990\u2019lar\u0131 ve 28 \u015eubat\u2019\u0131 bir parantez olarak kabul edersek, ondan \u00f6nce \u00d6zal ile ba\u015flayan s\u00fcreci AKP mant\u0131ki sonu\u00e7lar\u0131na vard\u0131rarak bitirmi\u015f oldu.\u00a0Sadece (tabii \u00f6nemli) bir farkla. \u00d6zal y\u00f6netimindeki ANAP\u00a0geleneksel sermayenin \u00fczerinde geli\u015fen bir ak\u0131m oldu, onun deste\u011fini ald\u0131. AKP ise \u00f6nce geleneksel sermayenin de deste\u011fini almakla birlikte, esas olarak \u0130slamc\u0131 sermayenin geli\u015fimini \u00f6n plana alm\u0131\u015f\u00a0oldu.\u00a0Geleneksel sermaye\u00a0hala ana pay\u0131 elinde tutmakla birlikte, \u0130slamc\u0131 sermaye\u00a0h\u0131zla b\u00fcy\u00fcd\u00fc. Bu geli\u015fme sermayenin bile\u015fiminde yap\u0131sal bir de\u011fi\u015fime yol a\u00e7t\u0131.\u00a0T\u00fcrkiye\u2019deki egemen\u00a0ittifak\u0131n i\u00e7 dengelerinde bir de\u011fi\u015fiklik oldu. Bu de\u011fi\u015fiklik sadece sermaye a\u00e7\u0131s\u0131ndan olmad\u0131. Ayn\u0131 zamanda T\u00fcrkiye\u2019de askeri b\u00fcrokrasinin geleneksel belirleyici rol\u00fc, tuttu\u011fu bir d\u00fczlem vard\u0131; bunda da bir farkl\u0131l\u0131k ortaya \u00e7\u0131kt\u0131! Askeri b\u00fcrokrasi egemen ili\u015fkiler i\u00e7inde irtifa kaydederek, eski konumunu kaybetti. Yine geleneksel sivil b\u00fcrokrasi i\u00e7inde de kal\u0131c\u0131 bir \u0130slami zemin olu\u015ftu. Dolay\u0131s\u0131 ile T\u00fcrkiye\u2019nin geleneksel siyasal g\u00fc\u00e7lerinin bir k\u0131sm\u0131 tasfiye oldu.\u00a0 Tasfiye olanlar\u0131n yerini ise \u0130slami a\u011f\u0131rl\u0131kl\u0131, liberal yeni egemen sermaye akt\u00f6rleri doldurdu. Dolay\u0131s\u0131 ile egemen ittifak i\u00e7erisinde bir de\u011fi\u015fim meydana gelmeye ba\u015flad\u0131.<\/span><\/p>\n<p class=\"nospacing\" style=\"line-height: 200%;\">\n<p class=\"nospacing\" style=\"line-height: 200%;\"><span style=\"font-size: 11.5pt; line-height: 200%; font-family: 'Verdana','sans-serif';\">\u00a0<\/span><\/p>\n<p class=\"nospacing\" style=\"line-height: 200%;\"><span style=\"font-size: 11.5pt; line-height: 200%; font-family: 'Verdana','sans-serif';\">Tabii bu de\u011fi\u015fim s\u00fcreci bitmi\u015f de\u011fil. Bu rekabet ve \u00e7at\u0131\u015fma d\u00fczlemi devam ediyor. Ta ki, bunlar aras\u0131nda bir uzla\u015fma sa\u011flanana dek. Bu uzla\u015fma noktas\u0131 ise kriz sonras\u0131n\u0131n yeni d\u00fczleminin olu\u015fumunda belirginle\u015fecektir. \u015eimdi yava\u015f yava\u015f bu yeni d\u00fczlemin in\u015fas\u0131 s\u00f6z konusu! Ana g\u00fcndemi bu do\u011frultudaki \u00e7at\u0131\u015fmalar i\u015fgal ediyor. Ama bu in\u015fa s\u00fcrecinin tamamlanmas\u0131\u00a0i\u00e7in yeni dengelerin olu\u015fumuna ve yeni politikalar\u0131n belirginle\u015fmesine, yani zamana ihtiya\u00e7 var. Bu nedenle de yeni dengeleri belirleyecek bu \u00e7at\u0131\u015fma zemininin\u00a0\u00f6n\u00fcm\u00fczdeki y\u0131llarda da s\u00fcrmesi beklenmelidir.<\/span><\/p>\n<p class=\"nospacing\" style=\"line-height: 200%;\">\n<p class=\"nospacing\" style=\"line-height: 200%;\"><span style=\"font-size: 11.5pt; line-height: 200%; font-family: 'Verdana','sans-serif';\">\u00a0<\/span><\/p>\n<p class=\"nospacing\" style=\"line-height: 200%;\"><span style=\"font-size: 11.5pt; line-height: 200%; font-family: 'Verdana','sans-serif';\">AKP kendinden \u00f6nceki s\u00fcreci, akt\u00f6rleri tasfiye etti. AKP bu tasfiye s\u00fcrecinde ayn\u0131 zamanda bir miktar da yaraland\u0131. AKP\u2019nin &#8220;\u015fanss\u0131zl\u0131\u011f\u0131&#8221;, neo-liberal d\u00f6nemdeki tasfiye s\u00fcrecini sonu\u00e7land\u0131r\u0131p safkan bir\u00a0neo-liberal iktidar\u0131 kurarken krize denk gelmi\u015f olmas\u0131d\u0131r. Bu nedenle AKP&#8217;nin iktidar\u0131 gecikmi\u015f bir safkan neoliberal iktidard\u0131r. Dolay\u0131s\u0131 ile bu ekonomik kriz d\u00fczlemi ile birlikte AKP sars\u0131lmaya ba\u015flad\u0131. Bu nedenle\u00a0AKP yeni d\u00f6nemin neo-liberal d\u00fczlemini kurma a\u015famas\u0131nda zorlan\u0131yor. Bunun i\u00e7in \u00e7aba g\u00f6steriyor ama bu \u00e7ok kolay de\u011fil. Nitekim son d\u00f6nemdeki geli\u015fmelerin hepsi bu zorlu\u011fu kan\u0131tlam\u0131\u015f oldu. Krizin neden oldu\u011fu yeni uluslar aras\u0131 konjonkt\u00fcr\u00fcn, i\u00e7te ve d\u0131\u015fta AKP\u2019yi zora sokan \u00e7e\u015fitli \u00f6zellikler ta\u015f\u0131d\u0131\u011f\u0131 belirginle\u015fti.<\/span><\/p>\n<p class=\"nospacing\" style=\"line-height: 200%;\">\n<p class=\"nospacing\" style=\"line-height: 200%;\"><span style=\"font-size: 11.5pt; line-height: 200%; font-family: 'Verdana','sans-serif';\">\u00a0<\/span><\/p>\n<p class=\"nospacing\" style=\"line-height: 200%;\"><span style=\"font-size: 11.5pt; line-height: 200%; font-family: 'Verdana','sans-serif';\">AKP\u00a0\u00fclke i\u00e7inde\u00a0\u00fc\u00e7 ana unsur \u00fcst\u00fcnden siyaset yapt\u0131.\u00a01) <em>AKP demokrat g\u00f6r\u00fcnmeye \u00e7al\u0131\u015ft\u0131, 2) AKP yoksul dostu g\u00f6r\u00fcnmeye \u00e7al\u0131\u015ft\u0131, 3)\u00a0AKP ma\u011fdur g\u00f6z\u00fckmeye \u00e7al\u0131\u015ft\u0131.<\/em>\u00a0 Tamamen imaja dayal\u0131 bu \u00fc\u00e7\u00a0unsur kriz d\u00f6neminde bo\u015fa d\u00fc\u015ft\u00fc. \u00c7\u00fcnk\u00fc bu tasfiye s\u00fcrecinde AKP\u2019nin giderek bask\u0131c\u0131la\u015ft\u0131\u011f\u0131 iyice belirginle\u015fti. AKP bu s\u00fcrecin i\u00e7erisinde yoksul dostu olmad\u0131\u011f\u0131n\u0131, tersine krizle birlikte tercihini sermayeden yana yaparak, zengin dostu oldu\u011funu \u00e7\u0131plak bir bi\u00e7imde g\u00f6stermi\u015f oldu. Bir di\u011fer yandan ise ma\u011fdur de\u011fil, tasfiye eden, ezen ve egemen konuma geldi\u011fi art\u0131k tart\u0131\u015fmas\u0131z bi\u00e7imde a\u00e7\u0131\u011fa \u00e7\u0131kt\u0131. Dolay\u0131s\u0131 ile \u00f6nceki d\u00f6nemde yaratt\u0131\u011f\u0131 imaj\u0131 olu\u015fturan, yayg\u0131n olarak kulland\u0131\u011f\u0131 \u00fc\u00e7 arg\u00fcman\u0131n zemini ve inand\u0131r\u0131c\u0131l\u0131\u011f\u0131 ortadan kalkt\u0131.<\/span><\/p>\n<p class=\"nospacing\" style=\"line-height: 200%;\">\n<p class=\"nospacing\" style=\"line-height: 200%;\"><span style=\"font-size: 11.5pt; line-height: 200%; font-family: 'Verdana','sans-serif';\">\u00a0<\/span><\/p>\n<p class=\"nospacing\" style=\"line-height: 200%;\"><span style=\"font-size: 11.5pt; line-height: 200%; font-family: 'Verdana','sans-serif';\">Tabii bu s\u00fcre\u00e7 sadece AKP i\u00e7in de\u011fil, t\u00fcm akt\u00f6rler\u00a0a\u00e7\u0131s\u0131ndan bir d\u00f6n\u00fc\u015f\u00fcm\u00fc zorunlu k\u0131l\u0131yor. Liberal dinciler ve t\u00fcm \u0130slami hareket a\u00e7\u0131s\u0131ndan; merkez sa\u011f ve sosyal demokrasi a\u00e7\u0131s\u0131ndan; K\u00fcrt hareketi a\u00e7\u0131s\u0131ndan; sol ve sendikal hareket a\u00e7\u0131s\u0131ndan yani b\u00fct\u00fcn d\u00fczlemler a\u00e7\u0131s\u0131ndan bu d\u00f6n\u00fc\u015f\u00fcm ge\u00e7erli.\u00a0Keza askeri b\u00fcrokrasi a\u00e7\u0131s\u0131ndan da yepyeni bir d\u00f6neme do\u011fru ilerleniyor. Askeri b\u00fcrokrasi i\u00e7erisindeki bu yeni d\u00f6neme uyarlanma \u00e7abas\u0131n\u0131n mevcut oldu\u011fu zaten Genelkurmay\u0131n yeni tutumlar\u0131ndan anla\u015f\u0131lmakta. Bu s\u00fcre\u00e7te AKP ile\u00a0b\u00fct\u00fcnle\u015fmemekle birlikte\u00a0esas olarak uzla\u015fmay\u0131 tercih eden, eskisi gibi \u00e7at\u0131\u015fmayan, uyum sa\u011flayan; \u0130slamc\u0131 hareketin varl\u0131\u011f\u0131n\u0131 rejim i\u00e7erisinde bir unsur olarak kabul eden ama bunun yan\u0131 s\u0131ra AKP politikalar\u0131ndan da bir miktar rahats\u0131zl\u0131k duyan; eskisi gibi kafadan \u00e7at\u0131\u015fma i\u00e7erisine girmeyen bir Genelkurmay olu\u015ftu. Son s\u00fcre\u00e7teki en \u00f6nemli de\u011fi\u015fimlerden birisi\u00a0buydu.\u00a0Bu olgu\u00a0ulusalc\u0131 ak\u0131m\u0131n \u00f6nemli \u00f6l\u00e7\u00fcde tasfiye edilmesinin sonucudur. Ordunun y\u00f6netim kademelerindeki ulusalc\u0131lar tasfiye edildi. Geriye kalan ulusalc\u0131 unsurlar\u0131n a\u011f\u0131rl\u0131kl\u0131\u00a0b\u00f6l\u00fcm\u00fc t\u00f6rp\u00fclenmi\u015f bi\u00e7imde CHP i\u00e7inde yer tuttu. Dolay\u0131s\u0131 ile\u00a02000&#8217;li y\u0131llardaki\u00a0kadar etkili bir ulusalc\u0131 ak\u0131m kalmad\u0131.<\/span><\/p>\n<p class=\"nospacing\" style=\"line-height: 200%;\"><span style=\"font-size: 11.5pt; line-height: 200%; font-family: 'Verdana','sans-serif';\"><br \/>\n<\/span><\/p>\n<p class=\"nospacing\" style=\"line-height: 200%;\"><span style=\"font-size: 11.5pt; line-height: 200%; font-family: 'Verdana','sans-serif';\">\u00a0<\/span><\/p>\n<p class=\"nospacing\" style=\"line-height: 200%;\"><strong><em><span style=\"font-size: 11.5pt; line-height: 200%; font-family: 'Verdana','sans-serif';\">Asl\u0131nda klasik Kemalist gelene\u011fin tasfiyesinden bahsediyoruz.<\/span><\/em><\/strong><\/p>\n<p class=\"nospacing\" style=\"line-height: 200%;\">\n<p class=\"nospacing\" style=\"line-height: 200%;\"><span style=\"font-size: 11.5pt; line-height: 200%; font-family: 'Verdana','sans-serif';\">\u00a0<\/span><\/p>\n<p class=\"nospacing\" style=\"line-height: 200%;\"><span style=\"font-size: 11.5pt; line-height: 200%; font-family: 'Verdana','sans-serif';\">Tam b\u00f6yle s\u00f6ylenemez! Zira bir kurucu ideoloji olan Kemalizmin yorumu her d\u00f6nemde\u00a0egemenlerin ihtiya\u00e7lar\u0131na ya da egemenler i\u00e7i \u00e7at\u0131\u015fmalara g\u00f6re farkl\u0131la\u015fmaktad\u0131r. Bundan sonra da b\u00f6yle olmas\u0131 b\u00fcy\u00fck olas\u0131l\u0131kt\u0131r. 1960&#8217;larda Cemal G\u00fcrsel&#8217;de simgele\u015fen (yurtsever) ana Kemalist ak\u0131m\u00a0ba\u015fkad\u0131r. 1980&#8217;lerde Evren&#8217;le simgelenen (T\u00fcrk-\u0130slam sentezci) Kemalist ak\u0131m ba\u015fkad\u0131r. 1990&#8217;lardaki ve 28 \u015eubat sonras\u0131ndaki (ulusalc\u0131) Kemalist ak\u0131m ba\u015fkad\u0131r. \u00d6n\u00fcm\u00fczdeki d\u00f6nemde\u00a0de ordu ve geleneksel sermaye ile uzla\u015fma sa\u011flayarak rejimin\u00a0kal\u0131c\u0131 d\u00fczlemi i\u00e7ine \u0130slam\u0131n yerle\u015fmesi s\u00fcrecindeki\u00a0Kemalizm yorumunun\u00a0farkl\u0131la\u015fmas\u0131 ka\u00e7\u0131n\u0131lmaz g\u00f6z\u00fckmektedir. Nitekim yak\u0131n zamana kadar Kemalizme cepheden kar\u015f\u0131 tav\u0131r alan \u0130slami hareketin i\u00e7inde yeni Kemalizm yorumlar\u0131na dair ilk i\u015faretler g\u00f6r\u00fclmeye ba\u015fland\u0131. ABD&#8217;nin etkili yay\u0131nlar\u0131nda bu t\u00fcr yeni Kemalizm yorumlar\u0131 g\u00f6r\u00fcl\u00fcyor.<\/span><\/p>\n<p class=\"nospacing\" style=\"line-height: 200%;\">\n<p class=\"nospacing\" style=\"line-height: 200%;\"><span style=\"font-size: 11.5pt; line-height: 200%; font-family: 'Verdana','sans-serif';\">\u00a0<\/span><\/p>\n<p class=\"nospacing\" style=\"line-height: 200%;\"><span style=\"font-size: 11.5pt; line-height: 200%; font-family: 'Verdana','sans-serif';\">Ama sizin kastetti\u011finiz Kemalizmin ulusalc\u0131 yorumunun tasfiyesi olmal\u0131d\u0131r.\u00a0Do\u011frudur, ordu i\u00e7indeki tasfiyeden sonra sivil siyaset i\u00e7indeki tasfiyenin ilk g\u00f6stergesi CHP i\u00e7inde ya\u015fand\u0131.\u00a0CHP i\u00e7indeki son durumda Baykal\u2019a d\u00f6n\u00fck yap\u0131lan kirli hamle ile Baykal tasfiye edilmi\u015f oldu. Beklenmedik bir bi\u00e7imde K\u0131l\u0131\u00e7daro\u011flu aradan s\u0131yr\u0131lm\u0131\u015f oldu. K\u0131l\u0131\u00e7daro\u011flu bir yandan merkez politikalara do\u011fru \u00e7ekilmeye ba\u015flayan ulusalc\u0131 ak\u0131m\u0131 s\u00fcr\u00fckleyen \u00d6nder Sav\u2019\u0131n deste\u011fini ald\u0131. Di\u011fer taraftan da Faik \u00d6zt\u0131rak\u00a0gibilerinin temsil etti\u011fi T\u00dcS\u0130AD sermayesinin deste\u011fini ald\u0131. Fakat ayn\u0131 zamanda da tabandaki da\u011f\u0131n\u0131k\u00a0bir sol potansiyelin de \u00fczerine oturmu\u015f oldu. Dolay\u0131s\u0131 ile CHP&#8217;deki son durum bu \u00fc\u00e7 unsurun dengesi \u00fczerinden bi\u00e7imlendi. K\u0131l\u0131\u00e7daro\u011flu\u2019nun yeni d\u00f6nemde CHP i\u00e7erisinde ba\u015far\u0131l\u0131 olup olmayaca\u011f\u0131 tabii ki \u015fimdiden s\u00f6ylenemez. \u00d6rg\u00fct\u00fcn i\u00e7erisinden gelen bir konumu yok K\u0131l\u0131\u00e7daro\u011flu\u2019nun. Konjonkt\u00fcr\u00fcn gerektirdi\u011fi bir bi\u00e7imde tepeden indirildi. Halk\u00e7\u0131 g\u00f6r\u00fcnt\u00fcs\u00fc bu konuda \u00e7ok \u00f6nemli bir unsur oldu. Bu konjonkt\u00fcr \u00fczerinden birden bire \u00e7\u0131k\u0131verdi. Ben K\u0131l\u0131\u00e7daro\u011flu\u2019nun getirili\u015finin \u00e7ok da planl\u0131 bir \u015fey oldu\u011funu d\u00fc\u015f\u00fcnm\u00fcyorum. Baykal\u2019\u0131n y\u0131prat\u0131lmas\u0131 ya da istifaya s\u00fcr\u00fcklenmesi planl\u0131yd\u0131 ama yerine getirilecek ki\u015finin bu kadar planl\u0131 oldu\u011funu d\u00fc\u015f\u00fcnm\u00fcyorum.\u00a0 K\u0131l\u0131\u00e7daro\u011flu\u2019nun bu durumun i\u00e7inden\u00a0\u00e7\u0131kt\u0131\u011f\u0131 kanaatindeyim.<\/span><\/p>\n<p class=\"nospacing\" style=\"line-height: 200%;\">\n<p class=\"nospacing\" style=\"line-height: 200%;\"><span style=\"font-size: 11.5pt; line-height: 200%; font-family: 'Verdana','sans-serif';\">\u00a0<\/span><\/p>\n<p class=\"nospacing\" style=\"line-height: 200%;\"><span style=\"font-size: 11.5pt; line-height: 200%; font-family: 'Verdana','sans-serif';\">Bu geli\u015fmeler i\u00e7inde geleneksel\u00a0egemen g\u00fc\u00e7ler a\u00e7\u0131s\u0131ndan\u00a0\u015fu ihtiya\u00e7 g\u00f6z\u00fck\u00fcyor; ulusalc\u0131l\u0131\u011f\u0131n merkez siyasete do\u011fru a\u015f\u0131r\u0131l\u0131klar\u0131n\u0131n t\u00f6rp\u00fclenerek liberal d\u00fczlemin i\u00e7ine \u00e7ekilmesi, buna kar\u015f\u0131n geleneksel sermayenin\u00a0ve ba\u011flant\u0131l\u0131 liberallerin de\u00a0tersten ulusalc\u0131l\u0131kla daha ge\u00e7inebilir bir d\u00fczleme do\u011fru \u00e7ekilmesi! K\u0131l\u0131\u00e7daro\u011flu bu s\u00fcreci kolayla\u015ft\u0131rabilir. Veya\u00a0bu ihtiyac\u0131n somut politikaya uygun hale getirilmesinde ba\u015far\u0131s\u0131z olabilir.\u00a0O ba\u015fka.\u00a0 Ama bu kar\u015f\u0131t g\u00fc\u00e7lerin\u00a0uyumlula\u015fma aray\u0131\u015f\u0131nda kendi ola\u011fan elitist halleri ile bir \u015fey yapamayacaklar\u0131 ortada. \u0130\u015fte tam da bu noktada halk\u00e7\u0131 politikalara\u00a0y\u00f6nelik ihtiya\u00e7 belirmektedir.\u00a0S\u00fcregelen kriz politikalar\u0131 \u00e7er\u00e7evesinde giderek yayg\u0131nla\u015fan yoksulla\u015ft\u0131rma, g\u00fcvencesizle\u015ftirme ve\u00a0i\u015f\u00e7ile\u015ftirme politikalar\u0131 kar\u015f\u0131s\u0131nda halk\u00e7\u0131l\u0131k motifinin devreye sokulmas\u0131 egemenler a\u00e7\u0131s\u0131ndan adeta bir zorunluluk olarak devreye sokulmak istenmektedir.<\/span><\/p>\n<p class=\"nospacing\" style=\"line-height: 200%;\">\n<p class=\"nospacing\" style=\"line-height: 200%;\"><span style=\"font-size: 11.5pt; line-height: 200%; font-family: 'Verdana','sans-serif';\">\u00a0<\/span><\/p>\n<p class=\"nospacing\" style=\"line-height: 200%;\"><span style=\"font-size: 11.5pt; line-height: 200%; font-family: 'Verdana','sans-serif';\">Bu a\u00e7\u0131lardan bak\u0131ld\u0131\u011f\u0131nda \u00f6n\u00fcm\u00fczdeki d\u00f6nem ulusalc\u0131l\u0131\u011f\u0131n\u0131n da, liberalizminin de ve kimlik politikalar\u0131n\u0131n da ge\u00e7mi\u015f 30 y\u0131l i\u00e7erisindeki -\u00f6zellikle son 10 y\u0131ldaki- karakterlerinden daha farkl\u0131 \u00f6zellikler ta\u015f\u0131yaca\u011f\u0131 g\u00f6z\u00fck\u00fcyor. Bu ak\u0131mlar\u0131n bir k\u0131s\u0131m s\u0131n\u0131fsal \u00f6\u011feleri de g\u00f6z \u00f6n\u00fcnde tutarak yeniden bi\u00e7imlenece\u011fi g\u00f6z\u00fck\u00fcyor. \u00d6te yandan egemenler a\u00e7\u0131s\u0131ndan ise sosyal demokrasinin liberalle\u015ftirilmesi ihtiyac\u0131 g\u00fcndemde. Fakat bu gerilimli bir s\u00fcre\u00e7! Ulusalc\u0131lar\u0131n ezberleri a\u00e7\u0131s\u0131ndan da gerilimli bir s\u00fcre\u00e7! Halk\u00e7\u0131l\u0131k y\u00f6nelimleri a\u00e7\u0131s\u0131ndan da gerilimli bir s\u00fcre\u00e7. Bu nedenle de bu \u00fc\u00e7 ayak etraf\u0131ndaki gerilim b\u00fct\u00fcn unsurlara yans\u0131yacak. K\u0131l\u0131\u00e7daro\u011flu k\u0131sa d\u00f6nemde bu a\u00e7\u0131dan ba\u015far\u0131l\u0131 hamleler yapabilir, s\u00fcreci iyi y\u00f6netebilir veya y\u00f6netemeyebilir; k\u0131sa s\u00fcrede \u00f6nemli ba\u015far\u0131lar kaydedebilir ya da tasfiye olabilir. Bunlar\u0131 \u015fu an bilemiyoruz. Ama g\u00f6r\u00fclecektir ki, bu \u00e7eli\u015fik pozisyonlar\u0131 orta\/uzun vadede bir arada ba\u015far\u0131yla kayna\u015ft\u0131rabilmek\u00a0imkans\u0131zd\u0131r. \u00d6zellikle de kriz ko\u015fullar\u0131nda.<\/span><\/p>\n<p class=\"nospacing\" style=\"line-height: 200%;\"><span style=\"font-size: 11.5pt; line-height: 200%; font-family: 'Verdana','sans-serif';\"><br \/>\n<\/span><\/p>\n<p class=\"nospacing\" style=\"line-height: 200%;\"><span style=\"font-size: 11.5pt; line-height: 200%; font-family: 'Verdana','sans-serif';\">\u00a0<\/span><\/p>\n<p class=\"nospacing\" style=\"line-height: 200%;\"><span style=\"font-size: 11.5pt; line-height: 200%; font-family: 'Verdana','sans-serif';\">CHP ile ba\u015flayan bu de\u011fi\u015fim\u00a0bas\u0131nc\u0131n\u0131n AKP a\u00e7\u0131s\u0131ndan da ge\u00e7erli oldu\u011funu d\u00fc\u015f\u00fcn\u00fcyorum. \u00d6n\u00fcm\u00fczdeki se\u00e7imlere do\u011fru ve\u00a0\u00f6zellikle de cumhurba\u015fkan\u0131 se\u00e7imlerinde bu de\u011fi\u015fim bas\u0131nc\u0131 \u00e7ok daha fazla hissedilecektir. Zaten \u015fimdiden bunun sinyalleri de belirdi. Fethullah G\u00fclen&#8217;in \u0130srail konusunda kitle tepkilerini frenleyici tutumu d\u0131\u015f politika a\u00e7\u0131s\u0131ndan bir Amerikanc\u0131 ayar oldu\u011fu kadar, i\u00e7 politika ve AKP i\u00e7i geli\u015fmeler a\u00e7\u0131s\u0131ndan da AKP\u00a0i\u00e7inde d\u00f6n\u00fc\u015f\u00fcm ihtiyac\u0131na d\u00f6n\u00fck bir hamle olarak ele al\u0131nmal\u0131d\u0131r. Zaten ABD politikalar\u0131nda AKP&#8217;ye d\u00f6n\u00fck bir de\u011fi\u015fim ya\u015fand\u0131\u011f\u0131 \u00e7\u0131plak bi\u00e7imde g\u00f6r\u00fclmektedir. Bu durumda, AKP&#8217;ye d\u00f6n\u00fck zorlamalar\u0131n bir s\u0131n\u0131rland\u0131rma, t\u00f6rp\u00fcleme ve\u00a0yeni bir ayar vermeyi mi\u00a0ama\u00e7lad\u0131\u011f\u0131 yoksa AKP&#8217;nin y\u0131prat\u0131larak iktidardan uzakla\u015ft\u0131r\u0131lmak m\u0131 istendi\u011fi hen\u00fcz yeterince a\u00e7\u0131kl\u0131\u011fa kavu\u015fmu\u015f de\u011fildir. Sadece AKP&#8217;nin \u00e7ok da kolayl\u0131kla g\u00f6zden \u00e7\u0131kar\u0131lacak bir akt\u00f6r olmad\u0131\u011f\u0131 s\u00f6ylenebilir. Daha geni\u015f anlamda ise ABD politikalar\u0131 a\u00e7\u0131s\u0131ndan \u0130slamc\u0131 hareketin\u00a0siyaseten tamamen elden \u00e7\u0131kar\u0131laca\u011f\u0131 \u015feklindeki beklenti ve yorumlar\u0131n ham hayalden ibaret oldu\u011fu a\u00e7\u0131kt\u0131r.<\/span><\/p>\n<p class=\"nospacing\" style=\"line-height: 200%;\">\n<p class=\"nospacing\" style=\"line-height: 200%;\"><span style=\"font-size: 11.5pt; line-height: 200%; font-family: 'Verdana','sans-serif';\">\u00a0<\/span><\/p>\n<p class=\"nospacing\" style=\"line-height: 200%;\"><span style=\"font-size: 11.5pt; line-height: 200%; font-family: 'Verdana','sans-serif';\">Elbette krizle birlikte ba\u015flayan bu de\u011fi\u015fim s\u00fcrecinin MHP\u2019den PKK\u2019ye kadar,\u00a0tabii ki\u00a0b\u00fct\u00fcn solu ve i\u015f\u00e7i hareketini etkilemesi ka\u00e7\u0131n\u0131lmazd\u0131r. Fakat bu s\u00fcre\u00e7 12 Eyl\u00fcl d\u00f6neminde oldu\u011fu gibi iki \u00fc\u00e7 y\u0131ll\u0131k \u00e7ok belirgin, ba\u015f\u0131 sonu programlanm\u0131\u015f ve bu program \u00f6nemli \u00f6l\u00e7\u00fcde olu\u015fmu\u015f de\u011fildir.\u00a0S\u00fcre\u00e7 k\u00f6\u015feleri bu kadar belirgin bir d\u00fczlemde cereyan etmeyecek. \u00c7\u00fcnk\u00fc uluslar aras\u0131 planda bu kriz ile birlikte b\u00fcy\u00fck ta\u015flar yerinden oynad\u0131. Ve bu ge\u00e7i\u015f s\u00fcreci bir hayli uzun s\u00fcrecek. \u00d6n\u00fcm\u00fczdeki krizin 5-10 y\u0131l civar\u0131nda bir zaman dilimine yay\u0131laca\u011f\u0131, \u201cW\u201d ya da daha fazla \u201cV\u201dler i\u00e7erecek \u015fekilde dibe vuru\u015flar ya\u015fanaca\u011f\u0131n\u0131 varsayarsak, ki b\u00f6yle g\u00f6z\u00fck\u00fcyor, o zaman bu karma\u015fan\u0131n\u00a0i\u00e7inden yeninin kurulmas\u0131 s\u00fcrecinin bir hayli uzun zamana yay\u0131larak sanc\u0131l\u0131 bi\u00e7imde ger\u00e7ekle\u015fece\u011fi daha da belirginle\u015fmektedir. Dolay\u0131s\u0131yla bu aray\u0131\u015flar\u0131n orta vadede\u00a0netle\u015fece\u011fini g\u00f6rmek gerekir.<\/span><\/p>\n<p class=\"nospacing\" style=\"line-height: 200%;\">\n<p class=\"nospacing\" style=\"line-height: 200%;\"><span style=\"font-size: 11.5pt; line-height: 200%; font-family: 'Verdana','sans-serif';\">\u00a0<\/span><span style=\"font-size: 11pt; line-height: 150%; font-family: 'Verdana','sans-serif';\"><a href=\"https:\/\/www.baraka.cc\/images\/stories\/yalcin_burkev_rop1.jpg\" target=\"_blank\"><img decoding=\"async\" loading=\"lazy\" alt=\" \" src=\"https:\/\/www.baraka.cc\/images\/stories\/yalcin_burkev_rop2.jpg\" width=\"200\" height=\"133\" border=\"2\" \/><\/a><\/span><\/p>\n<p class=\"nospacing\" style=\"line-height: 200%;\"><span style=\"font-size: 11.5pt; line-height: 200%; font-family: 'Verdana','sans-serif';\">\u00a0<\/span><\/p>\n<p class=\"nospacing\" style=\"margin-left: 36pt; line-height: 200%;\"><strong><span style=\"font-size: 11.5pt; line-height: 200%; font-family: 'Verdana','sans-serif';\">2.\u00a0\u00a0\u00a0\u00a0 <span style=\"text-decoration: underline;\">Neo-liberal sosyal y\u0131k\u0131m politikalar\u0131:<\/span><\/span><\/strong><\/p>\n<p class=\"nospacing\" style=\"margin-left: 36pt; line-height: 200%;\">\n<p class=\"nospacing\" style=\"line-height: 200%;\"><strong><em><span style=\"font-size: 11.5pt; line-height: 200%; font-family: 'Verdana','sans-serif';\">\u00a0<\/span><\/em><\/strong><\/p>\n<p class=\"nospacing\" style=\"line-height: 200%;\"><strong><em><span style=\"font-size: 11.5pt; line-height: 200%; font-family: 'Verdana','sans-serif';\">Buradan emek\u00e7i kesimlerin durumuna gelelim. \u00d6zal d\u00f6neminde uygulanmaya ba\u015flanan neo-liberal politikalar\u0131n AKP d\u00f6neminde -farkl\u0131 bir g\u00f6mlek alt\u0131nda- daha da y\u0131k\u0131c\u0131 bir \u015fekilde s\u00fcrd\u00fcr\u00fcld\u00fc\u011f\u00fcnden, hatta son noktas\u0131na getirildi\u011finden bahsettiniz. Sosyalist hareket ise bu politikalara kar\u015f\u0131 ciddi ve s\u00fcrekli bir alternatif olu\u015fturamad\u0131. 80 sonras\u0131, hatta 90\u2019larla birlikte sosyalist hareketin krizi bu noktada san\u0131r\u0131m belirleyici oldu. Fakat son zamanlarda ya\u015fanan i\u015f\u00e7i direni\u015fleri, \u00f6zellikle de TEKEL direni\u015fi bir k\u0131p\u0131rdanman\u0131n ba\u015flad\u0131\u011f\u0131na da i\u015faret ediyor. \u00a0Neo-liberal politikalar\u0131n emek\u00e7i kesimlerdeki yans\u0131mas\u0131 ve buna kar\u015f\u0131 tepkiler nas\u0131l ortaya \u00e7\u0131k\u0131yor? <\/span><\/em><\/strong><\/p>\n<p class=\"nospacing\" style=\"line-height: 200%;\">\n<p class=\"nospacing\" style=\"line-height: 200%;\"><em><span style=\"font-size: 11.5pt; line-height: 200%; font-family: 'Verdana','sans-serif';\">\u00a0<\/span><\/em><\/p>\n<p class=\"nospacing\" style=\"line-height: 200%;\"><span style=\"font-size: 11.5pt; line-height: 200%; font-family: 'Verdana','sans-serif';\">Neo-liberal politikalar ge\u00e7ti\u011fimiz 30 y\u0131l i\u00e7erisinde bir\u00e7ok \u00f6nemli sonu\u00e7 do\u011furdu. Fakat bunlar\u0131n aras\u0131nda en belirgin olan\u0131 yoksulla\u015ft\u0131rma, m\u00fclks\u00fczle\u015ftirme ve i\u015f\u00e7ile\u015ftirme (proleterle\u015ftirme) zincirine yol a\u00e7mas\u0131d\u0131r. Milyonlarca insan bu s\u00fcre\u00e7te i\u015f\u00e7ile\u015fmi\u015f ya da yeniden i\u015f\u00e7ile\u015fmi\u015ftir. Bu insanlar\u0131n bir k\u0131sm\u0131 geleneksel i\u015f\u00e7i iken yeni i\u015f\u00e7i konumuna geldiler. Geleneksel i\u015f\u00e7i s\u0131n\u0131f\u0131n\u0131n uzun m\u00fccadelelerle kazan\u0131lm\u0131\u015f bir ya\u015fam standard\u0131 varken, bu ellerinden al\u0131nd\u0131. Yeni i\u015f\u00e7i s\u0131n\u0131f\u0131n\u0131n son derece k\u00f6t\u00fc ya\u015fam standartlar\u0131na mahkum edildiler. T\u00fcrkiye&#8217;de 100.000\u2019lerce i\u015f\u00e7i i\u015ften \u00e7\u0131kart\u0131ld\u0131. Yeniden i\u015fe al\u0131nd\u0131klar\u0131nda y\u00fcksek \u00fccretlerle s\u00fcrd\u00fcrd\u00fckleri i\u015f\u00e7ilik ya\u015famlar\u0131n\u0131, i\u015ften \u00e7\u0131kart\u0131l\u0131p tazminatlar\u0131 ellerine verildikten sonra neredeyse yar\u0131 yar\u0131ya maa\u015flarla, hatta daha da az maa\u015flarla, g\u00fcvencesiz ko\u015fullarda devam ettirmek zorunda kald\u0131lar. Bu \u00e7ok \u00f6nemli bir yeniden i\u015f\u00e7ile\u015ftirme operasyonuydu.<\/span><\/p>\n<p class=\"nospacing\" style=\"line-height: 200%;\">\n<p class=\"nospacing\" style=\"line-height: 200%;\"><span style=\"font-size: 11.5pt; line-height: 200%; font-family: 'Verdana','sans-serif';\">\u00a0<\/span><\/p>\n<p class=\"nospacing\" style=\"line-height: 200%;\"><span style=\"font-size: 11.5pt; line-height: 200%; font-family: 'Verdana','sans-serif';\">Di\u011fer taraftan k\u0131r emek\u00e7ileri, tar\u0131m emek\u00e7ileri i\u00e7inde b\u00fcy\u00fck bir i\u015f\u00e7ile\u015ftirme dalgas\u0131 ya\u015fan\u0131yor. Son 30 y\u0131l i\u00e7erisinde, kente g\u00f6\u00e7 \u00e7ok yo\u011funla\u015ft\u0131. T\u00fcrkiye kentle\u015fmesi \u00e7ok y\u00fcksek oranlara, %70\u2019leri a\u015fan oranlara geldi. Oysa yakla\u015f\u0131k 30 y\u0131l \u00f6ncesinde bu s\u00fcre\u00e7, bu oran %40-50 aras\u0131 oranlarda idi. Bu \u00e7ok b\u00fcy\u00fck bir de\u011fi\u015fim. Bu sadece T\u00fcrkiye\u2019de de\u011fil, b\u00fct\u00fcn d\u00fcnyada da b\u00f6yle.<\/span><\/p>\n<p class=\"nospacing\" style=\"line-height: 200%;\">\n<p class=\"nospacing\" style=\"line-height: 200%;\"><span style=\"font-size: 11.5pt; line-height: 200%; font-family: 'Verdana','sans-serif';\">\u00a0<\/span><\/p>\n<p class=\"nospacing\" style=\"line-height: 200%;\"><strong><em><span style=\"font-size: 11.5pt; line-height: 200%; font-family: 'Verdana','sans-serif';\">Asl\u0131nda kentsel d\u00f6n\u00fc\u015f\u00fcm s\u00f6yleminin zeminini de bu olgu olu\u015fturuyor.<\/span><\/em><\/strong><\/p>\n<p class=\"nospacing\" style=\"line-height: 200%;\">\n<p class=\"nospacing\" style=\"line-height: 200%;\"><span style=\"font-size: 11.5pt; line-height: 200%; font-family: 'Verdana','sans-serif';\">\u00a0<\/span><\/p>\n<p class=\"nospacing\" style=\"line-height: 200%;\"><span style=\"font-size: 11.5pt; line-height: 200%; font-family: 'Verdana','sans-serif';\">Tabii, bu kadar b\u00fcy\u00fck bir g\u00f6\u00e7 ortaya \u00e7\u0131k\u0131nca b\u00fcy\u00fck bir kentsel bar\u0131nma ihtiyac\u0131 olu\u015fuyor. B\u00f6ylece muazzam bir kent rant\u0131 olu\u015fuyor. Daha \u00f6ncesinde ciddi rant olu\u015fturmayan araziler b\u00fcy\u00fck rantlar olu\u015fturmaya ba\u015fl\u0131yor. Daha \u00f6nce kentlerin varo\u015flar\u0131 olan yerler b\u00fcy\u00fck de\u011ferler olu\u015fturmaya ba\u015fl\u0131yor. Bunlar emek\u00e7i kesimlerin ellerinden al\u0131narak h\u0131zla orta ve \u00fcst s\u0131n\u0131flara sunulmaya \u00e7al\u0131\u015f\u0131l\u0131yor. Ve bu kent rant\u0131 yeni bir sermaye birikim s\u00fcrecinin de en \u00f6nemli unsurlar\u0131n\u0131 olu\u015fturuyor. \u00d6n\u00fcm\u00fczdeki d\u00f6nemde bu \u00e7ok daha \u00e7\u0131plak bir bi\u00e7imde ger\u00e7ekle\u015fecek. Mesela \u0130stanbul ve Ankara belediye ba\u015fkanlar\u0131na tan\u0131nan yasal olanaklarla birlikte, tapulu tapusuz, \u00fcst\u00fcnde bina olsun olmas\u0131n, her \u015feye el koyma yetkisi \u00e7\u0131km\u0131\u015f durumda. Bu ola\u011fan\u00fcst\u00fc bir yetki. Muazzam rantlar\u0131n sa\u011flanaca\u011f\u0131, muazzam sermaye birikimlerinin olu\u015faca\u011f\u0131 bir d\u00fczlem olu\u015fturuyor.<\/span><\/p>\n<p class=\"nospacing\" style=\"line-height: 200%;\">\n<p class=\"nospacing\" style=\"line-height: 200%;\"><span style=\"font-size: 11.5pt; line-height: 200%; font-family: 'Verdana','sans-serif';\">\u00a0<\/span><\/p>\n<p class=\"nospacing\" style=\"line-height: 200%;\"><span style=\"font-size: 11.5pt; line-height: 200%; font-family: 'Verdana','sans-serif';\">Bu politikalar yoksulla\u015ft\u0131rma, m\u00fclks\u00fczle\u015ftirme ve i\u015f\u00e7ile\u015ftirme stratejisinin bir par\u00e7as\u0131d\u0131r, tamamlay\u0131c\u0131 \u00f6\u011feleridir.\u00a0Emek\u00e7iler yoksulla\u015ft\u0131r\u0131l\u0131rken ellerinden m\u00fclklerinin al\u0131nd\u0131\u011f\u0131, m\u00fclks\u00fczle\u015ftirildikleri bir d\u00fczlem ortaya \u00e7\u0131kt\u0131. Orta s\u0131n\u0131flar giderek \u00fccretli \u00e7al\u0131\u015f\u0131r konuma geliyorlar; avukatlar, doktorlar, bas\u0131n emek\u00e7ileri\u2026 Eskiden orta s\u0131n\u0131flar\u0131 olu\u015fturan bu kesimler, giderek yoksulla\u015farak, kriz ko\u015fullar\u0131nda sadece \u00fccretleri ile ge\u00e7inmeye mahkum hale getiriliyorlar. \u00dcstelik art\u0131k bu kesimler ald\u0131klar\u0131 \u00fccretleri ayn\u0131 zamanda g\u00fcvencesiz bir bi\u00e7imde, yani s\u00f6zle\u015fmeli stat\u00fcs\u00fcnde kazan\u0131yorlar. Bu s\u00f6zle\u015fmeler bazen y\u0131ll\u0131k, bazen alt\u0131 ayl\u0131k, bazen \u00fc\u00e7 ayl\u0131k, bazen haftal\u0131k, bazen ise g\u00fcnl\u00fck bile olabiliyor. Dolay\u0131s\u0131 ile emek\u00e7iler sadece gelir kayb\u0131ndan de\u011fil ayn\u0131 zamanda gelecek g\u00fcvencesinden de yoksunla\u015f\u0131yorlar.<\/span><\/p>\n<p class=\"nospacing\" style=\"line-height: 200%;\">\n<p class=\"nospacing\" style=\"line-height: 200%;\"><span style=\"font-size: 11.5pt; line-height: 200%; font-family: 'Verdana','sans-serif';\">\u00a0 <\/span><\/p>\n<p class=\"nospacing\" style=\"line-height: 200%;\"><span style=\"font-size: 11.5pt; line-height: 200%; font-family: 'Verdana','sans-serif';\">Krizin b\u00fct\u00fcn d\u00fcnyada yayg\u0131nla\u015ft\u0131rd\u0131\u011f\u0131 en \u00f6nemli unsur sadece i\u015f\u00e7ile\u015ftirme de\u011fil ayn\u0131 zamanda da g\u00fcvencesizle\u015ftirmedir. Gen\u00e7 i\u015f\u00e7iler daha ba\u015ftan itibaren g\u00fcvencesizli\u011fe mahkum edilirken, azalan geleneksel i\u015f\u00e7i s\u0131n\u0131f\u0131n\u0131n ba\u015ftan a\u015fa\u011f\u0131ya g\u00fcvencesizle\u015ftiriliyor. Krizin i\u00e7erisinde bu e\u011filim derinle\u015fecek. Bir taraftan emek ucuzlat\u0131l\u0131rken, \u00f6b\u00fcr taraftan &#8220;eme\u011fin yeniden \u00fcretim alanlar\u0131&#8221; olan sa\u011fl\u0131k, e\u011fitim, bar\u0131nma\u00a0gibi alanlar -zaten metala\u015ft\u0131r\u0131l\u0131yordu- daha da h\u0131zl\u0131 ve sert\u00a0bir \u015fekilde metala\u015ft\u0131r\u0131l\u0131yor. Bu alanlar sermaye birikiminin en ba\u015fat alanlar\u0131 aras\u0131na kat\u0131lmaktad\u0131r.\u00a0B\u00f6ylece emek\u00e7iler sadece \u00fccretleri d\u00fc\u015f\u00fcr\u00fclerek de\u011fil ayn\u0131 zamanda \u00fcretimi s\u00fcrd\u00fcrebilmelerini sa\u011flayan b\u00fct\u00fcn\u00a0alanlar da\u00a0derin bir \u015fekilde\u00a0bir metala\u015ft\u0131rmaya tabii tutularak h\u0131zla yoksulla\u015ft\u0131r\u0131yorlar. Bunlardan yoksun b\u0131rak\u0131l\u0131yorlar. E\u011fitime, sa\u011fl\u0131\u011fa ula\u015fmaktan\u00a0yoksun kal\u0131yorlar. Sa\u011fl\u0131klar\u0131na dikkat edemedikleri i\u00e7in ortalama ya\u015famlar\u0131 k\u0131sal\u0131yor. \u00c7ocuklar\u0131n\u0131 okutam\u0131yorlar, okutsalar bile k\u0131sa s\u00fcreli ve e\u011fitim kalitesi \u00e7ok d\u00fc\u015f\u00fck kalarak okutabiliyorlar. D\u00fczg\u00fcn yerlerde oturamaz hale geliyorlar, k\u00f6t\u00fc ula\u015f\u0131m ko\u015fullar\u0131na maruz b\u0131rak\u0131l\u0131yorlar\u2026 <\/span><\/p>\n<p class=\"nospacing\" style=\"line-height: 200%;\">\n<p class=\"nospacing\" style=\"line-height: 200%;\"><span style=\"font-size: 11.5pt; line-height: 200%; font-family: 'Verdana','sans-serif';\">\u00a0<\/span><\/p>\n<p class=\"nospacing\" style=\"line-height: 200%;\"><strong><em><span style=\"font-size: 11.5pt; line-height: 200%; font-family: 'Verdana','sans-serif';\">Tamamen bir sosyal y\u0131k\u0131m projesi zemini asl\u0131nda!<\/span><\/em><\/strong><\/p>\n<p class=\"nospacing\" style=\"line-height: 200%;\">\n<p class=\"nospacing\" style=\"line-height: 200%;\"><strong><em><span style=\"font-size: 11.5pt; line-height: 200%; font-family: 'Verdana','sans-serif';\">\u00a0<\/span><\/em><\/strong><\/p>\n<p class=\"nospacing\" style=\"line-height: 200%;\"><span style=\"font-size: 11.5pt; line-height: 200%; font-family: 'Verdana','sans-serif';\">Bu ko\u015fullar nedeniyle muazzam bir toplumsal kutupla\u015fma meydana geliyor. Ve i\u015fte tam da bu nedenle emek\u00e7iler kimlik politikalar\u0131 ile kendi i\u00e7lerinde ayr\u0131\u015ft\u0131r\u0131lmaya \u00e7al\u0131\u015f\u0131l\u0131yor. Kimlik politikalar\u0131 sadece etnik d\u00fczeyde de\u011fil ayn\u0131 zamanda dini kimliklerin de \u00f6ne \u00e7\u0131kt\u0131\u011f\u0131 bir bi\u00e7imde beliriyor. Bu \u015fekilde\u00a0\u00e7ok b\u00fcy\u00fck bir k\u0131sm\u0131 eme\u011fi ile ge\u00e7inenler\u00a0yoksulla\u015fma\u00a0s\u00fcrecinde bu kimliklerle b\u00f6l\u00fcn\u00fcrken, egemenlere daha kolay tabi olabiliyor. Toplum bu kimlikler ile par\u00e7alan\u0131p, \u00e7at\u0131\u015ft\u0131r\u0131l\u0131rken hakemlik g\u00f6revini de egemenler hatta sadece ulusal de\u011fil ulus \u00fcst\u00fc egemenler yerine getiriyor. Din de burada \u00f6nemli bir rol oynuyor. \u0130nsani ihtiya\u00e7lar, dramlar kar\u015f\u0131s\u0131nda onlara merhem olacak \u015fekilde dini cemaatler, dini dayan\u0131\u015fma \u00f6rg\u00fctleri h\u0131zla kurumla\u015ft\u0131r\u0131l\u0131yor. B\u00f6ylece de yoksullu\u011fa kar\u015f\u0131 tepkilerin d\u00fczen d\u0131\u015f\u0131na \u00e7\u0131kmas\u0131n\u0131n \u00f6n\u00fcne ge\u00e7ilmeye \u00e7al\u0131\u015f\u0131l\u0131yor. Dolay\u0131s\u0131yla bu olduk\u00e7a komplike ve birbirini tamamlayan bir s\u00fcre\u00e7 olarak geli\u015fti ve\u00a0geli\u015ftiriliyor.<\/span><\/p>\n<p class=\"nospacing\" style=\"line-height: 200%;\">\n<p class=\"nospacing\" style=\"line-height: 200%;\"><span style=\"font-size: 11.5pt; line-height: 200%; font-family: 'Verdana','sans-serif';\">\u00a0<\/span><\/p>\n<p class=\"nospacing\" style=\"margin-left: 36pt; line-height: 200%;\"><strong><span style=\"font-size: 11.5pt; line-height: 200%; font-family: 'Verdana','sans-serif';\">3.\u00a0\u00a0\u00a0\u00a0 <span style=\"text-decoration: underline;\">Gelenekselden yeniye s\u0131n\u0131f hareketi ve hak m\u00fccadeleleri \u2013 T\u00fcrkiye\u2019deki TEKEL direni\u015fi <\/span><\/span><\/strong><\/p>\n<p class=\"nospacing\" style=\"margin-left: 36pt; line-height: 200%;\">\n<p class=\"nospacing\" style=\"line-height: 200%;\"><span style=\"font-size: 11.5pt; line-height: 200%; font-family: 'Verdana','sans-serif';\">\u00a0<\/span><\/p>\n<p class=\"nospacing\" style=\"line-height: 200%;\"><strong><em><span style=\"font-size: 11.5pt; line-height: 200%; font-family: 'Verdana','sans-serif';\">T\u00fcm bu 30 y\u0131ll\u0131k s\u00fcre\u00e7te i\u015f\u00e7i s\u0131n\u0131f\u0131 m\u00fccadelesi ve sosyalist hareket nas\u0131l bir seyir izledi? \u2018Gelenekselden yeniye i\u015f\u00e7i s\u0131n\u0131f\u0131 hareketi\u2019 isimli derleme \u00e7al\u0131\u015fmadaki makalenizde son TEKEL direni\u015fini s\u0131n\u0131f m\u00fccadelesinin \u2018gelenekselden yeniye do\u011fru bir at\u0131l\u0131m\u0131\u2019 olarak de\u011ferlendiriyorsunuz ve bunun \u2018eskinin ne basit bir devam\u0131 oldu\u011funu ne de yeninin ta kendisi oldu\u011funun\u2019 alt\u0131n\u0131 \u00e7iziyorsunuz. Peki 80 g\u00fcnl\u00fck onurlu TEKEL direni\u015fi hem T\u00fcrkiye sosyalist hareketi a\u00e7\u0131s\u0131ndan hem de i\u015f\u00e7i hareketinin 80\u2019lerden ve 90\u2019lardan bug\u00fcne kadar olan seyri a\u00e7\u0131s\u0131ndan ne gibi g\u00f6stergeler bar\u0131nd\u0131r\u0131yor i\u00e7erisinde? Bahsetti\u011finiz ve alt\u0131n\u0131 \u00e7izdi\u011finiz i\u015f\u00e7i s\u0131n\u0131f\u0131 hareketinin gelenekselden yeniye do\u011fru at\u0131l\u0131m\u0131n\u0131 ve bu ba\u011flamda da yeni i\u015f\u00e7i s\u0131n\u0131f\u0131 hareketinin yap\u0131s\u0131n\u0131 biraz a\u00e7abilir misiniz?<\/span><\/em><\/strong><\/p>\n<p class=\"nospacing\" style=\"line-height: 200%;\">\n<p class=\"nospacing\" style=\"line-height: 200%;\"><strong><em><span style=\"font-size: 11.5pt; line-height: 200%; font-family: 'Verdana','sans-serif';\">\u00a0<\/span><\/em><\/strong><\/p>\n<p class=\"nospacing\" style=\"line-height: 200%;\"><span style=\"font-size: 11.5pt; line-height: 200%; font-family: 'Verdana','sans-serif';\">Bahsetti\u011fimiz i\u015f\u00e7ile\u015ftirme r\u00fczgar\u0131 b\u00fct\u00fcn d\u00fcnyada milyarlarca, T\u00fcrkiye\u2019de milyonlarca yeni i\u015f\u00e7i ortaya \u00e7\u0131kartt\u0131. Buna ra\u011fmen bunlar\u0131n \u00e7ok b\u00fcy\u00fck bir k\u0131sm\u0131 hen\u00fcz daha i\u015f\u00e7i olduklar\u0131n\u0131n bilincine erebilmi\u015f de\u011fil. Yeni i\u015f\u00e7ilerin s\u0131n\u0131f kimliklerinin fark\u0131na vard\u0131klar\u0131 ve s\u00f6m\u00fcr\u00fc politikalar\u0131na\u00a0kar\u015f\u0131 \u00e7\u0131kan bir tutumu benimsedikleri; yani i\u015f\u00e7i bilincini i\u00e7selle\u015ftirdikleri\u00a0hen\u00fcz s\u00f6ylenemez. Tabii ki bu kitleler i\u00e7erisinde s\u0131n\u0131f bilinci edinmi\u015f kesimler var, fakat bunlar bir hayli az\u0131nl\u0131ktalar. Ama s\u0131n\u0131f\u0131n yeniden olu\u015fumu, s\u0131n\u0131f hareketinin yeniden olu\u015fumu ve bunlara ba\u011fl\u0131 olarak sosyalist hareketin olu\u015fumu bir s\u00fcre\u00e7 olarak ya\u015fan\u0131yor ve ya\u015fanacak.<\/span><\/p>\n<p class=\"nospacing\" style=\"line-height: 200%;\">\n<p class=\"nospacing\" style=\"line-height: 200%;\"><span style=\"font-size: 11.5pt; line-height: 200%; font-family: 'Verdana','sans-serif';\">\u00a0<\/span><\/p>\n<p class=\"nospacing\" style=\"line-height: 200%;\"><span style=\"font-size: 11.5pt; line-height: 200%; font-family: 'Verdana','sans-serif';\">Ge\u00e7ti\u011fimiz 30 y\u0131ll\u0131k s\u00fcre\u00e7te iki unsur -biri nesnel (neo-liberal politikalar ve i\u015f\u00e7ile\u015ftirme politikalar\u0131) \u00f6tekisi de \u00f6znel (sosyalist rejimlerin \u00e7\u00f6k\u00fc\u015f\u00fc)- i\u015f\u00e7i s\u0131n\u0131f\u0131n\u0131 ve m\u00fccadelesini bir de\u011fi\u015fim ve d\u00f6n\u00fc\u015f\u00fcm s\u00fcreciyle y\u00fczle\u015ftirdi. Dolay\u0131s\u0131 ile sosyalizmin ve i\u015f\u00e7i hareketinin y\u00fcz y\u0131ld\u0131r in\u015fa etti\u011fi bir zemin ortadan kalkm\u0131\u015f oldu. Bu y\u00fcz y\u0131ll\u0131k s\u00fcre\u00e7 i\u00e7erisinde ortaya \u00e7\u0131km\u0131\u015f olan davran\u0131\u015f kal\u0131plar\u0131, modeller ve siyasal kal\u0131plar, hepsi yerle bir oldu.\u00a0Yani\u00a0y\u00fcz y\u0131l \u00f6nceki s\u00fcrece; bir nevi\u00a0 -\u00f6nemli farklar olu\u015fturmakla birlikte- ba\u015fa d\u00f6n\u00fclm\u00fc\u015f olundu. \u015eimdi s\u0131n\u0131f hareketinin olu\u015fum s\u00fcreci yeniden ya\u015fan\u0131yor. \u00d6zellikle 1990\u2019lar sonras\u0131 bu s\u00fcre\u00e7 h\u0131zland\u0131.<\/span><\/p>\n<p class=\"nospacing\" style=\"line-height: 200%;\">\n<p class=\"nospacing\" style=\"line-height: 200%;\"><span style=\"font-size: 11.5pt; line-height: 200%; font-family: 'Verdana','sans-serif';\">\u00a0<\/span><\/p>\n<p class=\"nospacing\" style=\"line-height: 200%;\"><span style=\"font-size: 11.5pt; line-height: 200%; font-family: 'Verdana','sans-serif';\">1980 sonlar\u0131ndan itibaren\u00a0neoliberal politikalara kar\u015f\u0131, baz\u0131 \u00fclkelerde, \u00f6zellikle de Latin Amerika\u2019da yeni i\u015f\u00e7i hareketinin ilk\u00a0bi\u00e7imleni\u015fleri ortaya \u00e7\u0131kmaya ba\u015flad\u0131. Brezilya&#8217;da\u00a0\u0130\u015f\u00e7i Partisi&#8217;nin olu\u015fum s\u00fcreci\u00a0(PT) bu \u00f6nemli deneyimlerinden birisiydi. G\u00fcney Afrika\u2019da ANC&#8217;yi iktidara getiren yeni i\u015f\u00e7i m\u00fccadeleleri, Kore\u2019de ve Filipinler\u2019deki i\u015f\u00e7i hareketleri, daha sonra &#8220;toplumsal hareket sendikac\u0131l\u0131\u011f\u0131&#8221; diye de adland\u0131r\u0131lacak olan ve yeni \u00f6zellikler ta\u015f\u0131yan i\u015f\u00e7i hareketlerinin ilk \u00f6rnekleri oldular. Dikkat edilirse i\u015f\u00e7i hareketinin bu ilk dalgas\u0131 ba\u015far\u0131y\u0131 yakalar yakalamaz sistem i\u00e7inde yer almaya ba\u015flad\u0131.\u00a0<\/span><\/p>\n<p class=\"nospacing\" style=\"line-height: 200%;\">\n<p class=\"nospacing\" style=\"line-height: 200%;\"><span style=\"font-size: 11.5pt; line-height: 200%; font-family: 'Verdana','sans-serif';\">\u00a0<\/span><\/p>\n<p class=\"nospacing\" style=\"line-height: 200%;\"><span style=\"font-size: 11.5pt; line-height: 200%; font-family: 'Verdana','sans-serif';\">Bu hareketlerin motoru,\u00a0otomotiv sekt\u00f6r\u00fc gibi\u00a0klasik geleneksel sekt\u00f6rlerdeki i\u015f\u00e7ilerin ortaya \u00e7\u0131kard\u0131\u011f\u0131 hareketlerdi. Dolay\u0131s\u0131 ile &#8220;birinci dalga toplumsal hareket sendikac\u0131l\u0131\u011f\u0131&#8221; deneyimi sosyal demokrat, sistemle i\u00e7 i\u00e7e ge\u00e7en iktidarlar veya muhalefet hareketleri olarak sonu\u00e7land\u0131. Bunlar\u0131n en tipik \u00f6rnekleri Brezilya\u2019da Lula\u00a0ve G\u00fcney Afrika\u2019da ANC iktidarlar\u0131d\u0131r. Her ikisi de neo-liberal politikalar\u0131 bir \u015fekilde i\u00e7selle\u015ftiren sol liberal y\u00f6netimler oldular. <\/span><\/p>\n<p class=\"nospacing\" style=\"line-height: 200%;\">\n<p class=\"nospacing\" style=\"line-height: 200%;\"><span style=\"font-size: 11.5pt; line-height: 200%; font-family: 'Verdana','sans-serif';\">\u00a0<\/span><\/p>\n<p class=\"nospacing\" style=\"line-height: 200%;\"><span style=\"font-size: 11.5pt; line-height: 200%; font-family: 'Verdana','sans-serif';\">Fakat arkas\u0131ndan ikinci dalga geldi. Bunun \u00f6rnekleri \u00f6ncelikle Venez\u00fcella ve ard\u0131ndan Bolivya ve Ekvator oldu. Bu \u00fc\u00e7 \u00fclkede de toplumsal muhalefetin ekseni bu sefer d\u00fcz bir bi\u00e7imde \u00fcretim ekseni \u00fcst\u00fcnden geli\u015fmedi. Yeniden \u00fcretim alanlar\u0131ndaki m\u00fccadeleler \u00f6ne \u00e7\u0131kt\u0131. Bu alanlardan y\u00fckselen hak m\u00fccadelelerinin, mesela ekvatordaki su hakk\u0131 m\u00fccadelelerinin iktidar yolunu a\u00e7mas\u0131 gibi&#8230; Bolivya&#8217;da madencilerin ve k\u00f6yl\u00fclerin Morales \u00f6nc\u00fcl\u00fc\u011f\u00fcnde defalarca Ba\u015fkanl\u0131k Saray\u0131n\u0131 ku\u015fatmalar\u0131n\u0131n ard\u0131ndan iktidar\u0131 ele ge\u00e7irmeleri gibi&#8230; Venez\u00fcella\u2019da 1989&#8217;da 5000 ki\u015finin \u00f6ld\u00fc\u011f\u00fc Caracazo isyan\u0131ndaki i\u015fsizlerin patlamas\u0131n\u0131n\u00a0yaratt\u0131\u011f\u0131 toplumsal kaynaman\u0131n \u00fczerine darbeyle gelen\u00a0Chavez iktidar\u0131 gibi&#8230; Dikkat edilirse bunlar emek hareketinin geleneksel bi\u00e7imlerinin tamamen d\u0131\u015f\u0131na ta\u015fan\u00a0m\u00fccadeleler oldu.\u00a0Bu \u00f6rnekleri toplumsal hareket sendikac\u0131l\u0131\u011f\u0131n\u0131n ikinci dalgas\u0131 i\u00e7inde s\u0131n\u0131fland\u0131rabiliriz.\u00a0 <\/span><\/p>\n<p class=\"nospacing\" style=\"line-height: 200%;\">\n<p class=\"nospacing\" style=\"line-height: 200%;\"><span style=\"font-size: 11.5pt; line-height: 200%; font-family: 'Verdana','sans-serif';\">\u00a0<\/span><\/p>\n<p class=\"nospacing\" style=\"line-height: 200%;\"><span style=\"font-size: 11.5pt; line-height: 200%; font-family: 'Verdana','sans-serif';\">Ya\u015fanan uluslararas\u0131 kriz s\u00fcreciyle beraber bu yeni hareketler de bir dura\u011fanla\u015fmaya ve yeni aray\u0131\u015flara girdiler. Bunlar \u00fczerindeki egemen, uluslararas\u0131 bas\u0131n\u00e7, ABD bas\u0131nc\u0131 h\u0131zla yo\u011funla\u015ft\u0131. B\u00fct\u00fcn bu hareketler, d\u00fcnya \u00e7ap\u0131nda, hen\u00fcz krize kar\u015f\u0131 tepkiler geli\u015ftirebilmi\u015f de\u011filler. O a\u00e7\u0131dan \u00f6n\u00fcm\u00fczdeki d\u00f6nem ayn\u0131 zamanda yava\u015f yava\u015f bu uluslararas\u0131 tepkilerin de ortaya \u00e7\u0131kaca\u011f\u0131 bir d\u00fczlem olacak. Yunanistan bunun ilk sinyallerini veriyor. Fakat Yunanistan\u2019daki\u00a0m\u00fccadele metropol bir \u00fclke zemininde olu\u015ftu\u011fu i\u00e7in olduk\u00e7a geleneksel \u00f6zellikler de ta\u015f\u0131yor. Fakat bu tepkiler belli ki devam edecek. Bunlar\u0131n nas\u0131l, ne zaman, nerede ve ne bi\u00e7imlerde ortaya \u00e7\u0131kaca\u011f\u0131n\u0131 g\u00f6rece\u011fiz.<\/span><\/p>\n<p class=\"nospacing\" style=\"line-height: 200%;\">\n<p class=\"nospacing\" style=\"line-height: 200%;\"><span style=\"font-size: 11.5pt; line-height: 200%; font-family: 'Verdana','sans-serif';\">\u00a0<\/span><\/p>\n<p class=\"nospacing\" style=\"line-height: 200%;\"><strong><em><span style=\"font-size: 11.5pt; line-height: 200%; font-family: 'Verdana','sans-serif';\">Peki ya T\u00fcrkiye a\u00e7\u0131s\u0131ndan s\u00fcre\u00e7 nas\u0131l geli\u015fti?<\/span><\/em><\/strong><\/p>\n<p class=\"nospacing\" style=\"line-height: 200%;\">\n<p class=\"nospacing\" style=\"line-height: 200%;\"><span style=\"font-size: 11.5pt; line-height: 200%; font-family: 'Verdana','sans-serif';\">\u00a0<\/span><\/p>\n<p class=\"nospacing\" style=\"line-height: 200%;\"><span style=\"font-size: 11.5pt; line-height: 200%; font-family: 'Verdana','sans-serif';\">T\u00fcrkiye\u2019de 89 bahar eylemleri yeni i\u015f\u00e7i hareketi a\u00e7\u0131s\u0131ndan, kamu \u00e7al\u0131\u015fanlar\u0131 hareketinin olu\u015fumu gibi, baz\u0131 ilk k\u0131v\u0131lc\u0131mlar\u0131 i\u00e7ermekle birlikte gelenekselli\u011fi a\u015fan bir geli\u015fime yol a\u00e7amad\u0131. 1990\u2019larda solda yasal partiler s\u00fcreci de (bir k\u0131s\u0131m solun yan\u0131 s\u0131ra) \u00f6zellikle kamu \u00e7al\u0131\u015fanlar\u0131 hareketinin \u00f6nc\u00fclerinin\u00a0daha ilk t\u0131kand\u0131klar\u0131 noktada \u00e7\u00f6z\u00fcm\u00fc geleneksel siyasette aramalar\u0131 \u00fczerinde bi\u00e7imlendi. Oysa i\u015f\u00e7i hareketinin ve solun yeniden kurulu\u015funun, yeniden olu\u015fumunun bu kadar basit bir \u015fekilde\u00a0ger\u00e7ekle\u015femeyece\u011fi ortadayd\u0131 ve bu olgu kan\u0131tlanm\u0131\u015f oldu. <\/span><\/p>\n<p class=\"nospacing\" style=\"line-height: 200%;\">\n<p class=\"nospacing\" style=\"line-height: 200%;\"><span style=\"font-size: 11.5pt; line-height: 200%; font-family: 'Verdana','sans-serif';\">\u00a0<\/span><\/p>\n<p class=\"nospacing\" style=\"line-height: 200%;\"><span style=\"font-size: 11.5pt; line-height: 200%; font-family: 'Verdana','sans-serif';\">Daha sonra 2000\u2019li y\u0131llarda \u00e7e\u015fitli sendikal hareketler -\u00f6zellikle T\u00dcRK-\u0130\u015e i\u00e7erisindeki sendikalar- ulusalc\u0131l\u0131ktan medet ummaya\u00a0ba\u015flad\u0131lar. B\u00f6ylece yine kolayc\u0131 bir bi\u00e7imde sorunlar siyasete devredilmeye \u00e7al\u0131\u015f\u0131ld\u0131. Bu da kar\u015f\u0131l\u0131ks\u0131z kald\u0131 tabii. Burada art\u0131k geleneksel siyasal d\u00fczlemde yapaca\u011f\u0131 \u00e7ok \u015fey kalmayan sendikal hareketlin asl\u0131nda son \u00e7\u0131\u011fl\u0131\u011f\u0131 oldu TEKEL. Bir t\u00fcr \u00e7aresizlik i\u00e7erisinde, g\u00fcvencesizle\u015ftirme tehdidi ile y\u00fcz y\u00fcze gelen i\u015f\u00e7ilerin alttan gelen bas\u0131nc\u0131n\u0131n ve ba\u015fka yapacak bir \u015feyi kalmayan sendika y\u00f6netiminin de\u00a0bu bas\u0131nca\u00a0uyum sa\u011flamas\u0131 ile beraber beklenmedik, b\u00fcy\u00fck bir i\u015f\u00e7i patlamas\u0131 \u00e7\u0131kt\u0131 ortaya.\u00a0 Ancak bu\u00a0geli\u015fmeler \u0131\u015f\u0131\u011f\u0131nda\u00a0TEKEL direni\u015finin\u00a0T\u00dcRK-\u0130\u015e i\u00e7indeki en \u00e7ekirdek, en geleneksel sendikalardan biri olan TEK GIDA-\u0130\u015e\u2019te patlamas\u0131,\u00a0fakat gelenekselli\u011fin yan\u0131 s\u0131ra bir o kadar da yenilik\u00e7i motifler i\u00e7ermesi anla\u015f\u0131labilir.<\/span><\/p>\n<p class=\"nospacing\" style=\"line-height: 200%;\">\n<p class=\"nospacing\" style=\"line-height: 200%;\"><span style=\"font-size: 11.5pt; line-height: 200%; font-family: 'Verdana','sans-serif';\">\u00a0<\/span><\/p>\n<p class=\"nospacing\" style=\"line-height: 200%;\"><span style=\"font-size: 11.5pt; line-height: 200%; font-family: 'Verdana','sans-serif';\">Bu yenilik\u00e7i motifleri s\u0131ralayacak olursak, bunlar\u0131n ba\u015f\u0131nda y\u00fcr\u00fct\u00fclen m\u00fccadelenin \u00fccret de\u011fil hak m\u00fccadelesi oldu\u011funu g\u00f6r\u00fcyoruz. Bu kritik bir \u00f6zelliktir. \u00c7\u00fcnk\u00fc ya\u015fad\u0131\u011f\u0131m\u0131z neoliberal d\u00f6nemde, \u00f6zellikle de krizle birlikte\u00a0\u00fccretleri y\u00fckseltmek ve bu sayede (1960-70&#8217;lerde oldu\u011fu gibi) ya\u015fam standartlar\u0131n\u0131 iyile\u015ftirebilmek m\u00fcmk\u00fcn de\u011fildir. Bug\u00fcn\u00fcn ko\u015fullar\u0131nda ancak par\u00e7a par\u00e7a \u00e7e\u015fitli haklar elde edebilmek m\u00fcmk\u00fcnd\u00fcr ya da haklar\u0131 koruma gayreti m\u00fcmk\u00fcnd\u00fcr. Nitekim TEKEL de durumu iyile\u015ftirmek \u00fczerinden de\u011fil, durumu korumak \u00fczerinden \u015fekillenen bir t\u00fcr \u00f6z savunma eylemi olarak b\u00fcy\u00fcd\u00fc. <\/span><\/p>\n<p class=\"nospacing\" style=\"line-height: 200%;\">\n<p class=\"nospacing\" style=\"line-height: 200%;\"><span style=\"font-size: 11.5pt; line-height: 200%; font-family: 'Verdana','sans-serif';\">\u00a0<\/span><\/p>\n<p class=\"nospacing\" style=\"line-height: 200%;\"><span style=\"font-size: 11.5pt; line-height: 200%; font-family: 'Verdana','sans-serif';\">\u0130kincisi yeni bir kutup yaratabilme \u00f6zelli\u011fidir. TEKEL direni\u015fi, i\u015f\u00e7i s\u0131n\u0131f\u0131 diye bir mefhumun ak\u0131llardan \u00e7\u0131kt\u0131\u011f\u0131 bir d\u00fczlemde, yeniden i\u015f\u00e7i s\u0131n\u0131f\u0131n\u0131 toplumun bilincine soktu. Pek \u00e7ok g\u00fcndemi a\u015farak kendisini ortaya koydu. T\u00fcrkiye\u2019de ulusalc\u0131l\u0131k-liberalizm, T\u00fcrk-K\u00fcrt, laik-\u015feriat\u00e7\u0131 vb. yapay ya da egemen eksenli kutupla\u015fmalar\u0131 a\u015farak &#8220;emek\u00e7iler-egemenler&#8221; diye toplumun temel ihtiya\u00e7lar\u0131na cevap arayan ger\u00e7ek ve farkl\u0131 bir\u00a0kutupla\u015fma yaratabilmeyi ba\u015fard\u0131. <\/span><\/p>\n<p class=\"nospacing\" style=\"line-height: 200%;\">\n<p class=\"nospacing\" style=\"line-height: 200%;\"><span style=\"font-size: 11.5pt; line-height: 200%; font-family: 'Verdana','sans-serif';\">\u00a0<\/span><\/p>\n<p class=\"nospacing\" style=\"line-height: 200%;\"><span style=\"font-size: 11.5pt; line-height: 200%; font-family: 'Verdana','sans-serif';\">Bir \u00fc\u00e7\u00fcnc\u00fc\u00a0yenilenmeci \u00f6zellik ise direni\u015fin\u00a0etnik gerilimleri a\u015fabilme \u00f6zelli\u011fi oldu. Bu a\u00e7\u0131dan T\u00fcrk-K\u00fcrt geriliminde i\u015f\u00e7i s\u0131n\u0131f\u0131 hareketinin egemenlerinkinden \u00e7ok daha demokratik bir &#8220;a\u00e7\u0131l\u0131m&#8221;, asl\u0131nda ger\u00e7ek bir \u00e7\u00f6z\u00fcm\u00a0sunabilece\u011finin b\u00fct\u00fcn ipu\u00e7lar\u0131n\u0131n g\u00f6sterdi. Dini gerilimler konusunda da \u00e7ok daha toleransl\u0131 ve \u00e7\u00f6z\u00fcm \u00fcretici oldu\u011funun ipu\u00e7lar\u0131n\u0131\u00a0sergiledi. Bir di\u011feri\u00a0yenilenmeci \u00f6zellik\u00a0kad\u0131nlar\u0131n direni\u015fe aktif kat\u0131l\u0131m\u0131nda belirdi. Kad\u0131nlar\u0131n aktif kat\u0131l\u0131m\u0131 yeni i\u015f\u00e7i hareketinin en tipik \u00f6zelliklerinden birisi oluyor. <\/span><\/p>\n<p class=\"nospacing\" style=\"line-height: 200%;\">\n<p class=\"nospacing\" style=\"line-height: 200%;\"><span style=\"font-size: 11.5pt; line-height: 200%; font-family: 'Verdana','sans-serif';\">\u00a0<\/span><\/p>\n<p class=\"nospacing\" style=\"line-height: 200%;\"><span style=\"font-size: 11.5pt; line-height: 200%; font-family: 'Verdana','sans-serif';\">Ana ba\u015fl\u0131klar\u0131yla direni\u015fin i\u00e7inde bar\u0131nd\u0131rd\u0131\u011f\u0131 di\u011fer yenilenmeci \u00f6geler ise\u00a0TEKEL i\u015f\u00e7ilerinin sendika ile ili\u015fkilerindeki neredeyse bir t\u00fcr\u00a0fiili \u00fcyelik ili\u015fkisi tutturmalar\u0131; me\u015fru, fiili, militan m\u00fccadele y\u00f6ntemleri geli\u015ftirmeleri; sendikal b\u00fcrokrasiyi zorlayan ve i\u015f\u00e7i demokrasisinin\u00a0geli\u015fimine d\u00f6n\u00fck ad\u0131mlar atmalar\u0131;\u00a0solla i\u015f\u00e7i hareketinin\u00a0yeniden ili\u015fkilenmesi; i\u015f\u00e7i bilincinde ortaya \u00e7\u0131kan etkili d\u00f6n\u00fc\u015f\u00fcmler olarak s\u0131ralanabilir.\u00a0<\/span><\/p>\n<p class=\"nospacing\" style=\"line-height: 200%;\">\n<p class=\"nospacing\" style=\"line-height: 200%;\"><strong><span style=\"font-size: 11.5pt; line-height: 200%; font-family: 'Verdana','sans-serif';\">\u00a0<\/span><\/strong><\/p>\n<p class=\"nospacing\" style=\"line-height: 200%;\"><strong><em><span style=\"font-size: 11.5pt; line-height: 200%; font-family: 'Verdana','sans-serif';\">TEKEL direni\u015fi s\u0131ras\u0131nda sendikal b\u00fcrokrasi kendisini s\u0131n\u0131f m\u00fccadelesinin tamamen zarar\u0131na olacak bir \u015fekilde g\u00f6stermi\u015f oldu. Bu durumu yeni i\u015f\u00e7i s\u0131n\u0131f\u0131 hareketi ba\u011flam\u0131nda da d\u00fc\u015f\u00fcnd\u00fc\u011f\u00fcm\u00fczde bu hareketlerin \u00fczerine d\u00fc\u015fmesi gereken bir g\u00f6rev de sendikal b\u00fcrokrasiyi a\u015fabilme iradesini g\u00f6stermesi olmal\u0131 san\u0131r\u0131m. Dolay\u0131s\u0131yla sendikalarda yukar\u0131dan bir de\u011fi\u015fim mi beklemek gerekiyor; yoksa tam tersi a\u015fa\u011f\u0131dan s\u0131n\u0131f hareketinin militanla\u015fmas\u0131 ile birlikte yap\u0131sal bir d\u00f6n\u00fc\u015f\u00fcme zorlanacaklar m\u0131? <\/span><\/em><\/strong><\/p>\n<p class=\"nospacing\" style=\"line-height: 200%;\">\n<p class=\"nospacing\" style=\"line-height: 200%;\"><strong><em><span style=\"font-size: 11.5pt; line-height: 200%; font-family: 'Verdana','sans-serif';\">\u00a0<\/span><\/em><\/strong><\/p>\n<p class=\"nospacing\" style=\"line-height: 200%;\"><span style=\"font-size: 11.5pt; line-height: 200%; font-family: 'Verdana','sans-serif';\">TEKEL direni\u015finin sendikal b\u00fcrokrasi ile olan gerilimi ortada. Yaln\u0131z bu gerilim iki\u00a0ana kanal \u00fczerinden\u00a0geli\u015fti. Birisi, TEKEL direni\u015fini y\u00fcr\u00fcten TEK GIDA-\u0130\u015e\u2019in ba\u015fkan\u0131 Mustafa T\u00fcrkel ayn\u0131 zamanda da T\u00dcRK-\u0130\u015e\u2019in genel sekreteri olmas\u0131 \u00e7er\u00e7evesinde T\u00dcRK-\u0130\u015e b\u00fcrokrasisiyle olan gerilimler, ki direni\u015fe damga vuran boyutlardan birisi oldu.\u00a0Malum T\u00dcRK-\u0130\u015e\u2019in ba\u015f\u0131nda AKP yanl\u0131s\u0131 bir ba\u015fkan ve y\u00f6netim oldu\u011fu i\u00e7in TEKEL i\u015f\u00e7ileri ve Mustafa T\u00fcrkel ayn\u0131 zamanda T\u00dcRK-\u0130\u015e\u2019in ba\u015fkan\u0131na ve onun etraf\u0131ndaki y\u00f6netime kar\u015f\u0131 da bir m\u00fccadele y\u00fcr\u00fctt\u00fcler. Bu a\u00e7\u0131dan da en ba\u015ftan itibaren s\u00fcrekli olarak TEKEL direni\u015fi T\u00dcRK-\u0130\u015e y\u00f6netimine kar\u015f\u0131, onun pasif, sorunun \u00fcst\u00fcnden atlayan, ondan ka\u00e7maya \u00e7al\u0131\u015fan y\u00f6nelimine kar\u015f\u0131 da s\u00fcrekli bir m\u00fccadele olarak geli\u015fti. S\u00fcrekli T\u00dcRK-\u0130\u015e y\u00f6netimini zorlad\u0131lar. Bu tutum geleneksel b\u00fcrokrasinin a\u015f\u0131lmas\u0131 a\u00e7\u0131s\u0131ndan anlaml\u0131yd\u0131. Bunu pas ge\u00e7erek \u00e7abalamalar\u0131 do\u011fru olmazd\u0131. <\/span><\/p>\n<p class=\"nospacing\" style=\"line-height: 200%;\">\n<p class=\"nospacing\" style=\"line-height: 200%;\"><span style=\"font-size: 11.5pt; line-height: 200%; font-family: 'Verdana','sans-serif';\">\u00a0<\/span><\/p>\n<p class=\"nospacing\" style=\"line-height: 200%;\"><span style=\"font-size: 11.5pt; line-height: 200%; font-family: 'Verdana','sans-serif';\">Fakat bir yerden sonra bu tutum \u00f6yle bir noktaya geldi ki, s\u00fcrekli T\u00dcRK-\u0130\u015e ile u\u011fra\u015fmak, onu zorlamak, te\u015fhir etmek bir doygunlu\u011fa eri\u015fti. T\u00dcRK-\u0130\u015e\u2019in ikiy\u00fczl\u00fcl\u00fc\u011f\u00fc,\u00a0uzla\u015fmac\u0131l\u0131\u011f\u0131 bu s\u00fcre\u00e7te \u00e7arp\u0131c\u0131 bir bi\u00e7imde\u00a0te\u015fhir edilmi\u015fti. Bir noktadan sonra s\u00fcreci s\u0131\u00e7ratacak, i\u015f\u00e7ilerin do\u011frudan dinamizmine dayanan yeni hedefler, hamleler geli\u015ftirilmesi gerekiyordu. Asl\u0131nda o noktadan bak\u0131lacak olursa TEKEL direni\u015finin daha geni\u015f bir tabandan gelen dinamizmi harekete ge\u00e7irmeye d\u00f6n\u00fck gayretleri olsayd\u0131 \u2013bu tabi sadece TEK GIDA-\u0130\u015e\u2019in de\u011fil, t\u00fcm emek hareketinin, solun ve di\u011fer sendikalar\u0131n da sorunudur- s\u00fcrecin geli\u015fimi\u00a0daha ba\u015fka, daha dinamik\u00a0bir hal alabilirdi.\u00a0Mesela ayn\u0131 d\u00f6nemde, 2010 y\u0131lba\u015f\u0131 itibariyle Tabip odalar\u0131n\u0131n tam g\u00fcn yasas\u0131na kar\u015f\u0131 bir hareketlili\u011fi g\u00f6z\u00fck\u00fcyordu, eczac\u0131lar\u0131n s\u00f6zle\u015fme sorunlar\u0131 vard\u0131,\u00a0 itfaiyecilerin grevleri vard\u0131, ula\u015f\u0131m zamlar\u0131na kar\u015f\u0131 tepkiler \u00f6ne \u00e7\u0131k\u0131yordu, hidro-elektrik santrallerine kar\u015f\u0131 tepkiler\u00a0b\u00fcy\u00fcyordu ve k\u00fc\u00e7\u00fck k\u00fc\u00e7\u00fck i\u015f\u00e7i direni\u015fleri mevcuttu. Asl\u0131nda konfederasyonlar\u0131 bir araya getirme noktas\u0131ndaki bas\u0131n\u00e7 i\u015flevsizle\u015firken yan tarafta bunlar gibi zaten hareket halinde olan dinamikleri bir araya getirmeye y\u00f6nelik bir paralel \u00f6rg\u00fctlenme, konfederasyonlar \u00fczerinde de bir bas\u0131n\u00e7 yaratabilir ve tek bir alana s\u0131k\u0131\u015fmamay\u0131, bunun d\u0131\u015f\u0131nda da hareket alanlar\u0131, manevra alanlar\u0131 yaratabilmeyi sa\u011flayabilirdi. Ama hi\u00e7 kimse bu do\u011frultuda bir fikir geli\u015ftirmedi. Bu da asl\u0131na bak\u0131l\u0131rsa tam da s\u00f6z\u00fcn\u00fc etti\u011fim gibi TEKEL direni\u015finin hem geleneksele kar\u015f\u0131 olan taraf\u0131n\u0131 ama hem de gelenekselin i\u00e7inde kalan taraf\u0131n\u0131 da g\u00f6steren bir g\u00f6sterge oldu. <\/span><\/p>\n<p class=\"nospacing\" style=\"line-height: 200%;\">\n<p class=\"nospacing\" style=\"line-height: 200%;\"><span style=\"font-size: 11.5pt; line-height: 200%; font-family: 'Verdana','sans-serif';\">\u00a0<\/span><\/p>\n<p class=\"nospacing\" style=\"line-height: 200%;\"><span style=\"font-size: 11.5pt; line-height: 200%; font-family: 'Verdana','sans-serif';\">Bir\u00e7ok y\u00f6nden zaten TEKEL direni\u015fi gelenekselin i\u00e7inde kalan bir\u00e7ok unsur bar\u0131nd\u0131r\u0131yor fakat ayn\u0131 zamanda da gelenekseli a\u015fan yenilenmeci \u00f6\u011feler de ta\u015f\u0131yor. TEKEL direni\u015fi ne gelenekselin basit devam\u0131d\u0131r ne de yeninin kendisidir. Bunlar\u0131n bir t\u00fcr melez k\u0131rmas\u0131d\u0131r. Bu a\u00e7\u0131dan geleneksel olan\u0131n biti\u015fi ve onun son \u00f6\u011fesi, \u00f6rne\u011fidir. Ayn\u0131 zamanda da i\u00e7indeki yenilenmeci \u00f6\u011felerle de i\u015f\u00e7i hareketinin gelece\u011fe d\u00f6n\u00fck taraflar\u0131n\u0131 da i\u00e7inde bar\u0131nd\u0131rmaktad\u0131r.<\/span><\/p>\n<p class=\"nospacing\" style=\"line-height: 200%;\">\n<p class=\"nospacing\" style=\"line-height: 200%;\"><span style=\"font-size: 11.5pt; line-height: 200%; font-family: 'Verdana','sans-serif';\">\u00a0<\/span><\/p>\n<p class=\"nospacing\" style=\"line-height: 200%;\"><strong><em><span style=\"font-size: 11.5pt; line-height: 200%; font-family: 'Verdana','sans-serif';\">Peki, sendikalar, tam da buradan bu yenilenmeci dinamiklerin fark\u0131na var\u0131p kendi i\u00e7lerinden, yukar\u0131dan bir yap\u0131sal d\u00f6n\u00fc\u015f\u00fcme gidebilir mi; yoksa s\u00f6z konusu b\u00fcrokrasiyi de par\u00e7alayacak yap\u0131sal d\u00f6n\u00fc\u015f\u00fcm daha \u00e7ok tabandan y\u00fckselecek bas\u0131n\u00e7 sayesinde \u2013ayn\u0131 zamanda da siyasal \u00f6znenin kurulu\u015funa ba\u011fl\u0131 olarak- bir t\u00fcr taban dinamizmi ile olabilecek bir durum mudur?<\/span><\/em><\/strong><\/p>\n<p class=\"nospacing\" style=\"line-height: 200%;\">\n<p class=\"nospacing\" style=\"line-height: 200%;\"><strong><em><span style=\"font-size: 11.5pt; line-height: 200%; font-family: 'Verdana','sans-serif';\">\u00a0<\/span><\/em><\/strong><\/p>\n<p class=\"nospacing\" style=\"line-height: 200%;\"><span style=\"font-size: 11.5pt; line-height: 200%; font-family: 'Verdana','sans-serif';\">Sendikal b\u00fcrokrasi i\u00e7inden gelen,\u00a0yukardan bir d\u00f6n\u00fc\u015f\u00fcm\u00a0asla beklenemez. Tam tersine a\u015fa\u011f\u0131dan devrimcilerin ve d\u00fczen d\u0131\u015f\u0131 perspektif ile bakan i\u015f\u00e7i \u00f6nderlerinin, do\u011fal \u00f6nderlerin ve bu t\u00fcr\u00a0unsurlar\u0131n yarataca\u011f\u0131 bir dinamizmle, hareketlenme ile ortaya \u00e7\u0131kacak bir\u00a0tabloyla b\u00f6yle bir yenilenme ger\u00e7ekle\u015febilir. Bu yenilenmenin devrimci \u00f6rg\u00fctlenme ile yeni i\u015f\u00e7i hareketi aras\u0131ndaki ili\u015fki de bir par\u00e7a tavuk yumurta ili\u015fkisi gibidir asl\u0131nda. Olduk\u00e7a i\u00e7 i\u00e7e ge\u00e7mi\u015f bir ili\u015fki. \u00d6zellikle bu s\u00fcre\u00e7te bu b\u00f6yle!<\/span><\/p>\n<p class=\"nospacing\" style=\"line-height: 200%;\"><span style=\"font-size: 11.5pt; line-height: 200%; font-family: 'Verdana','sans-serif';\">\u00a0 \u00a0 \u00a0 \u00a0 \u00a0 \u00a0 \u00a0 \u00a0 \u00a0 \u00a0 \u00a0 \u00a0 \u00a0 <\/span><\/p>\n<p class=\"nospacing\" style=\"line-height: 200%;\"><span style=\"font-size: 11.5pt; line-height: 200%; font-family: 'Verdana','sans-serif';\">\u00a0<\/span><\/p>\n<p class=\"nospacing\" style=\"line-height: 200%;\"><span style=\"font-size: 11.5pt; line-height: 200%; font-family: 'Verdana','sans-serif';\">Bu d\u00f6nemde devrimcilere kritik rol d\u00fc\u015f\u00fcyor \u00e7\u00fcnk\u00fc yeni bir i\u015f\u00e7i hareketi reformist bir i\u00e7erikte asla geli\u015femez. B\u00f6yle bir \u015fans\u0131 yok. \u00c7\u00fcnk\u00fc b\u00fct\u00fcn bu talepler sistemi zorlayan, sistemin d\u0131\u015f\u0131na \u00e7\u0131kan taleplerdir. \u00dccret art\u0131\u015f\u0131ndan\u00a0tutun, g\u00fcvencesizli\u011fe kar\u015f\u0131 m\u00fccadeleye kadar hepsi neo-liberal politikalara cepheden kar\u015f\u0131 talepler oldu\u011fu i\u00e7in bunda reformist bir zemin olamaz. Bu talepler bug\u00fcnk\u00fc ko\u015fullar\u0131n do\u011fas\u0131 gere\u011fi devrimcidir. Burada hak m\u00fccadeleleri etraf\u0131nda bir t\u00fcr kurucu dinamizm geli\u015fmektedir. Bu hak m\u00fccadelelerinin \u00f6nc\u00fclerinin,\u00a0\u00f6nderlerinin devrimcile\u015fmesi \u00f6nemlidir. Bu s\u00fcre\u00e7le devrimci \u00f6znenin geli\u015fmesi i\u00e7 i\u00e7e ge\u00e7ecektir.<\/span><\/p>\n<p class=\"nospacing\" style=\"line-height: 200%;\"><span style=\"font-size: 11.5pt; line-height: 200%; font-family: 'Verdana','sans-serif';\">\u00a0 \u00a0 \u00a0 \u00a0 \u00a0 \u00a0 \u00a0 \u00a0 \u00a0 \u00a0 \u00a0 \u00a0 \u00a0 \u00a0 \u00a0 <\/span><\/p>\n<p class=\"nospacing\" style=\"line-height: 200%;\"><span style=\"font-size: 11.5pt; line-height: 200%; font-family: 'Verdana','sans-serif';\">\u00a0<\/span><\/p>\n<p class=\"nospacing\" style=\"line-height: 200%;\"><strong><em><span style=\"font-size: 11.5pt; line-height: 200%; font-family: 'Verdana','sans-serif';\">CHP\u2019deki son geli\u015fmeler sol bir kesimde de olumlu yank\u0131 buldu. Daha bu geli\u015fmeler olmadan Korkut Boratav Experess dergisinin Temmuz 2009 say\u0131s\u0131na verdi\u011fi r\u00f6portajda \u015f\u00f6yle diyordu: \u201cBir merkez partisi, \u0131l\u0131ml\u0131 da olsa, s\u0131n\u0131fsal sol bir platforma y\u00f6nelirse, T\u00fcrkiye genel olarak sola y\u00f6nelir. Hep b\u00f6yle olmu\u015ftur. 1974\u2019de, 77\u2019de ve 89\u2019da\u2026 Her \u015fey bir halk hareketinin kitlevi olarak olu\u015fmas\u0131na ve d\u00fczen partilerinin ortas\u0131nda yer alan CHP\u2019nin bu tarafa y\u00f6nelmesine ba\u011fl\u0131.\u201d Express dergisi bu par\u00e7ay\u0131 CHP\u2019deki d\u00f6n\u00fc\u015f\u00fcmden sonra, May\u0131s-Haziran 2010 say\u0131s\u0131nda da yeniden referans olarak kulland\u0131. Belli ki bir kesim solu K\u0131l\u0131\u00e7daro\u011flu\u2019nun CHP\u2019nin ba\u015f\u0131na ge\u00e7mesi heyecanland\u0131rd\u0131. Peki, s\u0131n\u0131f m\u00fccadelesi ve yeni i\u015f\u00e7i hareketi zemininden bakt\u0131\u011f\u0131m\u0131zda i\u015f\u00e7i s\u0131n\u0131f\u0131n\u0131n ba\u011f\u0131ms\u0131z ve devrimci bir siyasal \u00f6zneden yoksun oldu\u011fu bir d\u00f6nemde ve CHP\u2019nin de emek\u00e7i kesimlerin ba\u011f\u0131ms\u0131z ve devrimci siyasal \u00f6znesi olamayaca\u011f\u0131 a\u015fikar iken siz bu tabloyu nas\u0131l de\u011ferlendiriyorsunuz?<\/span><\/em><\/strong><\/p>\n<p class=\"nospacing\" style=\"line-height: 200%;\">\n<p class=\"nospacing\" style=\"line-height: 200%;\"><strong><em><span style=\"font-size: 11.5pt; line-height: 200%; font-family: 'Verdana','sans-serif';\">\u00a0<\/span><\/em><\/strong><\/p>\n<p class=\"nospacing\" style=\"line-height: 200%;\"><span style=\"font-size: 11.5pt; line-height: 200%; font-family: 'Verdana','sans-serif';\">Korkut hocan\u0131n\u00a0saptamas\u0131na kat\u0131lmamak m\u00fcmk\u00fcn de\u011fil. Sadece baz\u0131 vurgular\u0131 g\u00fc\u00e7lendirerek bir kez daha ifade etmek gerekebilir. Ve denebilir ki, ne zaman toplumda emekten yana, ilerici bir aray\u0131\u015f ba\u015flasa, bunun ipu\u00e7lar\u0131 g\u00f6r\u00fclmeye ba\u015flasa sosyal demokrasinin kendisini buna g\u00f6re yeniden bi\u00e7imlendirme gayretine girdi\u011fi\u00a0g\u00f6r\u00fcl\u00fcr.\u00a0Ben \u00f6n\u00fcm\u00fczdeki d\u00f6nemde CHP\u2019deki geli\u015fmenin devrimci m\u00fccadelenin, d\u00fczen d\u0131\u015f\u0131 solun ve yeni emek hareketinin yeniden olu\u015fum s\u00fcreci ile \u00e7ok do\u011frudan bir etkile\u015fim i\u00e7inde olaca\u011f\u0131n\u0131n, bu hareketlerin\u00a0dinamizmine ba\u011fl\u0131 olarak\u00a0CHP\u2019nin &#8220;halk\u00e7\u0131l\u0131k&#8221; s\u00f6ylemi \u00e7er\u00e7evesindeki s\u0131n\u0131rlar\u0131n\u0131n esneyebilece\u011fi fikrindeyim. B\u00f6yle bir bas\u0131n\u00e7 olmazsa CHP \u00e7ok k\u0131sa zamanda sermayenin taleplerinin tamamen \u00f6n plana \u00e7\u0131kt\u0131\u011f\u0131 bir parti olur. Bu da zaten g\u00fc\u00e7l\u00fc bir ihtimaldir. B\u00f6ylesi bir\u00a0tablo\u00a0\u00e7ok h\u0131zl\u0131 bir \u015fekilde emek\u00e7i kitlelerde hayal k\u0131r\u0131kl\u0131\u011f\u0131 yarat\u0131p, bir ba\u015fka b\u00fcy\u00fck gerici dalgan\u0131n y\u00fckselebilece\u011fi d\u00fczlemin de yarat\u0131lmas\u0131na \u00f6n ayak olabilir. Bu a\u00e7\u0131dan CHP d\u0131\u015f\u0131nda kalan d\u00fczen d\u0131\u015f\u0131\u00a0siyasal dinamiklerin\u00a0bu s\u00fcre\u00e7te son derece \u00f6nemli bir rol oynama potansiyeline sahip oldu\u011funu, solun, emek hareketinin ve toplumsal muhalefetin T\u00fcrkiye g\u00fcndeminde yeniden \u00f6nemli bir akt\u00f6r haline gelebilmesinin ko\u015fullar\u0131n\u0131n var oldu\u011funu\u00a0d\u00fc\u015f\u00fcn\u00fcyorum.<\/span><\/p>\n<p class=\"nospacing\" style=\"line-height: 200%;\">\n<p class=\"nospacing\" style=\"line-height: 200%;\"><span style=\"font-size: 11.5pt; line-height: 200%; font-family: 'Verdana','sans-serif';\">\u00a0<\/span><\/p>\n<p class=\"nospacing\" style=\"line-height: 200%;\"><strong><em><span style=\"font-size: 11.5pt; line-height: 200%; font-family: 'Verdana','sans-serif';\">Son sorumuz da K\u0131br\u0131s ile ilgili olsun! T\u00fcrkiye solu ve siz K\u0131br\u0131s\u2019\u0131 nas\u0131l okuyorsunuz?<\/span><\/em><\/strong><\/p>\n<p class=\"nospacing\" style=\"line-height: 200%;\">\n<p class=\"nospacing\" style=\"line-height: 200%;\"><span style=\"font-size: 11.5pt; line-height: 200%; font-family: 'Verdana','sans-serif';\">\u00a0<\/span><\/p>\n<p class=\"nospacing\" style=\"line-height: 200%;\"><span style=\"font-size: 11.5pt; line-height: 200%; font-family: 'Verdana','sans-serif';\">T\u00fcrkiye solu, ne yaz\u0131k ki,\u00a0K\u0131br\u0131s\u2019\u0131 anlamak a\u00e7\u0131s\u0131ndan soruna\u00a0bir hayli uzak. Dolay\u0131s\u0131 ile K\u0131br\u0131s sorununa \u00e7ok da vak\u0131f oldu\u011fu s\u00f6ylenemez. Bu benim i\u00e7in de \u015fu ya da bu \u00f6l\u00e7\u00fcde \u00f6yle. Fakat \u00e7ok k\u0131sa bir s\u00fcre\u00e7 i\u00e7erisinde edindi\u011fim g\u00f6zlemlerinden \u015funlar\u0131 s\u00f6yleyebilirim: K\u0131br\u0131sl\u0131 T\u00fcrk solu orijinal K\u0131br\u0131sl\u0131 T\u00fcrklerin i\u00e7ine s\u0131k\u0131\u015fm\u0131\u015f durumda. Yani g\u00f6\u00e7menlere hi\u00e7bir \u015fekilde de\u011femiyor. Bu K\u0131br\u0131sl\u0131 T\u00fcrkler sosyal olarak, n\u00fcfus olarak ve buna\u00a0ba\u011fl\u0131 siyasal etki alan\u0131 olarak kendilerini daralan bir topluluk olarak alg\u0131l\u0131yorlar. Ki bu nesnel olarak da b\u00f6yle. Dolay\u0131s\u0131yla olduk\u00e7a s\u0131k\u0131\u015fm\u0131\u015f ve giderek ne yapaca\u011f\u0131n\u0131 bilemez durumdalar. \u00d6zellikle Annan Plan\u0131\u2019n\u0131n reddedilmesi ve yak\u0131n d\u00f6nemde de AB\u2019nin krize girmesi ile beraber \u00e7\u00f6z\u00fcm ufkunu da yitirmi\u015f g\u00f6z\u00fck\u00fcyorlar. Daha \u00f6ncesinde -do\u011frulu\u011fu yanl\u0131\u015fl\u0131\u011f\u0131 bir yana- AB ve Annan Plan\u2019\u0131 \u00e7er\u00e7evesinde bir ufkun mevcut oldu\u011fu\u00a0ama \u015fimdi bunun da kalmad\u0131\u011f\u0131 anla\u015f\u0131l\u0131yor. O\u00a0nedenle a\u00e7\u0131k\u00e7as\u0131 bir par\u00e7a karamsar bir ruh hali g\u00f6rd\u00fcm. <\/span><\/p>\n<p class=\"nospacing\" style=\"line-height: 200%;\">\n<p class=\"nospacing\" style=\"line-height: 200%;\"><span style=\"font-size: 11.5pt; line-height: 200%; font-family: 'Verdana','sans-serif';\">\u00a0<\/span><\/p>\n<p class=\"nospacing\" style=\"line-height: 200%;\"><span style=\"font-size: 11.5pt; line-height: 200%; font-family: 'Verdana','sans-serif';\">Fakat bu karamsarl\u0131k tablosu ayn\u0131 T\u00fcrkiye\u2019de oldu\u011fu gibi geleneksel\u00a0siyasal d\u00fczlemin sorun alan\u0131 olarak da g\u00f6r\u00fclebilir! Aralar\u0131nda bir \u00e7ok paralellikler var. Bu k\u0131s\u0131r tabloyu\u00a0a\u015facak bir perspektif, m\u00fccadele\u00a0zemininin geli\u015ftirilmesi laz\u0131m.\u00a0 Ku\u015fkusuz\u00a0K\u0131br\u0131s sorunu karma\u015f\u0131k ve uluslararas\u0131 b\u00fcy\u00fck g\u00fc\u00e7lerin oyun alan\u0131! Ama biliyoruz ki, her yerin\u00a0kendine \u00f6zg\u00fc karma\u015f\u0131kl\u0131klar\u0131 var.\u00a0K\u0131br\u0131s&#8217;ta \u00e7\u00f6z\u00fcm\u00fc uluslararas\u0131\u00a0-y\u00fcksek- siyasette arama kolayc\u0131l\u0131\u011f\u0131na gidilmemesi laz\u0131m. \u00c7\u00fcnk\u00fc yak\u0131n gelecekte b\u00f6yle bir\u00a0uluslararas\u0131 y\u00fcksek\u00a0siyasal &#8220;\u00e7\u00f6z\u00fcm&#8221; de\u00a0g\u00f6z\u00fckm\u00fcyor. Uluslararas\u0131 krizle birlikte ba\u015flamakta olan yeni s\u00fcrecin K\u0131br\u0131s sorunu a\u00e7\u0131s\u0131ndan da \u00f6nemli farkl\u0131l\u0131klar yarataca\u011f\u0131n\u0131 g\u00f6rmek gerekir. O\u00a0nedenle oturup bo\u015f bo\u015f beklemek ve s\u00fcrekli karamsarl\u0131k \u00fcretmek\u00a0gibi bir\u00a0se\u00e7enek d\u00fc\u015f\u00fcn\u00fclemez. \u00dcstelik kriz s\u00fcresince egemenler mevcut neoliberal\u00a0sald\u0131r\u0131y\u0131 derinle\u015ftiren politikalar\u0131yla, \u00f6zelle\u015ftirmelerle, g\u00fcvencesizle\u015ftirmeyle giderek daha da sald\u0131rganla\u015facak. \u00d6zellikle K\u0131br\u0131sl\u0131 T\u00fcrklerin b\u00fcy\u00fck bir \u00e7o\u011funlu\u011fu kamu sekt\u00f6r\u00fcnde \u00e7al\u0131\u015f\u0131yor. Ayn\u0131 T\u00fcrkiye\u2019de oldu\u011fu gibi, kamuda da g\u00fcvencesizle\u015ftirmenin g\u00fcndeme gelmesi uzak say\u0131lmamal\u0131d\u0131r. Bu bak\u0131mdan K\u0131br\u0131sl\u0131 T\u00fcrkleri \u00f6nemli yap\u0131sal de\u011fi\u015fikliklerin bekledi\u011fini \u00f6ng\u00f6rebiliriz. Hem sosyolojik anlamda hem de ekonomik ve\u00a0siyasal anlamda. O a\u00e7\u0131dan farkl\u0131la\u015fmakta olan g\u00f6\u00e7men ili\u015fkilerini, g\u00fcvencesizle\u015ftirme olgusunu g\u00fcndeme alacak, -di\u011fer taraftan kritik hukuk ihlalleri var burada- bunlar\u0131n \u00fczerine gidecek, bu\u00a0ihlalleri rejim sorunu olarak\u00a0g\u00f6recek\u00a0ve bunlar\u0131n t\u00fcm\u00fcn\u00fc bir hak m\u00fccadelesi perspektifi ile ele alacak, iki halkl\u0131 ba\u011f\u0131ms\u0131z bir K\u0131br\u0131s \u00e7er\u00e7evesinde geni\u015f bir m\u00fccadele zemininin \u00f6r\u00fclmesine ihtiya\u00e7 var. Tabii bu vurgular\u0131m sorunun K\u0131br\u0131sl\u0131 T\u00fcrklerle ilgili\u00a0k\u0131sm\u0131 \u00fczerinde yo\u011funla\u015ft\u0131. Ancak\u00a0benim K\u0131br\u0131sl\u0131 T\u00fcrkler aras\u0131ndaki \u00e7ok k\u0131sa\u00a0yolculu\u011fum i\u00e7inde alg\u0131layabildiklerim bunlar.<\/span><\/p>\n<p class=\"nospacing\" style=\"line-height: 200%;\">\n<p class=\"nospacing\" style=\"line-height: 200%;\"><span style=\"font-size: 11.5pt; line-height: 200%; font-family: 'Verdana','sans-serif';\">\u00a0<\/span><\/p>\n<p class=\"nospacing\" style=\"line-height: 200%;\"><strong><em><span style=\"font-size: 11.5pt; line-height: 200%; font-family: 'Verdana','sans-serif';\">\u00c7ok te\u015fekk\u00fcrler.<\/span><\/em><\/strong><\/p>\n<p class=\"nospacing\" style=\"line-height: 200%;\">\n<p class=\"nospacing\" style=\"line-height: 200%;\"><span style=\"font-size: 11.5pt; line-height: 200%; font-family: 'Verdana','sans-serif';\">\u00a0<\/span><\/p>\n<p class=\"nospacing\" style=\"line-height: 200%;\"><span style=\"font-size: 11.5pt; line-height: 200%; font-family: 'Verdana','sans-serif';\">Ben te\u015fekk\u00fcr ederim.<\/span><\/p>\n<p class=\"nospacing\" style=\"line-height: 200%;\">\n<p class=\"nospacing\" style=\"line-height: 200%;\"><span style=\"font-size: 11.5pt; line-height: 200%; font-family: 'Verdana','sans-serif';\">\u00a0<\/span><\/p>\n<p class=\"nospacing\" style=\"line-height: 200%;\"><span style=\"font-size: 11.5pt; line-height: 200%; font-family: 'Verdana','sans-serif';\">\u00a0<\/span><\/p>\n<p class=\"nospacing\" style=\"text-align: right; line-height: 200%;\" align=\"right\"><strong><span style=\"font-size: 11.5pt; line-height: 200%; font-family: 'Verdana','sans-serif';\">R\u00f6portaj: <\/span><\/strong><\/p>\n<p class=\"nospacing\" style=\"text-align: right; line-height: 200%;\" align=\"right\">\n<p class=\"nospacing\" style=\"text-align: right; line-height: 200%;\" align=\"right\"><strong><span style=\"font-size: 11.5pt; line-height: 200%; font-family: 'Verdana','sans-serif';\">Hasan Y\u0131k\u0131c\u0131<\/span><\/strong><\/p>\n<p class=\"nospacing\" style=\"text-align: right; line-height: 200%;\" align=\"right\">\n<p class=\"nospacing\" style=\"text-align: right; line-height: 200%;\" align=\"right\"><strong><span style=\"font-size: 11.5pt; line-height: 200%; font-family: 'Verdana','sans-serif';\">Baraka K\u00fclt\u00fcr Merkezi Aktivisti<\/span><\/strong><\/p>\n<p>&nbsp;<\/p>\n<p>&nbsp;<\/p>\n<p>&nbsp;<\/p>\n<p>&nbsp;<\/p>\n<p><span style=\"font-size: 11pt; line-height: 150%; font-family: 'Verdana','sans-serif';\">\u00a0\u00a0\u00a0\u00a0\u00a0\u00a0\u00a0\u00a0\u00a0\u00a0\u00a0\u00a0\u00a0\u00a0\u00a0\u00a0\u00a0\u00a0\u00a0\u00a0\u00a0\u00a0\u00a0\u00a0\u00a0\u00a0\u00a0\u00a0\u00a0\u00a0\u00a0\u00a0\u00a0\u00a0\u00a0\u00a0\u00a0\u00a0<\/span><span style=\"font-size: 11pt; line-height: 150%; font-family: 'Verdana','sans-serif';\">\u00a0<\/span><\/p>\n","protected":false},"excerpt":{"rendered":"<p>Kapitalizmin t\u00fcm d\u00fcnyada gittik\u00e7e artan bir h\u0131zla g\u00fcvencesizle\u015ftirme ve dolay\u0131s\u0131 ile geleceksizle\u015ftirme r\u00fczgarlar\u0131 estiriyor olu\u015fu, toplumun bir \u00e7ok kamusal hakk\u0131n\u0131 yok edip ac\u0131mas\u0131z bir metala\u015ft\u0131rma<\/p>\n","protected":false},"author":1,"featured_media":0,"comment_status":"open","ping_status":"open","sticky":false,"template":"","format":"standard","meta":{"jetpack_post_was_ever_published":false,"_jetpack_newsletter_access":"","_jetpack_newsletter_tier_id":0,"jetpack_publicize_message":"","jetpack_is_tweetstorm":false,"jetpack_publicize_feature_enabled":true,"jetpack_social_post_already_shared":false,"jetpack_social_options":{"image_generator_settings":{"template":"highway","enabled":false}}},"categories":[43],"tags":[],"jetpack_publicize_connections":[],"jetpack_featured_media_url":"","jetpack_shortlink":"https:\/\/wp.me\/p4eHWX-pL","jetpack_sharing_enabled":true,"_links":{"self":[{"href":"https:\/\/baraka.cc\/index.php?rest_route=\/wp\/v2\/posts\/1597"}],"collection":[{"href":"https:\/\/baraka.cc\/index.php?rest_route=\/wp\/v2\/posts"}],"about":[{"href":"https:\/\/baraka.cc\/index.php?rest_route=\/wp\/v2\/types\/post"}],"author":[{"embeddable":true,"href":"https:\/\/baraka.cc\/index.php?rest_route=\/wp\/v2\/users\/1"}],"replies":[{"embeddable":true,"href":"https:\/\/baraka.cc\/index.php?rest_route=%2Fwp%2Fv2%2Fcomments&post=1597"}],"version-history":[{"count":1,"href":"https:\/\/baraka.cc\/index.php?rest_route=\/wp\/v2\/posts\/1597\/revisions"}],"predecessor-version":[{"id":1598,"href":"https:\/\/baraka.cc\/index.php?rest_route=\/wp\/v2\/posts\/1597\/revisions\/1598"}],"wp:attachment":[{"href":"https:\/\/baraka.cc\/index.php?rest_route=%2Fwp%2Fv2%2Fmedia&parent=1597"}],"wp:term":[{"taxonomy":"category","embeddable":true,"href":"https:\/\/baraka.cc\/index.php?rest_route=%2Fwp%2Fv2%2Fcategories&post=1597"},{"taxonomy":"post_tag","embeddable":true,"href":"https:\/\/baraka.cc\/index.php?rest_route=%2Fwp%2Fv2%2Ftags&post=1597"}],"curies":[{"name":"wp","href":"https:\/\/api.w.org\/{rel}","templated":true}]}}