{"id":1605,"date":"2012-12-21T14:47:49","date_gmt":"2012-12-21T12:47:49","guid":{"rendered":"https:\/\/baraka.cc\/?p=1605"},"modified":"2014-01-06T14:48:49","modified_gmt":"2014-01-06T12:48:49","slug":"roportaj-dizisi-turkiye-ve-ortadoguyu-anlamak","status":"publish","type":"post","link":"https:\/\/baraka.cc\/?p=1605","title":{"rendered":"R\u00f6portaj dizisi&#8230; T\u00fcrkiye ve Ortado\u011fu\u2019yu anlamak"},"content":{"rendered":"<p><!--[if gte mso 9]><xml>  <w:WordDocument>   <w:View>Normal<\/w:View>   <w:Zoom>0<\/w:Zoom>   <w:HyphenationZone>21<\/w:HyphenationZone>   <w:PunctuationKerning\/>   <w:ValidateAgainstSchemas\/>   <w:SaveIfXMLInvalid>false<\/w:SaveIfXMLInvalid>   <w:IgnoreMixedContent>false<\/w:IgnoreMixedContent>   <w:AlwaysShowPlaceholderText>false<\/w:AlwaysShowPlaceholderText>   <w:Compatibility>    <w:BreakWrappedTables\/>    <w:SnapToGridInCell\/>    <w:WrapTextWithPunct\/>    <w:UseAsianBreakRules\/>    <w:DontGrowAutofit\/>   <\/w:Compatibility>   <w:BrowserLevel>MicrosoftInternetExplorer4<\/w:BrowserLevel>  <\/w:WordDocument> <\/xml><![endif]--><\/p>\n<p class=\"NoSpacing\" style=\"text-align: justify; line-height: 200%;\">\n<p class=\"NoSpacing\" style=\"text-align: justify; line-height: 200%;\">\n<p class=\"NoSpacing\" style=\"text-align: justify; line-height: 200%;\"><span style=\"font-size: 11pt; line-height: 200%; font-family: Verdana;\">\u00a0<\/span><\/p>\n<p class=\"NoSpacing\" style=\"text-align: justify; line-height: 200%;\"><strong><span style=\"font-size: 11pt; line-height: 200%; font-family: Verdana;\">T\u00fcrkiye ve Ortado\u011fu\u2019yu anlatt\u0131lar&#8230;<\/span><\/strong><span style=\"font-size: 11pt; line-height: 200%; font-family: Verdana;\"> <strong>T\u00fcrkiye\u2019de 10 y\u0131ll\u0131k AKP iktidar\u0131 s\u00fcresince ya\u015fanan sosyal, k\u00fclt\u00fcrel ve politik y\u0131k\u0131m\u0131; bizzat AKP rejiminin ma\u011fduru olanlar, AKP\u2019ye kafa tutan ve e\u015fitlik\u00e7i ve \u00f6zg\u00fcrl\u00fck\u00e7\u00fc bir T\u00fcrkiye i\u00e7in m\u00fccadele edenler; BDP milletvekili Hasip Kaplan, CHP milletvekili \u0130lhan Cihaner, \u00d6DP E\u015f Genel Ba\u015fkan\u0131 Alper Ta\u015f ve Halkevleri Genel Ba\u015fkan\u0131 Oya Ersoy anlatt\u0131.<span>\u00a0 <\/span><\/strong><\/span><\/p>\n<p class=\"NoSpacing\" style=\"text-align: justify; line-height: 200%;\"><strong><span style=\"font-size: 11pt; line-height: 200%; font-family: Verdana;\">\u00a0<\/span><\/strong><\/p>\n<p class=\"NoSpacing\" style=\"text-align: justify; line-height: 200%;\"><strong><span style=\"font-size: 11pt; line-height: 200%; font-family: Verdana;\">Hasan YIKICI<\/span><\/strong><\/p>\n<p class=\"NoSpacing\" style=\"text-align: justify; line-height: 200%;\"><span style=\"font-size: 11pt; line-height: 200%; font-family: Verdana;\">T\u00fcrkiye Cumhuriyeti, AKP\u2019nin iktidar d\u00f6nemi boyunca, yani tam 10 y\u0131ld\u0131r derinlemesine bir rejim de\u011fi\u015fikli\u011fi ya\u015f\u0131yor. Eski rejime dair ne varsa, t\u00fcm\u00fc k\u00f6kten ve b\u00fct\u00fcnl\u00fckl\u00fc bir \u015fekilde tasfiye ediliyor ve yeniden in\u015fa ediliyor. Eskinin T\u00fcrk\u00e7\u00fc, devlet\u00e7i, s\u00f6zde laik Cumhuriyeti\u2019nin yerine; \u015fimdinin muhafazakar, \u0130slamc\u0131, neo-liberal ve piyasac\u0131 Cumhuriyeti ikame edilmi\u015f durumda. <\/span><\/p>\n<p class=\"NoSpacing\" style=\"text-align: justify; line-height: 200%;\"><span style=\"font-size: 11pt; line-height: 200%; font-family: Verdana;\">\u00d6te yandan AKP\u2019nin de emperyalizmin s\u00f6zc\u00fcl\u00fc\u011f\u00fcn\u00fc yapt\u0131\u011f\u0131 Ortado\u011fu\u2019da kar\u0131\u015f\u0131kl\u0131klar g\u00fcn ge\u00e7tik\u00e7e daha da anla\u015f\u0131lmaz bir hal al\u0131yor. Arap Bahar\u0131 ayaklanmalar\u0131yla ba\u015flayan s\u00fcre\u00e7, \u00f6zellikle Libya ve Suriye \u00f6rne\u011finde oldu\u011fu gibi a\u00e7\u0131k askeri m\u00fcdahalelerin dahi g\u00fcndeme geldi\u011fi noktalara kadar varabiliyor. <\/span><\/p>\n<p class=\"NoSpacing\" style=\"text-align: justify; line-height: 200%;\"><strong><span style=\"font-size: 11pt; line-height: 200%; font-family: Verdana;\">***<\/span><\/strong><\/p>\n<p class=\"NoSpacing\" style=\"text-align: justify; line-height: 200%;\"><span style=\"font-size: 11pt; line-height: 200%; font-family: Verdana;\">Peki, K\u0131br\u0131s\u2019\u0131n kuzeyindeki baz\u0131 \u2018sol\u2019 yap\u0131lar\u0131n da neredeyse tapt\u0131\u011f\u0131, demokratikle\u015fme ve \u00f6zg\u00fcrle\u015fmenin neferi olarak \u00fczerinden pembe d\u00fc\u015flerin kuruldu\u011fu AKP ve onun 10 y\u0131ll\u0131k iktidar deneyimi boyunca ger\u00e7ekten ne oldu?<\/span><\/p>\n<p class=\"NoSpacing\" style=\"text-align: justify; line-height: 200%;\"><span style=\"font-size: 11pt; line-height: 200%; font-family: Verdana;\">AKP\u2019nin kurucusu oldu\u011fu yeni cumhuriyet neyin ve kimin cumhuriyetidir?<\/span><\/p>\n<p class=\"NoSpacing\" style=\"text-align: justify; line-height: 200%;\"><span style=\"font-size: 11pt; line-height: 200%; font-family: Verdana;\">AKP\u2019nin 10 y\u0131ll\u0131k iktidar bilan\u00e7osu; ba\u015fta K\u00fcrt sorunu olmak \u00fczere art\u0131k kangrenle\u015fmi\u015f T\u00fcrkiye sorunlar\u0131 ne durumdad\u0131r?<\/span><\/p>\n<p class=\"NoSpacing\" style=\"text-align: justify; line-height: 200%;\"><span style=\"font-size: 11pt; line-height: 200%; font-family: Verdana;\">T\u00fcrkiye\u2019nin emek\u00e7i kitleleri, yoksul halk\u0131n\u0131n AKP politikalar\u0131n\u0131n \u00fczerlerindeki etkileri nelerdir? <\/span><\/p>\n<p class=\"NoSpacing\" style=\"text-align: justify; line-height: 200%;\"><span style=\"font-size: 11pt; line-height: 200%; font-family: Verdana;\">AKP\u2019nin kurucusu oldu\u011fu yeni rejimin k\u00f6keni nereye dayan\u0131yor?<\/span><\/p>\n<p class=\"NoSpacing\" style=\"text-align: justify; line-height: 200%;\"><span style=\"font-size: 11pt; line-height: 200%; font-family: Verdana;\">K\u00fcrt sorunundaki son geli\u015fmeler, a\u00e7l\u0131k grevlerinden sonraki s\u00fcre\u00e7te neler ya\u015fanacak?<\/span><\/p>\n<p class=\"NoSpacing\" style=\"text-align: justify; line-height: 200%;\"><span style=\"font-size: 11pt; line-height: 200%; font-family: Verdana;\">T\u00fcrkiye devrimci ve sol muhalefetinin durumu, stratejileri nelerdir?<\/span><\/p>\n<p class=\"NoSpacing\" style=\"text-align: justify; line-height: 200%;\"><span style=\"font-size: 11pt; line-height: 200%; font-family: Verdana;\">Sol da birlik m\u00fcmk\u00fcn m\u00fc? S\u0131n\u0131f m\u00fccadelesinin ald\u0131\u011f\u0131 son seyir nedir?<\/span><\/p>\n<p class=\"NoSpacing\" style=\"text-align: justify; line-height: 200%;\"><span style=\"font-size: 11pt; line-height: 200%; font-family: Verdana;\">Arap Bahar\u0131 tart\u0131\u015fmalar\u0131 kapsam\u0131nda Ortado\u011fu\u2019da neler ya\u015fan\u0131yor?<\/span><\/p>\n<p class=\"NoSpacing\" style=\"text-align: justify; line-height: 200%;\"><span style=\"font-size: 11pt; line-height: 200%; font-family: Verdana;\">T\u00fcrkiye-K\u0131br\u0131s ili\u015fkileri nas\u0131l olmal\u0131? <\/span><\/p>\n<p class=\"NoSpacing\" style=\"text-align: justify; line-height: 200%;\"><span style=\"font-size: 11pt; line-height: 200%; font-family: Verdana;\">T\u00fcrkiyeli devrimciler K\u0131br\u0131s\u2019\u0131n ba\u011f\u0131ms\u0131zl\u0131k m\u00fccadelesine nas\u0131l yakla\u015f\u0131yorlar?<\/span><\/p>\n<p class=\"NoSpacing\" style=\"text-align: justify; line-height: 200%;\"><strong><span style=\"font-size: 11pt; line-height: 200%; font-family: Verdana;\">***<\/span><\/strong><\/p>\n<p class=\"NoSpacing\" style=\"text-align: justify; line-height: 200%;\"><span style=\"font-size: 11pt; line-height: 200%; font-family: Verdana;\">T\u00fcm bu sorular\u0131 ge\u00e7ti\u011fimiz haftalarda Baraka K\u00fclt\u00fcr Merkezi\u2019nin organize etti\u011fi Ortado\u011fu panelinde konu\u015fma yapmak i\u00e7in Adam\u0131zda bulunan BDP milletvekili Hasip Kaplan, CHP milletvekili \u0130lhan Cihaner, \u00d6DP E\u015f Genel Ba\u015fkan\u0131 Alper Ta\u015f ve Halkevleri Genel Ba\u015fkan\u0131 Oya Ersoy cevaplad\u0131. <\/span><\/p>\n<p class=\"NoSpacing\" style=\"text-align: justify; line-height: 200%;\"><span style=\"font-size: 11pt; line-height: 200%; font-family: Verdana;\">T\u00fcrkiye\u2019de 10 y\u0131ll\u0131k AKP iktidar\u0131n\u0131n tahribat\u0131n\u0131, Ortado\u011fu\u2019da ya\u015fananlar\u0131 ve K\u0131br\u0131s ile T\u00fcrkiye ili\u015fkilerini net bir \u015fekilde ortaya serdi\u011fini d\u00fc\u015f\u00fcnd\u00fc\u011f\u00fcm\u00fcz s\u00f6yle\u015filerin ufuk a\u00e7\u0131c\u0131 olmas\u0131n\u0131 umuyoruz. <\/span><\/p>\n<p class=\"NoSpacing\" style=\"text-align: justify; line-height: 200%;\"><span style=\"font-size: 11pt; line-height: 200%; font-family: Verdana;\">\u00a0<\/span><\/p>\n<p class=\"NoSpacing\" style=\"text-align: justify; line-height: 200%;\"><span style=\"font-size: 11pt; line-height: 200%; font-family: Verdana;\">\u00a0<\/span><\/p>\n<p class=\"NoSpacing\" style=\"text-align: justify; line-height: 200%;\"><a href=\"https:\/\/www.baraka.cc\/index.php?option=com_content&amp;task=view&amp;id=926&amp;Itemid=1003\"><span style=\"font-size: 11pt; line-height: 200%; font-family: Verdana;\">16 Aral\u0131k 2012 tarihinde Afrika Gazetesi Pazar ekinde yay\u0131nlanan BDP milletvekili Hasip Kaplan r\u00f6portaj\u0131n\u0131 okumak i\u00e7in t\u0131klay\u0131n\u0131z<\/span><\/a><\/p>\n<p class=\"NoSpacing\" style=\"text-align: justify; line-height: 200%;\"><a href=\"https:\/\/www.baraka.cc\/index.php?option=com_content&amp;task=view&amp;id=929&amp;Itemid=1006\"><span style=\"font-size: 11pt; line-height: 200%; font-family: Verdana;\">23 Aral\u0131k 2012 tarihinde Afrika Gazetesi Pazar ekinde yay\u0131nlanan Halkevleri Genel Ba\u015fkan\u0131 Oya Ersoy r\u00f6portaj\u0131n\u0131 okumak i\u00e7in t\u0131klay\u0131n\u0131z<\/span><\/a><\/p>\n<p class=\"NoSpacing\" style=\"text-align: justify; line-height: 200%;\"><a href=\"https:\/\/www.baraka.cc\/index.php?option=com_content&amp;task=view&amp;id=945&amp;Itemid=1022\"><span style=\"font-size: 11pt; line-height: 200%; font-family: Verdana;\">30 Aral\u0131k 2012 tarihinde Afrika Gazetesi Pazar ekinde yay\u0131nlanan CHP milletvekili \u0130lhan Cihaner r\u00f6portaj\u0131n\u0131 okumak i\u00e7in t\u0131klay\u0131n\u0131z <\/span><\/a><\/p>\n<p class=\"NoSpacing\" style=\"text-align: justify; line-height: 200%;\"><a href=\"https:\/\/www.baraka.cc\/index.php?option=com_content&amp;task=view&amp;id=947&amp;Itemid=1024\"><span style=\"font-size: 11pt; line-height: 200%; font-family: Verdana;\">6 Ocak 2013 tarihinde Afrika Gazetesi Pazar ekinde yay\u0131nlanan \u00d6DP E\u015f Ba\u015fkan\u0131 Alper Ta\u015f r\u00f6portaj\u0131n\u0131 okumak i\u00e7in t\u0131klay\u0131n\u0131z<br \/>\n<\/span><\/a><\/p>\n<p class=\"NoSpacing\" style=\"text-align: justify; line-height: 200%;\">\n<p class=\"NoSpacing\" style=\"text-align: justify; line-height: 200%;\"><span style=\"font-size: 11pt; line-height: 200%; font-family: Verdana;\">\u00a0<\/span><\/p>\n<p><!--[if gte mso 9]><xml>  <w:LatentStyles DefLockedState=\"false\" LatentStyleCount=\"156\">  <\/w:LatentStyles> <\/xml><![endif]--><!--[if gte mso 10]>\n\n\n<style>  \/* Style Definitions *\/  table.MsoNormalTable \t{mso-style-name:\"Table Normal\"; \tmso-tstyle-rowband-size:0; \tmso-tstyle-colband-size:0; \tmso-style-noshow:yes; \tmso-style-parent:\"\"; \tmso-padding-alt:0cm 5.4pt 0cm 5.4pt; \tmso-para-margin:0cm; \tmso-para-margin-bottom:.0001pt; \tmso-pagination:widow-orphan; \tfont-size:10.0pt; \tfont-family:\"Times New Roman\"; \tmso-ansi-language:#0400; \tmso-fareast-language:#0400; \tmso-bidi-language:#0400;} <\/style>\n\n <![endif]--><\/p>\n","protected":false},"excerpt":{"rendered":"<p>\u00a0 T\u00fcrkiye ve Ortado\u011fu\u2019yu anlatt\u0131lar&#8230; T\u00fcrkiye\u2019de 10 y\u0131ll\u0131k AKP iktidar\u0131 s\u00fcresince ya\u015fanan sosyal, k\u00fclt\u00fcrel ve politik y\u0131k\u0131m\u0131; bizzat AKP rejiminin ma\u011fduru olanlar, AKP\u2019ye kafa tutan<\/p>\n","protected":false},"author":1,"featured_media":0,"comment_status":"open","ping_status":"open","sticky":false,"template":"","format":"standard","meta":{"jetpack_post_was_ever_published":false,"_jetpack_newsletter_access":"","_jetpack_newsletter_tier_id":0,"jetpack_publicize_message":"","jetpack_is_tweetstorm":false,"jetpack_publicize_feature_enabled":true,"jetpack_social_post_already_shared":false,"jetpack_social_options":{"image_generator_settings":{"template":"highway","enabled":false}}},"categories":[43],"tags":[],"jetpack_publicize_connections":[],"jetpack_featured_media_url":"","jetpack_shortlink":"https:\/\/wp.me\/p4eHWX-pT","jetpack_sharing_enabled":true,"_links":{"self":[{"href":"https:\/\/baraka.cc\/index.php?rest_route=\/wp\/v2\/posts\/1605"}],"collection":[{"href":"https:\/\/baraka.cc\/index.php?rest_route=\/wp\/v2\/posts"}],"about":[{"href":"https:\/\/baraka.cc\/index.php?rest_route=\/wp\/v2\/types\/post"}],"author":[{"embeddable":true,"href":"https:\/\/baraka.cc\/index.php?rest_route=\/wp\/v2\/users\/1"}],"replies":[{"embeddable":true,"href":"https:\/\/baraka.cc\/index.php?rest_route=%2Fwp%2Fv2%2Fcomments&post=1605"}],"version-history":[{"count":1,"href":"https:\/\/baraka.cc\/index.php?rest_route=\/wp\/v2\/posts\/1605\/revisions"}],"predecessor-version":[{"id":1606,"href":"https:\/\/baraka.cc\/index.php?rest_route=\/wp\/v2\/posts\/1605\/revisions\/1606"}],"wp:attachment":[{"href":"https:\/\/baraka.cc\/index.php?rest_route=%2Fwp%2Fv2%2Fmedia&parent=1605"}],"wp:term":[{"taxonomy":"category","embeddable":true,"href":"https:\/\/baraka.cc\/index.php?rest_route=%2Fwp%2Fv2%2Fcategories&post=1605"},{"taxonomy":"post_tag","embeddable":true,"href":"https:\/\/baraka.cc\/index.php?rest_route=%2Fwp%2Fv2%2Ftags&post=1605"}],"curies":[{"name":"wp","href":"https:\/\/api.w.org\/{rel}","templated":true}]}}