{"id":1608,"date":"2012-12-21T14:49:50","date_gmt":"2012-12-21T12:49:50","guid":{"rendered":"https:\/\/baraka.cc\/?p=1608"},"modified":"2014-01-06T14:51:00","modified_gmt":"2014-01-06T12:51:00","slug":"kibrisin-bagimsiz-olmasini-istiyorum","status":"publish","type":"post","link":"https:\/\/baraka.cc\/?p=1608","title":{"rendered":"\u201cKIBRIS\u2019IN BA\u011eIMSIZ OLMASINI \u0130ST\u0130YORUM\u201d *"},"content":{"rendered":"<p><!--[if gte mso 9]><xml>  <w:WordDocument>   <w:View>Normal<\/w:View>   <w:Zoom>0<\/w:Zoom>   <w:HyphenationZone>21<\/w:HyphenationZone>   <w:PunctuationKerning\/>   <w:ValidateAgainstSchemas\/>   <w:SaveIfXMLInvalid>false<\/w:SaveIfXMLInvalid>   <w:IgnoreMixedContent>false<\/w:IgnoreMixedContent>   <w:AlwaysShowPlaceholderText>false<\/w:AlwaysShowPlaceholderText>   <w:Compatibility>    <w:BreakWrappedTables\/>    <w:SnapToGridInCell\/>    <w:WrapTextWithPunct\/>    <w:UseAsianBreakRules\/>    <w:DontGrowAutofit\/>   <\/w:Compatibility>   <w:BrowserLevel>MicrosoftInternetExplorer4<\/w:BrowserLevel>  <\/w:WordDocument> <\/xml><![endif]--><\/p>\n<p class=\"NoSpacing\" style=\"text-align: justify; line-height: 200%;\"><strong><span style=\"font-size: 11pt; line-height: 200%; font-family: Verdana;\">BDP milletvekili T\u00fcrkiye\u2019deki son geli\u015fmeleri, a\u00e7l\u0131k grevlerini ve K\u0131br\u0131s\u2019\u0131 anlatt\u0131&#8230;<\/span><\/strong><\/p>\n<p class=\"NoSpacing\" style=\"text-align: justify; line-height: 200%;\"><strong><span style=\"font-size: 11pt; line-height: 200%; font-family: Verdana;\">\u201cKIBRIS\u2019IN BA\u011eIMSIZ OLMASINI \u0130ST\u0130YORUM\u201d *<br \/>\n<\/span><\/strong><\/p>\n<p class=\"NoSpacing\" style=\"text-align: justify; line-height: 200%;\"><strong><span style=\"font-size: 11pt; line-height: 200%; font-family: Verdana;\">\u00a0<\/span><\/strong><\/p>\n<p class=\"NoSpacing\" style=\"text-align: justify; line-height: 200%;\"><strong><span style=\"font-size: 11pt; line-height: 200%; font-family: Verdana;\">Kaplan: \u201cSizin kazanman\u0131z, K\u0131br\u0131s\u2019\u0131n ba\u011f\u0131ms\u0131z olmas\u0131, kendi kaderini tayin etmesi demek bir K\u00fcrt olarak beni mutlu k\u0131lar.\u201d<\/span><\/strong><\/p>\n<p class=\"NoSpacing\" style=\"text-align: justify; line-height: 200%;\"><strong><span style=\"font-size: 11pt; line-height: 200%; font-family: Verdana;\">\u00a0<\/span><\/strong><\/p>\n<p class=\"NoSpacing\" style=\"text-align: justify; line-height: 200%;\"><a href=\"https:\/\/www.baraka.cc\/images\/stories\/ortadogupanel_rop1b.JPG\" target=\"_blank\"><img decoding=\"async\" loading=\"lazy\" alt=\" \" src=\"https:\/\/www.baraka.cc\/images\/stories\/ortadogupanel_rop1b.JPG\" width=\"200\" height=\"301\" align=\"left\" border=\"2\" \/><\/a> <span><span style=\"font-size: 11pt; line-height: 200%; font-family: Verdana;\">BDP milletvekili Hasip Kaplan KKTC i\u00e7in kulland\u0131\u011f\u0131 \u2018Dandik Cumhuriyet\u2019 tabiriyle K\u0131br\u0131sl\u0131 T\u00fcrklerin sadece ilgisini de\u011fil sempatisini de kazanm\u0131\u015ft\u0131. Ge\u00e7ti\u011fimiz hafta Baraka K\u00fclt\u00fcr Merkezi\u2019nin organize etti\u011fi Ortado\u011fu konulu panelde ise \u2018Dandik Cumhuriyet\u2019e yani KKTC\u2019ye yeni bir isim bulmu\u015ftu, KKTH yani \u2018Kendi Kaderini Tayin Hakk\u0131.\u2019 Bu isimle de K\u0131br\u0131sl\u0131 T\u00fcrklerin ba\u011f\u0131ms\u0131zl\u0131k talebine ve kendi kaderlerini kendilerinin belirlemesi gerekti\u011fine vurgu yapm\u0131\u015ft\u0131. <\/span><\/span><\/p>\n<p class=\"NoSpacing\" style=\"text-align: justify; line-height: 200%;\"><span><span style=\"font-size: 11pt; line-height: 200%; font-family: Verdana;\">Hasip Kaplan\u2019a <span>\u00a0<\/span>AKP\u2019nin durumunu, a\u00e7l\u0131k grevlerini, T\u00fcrkiye\u2019deki devrimci ve demokratik hareketleri ve K\u0131br\u0131s\u2019\u0131 sorduk.<\/span><\/span><\/p>\n<p class=\"NoSpacing\" style=\"text-align: justify; line-height: 200%;\"><span><span style=\"font-size: 11pt; line-height: 200%; font-family: Verdana;\">\u00a0<\/span><\/span><\/p>\n<p class=\"NoSpacing\" style=\"text-align: justify; line-height: 200%;\"><span><span style=\"font-size: 11pt; line-height: 200%; font-family: Verdana;\">R\u00f6portaj: Hasan YIKICI<\/span><\/span><\/p>\n<p class=\"NoSpacing\" style=\"text-align: justify; line-height: 200%;\"><span><span style=\"font-size: 11pt; line-height: 200%; font-family: Verdana;\">\u00a0<\/span><\/span><\/p>\n<p class=\"NoSpacing\" style=\"text-align: justify; line-height: 200%;\"><span><span style=\"font-size: 11pt; line-height: 200%; font-family: Verdana;\">T\u00fcrkiye\u2019de ge\u00e7ti\u011fimiz aylarda bir a\u00e7l\u0131k grevi s\u00fcreci ya\u015fand\u0131. S\u00fcrece K\u0131br\u0131s\u2019tan da destek geldi. \u0130ki ay\u0131 a\u015fk\u0131n bir s\u00fcre de a\u00e7l\u0131k grevi devam etti. Bu s\u00fcre\u00e7 boyunca ise T\u00fcrkiye Cumhuriyeti ba\u015fbakan\u0131n \u2018a\u00e7l\u0131k grevi yoktur\u2019 gibisinden a\u00e7\u0131klamalar\u0131na \u015fahit olduk. Bir tarafta ya\u015fanan ger\u00e7ek bir trajedi var di\u011fer tarafta ise umursamazl\u0131k. Bu s\u00fcreci ve sonras\u0131n\u0131 nas\u0131l de\u011ferlendiriyorsunuz? <\/span><\/span><\/p>\n<p class=\"NoSpacing\" style=\"text-align: justify; line-height: 200%;\"><span><span style=\"font-size: 11pt; line-height: 200%; font-family: Verdana;\">\u00a0<\/span><\/span><\/p>\n<p class=\"NoSpacing\" style=\"text-align: justify; line-height: 200%;\"><span><span style=\"font-size: 11pt; line-height: 200%; font-family: Verdana;\">\u00d6ncelikle T\u00fcrkiye\u2019de siyaset kurumu, T\u00fcrkiye\u2019nin en \u00f6nemli sorunu olan K\u00fcrt sorununda mecliste \u00e7\u00f6z\u00fcm \u00fcretemedi\u011fi, siyasi partiler fikir \u00fcretemedi\u011fi ve siyaset kanallar\u0131 t\u0131kand\u0131\u011f\u0131 i\u00e7in \u00e7at\u0131\u015fmal\u0131 bir s\u00fcre\u00e7 ya\u015f\u0131yoruz. Bunun faturas\u0131 halka a\u011f\u0131r oldu. <\/span><\/span><\/p>\n<p class=\"NoSpacing\" style=\"text-align: justify; line-height: 200%;\"><span><span style=\"font-size: 11pt; line-height: 200%; font-family: Verdana;\">Bir a\u00e7\u0131l\u0131m s\u00fcreci denildi ilk \u00f6nce, sonra bu a\u00e7\u0131l\u0131m s\u00fcrecinden sonra birdenbire g\u00f6r\u00fc\u015fmeler, m\u00fczakereler kesildi ve demokratik alanda siyaset yapan BDP, sendika, sanat\u00e7\u0131, gazeteci, avukat 10,000\u2019i a\u015fk\u0131n milletvekili, belediye ba\u015fkan\u0131 KCK operasyonlar\u0131 ad\u0131 alt\u0131nda siyasi operasyonlarla cezaevlerine konmaya ba\u015fland\u0131. <\/span><\/span><\/p>\n<p class=\"NoSpacing\" style=\"text-align: justify; line-height: 200%;\"><span><span style=\"font-size: 11pt; line-height: 200%; font-family: Verdana;\">\u015eimdi bu KCK ad\u0131 alt\u0131nda yap\u0131lan bu soru\u015fturmalar, sorunun \u00e7\u00f6z\u00fcm\u00fc \u00f6n\u00fcnde \u00e7ok daha b\u00fcy\u00fck bir engel olarak ortaya \u00e7\u0131km\u0131\u015f oldu&#8230; A\u00e7\u0131l\u0131m s\u00fcrecinden sonra sald\u0131r\u0131 ba\u015flad\u0131. Yani AKP\u2019nin y\u00fczde elli oy almas\u0131 \u00e7ok ciddi \u015fekilde onlar\u0131 \u015f\u0131martt\u0131 ve bu g\u00fcc\u00fc ald\u0131ktan sonra da daha da sald\u0131rganla\u015ft\u0131lar.<span>\u00a0 <\/span><\/span><\/span><\/p>\n<p class=\"NoSpacing\" style=\"text-align: justify; line-height: 200%;\"><span><span style=\"font-size: 11pt; line-height: 200%; font-family: Verdana;\">\u015eimdi biz meclisteyiz ve mecliste olmam\u0131za ra\u011fmen tutuklu milletvekillerinin sorununu hala \u00e7\u00f6zemedik. Her g\u00fcn yeni belediye ba\u015fkanlar\u0131 tutuklan\u0131yor, durmadan devam ediyor. Ve siyaset kurumunun \u00e7\u00f6z\u00fcms\u00fczl\u00fc\u011f\u00fc kar\u015f\u0131s\u0131nda cezaevindeki onbinler a\u00e7l\u0131k grevine girdi.<span>\u00a0 <\/span>D\u00fcnyadaki sivil eylemlilik ve itaatsizlik anlam\u0131ndaki en b\u00fcy\u00fck eylemi, siyasi taleplerle, yani kendi ki\u015fisel talepleriyle de\u011fil, anadilde e\u011fitim, \u0130mral\u0131\u2019daki tecridin kald\u0131r\u0131lmas\u0131 ve \u00e7\u00f6z\u00fcm i\u00e7in m\u00fczakere talebiyle ger\u00e7ekle\u015ftirdiler.<\/span><\/span><\/p>\n<p class=\"NoSpacing\" style=\"text-align: justify; line-height: 200%;\"><span><span style=\"font-size: 11pt; line-height: 200%; font-family: Verdana;\">H\u00fck\u00fcmet\u2019in a\u00e7l\u0131k grevlerine kar\u015f\u0131 yakla\u015f\u0131m\u0131 ger\u00e7ekten ahlaki olmad\u0131. Seviyesizlik d\u00fczeyinde, tehdit ve \u015fantaj d\u00fczeyinde oldu. Ama bunun oyun olmad\u0131\u011f\u0131, a\u00e7l\u0131k grevinin altm\u0131\u015f\u0131nc\u0131 g\u00fcn\u00fcnden sonra onlara destek verenlerin artmas\u0131; d\u0131\u015farda destek verenler, t\u00fcm d\u00fcnyan\u0131n g\u00fcndemine oturdu. Yani, sadece T\u00fcrkiye\u2019de b\u00fct\u00fcn cezaevlerinde de\u011fil t\u00fcm \u015fehirlerde ve Avrupa\u2019da ve d\u00fcnyan\u0131n de\u011fi\u015fik yerlerine kadar yay\u0131ld\u0131. <\/span><\/span><\/p>\n<p class=\"NoSpacing\" style=\"text-align: justify; line-height: 200%;\"><span><span style=\"font-size: 11pt; line-height: 200%; font-family: Verdana;\">\u00a0<\/span><\/span><\/p>\n<p class=\"NoSpacing\" style=\"text-align: justify; line-height: 200%;\"><span><span style=\"font-size: 11pt; line-height: 200%; font-family: Verdana;\">Aktif olarak T\u00fcrkiye\u2019de ka\u00e7 ki\u015fi a\u00e7l\u0131k grevine kat\u0131lm\u0131\u015ft\u0131?<\/span><\/span><\/p>\n<p class=\"NoSpacing\" style=\"text-align: justify; line-height: 200%;\"><span><span style=\"font-size: 11pt; line-height: 200%; font-family: Verdana;\">\u00dc\u00e7 a\u015famal\u0131 ya\u015fand\u0131 s\u00fcre\u00e7. S\u00fcre\u00e7 i\u00e7erisinde gittik\u00e7e a\u00e7l\u0131k grevlerine kat\u0131l\u0131m artt\u0131 ve en son 10,000\u2019i buldu. \u015eimdi tabii bu taleplerin me\u015fru oldu\u011fu, hakl\u0131 oldu\u011fu ve \u00e7\u00f6z\u00fcm i\u00e7in yap\u0131labilen talepler oldu\u011fu kamuoyunda anla\u015f\u0131ld\u0131 ve bu h\u00fck\u00fcmeti zora soktu. Ve bu zor s\u00fcreci yine h\u00fck\u00fcmet \u00e7\u00f6zemedi, diyalo\u011fa yana\u015fmad\u0131, \u0130mral\u0131\u2019da \u00d6calan\u2019\u0131n g\u00f6r\u00fc\u015fmesiyle bu olay \u00e7\u00f6z\u00fcld\u00fc&#8230; Yani, <span>\u00a0<\/span>g\u00f6r\u00fc\u015fmeyle cezaevlerindeki a\u00e7l\u0131k grevleri sonland\u0131. <\/span><\/span><\/p>\n<p class=\"NoSpacing\" style=\"text-align: justify; line-height: 200%;\"><span><span style=\"font-size: 11pt; line-height: 200%; font-family: Verdana;\">\u00a0<\/span><\/span><\/p>\n<p class=\"NoSpacing\" style=\"text-align: justify; line-height: 200%;\"><span><span style=\"font-size: 11pt; line-height: 200%; font-family: Verdana;\">Ba\u015fbakan\u0131n sorun \u00e7\u00f6zmeye yana\u015fmayan tavr\u0131n\u0131 nas\u0131l yorumluyorsunuz? <\/span><\/span><\/p>\n<p class=\"NoSpacing\" style=\"text-align: justify; line-height: 200%;\"><span><span style=\"font-size: 11pt; line-height: 200%; font-family: Verdana;\">\u015eimdi burada T\u00fcrkiye\u2019nin yakla\u015f\u0131m\u0131, h\u00fck\u00fcmetin, Suriye\u2019deki ya\u015fanan olaylarla direk ba\u011flant\u0131l\u0131d\u0131r. \u00c7\u00fcnk\u00fc orada T\u00fcrkiye s\u0131n\u0131r\u0131 boyunca K\u00fcrtlerin olu\u015fturdu\u011fu y\u00f6netimler var, kendilerini korumak i\u00e7in. Y\u00fcksek bir konsey kurdular, halk konseyi, kendini korumak i\u00e7in de g\u00fcvenli\u011fini sa\u011fl\u0131yor. H\u00fck\u00fcmeti d\u0131\u015f politikada da zorlad\u0131 bu durum. K\u00fcrt d\u00fc\u015fmanl\u0131\u011f\u0131na ba\u015flad\u0131. K\u00fcrtlerin kar\u015f\u0131s\u0131nda kimleri harekete ge\u00e7irdiler? Maalesef El-Kaide\u2019nin ve di\u011fer dini illegal radikal \u00f6rg\u00fctleri silahland\u0131r\u0131p T\u00fcrkiye\u2019de K\u00fcrtlerin kar\u015f\u0131s\u0131na \u00e7\u0131kartt\u0131lar. Ve burada, AKP h\u00fck\u00fcmetinin giderek milliyet\u00e7i, \u00f6rg\u00fct\u00e7\u00fc ve sald\u0131rgan bir \u00e7izgiye do\u011fru yol ald\u0131\u011f\u0131 g\u00f6r\u00fcld\u00fc. Ne yapt\u0131lar? \u0130damlar\u0131 g\u00fcndeme getirdiler. Bu tutmay\u0131nca bu sefer de dokunulmazl\u0131klar\u0131 g\u00fcndeme getirildi. Dokunulmazl\u0131k da bu sefer kendi partisi i\u00e7inde ciddi bir tart\u0131\u015fma konusu oldu. Bu ciddi tart\u0131\u015fma, kendi partisinden farkl\u0131 sesler y\u00fckselmesine, ve \u00f6zellikle K\u00fcrtler konusunda art\u0131k b\u00f6yle gitmez denilmesine sebebiyet verdi.<\/span><\/span><\/p>\n<p class=\"NoSpacing\" style=\"text-align: justify; line-height: 200%;\"><span><span style=\"font-size: 11pt; line-height: 200%; font-family: Verdana;\">\u00a0<\/span><\/span><\/p>\n<p class=\"NoSpacing\" style=\"text-align: justify; line-height: 200%;\"><span><span style=\"font-size: 11pt; line-height: 200%; font-family: Verdana;\">AKP\u2019nin bu son girdi\u011fi s\u00fcre\u00e7le birlikte belli ba\u015fl\u0131 noktalarda, mesela Ortado\u011fu, K\u00fcrt meselesi gibi konularda y\u0131pranma s\u00fcreci ya\u015fad\u0131\u011f\u0131n\u0131 d\u00fc\u015f\u00fcn\u00fcyor musunuz? <\/span><\/span><\/p>\n<p class=\"NoSpacing\" style=\"text-align: justify; line-height: 200%;\"><span><span style=\"font-size: 11pt; line-height: 200%; font-family: Verdana;\">T\u00fcrkiye art\u0131k \u00f6nc\u00fc g\u00fc\u00e7 olma misyonunu yitirdi. Bunun sebebi Neo-Osmanl\u0131 yay\u0131lmac\u0131 emperyal hevesleri ve d\u0131\u015f politikalar\u0131ndaki tutars\u0131zl\u0131klar\u0131yd\u0131. <\/span><\/span><\/p>\n<p class=\"NoSpacing\" style=\"text-align: justify; line-height: 200%;\"><span><span style=\"font-size: 11pt; line-height: 200%; font-family: Verdana;\">Ba\u015fbakan bo\u015fa d\u00fc\u015f\u00fcyor. Suriye\u2019de \u00e7\u00f6z\u00fcm konusunda Suriye muhalefetini birle\u015ftiren toplant\u0131lar yap\u0131ld\u0131\u011f\u0131nda yine bo\u015fa \u00e7\u0131kar\u0131ld\u0131\u011f\u0131n\u0131 g\u00f6r\u00fcyoruz Ba\u015fbakan\u0131n. \u0130srail ili\u015fkilerinin ise yine s\u0131k\u0131nt\u0131l\u0131 oldu\u011funu g\u00f6r\u00fcyoruz.<\/span><\/span><\/p>\n<p class=\"NoSpacing\" style=\"text-align: justify; line-height: 200%;\"><span><span style=\"font-size: 11pt; line-height: 200%; font-family: Verdana;\">T\u00fcm bunlar AKP h\u00fck\u00fcmetinin i\u00e7 ve d\u0131\u015f politikalar\u0131nda \u00e7ok ciddi hatalar yapt\u0131\u011f\u0131n\u0131 g\u00f6steriyor. <\/span><\/span><\/p>\n<p class=\"NoSpacing\" style=\"text-align: justify; line-height: 200%;\"><a href=\"https:\/\/www.baraka.cc\/images\/stories\/ortadogupanel_rop1a.JPG\" target=\"_blank\"><img decoding=\"async\" loading=\"lazy\" alt=\" \" src=\"https:\/\/www.baraka.cc\/images\/stories\/ortadogupanel_rop1a.JPG\" width=\"200\" height=\"133\" border=\"2\" \/><\/a> <span><span style=\"font-size: 11pt; line-height: 200%; font-family: Verdana;\"><br \/>\n<\/span><\/span><\/p>\n<p class=\"NoSpacing\" style=\"text-align: justify; line-height: 200%;\"><span><span style=\"font-size: 11pt; line-height: 200%; font-family: Verdana;\">Peki d\u0131\u015f politikada ya\u015fanan y\u0131pranma s\u00fcreci i\u00e7te nas\u0131l yans\u0131yor? \u0130\u00e7te yaratt\u0131\u011f\u0131 hegemonya da bir y\u0131pranma s\u00fcrecine girdi mi? <\/span><\/span><\/p>\n<p class=\"NoSpacing\" style=\"text-align: justify; line-height: 200%;\"><span><span style=\"font-size: 11pt; line-height: 200%; font-family: Verdana;\">Art\u0131k AKP kendi ya\u015fam\u0131n\u0131 dayatmaya, kendi tarz\u0131n\u0131 dayatmaya, kendi hegemonyas\u0131n\u0131 kurmaya, kendi kadrola\u015fmas\u0131n\u0131 yapmaya, kendi partizan kadrolar\u0131n\u0131 olu\u015fturmaya ba\u015flad\u0131 ve bundan epeyi yol ald\u0131.<\/span><\/span><\/p>\n<p class=\"NoSpacing\" style=\"text-align: justify; line-height: 200%;\"><span><span style=\"font-size: 11pt; line-height: 200%; font-family: Verdana;\">Fakat \u00f6te yandan kendi i\u00e7indeki \u0130slami K\u00fcrt kesimleri ve kendi siyaset\u00e7ileri AKP\u2019den ayr\u0131\u015fmaya ba\u015flad\u0131lar. Bir ayr\u0131\u015fma ya\u015fan\u0131yor art\u0131k. <\/span><\/span><\/p>\n<p class=\"NoSpacing\" style=\"text-align: justify; line-height: 200%;\"><span><span style=\"font-size: 11pt; line-height: 200%; font-family: Verdana;\">Cumhurba\u015fkan\u0131 G\u00fcl ile ba\u015fbakan aras\u0131nda ciddi tart\u0131\u015fmalar ya\u015fan\u0131yor.<\/span><\/span><\/p>\n<p class=\"NoSpacing\" style=\"text-align: justify; line-height: 200%;\"><span><span style=\"font-size: 11pt; line-height: 200%; font-family: Verdana;\">Bu d\u00fc\u015f\u00fc\u015fte olduklar\u0131n\u0131 g\u00f6steriyor ve bundan dolay\u0131 da h\u0131r\u00e7\u0131nla\u015f\u0131yor, sald\u0131rganla\u015f\u0131yor ve tehditler savurmaya ba\u015fl\u0131yor Erdo\u011fan.<\/span><\/span><\/p>\n<p class=\"NoSpacing\" style=\"text-align: justify; line-height: 200%;\"><span><span style=\"font-size: 11pt; line-height: 200%; font-family: Verdana;\">Muhalif g\u00f6rd\u00fc\u011f\u00fc herkesi sindirmek, susturmak, cezaevine atmak ve \u00f6zel yetkili mahkemelerde yarg\u0131lamak al\u0131\u015fkanl\u0131\u011f\u0131 oldu. \u015eu an h\u00fck\u00fcmet T\u00fcrkiye\u2019nin en \u00f6nemli meselesi sorununda s\u0131n\u0131fta \u00e7akm\u0131\u015ft\u0131r, K\u0131br\u0131s sorununda ilerleme kaydetmemi\u015ftir, Ermeni sorununda da geri gitmi\u015ftir.<\/span><\/span><\/p>\n<p class=\"NoSpacing\" style=\"text-align: justify; line-height: 200%;\"><span><span style=\"font-size: 11pt; line-height: 200%; font-family: Verdana;\">\u00a0<\/span><\/span><\/p>\n<p class=\"NoSpacing\" style=\"text-align: justify; line-height: 200%;\"><span><span style=\"font-size: 11pt; line-height: 200%; font-family: Verdana;\">\u00a0<\/span><\/span><\/p>\n<p class=\"NoSpacing\" style=\"text-align: justify; line-height: 200%;\"><span><span style=\"font-size: 11pt; line-height: 200%; font-family: Verdana;\">B\u00f6lgede nas\u0131l bir rol bi\u00e7iliyor T\u00fcrkiye\u2019ye?<\/span><\/span><\/p>\n<p class=\"NoSpacing\" style=\"text-align: justify; line-height: 200%;\"><span><span style=\"font-size: 11pt; line-height: 200%; font-family: Verdana;\">K\u00fcresel sermayenin hala Ortado\u011fu\u2019da bunlara bi\u00e7ti\u011fi rol i\u00e7in hala ayaktalar tabii.<\/span><\/span><\/p>\n<p class=\"NoSpacing\" style=\"text-align: justify; line-height: 200%;\"><span><span style=\"font-size: 11pt; line-height: 200%; font-family: Verdana;\">Bir de enerji politikalar\u0131 konusu var. Enerji konusunda \u00e7ok ciddi bir tart\u0131\u015fma var. Yani bu petrol boru hatlar\u0131, do\u011fal gaz boru hatlar\u0131&#8230; Yani Ortado\u011fu\u2019da h\u00fck\u00fcmetin tek ba\u015f\u0131na oynad\u0131\u011f\u0131 bir rol var, o da kendi \u00e7\u0131kar\u0131na, uluslararas\u0131 sermaye \u00e7\u0131kar\u0131nad\u0131r. Bu \u00e7ok tehlikeli bir geli\u015fme olarak kar\u015f\u0131m\u0131za \u00e7\u0131k\u0131yor. \u00d6n\u00fcm\u00fczdeki d\u00f6nem ili\u015fkilerini, k\u00fcresel krizin getirileri ile<span>\u00a0 <\/span>enerji ve madenler \u00fczerindeki politikalar zemininde dizayn edecek. Bunun i\u00e7inde K\u0131br\u0131s\u2019\u0131n kuzeyindeki denizdeki do\u011fal gaz ve petrol kaynaklar\u0131 da i\u015ftahlar\u0131n\u0131 \u00e7eken bir \u00f6nemli olayd\u0131r.<\/span><\/span><\/p>\n<p class=\"NoSpacing\" style=\"text-align: justify; line-height: 200%;\"><span><span style=\"font-size: 11pt; line-height: 200%; font-family: Verdana;\">\u00a0<\/span><\/span><\/p>\n<p class=\"NoSpacing\" style=\"text-align: justify; line-height: 200%;\"><span><span style=\"font-size: 11pt; line-height: 200%; font-family: Verdana;\">B\u00f6lge daha da kaynayacak gibi g\u00f6r\u00fcn\u00fcyor yani&#8230;<\/span><\/span><\/p>\n<p class=\"NoSpacing\" style=\"text-align: justify; line-height: 200%;\"><span><span style=\"font-size: 11pt; line-height: 200%; font-family: Verdana;\">B\u00f6lge kaynayacak \u00e7\u00fcnk\u00fc bu t\u00fcr h\u00fck\u00fcmetler ayakta kalmak i\u00e7in g\u00fcvenlik politikalar\u0131na, g\u00fcvenlik b\u00fct\u00e7elerine, polise, jandarmaya ve askeri harcamalara a\u011f\u0131rl\u0131k verirler. Yani insan haklar\u0131, hukuk ve demokrasi, \u00f6zg\u00fcrl\u00fckler, adalet, e\u015fitlik zay\u0131flar. Bunun kar\u015f\u0131s\u0131nda bir tek \u015fans vard\u0131r, bu de\u011ferleri savunan muhalefetin giderek g\u00fc\u00e7lenmesi, birle\u015fmesi ve birlikte m\u00fccadele etmesi. Yani \u00f6n\u00fcm\u00fczdeki d\u00f6nem mesela Cumhurba\u015fkanl\u0131\u011f\u0131 se\u00e7imi var, yerel se\u00e7imler var. Yerel se\u00e7imlerde de bu kar\u015f\u0131t g\u00fc\u00e7lerin birli\u011fi \u00e7ok \u00f6nemlidir. E\u011fer bu g\u00fc\u00e7lerin birli\u011fini sa\u011flayamazsan\u0131z b\u00fcy\u00fck \u015fehirlerin \u00e7o\u011funu AKP alacak.<\/span><\/span><\/p>\n<p class=\"NoSpacing\" style=\"text-align: justify; line-height: 200%;\"><span><span style=\"font-size: 11pt; line-height: 200%; font-family: Verdana;\">\u00a0<\/span><\/span><\/p>\n<p class=\"NoSpacing\" style=\"text-align: justify; line-height: 200%;\"><span><span style=\"font-size: 11pt; line-height: 200%; font-family: Verdana;\">Siz nas\u0131l bir strateji izlemeyi d\u00fc\u015f\u00fcn\u00fcyorsunuz \u00f6n\u00fcm\u00fczdeki se\u00e7imlerde?<\/span><\/span><\/p>\n<p class=\"NoSpacing\" style=\"text-align: justify; line-height: 200%;\"><span><span style=\"font-size: 11pt; line-height: 200%; font-family: Verdana;\">Demokratik siyasetin d\u0131\u015f\u0131na itilmemiz i\u00e7in ellerinden geleni yap\u0131yorlar. Ama ne yaparlarsa yaps\u0131nlar bizi demokratik siyasetin d\u0131\u015f\u0131na atma g\u00fcc\u00fcn\u00fc kendinde bulamayacaklar. Hem yerellerde, hem genel se\u00e7imlerde, hem de cumhurba\u015fkan\u0131 se\u00e7imlerinde anahtar partiyiz ve belirleyiciyiz ve bunun fark\u0131nday\u0131z. Birilerinin<span>\u00a0 <\/span>neden bizden korktu\u011funun da fark\u0131nday\u0131z. \u00c7\u00fcnk\u00fc meclisin ger\u00e7ekten en dinamik demokratik muhalefetini biz yap\u0131yoruz. <\/span><\/span><\/p>\n<p class=\"NoSpacing\" style=\"text-align: justify; line-height: 200%;\"><span><span style=\"font-size: 11pt; line-height: 200%; font-family: Verdana;\">MHP, AKP ve CHP benze\u015fen \u00fc\u00e7 parti. Sistemle bir sorunlar\u0131 yok, stat\u00fckoyla kavgalar\u0131 yok. Fakat bizim var. Bu a\u00e7\u0131dan \u00f6n\u00fcm\u00fczdeki d\u00f6nem daha umutluyuz, daha fazla m\u00fccadele, daha fazla demokratik mevzileri kazanmak i\u00e7in \u00e7aba, daha fazla yerellerde belediye, daha fazla milletvekili, daha fazla demokrasi g\u00fc\u00e7lerinin parlamentoya as\u0131lmas\u0131 gerekmektedir. <\/span><\/span><\/p>\n<p class=\"NoSpacing\" style=\"text-align: justify; line-height: 200%;\"><span><span style=\"font-size: 11pt; line-height: 200%; font-family: Verdana;\">\u00a0<\/span><\/span><\/p>\n<p class=\"NoSpacing\" style=\"text-align: justify; line-height: 200%;\"><span><span style=\"font-size: 11pt; line-height: 200%; font-family: Verdana;\">\u00a0<\/span><\/span><\/p>\n<p class=\"NoSpacing\" style=\"text-align: justify; line-height: 200%;\"><span><span style=\"font-size: 11pt; line-height: 200%; font-family: Verdana;\">K\u00fcrt hareketi bir ulusal hareket sonu\u00e7ta. Peki T\u00fcrkiye\u2019deki s\u0131n\u0131f m\u00fccadelesi kapsam\u0131nda kendinizi nas\u0131l tan\u0131mlars\u0131n\u0131z? Sosyalist sol ile ili\u015fkilerinizi nas\u0131l \u015fekillendiriyorsunuz?<\/span><\/span><\/p>\n<p class=\"NoSpacing\" style=\"text-align: justify; line-height: 200%;\"><span><span style=\"font-size: 11pt; line-height: 200%; font-family: Verdana;\">Tabii ki ulusal demokratik taleplerimiz a\u011f\u0131rl\u0131kl\u0131 ama e\u011fer \u00f6z\u00fcne gelirsek biz K\u00fcrt ulusunun emek\u00e7i kesimine dayanarak politika yap\u0131yoruz. Zaten K\u00fcrtlerin zenginleri, sermayedarlar\u0131, holding sahipleri AKP ile \u00e7al\u0131\u015f\u0131yorlar, yani d\u00fczenle beraber. O a\u00e7\u0131dan bizim de, K\u00fcrtlerin, T\u00fcrklerin, Alevilerin, b\u00fct\u00fcn ezilen halklar\u0131n demokratik m\u00fccadelede birli\u011fi \u00e7ok \u00f6nemlidir. <\/span><\/span><\/p>\n<p class=\"NoSpacing\" style=\"text-align: justify; line-height: 200%;\"><span><span style=\"font-size: 11pt; line-height: 200%; font-family: Verdana;\">Bizim geleneksel olarak da sol demokratik bir kitle partisi karakterimiz oldu\u011fu i\u00e7in blok \u00e7al\u0131\u015fmalar\u0131m\u0131z, Halklar\u0131n Demokratik Kongresi \u00e7al\u0131\u015fmalar\u0131m\u0131z, sosyalist ve devrimci kesimle birlikte y\u00fcr\u00fctt\u00fc\u011f\u00fcm\u00fcz siyasi projelerdir. Bu projeler T\u00fcrkiye\u2019de demokrasi g\u00fc\u00e7lerinin birli\u011fini sa\u011flayacak projelerdir. Yani sol devrimci, sosyal demokrat, sosyalist, kom\u00fcnist farkl\u0131 kesimleri bir araya getiren asl\u0131nda ulusal demokratik m\u00fccadeleyle s\u0131n\u0131f m\u00fccadelesini birle\u015ftiren bir tarz\u0131m\u0131z var. H\u00fck\u00fcmeti de, AKP\u2019yi de zorlayan, s\u0131k\u0131nt\u0131ya sokan budur&#8230;<\/span><\/span><\/p>\n<p class=\"NoSpacing\" style=\"text-align: justify; line-height: 200%;\"><span><span style=\"font-size: 11pt; line-height: 200%; font-family: Verdana;\">\u00a0<\/span><\/span><\/p>\n<p class=\"NoSpacing\" style=\"text-align: justify; line-height: 200%;\"><span><span style=\"font-size: 11pt; line-height: 200%; font-family: Verdana;\">Sosyalist hareketin geli\u015fmesi, b\u00fcy\u00fcmesi, ayn\u0131 K\u00fcrt hareketi gibi geni\u015f kitlelere hitap etmesi bunun tabii ki siz K\u00fcrt hareketiyle beraber hareket etmesi sizin hareketinize ne gibi katk\u0131lar sa\u011flayabilir?<\/span><\/span><\/p>\n<p class=\"NoSpacing\" style=\"text-align: justify; line-height: 200%;\"><span><span style=\"font-size: 11pt; line-height: 200%; font-family: Verdana;\">Bir kere \u00f6n\u00fcm\u00fczdeki se\u00e7imlerde sosyalistlerin yeni mevziler kazanmas\u0131; bizim i\u00e7in belediyeler aras\u0131nda yerel y\u00f6netimler aras\u0131nda bir g\u00f6r\u00fc\u015f al\u0131\u015f-veri\u015fi ortam\u0131 do\u011furur. Yine Cumhurba\u015fkanl\u0131\u011f\u0131 se\u00e7imlerinde omuz omuza verebiliriz. 2015 se\u00e7imlerinde ise birlikte se\u00e7ime girmeyi deneyerek parlamentoda \u00e7ok dinamik bir muhalefeti hayata ge\u00e7irebiliriz. Yani bu muhalefet ayn\u0131 zamanda iktidara da talip olacak tarza bir muhalefet, b\u00f6yle bir muhalefet anlay\u0131\u015f\u0131 \u00fczerinde duruyoruz. Bu umut ve potansiyeli g\u00f6r\u00fcyoruz.<\/span><\/span><\/p>\n<p class=\"NoSpacing\" style=\"text-align: justify; line-height: 200%;\"><span><span style=\"font-size: 11pt; line-height: 200%; font-family: Verdana;\">\u00a0<\/span><\/span><\/p>\n<p class=\"NoSpacing\" style=\"text-align: justify; line-height: 200%;\"><span><span style=\"font-size: 11pt; line-height: 200%; font-family: Verdana;\">\u00a0<\/span><\/span><\/p>\n<p class=\"NoSpacing\" style=\"text-align: justify; line-height: 200%;\"><span><span style=\"font-size: 11pt; line-height: 200%; font-family: Verdana;\">K\u0131br\u0131s ile ilgili bir zaman \u201cdandik cumhuriyet\u201d demi\u015ftiniz&#8230;<\/span><\/span><\/p>\n<p class=\"NoSpacing\" style=\"text-align: justify; line-height: 200%;\"><span><span style=\"font-size: 11pt; line-height: 200%; font-family: Verdana;\">B\u00f6yle bir nitelemeyi halk\u0131 a\u015fa\u011f\u0131lama kast\u0131yla s\u00f6ylemi\u015f de\u011fildim. Sadece \u00fcniversite \u00f6\u011frencilerinin, mezun olmaya 2 dersi kalm\u0131\u015f \u00f6\u011frencilerin apar topar s\u0131n\u0131r d\u0131\u015f\u0131 edilmelerinin bir hukuk devletine yak\u0131\u015fmayaca\u011f\u0131n\u0131, b\u00f6yle bir karar\u0131n al\u0131nmamas\u0131 gerekti\u011fini ifade ederek, \u201cBuras\u0131 dandik bir cumhuriyet mi, muz cumhuriyeti mi?\u201d diye sormu\u015ftum.<\/span><\/span><\/p>\n<p class=\"NoSpacing\" style=\"text-align: justify; line-height: 200%;\"><span><span style=\"font-size: 11pt; line-height: 200%; font-family: Verdana;\">\u00a0<\/span><\/span><\/p>\n<p class=\"NoSpacing\" style=\"text-align: justify; line-height: 200%;\"><span><span style=\"font-size: 11pt; line-height: 200%; font-family: Verdana;\">\u00a0<\/span><\/span><\/p>\n<p class=\"NoSpacing\" style=\"text-align: justify; line-height: 200%;\"><span><span style=\"font-size: 11pt; line-height: 200%; font-family: Verdana;\">G\u00f6nl\u00fcn\u00fczde K\u0131br\u0131s i\u00e7in ne var?<\/span><\/span><\/p>\n<p class=\"NoSpacing\" style=\"text-align: justify; line-height: 200%;\"><span><span style=\"font-size: 11pt; line-height: 200%; font-family: Verdana;\">Ben K\u0131br\u0131s halk\u0131n\u0131 \u00e7ok seviyorum. K\u0131br\u0131s\u2019\u0131n ba\u011f\u0131ms\u0131z, e\u015fit, iki toplum olarak d\u00fcnya arenas\u0131nda yerini almas\u0131n\u0131 \u00e7ok istiyorum. T\u00fcrkiye\u2019deki m\u00fccadeleyle buradaki m\u00fccadele, her iki m\u00fccadele de birbirine ba\u011fl\u0131d\u0131r. K\u0131br\u0131s halk\u0131na buradan sevgi ve sayg\u0131lar\u0131m\u0131 iletmek istiyorum. Sizin kazanman\u0131z, K\u0131br\u0131s\u2019\u0131n ba\u011f\u0131ms\u0131z olmas\u0131, kendi kaderini tayin etmesi demek bir K\u00fcrt olarak beni mutlu k\u0131lar. \u00c7\u00fcnk\u00fc K\u00fcrt halk\u0131n\u0131n da ezilen bir halk olarak m\u00fccadelesine e\u015fde\u011fer g\u00f6r\u00fcyorum K\u0131br\u0131s\u2019taki m\u00fccadeleyi.<\/span><\/span><\/p>\n<p class=\"NoSpacing\" style=\"text-align: justify; line-height: 200%;\">\n<p class=\"NoSpacing\" style=\"text-align: justify; line-height: 200%;\"><span><span style=\"font-size: 11pt; line-height: 200%; font-family: Verdana;\">* Bu r\u00f6portaj 16 Aral\u0131k 2012 tarihinde Afrika Gazetesi&#8217;nin Pazar ekinde yay\u0131nlanm\u0131\u015ft\u0131r.<\/span><\/span><strong><\/strong><\/p>\n<p class=\"NoSpacing\" style=\"text-align: justify; line-height: 200%;\"><strong><span style=\"font-size: 11pt; line-height: 200%; font-family: Verdana;\">\u00a0<\/span><\/strong><\/p>\n<p class=\"NoSpacing\" style=\"text-align: justify; line-height: 200%;\"><strong><span style=\"font-size: 11pt; line-height: 200%; font-family: Verdana;\">\u00a0<\/span><\/strong><\/p>\n<p class=\"NoSpacing\" style=\"text-align: justify; line-height: 200%;\"><strong><span style=\"font-size: 11pt; line-height: 200%; font-family: Verdana;\">\u00a0<\/span><\/strong><\/p>\n<p class=\"NoSpacing\" style=\"text-align: justify; line-height: 200%;\"><strong><span style=\"font-size: 11pt; line-height: 200%; font-family: Verdana;\">\u00a0<\/span><\/strong><\/p>\n<p><!--[if gte mso 9]><xml>  <w:LatentStyles DefLockedState=\"false\" LatentStyleCount=\"156\">  <\/w:LatentStyles> <\/xml><![endif]--><!--[if gte mso 10]>\n\n\n<style>  \/* Style Definitions *\/  table.MsoNormalTable \t{mso-style-name:\"Table Normal\"; \tmso-tstyle-rowband-size:0; \tmso-tstyle-colband-size:0; \tmso-style-noshow:yes; \tmso-style-parent:\"\"; \tmso-padding-alt:0cm 5.4pt 0cm 5.4pt; \tmso-para-margin:0cm; \tmso-para-margin-bottom:.0001pt; \tmso-pagination:widow-orphan; \tfont-size:10.0pt; \tfont-family:\"Times New Roman\"; \tmso-ansi-language:#0400; \tmso-fareast-language:#0400; \tmso-bidi-language:#0400;} <\/style>\n\n <![endif]--><\/p>\n","protected":false},"excerpt":{"rendered":"<p>BDP milletvekili T\u00fcrkiye\u2019deki son geli\u015fmeleri, a\u00e7l\u0131k grevlerini ve K\u0131br\u0131s\u2019\u0131 anlatt\u0131&#8230; \u201cKIBRIS\u2019IN BA\u011eIMSIZ OLMASINI \u0130ST\u0130YORUM\u201d * \u00a0 Kaplan: \u201cSizin kazanman\u0131z, K\u0131br\u0131s\u2019\u0131n ba\u011f\u0131ms\u0131z olmas\u0131, kendi kaderini tayin<\/p>\n","protected":false},"author":1,"featured_media":0,"comment_status":"open","ping_status":"open","sticky":false,"template":"","format":"standard","meta":{"jetpack_post_was_ever_published":false,"_jetpack_newsletter_access":"","_jetpack_newsletter_tier_id":0,"jetpack_publicize_message":"","jetpack_is_tweetstorm":false,"jetpack_publicize_feature_enabled":true,"jetpack_social_post_already_shared":false,"jetpack_social_options":{"image_generator_settings":{"template":"highway","enabled":false}}},"categories":[43],"tags":[],"jetpack_publicize_connections":[],"jetpack_featured_media_url":"","jetpack_shortlink":"https:\/\/wp.me\/p4eHWX-pW","jetpack_sharing_enabled":true,"_links":{"self":[{"href":"https:\/\/baraka.cc\/index.php?rest_route=\/wp\/v2\/posts\/1608"}],"collection":[{"href":"https:\/\/baraka.cc\/index.php?rest_route=\/wp\/v2\/posts"}],"about":[{"href":"https:\/\/baraka.cc\/index.php?rest_route=\/wp\/v2\/types\/post"}],"author":[{"embeddable":true,"href":"https:\/\/baraka.cc\/index.php?rest_route=\/wp\/v2\/users\/1"}],"replies":[{"embeddable":true,"href":"https:\/\/baraka.cc\/index.php?rest_route=%2Fwp%2Fv2%2Fcomments&post=1608"}],"version-history":[{"count":2,"href":"https:\/\/baraka.cc\/index.php?rest_route=\/wp\/v2\/posts\/1608\/revisions"}],"predecessor-version":[{"id":1612,"href":"https:\/\/baraka.cc\/index.php?rest_route=\/wp\/v2\/posts\/1608\/revisions\/1612"}],"wp:attachment":[{"href":"https:\/\/baraka.cc\/index.php?rest_route=%2Fwp%2Fv2%2Fmedia&parent=1608"}],"wp:term":[{"taxonomy":"category","embeddable":true,"href":"https:\/\/baraka.cc\/index.php?rest_route=%2Fwp%2Fv2%2Fcategories&post=1608"},{"taxonomy":"post_tag","embeddable":true,"href":"https:\/\/baraka.cc\/index.php?rest_route=%2Fwp%2Fv2%2Ftags&post=1608"}],"curies":[{"name":"wp","href":"https:\/\/api.w.org\/{rel}","templated":true}]}}