{"id":1613,"date":"2012-12-21T14:52:10","date_gmt":"2012-12-21T12:52:10","guid":{"rendered":"https:\/\/baraka.cc\/?p=1613"},"modified":"2014-01-06T14:54:06","modified_gmt":"2014-01-06T12:54:06","slug":"akpnin-10-yillik-iktidarinin-bilancosu-tam-bir-fiyasko","status":"publish","type":"post","link":"https:\/\/baraka.cc\/?p=1613","title":{"rendered":"\u201cAKP\u2019N\u0130N 10 YILLIK \u0130KT\u0130DARININ B\u0130LAN\u00c7OSU TAM B\u0130R F\u0130YASKO\u201d*"},"content":{"rendered":"<p><!--[if gte mso 9]><xml>  <w:WordDocument>   <w:View>Normal<\/w:View>   <w:Zoom>0<\/w:Zoom>   <w:HyphenationZone>21<\/w:HyphenationZone>   <w:PunctuationKerning\/>   <w:ValidateAgainstSchemas\/>   <w:SaveIfXMLInvalid>false<\/w:SaveIfXMLInvalid>   <w:IgnoreMixedContent>false<\/w:IgnoreMixedContent>   <w:AlwaysShowPlaceholderText>false<\/w:AlwaysShowPlaceholderText>   <w:Compatibility>    <w:BreakWrappedTables\/>    <w:SnapToGridInCell\/>    <w:WrapTextWithPunct\/>    <w:UseAsianBreakRules\/>    <w:DontGrowAutofit\/>   <\/w:Compatibility>   <w:BrowserLevel>MicrosoftInternetExplorer4<\/w:BrowserLevel>  <\/w:WordDocument> <\/xml><![endif]--><\/p>\n<p class=\"MsoNormal\" style=\"margin-bottom: 0.0001pt; text-align: justify; line-height: 200%;\"><strong><span style=\"font-size: 11.5pt; line-height: 200%; font-family: Verdana;\">CHP milletvekili \u0130lhan Cihaner T\u00fcrkiye, AKP ve Ortado\u011fu\u2019yu de\u011ferlendirdi&#8230;<\/span><\/strong><\/p>\n<p class=\"MsoNormal\" style=\"margin-bottom: 0.0001pt; text-align: justify; line-height: 200%;\"><strong><span style=\"font-size: 11.5pt; line-height: 200%; font-family: Verdana;\">\u201cAKP\u2019N\u0130N 10 YILLIK \u0130KT\u0130DARININ B\u0130LAN\u00c7OSU TAM B\u0130R F\u0130YASKO\u201d*<\/span><\/strong><\/p>\n<p class=\"MsoNormal\" style=\"text-align: justify; line-height: 200%;\"><a href=\"https:\/\/www.baraka.cc\/images\/stories\/ortadogupanel_rop3b.jpg\" target=\"_blank\"><img decoding=\"async\" loading=\"lazy\" alt=\" \" src=\"https:\/\/www.baraka.cc\/images\/stories\/ortadogupanel_rop3b.jpg\" width=\"200\" height=\"133\" align=\"left\" border=\"2\" \/><\/a><\/p>\n<p class=\"MsoNormal\" style=\"margin-bottom: 0.0001pt; text-align: justify; line-height: 200%;\"><span style=\"font-size: 11.5pt; line-height: 200%; font-family: Verdana;\">CHP\u2019nin (Cumhuriyet Halk Partisi) i\u00e7inde, CHP\u2019nin solunda duran, politika geli\u015ftiren ve radikal davranmaktan \u00e7ekinmeyen bir milletvekili \u0130lhan Cihaner. Onu ilk \u00f6nce Erzurum Cumhuriyet Ba\u015fsavc\u0131s\u0131yken, \u0130smail a\u011fa tarikat\u0131na yapt\u0131\u011f\u0131 bask\u0131nla tan\u0131d\u0131k. Ard\u0131ndan ise ge\u00e7ti\u011fimiz aylarda daha TBMM\u2019de g\u00f6r\u00fc\u015f\u00fclmeden sosyal payla\u015f\u0131m a\u011f\u0131 \u00fczerinden Sava\u015f Tezkeresi\u2019ni ortaya \u00e7\u0131kartt\u0131\u011f\u0131n\u0131 g\u00f6rd\u00fck. <\/span><\/p>\n<p class=\"MsoNormal\" style=\"margin-bottom: 0.0001pt; text-align: justify; line-height: 200%;\"><span style=\"font-size: 11.5pt; line-height: 200%; font-family: Verdana;\">Sol muhalif kesimler i\u00e7erisinde de sempati kazanan \u0130lhan Cihaner, AKP\u2019nin bug\u00fcn geldi\u011fi noktay\u0131 tam bir fiyasko olarak tan\u0131ml\u0131yor. T\u00fcm boyutlar\u0131yla, her alanda AKP\u2019nin derinlemesine toplumsal hayat\u0131 d\u00f6n\u00fc\u015ft\u00fcrmeye \u00e7al\u0131\u015ft\u0131\u011f\u0131n\u0131 vurgulayan Cihaner, gelinen noktada AKP\u2019nin belli noktalarda zorlanmaya ve s\u0131k\u0131nt\u0131larla kar\u015f\u0131la\u015fmakta oldu\u011funu ifade etti.<\/span><\/p>\n<p class=\"MsoNormal\" style=\"margin-bottom: 0.0001pt; text-align: justify; line-height: 200%;\"><span style=\"font-size: 11.5pt; line-height: 200%; font-family: Verdana;\">Eski rejimin, bir kar\u015f\u0131 devrimle yeni bir rejime d\u00f6n\u00fc\u015ft\u00fc\u011f\u00fcn\u00fc savunan Cihaner, bu s\u00fcreci 40\u2019l\u0131 y\u0131llara kadar g\u00f6t\u00fcr\u00fclmesi gerekti\u011fini d\u00fc\u015f\u00fcnmekte. Eski rejimin de ba\u015fta laiklik anlay\u0131\u015f\u0131 olmak \u00fczere ele\u015ftirilecek pek \u00e7ok noktas\u0131 oldu\u011funu s\u00f6yleten Cihaner \u201cT\u00fcrkiye hi\u00e7 bir zaman laik olmad\u0131 ama eski yap\u0131ya sahip \u00e7\u0131kan ayd\u0131nlar, ayd\u0131nlanma devriminden yana olanlar, Kemalistler hep \u2018T\u00fcrkiye laiktir laik kalacak\u2019 dedi. Oysa de\u011fildi. Cumhuriyet tarihsel olarak ku\u015fkusuz bir kazan\u0131md\u0131r ve ileri bir harekettir, sahip \u00e7\u0131kmak gerekir. Ama ilerletilmesi de gerekirdi, daha demokratikle\u015ftirilmesi de gerekirdi\u201d \u015feklinde konu\u015ftu. <\/span><\/p>\n<p class=\"MsoNormal\" style=\"margin-bottom: 0.0001pt; text-align: justify; line-height: 200%;\"><span style=\"font-size: 11.5pt; line-height: 200%; font-family: Verdana;\">K\u0131br\u0131s\u2019la ilgili olarak ise \u015fu anki ko\u015fullarda iki toplumlu, federatif bir yap\u0131y\u0131 yerinde bir \u00e7\u00f6z\u00fcm olarak g\u00f6rmedi\u011fini s\u00f6yledi. K\u0131br\u0131s halklar\u0131n\u0131n iradesinin belirleyici olmas\u0131 gerekti\u011fine vurgu yapan Cihaner, i\u00e7inden ge\u00e7en \u00e7\u00f6z\u00fcm\u00fcn ise ba\u011f\u0131ms\u0131z ve birle\u015fik bir K\u0131br\u0131s oldu\u011funu belirtti.<\/span><\/p>\n<p class=\"MsoNormal\" style=\"margin-bottom: 0.0001pt; text-align: justify; line-height: 200%;\"><strong><span style=\"font-size: 11.5pt; line-height: 200%; font-family: Verdana;\">\u00a0<\/span><\/strong><\/p>\n<p class=\"MsoNormal\" style=\"margin-bottom: 0.0001pt; text-align: justify; line-height: 200%;\"><strong><span style=\"font-size: 11.5pt; line-height: 200%; font-family: Verdana;\">R\u00f6portaj: Hasan YIKICI<\/span><\/strong><\/p>\n<p class=\"MsoNormal\" style=\"margin-bottom: 0.0001pt; text-align: justify; line-height: 200%;\"><strong><span style=\"font-size: 11.5pt; line-height: 200%; font-family: Verdana;\">Ge\u00e7enlerde AKP\u2019li bir milletvekili, \u201cAKP h\u00fck\u00fcmetten d\u00fc\u015fse de iktidarda kalmaya devam edecek\u201d dedi. De\u015fecek olursak bunun alt\u0131ndan pek \u00e7ok anlam \u00e7\u0131kartmak m\u00fcmk\u00fcn. AKP\u2019nin on y\u0131ll\u0131k bir iktidar deneyimi ve bunun da bir bilan\u00e7osu var.<span>\u00a0 <\/span>Siz bir CHP\u2019li milletvekili olarak bu on y\u0131ll\u0131k bilan\u00e7oyu nas\u0131l \u00f6zetlersiniz?<\/span><\/strong><\/p>\n<p class=\"MsoNormal\" style=\"margin-bottom: 0.0001pt; text-align: justify; line-height: 200%;\"><span style=\"font-size: 11.5pt; line-height: 200%; font-family: Verdana;\">T\u00fcrkiye siyesetinde benzer nitelemeler daha \u00e7ok tersinden yap\u0131l\u0131rd\u0131: \u2018H\u00fck\u00fcmet oldu ama iktidar olamad\u0131\u2019 \u015feklinde. \u015eimdi bunun tersinden yap\u0131ld\u0131\u011f\u0131n\u0131 g\u00f6r\u00fcyoruz. Bu, AKP\u2019nin, \u00fclkede olan bitene ili\u015fkin art\u0131k hi\u00e7 bir mazereti kalmad\u0131\u011f\u0131n\u0131n bir itiraf\u0131. Bir boyutuyla kadrola\u015fma itiraf\u0131, bir boyutuyla sermaye transferinin tamama eridi\u011finin itiraf\u0131, bir boyutuyla da ordudan b\u00fcrokrasinin di\u011fer alanlar\u0131na kadar tamam\u0131na kal\u0131c\u0131 bir \u015fekilde, fetih mant\u0131\u011f\u0131yla yerle\u015fti\u011finin itiraf\u0131. <\/span><\/p>\n<p class=\"MsoNormal\" style=\"margin-bottom: 0.0001pt; text-align: justify; line-height: 200%;\"><span style=\"font-size: 11.5pt; line-height: 200%; font-family: Verdana;\">Bu kadar g\u00fc\u00e7 yo\u011funla\u015fmas\u0131 demokrasi i\u00e7in kabul edilebilir bir \u015fey de\u011fil. Nitekim ya\u015fad\u0131\u011f\u0131m\u0131z s\u0131k\u0131nt\u0131lar\u0131n bir \u00e7o\u011fu da bu g\u00fc\u00e7 yo\u011funla\u015fmas\u0131ndan kaynaklan\u0131yor. Bu durum, \u00e7ok vah\u015fi bir \u015fekilde, her t\u00fcrl\u00fc hukuksuzluk kullan\u0131larak, her t\u00fcrl\u00fc demokratik gelenek g\u00f6z ard\u0131 edilerek hayata ge\u00e7iriliyor olmas\u0131ndan kaynaklan\u0131yor. Yani bu tesbit, asl\u0131nda itiraf olarak da al\u0131nabilir. Ama tabii meydan o kadar bo\u015f de\u011fil.<\/span><\/p>\n<p class=\"MsoNormal\" style=\"margin-bottom: 0.0001pt; text-align: justify; line-height: 200%;\"><strong><span style=\"font-size: 11.5pt; line-height: 200%; font-family: Verdana;\">Bir meydan okuma niyetiyle de s\u00f6ylenmi\u015f olabilir&#8230;<\/span><\/strong><\/p>\n<p class=\"MsoNormal\" style=\"margin-bottom: 0.0001pt; text-align: justify; line-height: 200%;\"><span style=\"font-size: 11.5pt; line-height: 200%; font-family: Verdana;\">Meydan okumadan ziyade, bu laf\u0131n edildi\u011fi tarih, yava\u015f yava\u015f AKP\u2019nin belli noktalarda zorlanmaya ba\u015flad\u0131\u011f\u0131 d\u00f6nemdir: D\u0131\u015f politikada, K\u00fcrt sorununda, insan haklar\u0131 gibi konularda; \u00e7izilen pembe tablolarla uyu\u015fmayan makro ekonomide. Bunlar\u0131n hepsi \u00fcst \u00fcste gelince, bu konjekt\u00fcrde edilmi\u015f olmas\u0131, sanki yanda\u015flar\u0131na ya da iktidar bile\u015fenlerine, \u201cpaniklemeyin gitsek bile bizim g\u00fcc\u00fcm\u00fcz devam edecektir\u201d \u015feklinde bir umut vermek \u015feklinde de okunabilir. <\/span><\/p>\n<p class=\"MsoNormal\" style=\"margin-bottom: 0.0001pt; text-align: justify; line-height: 200%;\"><strong><span style=\"font-size: 11.5pt; line-height: 200%; font-family: Verdana;\">AKP bir d\u00f6nem a\u00e7\u0131l\u0131mlar siyaseti izledi: Demokratikle\u015fme a\u00e7\u0131l\u0131m\u0131, K\u00fcrt, Ermeni ve belli ba\u015fl\u0131 konularda a\u00e7\u0131l\u0131mlar&#8230; Fakat bug\u00fcn K\u00fcrt sorununun ve Ortado\u011fu\u2019da AKP\u2019nin misyonunun geldi\u011fi noktaya bakt\u0131\u011f\u0131m\u0131zda bir duvara toslama durumu g\u00f6r\u00fcl\u00fcyor. O a\u00e7\u0131l\u0131mlar\u0131n patlak verdi\u011fini ve AKP\u2019nin i\u00e7e do\u011fru kapand\u0131\u011f\u0131n\u0131, daha da sald\u0131rganla\u015ft\u0131\u011f\u0131n\u0131 g\u00f6r\u00fcyoruz. Bu s\u00fcrece nas\u0131l gelindi? <\/span><\/strong><\/p>\n<p class=\"MsoNormal\" style=\"margin-bottom: 0.0001pt; text-align: justify; line-height: 200%;\"><span style=\"font-size: 11.5pt; line-height: 200%; font-family: Verdana;\">Ben yurtta\u015flar\u0131m\u0131za \u201ce\u011fer AKP\u2019den bir a\u00e7\u0131l\u0131m laf\u0131 duyduysan\u0131z ve bu a\u00e7\u0131l\u0131m\u0131n hedef kitlesindeyseniz, oradan son s\u00fcrat ka\u00e7\u0131n\u201d diyorum. Ya var olan \u00f6zg\u00fcrl\u00fckleriniz geriletilecektir ya da cebinizde ne varsa ona g\u00f6z dikmi\u015flerdir. Bunu \u00e7ok ya\u015fad\u0131k. Roman a\u00e7\u0131l\u0131m\u0131 dediler mesela. Roman a\u00e7\u0131l\u0131m\u0131, Sulukule gibi Roman yurtta\u015flar\u0131m\u0131z\u0131n yo\u011fun olarak ya\u015fad\u0131\u011f\u0131 yerlerin ranta teslim edilmesiyle sonu\u00e7land\u0131. Alevi a\u00e7\u0131l\u0131m\u0131 dediler, \u00e7ok b\u00fcy\u00fck iddialarla geldiler. Gelinen noktada; Alevilerin nefes almalar\u0131na neden olan laiklik ilkesinin, var olan s\u0131k\u0131nt\u0131l\u0131 halinden bile daha geriletilmesi s\u00f6z konusu oldu. Mad\u0131mak Oteli\u2019nin, b\u0131rak\u0131n\u0131z Alevilerin talep etti\u011fi \u015fekilde m\u00fcze yap\u0131lmas\u0131n\u0131; giri\u015fine katillerin isimlerini yazd\u0131lar. Zaman a\u015f\u0131m\u0131ndan belli san\u0131klar kurtuldu&#8230; Ermeni a\u00e7\u0131l\u0131m\u0131 tamamen g\u00fcndemden \u00e7\u0131km\u0131\u015f durumda. K\u00fcrt a\u00e7\u0131l\u0131m\u0131, K\u00fcrt sorununun \u00e7\u00f6z\u00fclmesi ya da se\u00e7im baraj\u0131n\u0131n kald\u0131r\u0131lmas\u0131 gibi belli daralt\u0131lm\u0131\u015f \u00f6zg\u00fcrl\u00fcklerin iadesi bir yana, sorun uluslararas\u0131la\u015ft\u0131r\u0131ld\u0131 ve daha da derinle\u015ftirildi. <\/span><\/p>\n<p class=\"MsoNormal\" style=\"margin-bottom: 0.0001pt; text-align: justify; line-height: 200%;\"><span style=\"font-size: 11.5pt; line-height: 200%; font-family: Verdana;\">Yani AKP bu a\u00e7\u0131l\u0131m politikalar\u0131nda s\u00f6ylediklerinin tam tersini yapt\u0131. Bunun beceriksizli\u011fe tekab\u00fcl eden boyutlar\u0131 olsa da bu bir beceriksizlik de\u011fil, bir y\u00f6netme bi\u00e7imi, bir propoganda bi\u00e7imidir. G\u00f6r\u00fcnt\u00fcde askeri vesayeti geriletiyorum deyip nas\u0131l T\u00fcrkiye\u2019yi militaristle\u015ftirdilerse, a\u00e7\u0131l\u0131mlarda da ayn\u0131 y\u00f6ntemi uygulad\u0131lar. Sorunlar\u0131 \u00e7\u00f6zmek yerine, sorunlar\u0131 kendi lehlerine y\u00f6netmek gibi bir yakla\u015f\u0131m. K\u00fcrt sorununda da, d\u0131\u015f politikada da b\u00f6yle oldu. Oysa AKP\u2019nin iktidar oldu\u011fu on y\u0131l i\u00e7erisinde K\u00fcrt sorununun c\u00f6z\u00fcm\u00fc i\u00e7in \u00e7ok elveri\u015fli noktalara gelinmi\u015fti. Bu f\u0131rsatlar\u0131n hepsi ka\u00e7\u0131r\u0131ld\u0131. D\u0131\u015f politikada da benzer bir konjekt\u00fcr vard\u0131. Ancak bir yandan emperyalizmle girdi\u011fi bu i\u00e7li d\u0131\u015fl\u0131 ili\u015fki, neredeyse g\u00f6n\u00fcll\u00fc ta\u015feronluk, bir yandan yeni-osmanl\u0131c\u0131 hezeyanlar, d\u0131\u015f politikada da \u00fclkeye, tarihin en k\u00f6t\u00fc g\u00fcnlerini ya\u015fat\u0131yor.<\/span><\/p>\n<p class=\"MsoNormal\" style=\"margin-bottom: 0.0001pt; text-align: justify; line-height: 200%;\"><strong><span style=\"font-size: 11.5pt; line-height: 200%; font-family: Verdana;\">G\u00f6n\u00fcll\u00fc ta\u015feronluktan bahsettiniz&#8230; AKP\u2019nin kendi iradesi d\u0131\u015f\u0131nda bir emperyal iradeye tabi oldu\u011funu d\u00fc\u015f\u00fcn\u00fcyor musunuz?<\/span><\/strong><\/p>\n<p class=\"MsoNormal\" style=\"margin-bottom: 0.0001pt; text-align: justify; line-height: 200%;\"><span style=\"font-size: 11.5pt; line-height: 200%; font-family: Verdana;\">\u00d6zellikle bir d\u0131\u015f politikadan bahsedeceksek, d\u0131\u015fardan bir iradeye, emepryalizme referans vermi\u015f oluyoruz. Davuto\u011flu\u2019nun d\u0131\u015f politikas\u0131 asl\u0131nda \u00e7ok karikat\u00fcristik ve s\u0131\u011f<span>\u00a0 <\/span>stratejik derinlik dedikleri ana hat \u00fczerinde olu\u015fturulmaya \u00e7al\u0131\u015f\u0131ld\u0131. Ama bu, orijinal bir doktrin de\u011fil. Amerika\u2019n\u0131n Ortado\u011fu\u2019yu yeniden \u015fekillendirme projesinin de\u011fi\u015fik versiyonlar\u0131 vard\u0131, onlardan birisiydi. Hatta \u00e7ok ilgin\u00e7tir 1999\u2019da Meclis\u2019te ABD Ba\u015fkan\u0131\u2019n\u0131n yapt\u0131\u011f\u0131 konu\u015fmaya bak\u0131n\u0131z, neredeyse Davuto\u011flu\u2019nun t\u0131rnak i\u00e7erisinde dahice politikas\u0131n\u0131n yol haritas\u0131n\u0131n \u00e7izilmi\u015f oldu\u011funu g\u00f6r\u00fcrs\u00fcn\u00fcz. ABD politikac\u0131lar\u0131 \u00e7ok sever ilham laf\u0131n\u0131. Ama geldi\u011fimiz noktada ne T\u00fcrkiye\u2019nin ilham verecek bir pozisyonu ne de uluslararas\u0131 politikada bir sayg\u0131nl\u0131\u011f\u0131 kald\u0131. Tam bir fiyasko&#8230; Ayr\u0131ca Ba\u015fbakan\u2019\u0131n refleks olarak verdi\u011fi baz\u0131 duygusal tepkilerden sonraki keskin d\u00f6n\u00fc\u015flerini de bunlarla birlikte de\u011ferlendirdi\u011fimiz zaman, ba\u015fka bir iradenin T\u00fcrk d\u0131\u015f politikas\u0131n\u0131n \u00fczerinde daha belirleyici oldu\u011funu te\u015fhis edebiliriz. Yani sorunuzun cevab\u0131 net bir evet.<\/span><\/p>\n<p class=\"MsoNormal\" style=\"margin-bottom: 0.0001pt; text-align: justify; line-height: 200%;\"><strong><span style=\"font-size: 11.5pt; line-height: 200%; font-family: Verdana;\">Arada bo\u015fluklardan, \u00e7atlaklardan istifade ederek kendi emperyal emellerini uygulamak istedikleri de olmuyor mu?<\/span><\/strong><\/p>\n<p class=\"MsoNormal\" style=\"margin-bottom: 0.0001pt; text-align: justify; line-height: 200%;\"><span style=\"font-size: 11.5pt; line-height: 200%; font-family: Verdana;\">Bu bahsetti\u011fim d\u0131\u015f politikan\u0131n bir aya\u011f\u0131 da yeni-osmanl\u0131c\u0131l\u0131k yani, ecdad\u0131mz\u0131n gitti\u011fi her yere gideriz mant\u0131\u011f\u0131. B\u00f6yle, reel politikada kar\u015f\u0131l\u0131\u011f\u0131 olmayan, hamasi nutuklar\u0131n hayata ge\u00e7irilme \u00e7abalar\u0131n\u0131 tek t\u00fck g\u00f6r\u00fcyoruz. Ama d\u00fcnya ve d\u0131\u015f politika o kadar basit, romantik i\u015flemiyor. Suriye\u2019de en \u00f6nde ko\u015fuyordu T\u00fcrkiye, Esad rejimine kar\u015f\u0131 verilen m\u00fccadeleyi en \u00e7ok sahiplenendi. Ama son g\u00fcnlerde oyun d\u0131\u015f\u0131 b\u0131rak\u0131ld\u0131. Suriye\u2019de belli bir a\u015famadan sonra; Amerika\u2019n\u0131n \u201cdur biraz\u201d yakla\u015f\u0131m\u0131ndan sonra sizin dedi\u011finiz \u00e7er\u00e7evede de\u011ferlendirilecek bir abartmas\u0131 oldu T\u00fcrkiye\u2019nin; sava\u015f tezkeresi&#8230; <\/span><\/p>\n<p class=\"MsoNormal\" style=\"margin-bottom: 0.0001pt; text-align: justify; line-height: 200%;\"><span style=\"font-size: 11.5pt; line-height: 200%; font-family: Verdana;\">Ama g\u00f6rd\u00fck ki d\u0131\u015f politikada bunun kar\u015f\u0131l\u0131\u011f\u0131 yok. \u00c7\u00fcnk\u00fc bu tarz bir a\u011f\u0131rl\u0131k olu\u015fturabilmek i\u00e7in, bu tarz bir \u00f6zerk politika olu\u015fturabilmek i\u00e7in devletin i\u00e7 b\u00fct\u00fcnl\u00fc\u011f\u00fcn\u00fc, i\u00e7 bar\u0131\u015f\u0131n\u0131 sa\u011flayabilmi\u015f olmas\u0131 laz\u0131m. \u0130yi k\u00f6t\u00fc i\u015fleyen bir devlet olmas\u0131 laz\u0131m. T\u00fcrkiye\u2019de art\u0131k y\u00f6netilemeyen bir organizasyondan s\u00f6z ediyoruz devlet ded\u011fimiz zaman. D\u00fcnyan\u0131n en \u00e7ok \u00f6\u011frencisinin, en \u00e7ok gazetecisinin, en \u00e7ok politikac\u0131s\u0131n\u0131n tutuklu oldu\u011fu bir devlet&#8230; \u0130stihbarat \u00f6rg\u00fct\u00fcn\u00fcn ba\u015f\u0131ndaki ki\u015finin, kurmay kadrolar\u0131n\u0131n neredeyse tamam\u0131n\u0131n ter\u00f6rist \u015f\u00fcphesiyle soru\u015fturma alt\u0131nda oldu\u011fu bir devlet&#8230; Herhalde b\u00f6yle bir devleti kimse ciddiye almaz.<\/span><\/p>\n<p class=\"MsoNormal\" style=\"margin-bottom: 0.0001pt; text-align: justify; line-height: 200%;\"><strong><span style=\"font-size: 11.5pt; line-height: 200%; font-family: Verdana;\">A\u00e7\u0131l\u0131mlar\u0131n hemen akabinde Balyoz, Ergenekon, KCK gibi bir f\u0131rt\u0131nan\u0131n gelmesini neye ba\u011fl\u0131yorsunuz?<\/span><\/strong><\/p>\n<p class=\"MsoNormal\" style=\"margin-bottom: 0.0001pt; text-align: justify; line-height: 200%;\"><span style=\"font-size: 11.5pt; line-height: 200%; font-family: Verdana;\">Bu soru\u015fturmalar\u0131 bir ta\u015fla iki ku\u015f vurmak olarak de\u011ferlendiriyorum. Bundan kast\u0131m \u015fu; kendisine muhalefet yapabilecek kesimleri, muhalefetin de\u011fi\u015fik renklerini kriminalize etti ve saf d\u0131\u015f\u0131 b\u0131rakt\u0131. Bunlar\u0131n baz\u0131lar\u0131n\u0131n \u00f6rg\u00fctlerine y\u00f6nelik oldu, baz\u0131lar\u0131n\u0131n kendilerine y\u00f6nelik oldu ama bu sayede \u00fclkede bir korku yaratt\u0131. E\u011fer internette bir yaz\u0131y\u0131 payla\u015fmak, be\u011fenmek bir ter\u00f6rist su\u00e7lamas\u0131yla kar\u015f\u0131 kar\u015f\u0131ya kalma riskini bar\u0131nd\u0131r\u0131yorsa, kitaplar toplat\u0131l\u0131yorsa, insanlar \u00f6zel hayatlar\u0131nda hukuksuz bir \u015fekilde dinleniyorsa&#8230; Bunlar hep bu davalar \u00fczerinden oldu. AKP, planlad\u0131\u011f\u0131 toplum tasar\u0131m\u0131nda ceza yarg\u0131s\u0131n\u0131 bir manivela gibi kulland\u0131. Bu davalardan birinci avantaj\u0131 bu oldu. \u0130kinci avantaj\u0131; kendi kar\u015f\u0131 hegemonyas\u0131n\u0131, toplum tasar\u0131m\u0131n\u0131 kurarken r\u0131zay\u0131 da bu davalar \u00fczerinde in\u015fa etti. Yani darbecilerle hesapla\u015f\u0131yoruz dedi ama en has darbeciyi demokrasi kahraman\u0131 ilan etti. Darbecilerle m\u00fccadele ediyoruz dedi ama darbecilerin katletti\u011fi gen\u00e7lik \u00f6nderlerinin foto\u011fraflar\u0131n\u0131 bulundurmay\u0131 bir ter\u00f6rist eylem olarak nitelendirdi. Bunun \u00fczerinden yeni bir iklim olu\u015fturdu ve bu \u201cileri demokrasi\u201d, \u201caskeri vesayetin geriletilmesi\u201d, \u201cdarbecilerle hesapla\u015f\u0131yoruz\u201d gibi \u00e7ok cilal\u0131 s\u00f6zlerle uluslararas\u0131 camiada da kendine yer etti. Ama yava\u015f da olsa bunun hi\u00e7 de g\u00f6r\u00fcnd\u00fc\u011f\u00fc gibi olmad\u0131\u011f\u0131 daha y\u00fcksek sesle dillendiriliyor. \u0130\u015fte AB ilerleme raporu, uluslararas\u0131 gazetecilik \u00f6rg\u00fctlerinin raporu, ba\u011f\u0131ms\u0131z yarg\u0131 \u00f6rg\u00fctlerinin ele\u015ftirileri art\u0131k daha y\u00fcksek dillendiriliyor. Ve yalanla dolanla kurduklar\u0131 o cilal\u0131 imaj\u0131n s\u0131rlar\u0131 d\u00f6k\u00fclmeye ba\u015fl\u0131yor.<\/span><\/p>\n<p class=\"MsoNormal\" style=\"text-align: justify; line-height: 200%;\"><a href=\"https:\/\/www.baraka.cc\/images\/stories\/ortadogupanel_rop3a.jpg\" target=\"_blank\"><img decoding=\"async\" alt=\" \" src=\"https:\/\/www.baraka.cc\/images\/stories\/ortadogupanel_rop3a.jpg\" width=\"200\" align=\"left\" border=\"2\" \/><\/a><\/p>\n<p class=\"MsoNormal\" style=\"margin-bottom: 0.0001pt; text-align: justify; line-height: 200%;\"><strong><span style=\"font-size: 11.5pt; line-height: 200%; font-family: Verdana;\">Son zamanlarda, siyasi i\u00e7eri\u011fi doldurulmadan s\u00f6ylenmi\u015f olsa da Tayyip Erdo\u011fan\u2019\u0131n sultan, padi\u015fah oldu\u011fu s\u00f6yleniyor. Di\u011fer taraftan da T\u00fcrkiye\u2019de ikinci cumhuriyet tart\u0131\u015fmalar\u0131 yap\u0131lmakta. Tayyip Erdo\u011fan\u2019\u0131n bug\u00fcn yaratt\u0131\u011f\u0131 cumhuriyetin, Atat\u00fcrk\u2019\u00fcn kurdu\u011fu cumhuriyet ile ayn\u0131 olmad\u0131\u011f\u0131 ve bamba\u015fka bir tablo oldu\u011fu&#8230; Sizin bu konudaki g\u00f6r\u00fc\u015f\u00fcn\u00fcz nedir? Eski Cumhuriyet art\u0131k miyad\u0131n\u0131 doldurmu\u015f muydu da b\u00f6yle bir tart\u0131\u015fmaya zemin olu\u015ftu yoksa asl\u0131nda AKP\u2019nin 80\u2019lerden beri y\u00fcr\u00fct\u00fclen kavgan\u0131n sonucu olarak m\u0131 b\u00f6yle bir noktaya gelindi?<\/span><\/strong><\/p>\n<p class=\"MsoNormal\" style=\"margin-bottom: 0.0001pt; text-align: justify; line-height: 200%;\"><span style=\"font-size: 11.5pt; line-height: 200%; font-family: Verdana;\">\u0130kisi i\u00e7 i\u00e7e ge\u00e7mi\u015f durumda. T\u00fcrkiye\u2019de s\u00fcre\u00e7 de\u011fi\u015fik \u015fekillerde adland\u0131r\u0131l\u0131yor. \u2018Kar\u015f\u0131 devrim\u2019 \u015feklinde nitelendirenler var, \u2018ikinci cumhuriyet\u2019 olarak nitelendirenler var, yeni rejimin in\u015faas\u0131 diye, \u2018pasif devrim\u2019 diye s\u00f6yleyenler var. Pek \u00e7ok kavramla\u015ft\u0131rma var ama hepsinin i\u015faret etti\u011fi, eski rejimden belli noktalarda kopu\u015f&#8230; Ad\u0131na Atat\u00fcrk cumhuriyeti, ayd\u0131nlanma devrimi, birinci cumhuriyet ne derseniz deyin, bu adland\u0131rmalara tak\u0131ld\u0131\u011f\u0131m\u0131zda ba\u015fka \u015feylere de i\u015faret etmi\u015f oluyoruz. Bu yeni olan yap\u0131y\u0131<span>\u00a0 <\/span>e\u011fer bir kar\u015f\u0131 devrim s\u00fcreci olarak ele alacaksak, ben \u00e7ok daha eskilere g\u00f6t\u00fcrmek gerekti\u011fini d\u00fc\u015f\u00fcn\u00fcyorum. Belki de 40\u2019l\u0131 y\u0131llara kadar g\u00f6t\u00fcrmek ve oradan buralara gelen bir s\u00fcre\u00e7 olarak g\u00f6rmek laz\u0131m. Eski yap\u0131n\u0131n da ele\u015ftiriden ari olmad\u0131\u011f\u0131n\u0131 da g\u00f6rmemiz laz\u0131m. \u00d6rne\u011fin rejimin omurgas\u0131n\u0131 olu\u015fturdu\u011funu kabul etti\u011fimiz laiklik ilkesi. T\u00fcrkiye hi\u00e7 bir zaman laik olmad\u0131 ama eski yap\u0131ya sahip \u00e7\u0131kan ayd\u0131nlar, ayd\u0131nlanma devriminden yana olanlar, Kemalistler hep \u2018T\u00fcrkiye laiktir laik kalacak\u2019 dedi. Oysa de\u011fildi. Cumhuriyet tarihsel olarak ku\u015fkusuz bir kazan\u0131md\u0131r ve ileri bir harekettir, sahip \u00e7\u0131kmak gerekir. Ama ilerletilmesi de gerekirdi, daha demokratikle\u015ftirilmesi de gerekirdi. Kendi i\u00e7inde g\u00fc\u00e7l\u00fc, radikal bir ele\u015ftiri gelemedi\u011fi i\u00e7in \u00e7\u00f6z\u00fcm\u00fc de koyamad\u0131. Sloganlarla belli yap\u0131lara sahip \u00e7\u0131kt\u0131\u011f\u0131n\u0131 zannetti. Oysa e\u011fer ger\u00e7ekten, laiklik \u00f6rne\u011finde oldu\u011fu gibi, o kavramlar\u0131n i\u00e7i bo\u015falt\u0131lmasayd\u0131, bir hukuk devleti in\u015fa edilebilmi\u015f olsayd\u0131, herhalde bug\u00fcnk\u00fc karanl\u0131k tabloyla kar\u015f\u0131 kar\u015f\u0131ya kalmazd\u0131k.<\/span><\/p>\n<p class=\"MsoNormal\" style=\"margin-bottom: 0.0001pt; text-align: justify; line-height: 200%;\"><strong><span style=\"font-size: 11.5pt; line-height: 200%; font-family: Verdana;\">Bu sorunu Kemalist devrimin niteli\u011finde de aramakta fayda var m\u0131? Kemalist devrime genelde getirilen ele\u015ftiri yukar\u0131dan, tepeden inmeci olmas\u0131&#8230;<\/span><\/strong><\/p>\n<p class=\"MsoNormal\" style=\"margin-bottom: 0.0001pt; text-align: justify; line-height: 200%;\"><span style=\"font-size: 11.5pt; line-height: 200%; font-family: Verdana;\">Devrimler zaten yukar\u0131dan olur a\u011f\u0131rl\u0131kl\u0131 olarak. Halk oylamas\u0131yla devrim yap\u0131lmaz. Tabii de\u011fi\u015fik varyasyonlar\u0131 da vard\u0131r, kitle hareketiyle olan\u0131 da vard\u0131r. Ama T\u00fcrkiye\u2019nin \u00f6zg\u00fcn ko\u015fullar\u0131 i\u00e7erisinde Kemalist devrim yapabilece\u011fi \u015feyi yapm\u0131\u015ft\u0131r ve ileri bir harekettir, sahip \u00e7\u0131k\u0131lmas\u0131 gerekir. Kad\u0131n haklar\u0131, egemenli\u011fin halka verilmesi&#8230; Ama sonras\u0131nda bunlar ilerletilmedi, tam tersi kurulu\u015fun, sahip \u00e7\u0131k\u0131lmas\u0131 gereken idealleri geriletildi, geriletilmesi gereken ba\u015fka yap\u0131lar \u00f6n plana \u00e7\u0131kt\u0131. Onun i\u00e7in s\u00fcreci, kar\u015f\u0131 devrim olarak okuyanlar\u0131n bu s\u00fcreci daha gerilere g\u00f6t\u00fcrmesi gerekir diyorum. <\/span><\/p>\n<p class=\"MsoNormal\" style=\"margin-bottom: 0.0001pt; text-align: justify; line-height: 200%;\"><strong><span style=\"font-size: 11.5pt; line-height: 200%; font-family: Verdana;\">Geriletilmesi gerekip \u00f6n plana \u00e7\u0131kan \u015feyler nelerdir?<\/span><\/strong><\/p>\n<p class=\"MsoNormal\" style=\"margin-bottom: 0.0001pt; text-align: justify; line-height: 200%;\"><span style=\"font-size: 11.5pt; line-height: 200%; font-family: Verdana;\">Mesela e\u011fitimin gericile\u015ftirilmesi, e\u011fitimin laiklik ilkesine ayk\u0131r\u0131 bir \u015fekilde \u0130slam\u2019\u0131n yaln\u0131zca bir yorumunu iktidar yapacak \u015fekilde kurgulanm\u0131\u015f olmas\u0131. Hukuk devletinin daha g\u00fc\u00e7lendirilip hayata ge\u00e7irilememesi. Demokrasilerde olmas\u0131 gereken kar\u015f\u0131 denge, fren mekanizmalar\u0131n\u0131n hayata ge\u00e7irilememesi. E\u015fit yurtta\u015fl\u0131\u011f\u0131n hayata ge\u00e7irilememesi&#8230;Bunlar e\u011fer daha dikkatli y\u00fcr\u00fct\u00fclseydi bug\u00fcn da\u011flar\u0131nda yoksul \u00e7ocuklar\u0131n\u0131n \u00f6ld\u00fc\u011f\u00fc bir \u00fclke olmazd\u0131k ya da hala gazetecilerinin tutukland\u0131\u011f\u0131, yurtseverlerinin zindanlara t\u0131k\u0131ld\u0131\u011f\u0131 bir \u00fclke olmazd\u0131k. <\/span><\/p>\n<p class=\"MsoNormal\" style=\"margin-bottom: 0.0001pt; text-align: justify; line-height: 200%;\"><strong><span style=\"font-size: 11.5pt; line-height: 200%; font-family: Verdana;\">Burada (K\u0131br\u0131s\u2019ta) k\u00fc\u00e7\u00fck ya\u015ftaki \u00e7ocuklar i\u00e7in Kur\u2019an kurslar\u0131 ba\u015flat\u0131ld\u0131\u011f\u0131nda, sendikalar ve ilerici \u00f6rg\u00fctler Kur\u2019an kurslar\u0131n\u0131 bas\u0131yor ve engelliyordu. Bu \u00f6nemli bir g\u00fcndem olmu\u015ftu, bir kesimi de rahats\u0131z etmi\u015fti. Sizin de b\u00f6yle deneyimleriniz oldu\u011funu biliyoruz&#8230; Anlat\u0131r m\u0131s\u0131n\u0131z?<\/span><\/strong><\/p>\n<p class=\"MsoNormal\" style=\"margin-bottom: 0.0001pt; text-align: justify; line-height: 200%;\"><span style=\"font-size: 11.5pt; line-height: 200%; font-family: Verdana;\">T\u00fcrk ceza hukukunda izinsiz e\u011fitim kurumu a\u00e7mak su\u00e7. Yani okul \u00f6ncesi e\u011fitim kurumlar\u0131 a\u00e7\u0131labilmesinin belli bir prosed\u00fcr\u00fc var. Bu kurslar prosed\u00fcre uymuyordu. Ceza Yasas\u0131\u2019nda su\u00e7 olarak tan\u0131mlanm\u0131\u015f bir eylemi i\u015fliyorlard\u0131. Maalesef T\u00fcrkiye\u2019de \u00e7ok yayg\u0131n olarak yap\u0131ld\u0131\u011f\u0131 halde Cumhuriyet savc\u0131lar\u0131 \u015fu yada bu gerek\u00e7elerle bunlar\u0131n \u00fczerine gitmiyorlar. Bunlar a\u011f\u0131rl\u0131kl\u0131 olarak okul \u00f6ncesi \u00e7ocuklara e\u011fitim veriyorlard\u0131 ve pedagojik formasyona sahip olmad\u0131klar\u0131, bir medresede yeti\u015ftirilip merkezden tayin edildikleri gibi, bu pedagojik yanl\u0131\u015flar d\u0131\u015f\u0131nda \u00e7ocuklara cinsel istismar gibi \u00e7ok yayg\u0131n bir tak\u0131m hukuk d\u0131\u015f\u0131l\u0131klar\u0131n olmas\u0131 da s\u00f6z konusuydu. Ayr\u0131ca inanan yurtta\u015flardan, Kur\u2019an kursuna yard\u0131m, Filistin\u2019e, \u00c7e\u00e7enistan\u2019a yard\u0131m gibi adlar alt\u0131nda inan\u0131lmaz paralar toplan\u0131p ki\u015fisel servetlere d\u00f6n\u00fc\u015ft\u00fcr\u00fcld\u00fc\u011f\u00fcn\u00fc soru\u015fturuyorduk biz. Bu soru\u015fturma i\u00e7erisinde bakanlar\u0131n da ba\u015fka su\u00e7lar\u0131n\u0131n oldu\u011fu y\u00f6n\u00fcnde \u00e7ok g\u00fc\u00e7l\u00fc emareler elde edildi. Tabii onlara geni\u015fletilince polis akademisi sorular\u0131n\u0131n s\u0131navlar\u0131n\u0131 \u00e7al\u0131nmas\u0131 gibi ba\u015fka soru\u015fturmalarla da birle\u015ftirildi. Ve bu yap\u0131n\u0131n devam edebilmesi i\u00e7in durdurulmam gerekiyordu. Telefonla veya ba\u015fka \u015fekilde bask\u0131 yapmaya \u00e7al\u0131\u015ft\u0131lar. Bakanlardan birisi aray\u0131p soru\u015fturmay\u0131 durdurmam\u0131 istedi. Benzer bir talep Adalet Bakanl\u0131\u011f\u0131 b\u00fcrokratlar\u0131ndan geldi. Dosyay\u0131 Erzurum\u2019daki ba\u015fka bir mahkemeye aktard\u0131lar ve biz bunlara boyun e\u011fmeyince de o malum s\u00fcre\u00e7 ba\u015flad\u0131. Benim \u00f6zg\u00fcrl\u00fc\u011f\u00fcm de k\u0131s\u0131tland\u0131.<\/span><\/p>\n<p class=\"MsoNormal\" style=\"margin-bottom: 0.0001pt; text-align: justify; line-height: 200%;\"><strong><span style=\"font-size: 11.5pt; line-height: 200%; font-family: Verdana;\">\u015eu s\u0131ralar CHP\u2019nin kendi taban\u0131ndan da, sol kesimlerden de CHP\u2019nin yapt\u0131\u011f\u0131 muhalefetin yetersiz ve eksik oldu\u011fu, ciddi anlamda muhalefet yapamad\u0131\u011f\u0131 \u015feklinde bir ele\u015ftiri var. Di\u011fer taraftan AKP\u2019nin alternatifsiz oldu\u011fu i\u00e7in T\u00fcrkiye siyasi arenas\u0131nda bu \u015fekilde bir \u00f6zg\u00fcvenle esip g\u00fcrledi\u011fi \u015feklinde g\u00f6r\u00fc\u015fler de var. Siz bir CHP milletvekili olarak, CHP\u2019nin AKP\u2019ye alternatif olu\u015fturamamas\u0131 s\u00f6ylemini nas\u0131l de\u011ferlendiriyorsunuz? Ne olmas\u0131 gerekir ger\u00e7ek bir alternatif olmas\u0131 i\u00e7in? <\/span><\/strong><\/p>\n<p class=\"MsoNormal\" style=\"margin-bottom: 0.0001pt; text-align: justify; line-height: 200%;\"><span style=\"font-size: 11.5pt; line-height: 200%; font-family: Verdana;\">Alternatif dedi\u011finiz zaman iki \u015feye i\u015faret ediyorsunuz. Bir kadro olarak alternatif, iki program olarak alternatif. Kadro olarak, AKP\u2019nin kulland\u0131\u011f\u0131 nefret s\u00f6ylemi, adeta bir belediye \u015firketini y\u00f6netir gibi, uzmanl\u0131\u011f\u0131, bilimi d\u0131\u015flayan yakla\u015f\u0131m\u0131 m\u0131, bu zihniyetteki ki\u015filer mi daha inand\u0131r\u0131c\u0131d\u0131r, daha iyidir? Ben kadro olarak CHP ile AKP\u2019nin m\u00fcmk\u00fcn de\u011fil, bu anlamda mukayesesini bile yapmam. Ku\u015fkusuz CHP, alternatifi de a\u015fan bir potansiyele sahiptir. Programa gelince; AKP\u2019nin program\u0131n\u0131 hi\u00e7 kimse bilmez. \u00c7\u00fcnk\u00fc AKP alel usul bir siyaset izliyor, g\u00fcndelik bir siyaset izliyor. D\u0131\u015f politikada g\u00f6rd\u00fck programlar\u0131n\u0131, ekonomide g\u00f6rd\u00fck&#8230; Ekonomi bir ba\u015far\u0131 hikayesi olarak anlat\u0131l\u0131yor ama, makro rakamlara bakt\u0131\u011f\u0131n\u0131z zaman bamba\u015fka bir tablo \u00e7\u0131k\u0131yor. Artan d\u0131\u015f bor\u00e7, cari a\u00e7\u0131k, ekonomiye s\u00fcrekli enjekte edilen kayna\u011f\u0131 belli olmayan para, alt\u0131n ile yap\u0131lan \u00f6demeler&#8230; Sa\u011fl\u0131k politikalar\u0131n\u0131n cilas\u0131n\u0131n d\u00f6k\u00fclmeye ba\u015flamas\u0131&#8230; Bunlar ilk akla gelenler&#8230; Bunlara bak\u0131nca AKP\u2019nin program olarak da bir \u00fcst\u00fcnl\u00fc\u011f\u00fcn\u00fcn olmad\u0131\u011f\u0131n\u0131 g\u00f6r\u00fcyorsunuz. D\u00fcnyan\u0131n en pahal\u0131 elektri\u011fini, d\u00fcnyan\u0131n en pahal\u0131 akar yak\u0131t\u0131n\u0131, d\u00fcnyan\u0131n en pahal\u0131 etini t\u00fcketti\u011finiz bir \u00fclkede, on y\u0131ld\u0131r iktidar olan bir yap\u0131ya \u201cbunlar iyi, CHP<span>\u00a0 <\/span>bunlara alternatif olam\u0131yor\u201d diyorsak bence kriterlerimizi g\u00f6zden ge\u00e7irmek laz\u0131m. Ya da bizi bu d\u00fc\u015f\u00fcnceye iten mekanizmalara bakmam\u0131z laz\u0131m. Ama \u015fu da var: CHP\u2019nin muhalefeti yeterli mi? Muhalefet hi\u00e7bir zaman yeterli olmaz. Muhalefet, yeteri kadar muhalefet yapt\u0131\u011f\u0131 anda zaten iktidar olmu\u015ftur. Dolay\u0131s\u0131yla hi\u00e7 kimse \u015fu ya da bu parti i\u00e7in muhalefeti yeterlidir diyemez. Ama \u015funu diyebilir; CHP t\u00fcm yoksulluklara ra\u011fmen, bu yoksulluklara, medya deste\u011fini, parasal g\u00fcc\u00fc dahil edebiliriz, bunarla ilgili e\u015fitsiz yar\u0131\u015fma ko\u015fullar\u0131na ra\u011fmen elinden geleni yapmaya \u00e7al\u0131\u015f\u0131yor. <\/span><\/p>\n<p class=\"MsoNormal\" style=\"margin-bottom: 0.0001pt; text-align: justify; line-height: 200%;\"><span style=\"font-size: 11.5pt; line-height: 200%; font-family: Verdana;\">Ve \u015funu da tesbit etmemiz laz\u0131m; muhalefeti parlamento i\u00e7i ve d\u0131\u015f\u0131 diye kabaca ikiye ay\u0131racak olursak, parlamentoda san\u0131r\u0131m d\u00fcnya parlamento tarihinde g\u00f6r\u00fclmedik bir \u015fekilde parlamentonun i\u015flevsiz hale geldi\u011fini g\u00f6r\u00fcyoruz. Yani orada bir muhalefet alan\u0131, yasalarla, fiili uygulamalarla kalmad\u0131 diyebilecek noktada CHP. \u00c7\u00fcnk\u00fc d\u00fcnyan\u0131n hi\u00e7 bir yerinde yoktur ki t\u00fcm komisyonlar\u0131n ba\u015fkanlar\u0131 iktidar partisinden olsun, d\u00fcnyan\u0131n hi\u00e7 bir yerinde yoktur ki parlamentoda ne olup bitti\u011fini g\u00f6zlerden \u0131rak tutmak i\u00e7in yay\u0131nlar kesilsin. Eskiden TBMM\u2019nin \u00e7al\u0131\u015ft\u0131\u011f\u0131 s\u00fcrece yay\u0131n yapan bir TV kanal\u0131 vard\u0131. \u015eimdi onu g\u00fcnde iki-\u00fc\u00e7 saatle s\u0131n\u0131rlad\u0131lar, ondan sonra ge\u00e7mi\u015f y\u0131llardaki ma\u00e7lar\u0131 yay\u0131nlayan bir kanala d\u00f6n\u00fc\u015ft\u00fc. D\u00fcnyan\u0131n hi\u00e7 bir parlamentosunda, ba\u015f denetmenin ya da ombudsman\u0131n tamam\u0131 iktidar\u0131n i\u00e7inden se\u00e7ilsin. Bunlar\u0131 \u00fcst \u00fcste koydu\u011funuz zaman parlamentoda s\u00f6yledi\u011fninin bile d\u0131\u015far\u0131 yans\u0131t\u0131lamad\u0131\u011f\u0131 bir yap\u0131 var. Dolay\u0131s\u0131yla CHP\u2019nin muhalefet performans\u0131n\u0131, ciddi kriterler \u00fczerinden de\u011ferlendirmemiz laz\u0131m. Parlamentoda ne yapabilir, bunlar\u0131 yap\u0131yor mu yapm\u0131yor mu? Yap\u0131labilecek her alanda, her \u015feyi yap\u0131yor parlamento i\u00e7erisinde. Parlamento d\u0131\u015f\u0131 muhalefete gelince; CHP\u2019nin geleneksel olarak \u00e7ok al\u0131\u015f\u0131k oldu\u011fu bir muhalefet tarz\u0131 de\u011fildi. \u00dclkenin ko\u015fullar\u0131 da bunu dayatm\u0131yordu. Medyas\u0131yla, demokratik kitle \u00f6rg\u00fctleriyle bu kadar bo\u011fulmu\u015f bir iklim yoktu. \u015eu anda \u00f6yle bir yap\u0131 var ve bu da zorunlu olarak CHP\u2019yi parlamento d\u0131\u015f\u0131 muhalefet olanaklar\u0131n\u0131 daha fazla ara\u015ft\u0131rmaya zorluyor.<\/span><\/p>\n<p class=\"MsoNormal\" style=\"margin-bottom: 0.0001pt; text-align: justify; line-height: 200%;\"><span style=\"font-size: 11.5pt; line-height: 200%; font-family: Verdana;\">\u00a0<\/span><\/p>\n<p class=\"MsoNormal\" style=\"margin-bottom: 0.0001pt; text-align: justify; line-height: 200%;\"><strong><span style=\"font-size: 11.5pt; line-height: 200%; font-family: Verdana;\">Parlamento d\u0131\u015f\u0131, sosyalist solla ili\u015fkileriniz nas\u0131l? <\/span><\/strong><\/p>\n<p class=\"MsoNormal\" style=\"margin-bottom: 0.0001pt; text-align: justify; line-height: 200%;\"><span style=\"font-size: 11.5pt; line-height: 200%; font-family: Verdana;\">Asl\u0131nda objektif ko\u015fullar, bunu da zorluyor. Emek\u00e7ilerin direni\u015flerinde, \u00fclkenin \u00f6nemli sorunlar\u0131na ili\u015fkin bir tak\u0131m davalarda omuz omuza gelmeyi dayat\u0131yor.<span>\u00a0 <\/span>Zaman i\u00e7erisinde ili\u015fkilerin daha da g\u00fc\u00e7lenece\u011fini tahmin ediyorum.<\/span><\/p>\n<p class=\"MsoNormal\" style=\"margin-bottom: 0.0001pt; text-align: justify; line-height: 200%;\"><strong><span style=\"font-size: 11.5pt; line-height: 200%; font-family: Verdana;\">Son olarak K\u0131br\u0131s sorununa de\u011finelim. T\u00fcrkiye\u2019deki sosyalist, devrimci, radikal solun geli\u015ftirdi\u011fi perspektif, sorunu, K\u0131br\u0131s halklar\u0131n\u0131n kendilerinin \u00e7\u00f6zmesi ve \u201cg\u00f6nl\u00fcm\u00fczde yatan ba\u011f\u0131ms\u0131z ve birle\u015fik bir K\u0131br\u0131s\u2019\u0131n olmas\u0131d\u0131r\u201d y\u00f6n\u00fcnde a\u00e7\u0131klamalarda bulunuyorlar. CHP\u2019nin perspektifi ise biraz daha farkl\u0131; resmi ideolejiden kopamam\u0131\u015f veya resmi T\u00fcrk tezlerine ba\u011fl\u0131 bir teorik geli\u015fimi var. CHP\u2019nin veya sizin duru\u015funuz nedir K\u0131br\u0131s konusunda?<\/span><\/strong><\/p>\n<p class=\"MsoNormal\" style=\"margin-bottom: 0.0001pt; text-align: justify; line-height: 200%;\"><span style=\"font-size: 11.5pt; line-height: 200%; font-family: Verdana;\">Se\u00e7im bildirgemizden K\u0131br\u0131s sorunu ile ilgili k\u0131sm\u0131 aktaray\u0131m: CHP, \u201cK\u0131br\u0131s sorununun, K\u0131br\u0131s T\u00fcrk ve Rum taraflar\u0131nca kabul edilebilecek, adil bir \u00e7\u00f6z\u00fcme ula\u015ft\u0131r\u0131lmas\u0131 i\u00e7in yap\u0131lacak t\u00fcm g\u00f6r\u00fc\u015fmeleri destekleyecektir. CHP, K\u0131br\u0131s sorununun kal\u0131c\u0131 bir \u015fekilde \u00e7\u00f6z\u00fcme kavu\u015fmas\u0131 ve do\u011fu akdenizin bir bar\u0131\u015f havzas\u0131 haline gelmesi i\u00e7in t\u00fcm g\u00fcc\u00fcyle \u00e7al\u0131\u015facakt\u0131r.\u201d Yani bu, K\u0131br\u0131s halklar\u0131na g\u00fc\u00e7l\u00fc bir vurgu i\u00e7eren bir yakla\u015f\u0131m. Bunun sosyalist solun bahsetti\u011finiz form\u00fclasyonuyla \u00e7eli\u015fir bir taraf\u0131n\u0131 g\u00f6remiyorum. \u0130radeyi, vurguyu K\u0131br\u0131s halk\u0131na yapt\u0131\u011f\u0131n\u0131z zaman, e\u011fer K\u0131br\u0131s halklar\u0131 ger\u00e7ekten sosyalist solun belirtti\u011fi gibi, birle\u015fik, ba\u011f\u0131ms\u0131z, iki toplumlu bir K\u0131br\u0131s idealinde bulu\u015fursa, buna CHP bir \u015fey demeyecektir. Se\u00e7im bildirgemizde K\u0131br\u0131s halk\u0131n\u0131n T\u00fcrkiye ile olan ili\u015fkisi de K\u0131br\u0131s halk\u0131n\u0131n inisiyatifine b\u0131rak\u0131l\u0131yor. AKP gibi \u201cparan\u0131z\u0131 biz veriyoruz\u201d demiyor, \u00e7ok \u00e7irkin a\u015fa\u011f\u0131lay\u0131c\u0131 bir yakla\u015f\u0131m&#8230; Ya da \u201cK\u0131br\u0131s \u00f6nemli ama stratejik oldu\u011fu i\u00e7in \u00f6nemli\u201d demiyor CHP. K\u0131br\u0131s halk\u0131n\u0131n iradesine \u00e7ok g\u00fc\u00e7l\u00fc bir vurgu var. K\u0131br\u0131s sorunu, d\u00fcnyadaki pek \u00e7ok sorun gibi dinamik bir sorun, belki yeniden g\u00fcncellenmesi de gerekebilir.<span>\u00a0 <\/span>Ama CHP\u2019nin K\u0131br\u0131s sorunu ile ilgili \u015fu andaki ana \u00e7er\u00e7evesini sorunlu olarak g\u00f6rm\u00fcyorum. Bence siz de g\u00f6rmeyin&#8230; <\/span><\/p>\n<p class=\"MsoNormal\" style=\"margin-bottom: 0.0001pt; text-align: justify; line-height: 200%;\"><strong><span style=\"font-size: 11.5pt; line-height: 200%; font-family: Verdana;\">CHP\u2019nin burada<span>\u00a0 <\/span>bar\u0131\u015f\u0131 istemeyen, zaman zaman Taksim\u2019den yana, zaman zaman<span>\u00a0 <\/span>kktc\u2019ci veya TC\u2019ci, T\u00fcrk milliyet\u00e7ili\u011fi i\u00e7ierisinde geli\u015fen ulusal kanatla s\u0131cak ili\u015fkiler i\u00e7erisinde oldu\u011fu g\u00f6zlemleniyor.<\/span><\/strong><\/p>\n<p class=\"MsoNormal\" style=\"margin-bottom: 0.0001pt; text-align: justify; line-height: 200%;\"><span style=\"font-size: 11.5pt; line-height: 200%; font-family: Verdana;\">Partilerin g\u00f6r\u00fc\u015fleri programlar\u0131nda, se\u00e7im bildirgelerinde belirtilir. Ya da Genel Ba\u015fkanlar\u0131\u2019n\u0131n a\u00e7\u0131klamalar\u0131 vard\u0131r. Esas olan onlard\u0131r. Her parti i\u00e7erisinde \u015fu ya da bu \u015fekilde d\u00fc\u015f\u00fcnen ki\u015filer olabilir. Burada da \u00f6zellikle Annan Plan\u0131\u2019na g\u00fcneyden hay\u0131r \u00e7\u0131kmas\u0131yla zemin salland\u0131. <\/span><\/p>\n<p class=\"MsoNormal\" style=\"margin-bottom: 0.0001pt; text-align: justify; line-height: 200%;\"><strong><span style=\"font-size: 11.5pt; line-height: 200%; font-family: Verdana;\">Sizin i\u00e7inizden ge\u00e7en \u00e7\u00f6z\u00fcm nedir?<\/span><\/strong><\/p>\n<p class=\"MsoNormal\" style=\"margin-bottom: 0.0001pt; text-align: justify; line-height: 200%;\"><span style=\"font-size: 11.5pt; line-height: 200%; font-family: Verdana;\">\u015eu andaki ko\u015fullarda birle\u015fik, ba\u011f\u0131ms\u0131z, iki toplumlu, federatif bir yap\u0131y\u0131 do\u011frusu \u00e7ok fizib\u0131l g\u00f6rm\u00fcyorum. Ama G\u00fcney\u2019den dolay\u0131 g\u00f6rm\u00fcyorum; hay\u0131r \u00e7\u0131km\u0131\u015f olmas\u0131 bu konuda biraz daha zamana ihtiya\u00e7 oldu\u011funu g\u00f6steriyor. K\u0131br\u0131s\u2019\u0131n ba\u011f\u0131ms\u0131z, kendine yetebilen, kendi ayaklar\u0131 \u00fczerinde durabilen bir devlet olarak varl\u0131\u011f\u0131n\u0131 s\u00fcrd\u00fcrmesini istiyorsak, \u015fu andaki stat\u00fcn\u00fcn \u00e7ok s\u0131k\u0131nt\u0131l\u0131 oldu\u011funu da tesbit etmemiz laz\u0131m. Bir yandan ambargolarla bo\u011fu\u015fuyor, bir yandan G\u00fcney\u2019in AB\u2019ye tam \u00fcyeli\u011fi ile geli\u015fen yeni stat\u00fc bunu \u00e7ok zorluyor. Ben mevcut durumu ge\u00e7ici bir stat\u00fc olarak g\u00f6r\u00fcyorum. \u0130leride neler olur bilemiyorum ama K\u0131br\u0131s e\u011fer bu birlikte ya\u015fama iradesini g\u00f6sterirse bir b\u00fct\u00fcn olarak, san\u0131r\u0131m en ideal \u00e7\u00f6z\u00fcm bu olacakt\u0131r. Bu benim ki\u015fisel g\u00f6r\u00fc\u015f\u00fcm.<\/span><\/p>\n<p class=\"MsoNormal\" style=\"margin-bottom: 0.0001pt; text-align: justify; line-height: 200%;\"><strong><span style=\"font-size: 11.5pt; line-height: 200%; font-family: Verdana;\">En ideal \u00e7\u00f6z\u00fcm ba\u011f\u0131ms\u0131zl\u0131kt\u0131r diyor musunuz?<\/span><\/strong><\/p>\n<p class=\"MsoNormal\" style=\"margin-bottom: 0.0001pt; text-align: justify; line-height: 200%;\"><span style=\"font-size: 11.5pt; line-height: 200%; font-family: Verdana;\">Ku\u015fkusuz her \u00fclke i\u00e7in ayn\u0131s\u0131n\u0131 savunmak gerekir. Ama o olmayacaksa da farkl\u0131 bir stat\u00fcye evrilmek <span>\u00a0<\/span>gerekecek. \u015eu anki, \u00e7ok s\u00fcrd\u00fcr\u00fclebilir bir stat\u00fc de\u011fil. Fakat AB de, sanki G\u00fcney K\u0131br\u0131s da, T\u00fcrkiye de sorunu buz dolab\u0131na kald\u0131rm\u0131\u015f gibi g\u00f6r\u00fcn\u00fcyor. Ortado\u011fu\u2019nun yeniden \u015fekillenme s\u00fcrecinde belki yeniden tart\u0131\u015fma konusu yap\u0131labilirse&#8230; Do\u011fu Akdeniz\u2019de \u0130srail\u2019in G\u00fcney\u2019le birlikte, do\u011fal gaz ve petrol arama giri\u015fimi, arkas\u0131ndan T\u00fcrkiye\u2019nin m\u00fcnhas\u0131r ekonomik b\u00f6lge ilan etmesi&#8230; Bunlar\u0131n hepsi K\u0131br\u0131sl\u0131lar\u0131n \u00f6zne olarak de\u011fil de nesne olarak alg\u0131land\u0131\u011f\u0131n\u0131 g\u00f6steriyor. Buna G\u00fcney\u2019i de dahil edebilririz. <span>\u00a0<\/span>Benim ki\u015fisel olarak i\u00e7imden ge\u00e7en ve K\u0131br\u0131s\u2019taki i\u00e7 dinamiklerden de alg\u0131lad\u0131\u011f\u0131m do\u011fru \u00e7\u00f6z\u00fcm; ba\u011f\u0131ms\u0131z, birle\u015fik, e\u015fit bir yap\u0131. Burada mevcut durum nedeniyle T\u00fcrkiye\u2019nin garant\u00f6rl\u00fc\u011f\u00fc tart\u0131\u015f\u0131labilir. En az\u0131ndan belli sorunlar\u0131n \u00e7\u00f6z\u00fcmlenmesine kadar. Ama ideali ku\u015fkusuz bar\u0131\u015f i\u00e7erisinde birle\u015fik ba\u011f\u0131ms\u0131z K\u0131br\u0131s. Ama \u015fu ko\u015fullarda bu \u00e7ok fizibil midir tart\u0131\u015f\u0131l\u0131r&#8230; <\/span><\/p>\n<p class=\"MsoNormal\" style=\"margin-bottom: 0.0001pt; text-align: justify; line-height: 200%;\"><strong><span style=\"font-size: 11.5pt; line-height: 200%; font-family: Verdana;\">Son olarak eklemek istedi\u011finiz bir \u015fey&#8230;<\/span><\/strong><\/p>\n<p class=\"MsoNormal\" style=\"margin-bottom: 0.0001pt; text-align: justify; line-height: 200%;\"><span style=\"font-size: 11.5pt; line-height: 200%; font-family: Verdana;\">Burada olmaktan memnuniyetimi ve t\u00fcm K\u0131br\u0131sl\u0131lara sayg\u0131lar\u0131m\u0131 ileteyim.<\/span><\/p>\n<p class=\"MsoNormal\" style=\"margin-bottom: 0.0001pt; text-align: justify; line-height: 200%;\"><span style=\"font-size: 11.5pt; line-height: 200%; font-family: Verdana;\">\u00a0<\/span><\/p>\n<p class=\"MsoNormal\" style=\"margin-bottom: 0.0001pt; text-align: justify; line-height: 200%;\"><strong><span style=\"font-size: 11.5pt; line-height: 200%; font-family: Verdana;\">*Bu r\u00f6portaj ilk olarak 30 Aral\u0131k 2012 tarihinde, Afrika Pazar Ek\u2019inde yay\u0131nland\u0131.<\/span><\/strong><\/p>\n<p><!--[if gte mso 9]><xml>  <w:LatentStyles DefLockedState=\"false\" LatentStyleCount=\"156\">  <\/w:LatentStyles> <\/xml><![endif]--><!--[if gte mso 10]>\n\n\n<style>  \/* Style Definitions *\/  table.MsoNormalTable \t{mso-style-name:\"Table Normal\"; \tmso-tstyle-rowband-size:0; \tmso-tstyle-colband-size:0; \tmso-style-noshow:yes; \tmso-style-parent:\"\"; \tmso-padding-alt:0cm 5.4pt 0cm 5.4pt; \tmso-para-margin:0cm; \tmso-para-margin-bottom:.0001pt; \tmso-pagination:widow-orphan; \tfont-size:10.0pt; \tfont-family:\"Times New Roman\"; \tmso-ansi-language:#0400; \tmso-fareast-language:#0400; \tmso-bidi-language:#0400;} <\/style>\n\n <![endif]--><\/p>\n","protected":false},"excerpt":{"rendered":"<p>CHP milletvekili \u0130lhan Cihaner T\u00fcrkiye, AKP ve Ortado\u011fu\u2019yu de\u011ferlendirdi&#8230; \u201cAKP\u2019N\u0130N 10 YILLIK \u0130KT\u0130DARININ B\u0130LAN\u00c7OSU TAM B\u0130R F\u0130YASKO\u201d* CHP\u2019nin (Cumhuriyet Halk Partisi) i\u00e7inde, CHP\u2019nin solunda duran,<\/p>\n","protected":false},"author":1,"featured_media":0,"comment_status":"open","ping_status":"open","sticky":false,"template":"","format":"standard","meta":{"jetpack_post_was_ever_published":false,"_jetpack_newsletter_access":"","_jetpack_newsletter_tier_id":0,"jetpack_publicize_message":"","jetpack_is_tweetstorm":false,"jetpack_publicize_feature_enabled":true,"jetpack_social_post_already_shared":false,"jetpack_social_options":{"image_generator_settings":{"template":"highway","enabled":false}}},"categories":[43],"tags":[],"jetpack_publicize_connections":[],"jetpack_featured_media_url":"","jetpack_shortlink":"https:\/\/wp.me\/p4eHWX-q1","jetpack_sharing_enabled":true,"_links":{"self":[{"href":"https:\/\/baraka.cc\/index.php?rest_route=\/wp\/v2\/posts\/1613"}],"collection":[{"href":"https:\/\/baraka.cc\/index.php?rest_route=\/wp\/v2\/posts"}],"about":[{"href":"https:\/\/baraka.cc\/index.php?rest_route=\/wp\/v2\/types\/post"}],"author":[{"embeddable":true,"href":"https:\/\/baraka.cc\/index.php?rest_route=\/wp\/v2\/users\/1"}],"replies":[{"embeddable":true,"href":"https:\/\/baraka.cc\/index.php?rest_route=%2Fwp%2Fv2%2Fcomments&post=1613"}],"version-history":[{"count":1,"href":"https:\/\/baraka.cc\/index.php?rest_route=\/wp\/v2\/posts\/1613\/revisions"}],"predecessor-version":[{"id":1617,"href":"https:\/\/baraka.cc\/index.php?rest_route=\/wp\/v2\/posts\/1613\/revisions\/1617"}],"wp:attachment":[{"href":"https:\/\/baraka.cc\/index.php?rest_route=%2Fwp%2Fv2%2Fmedia&parent=1613"}],"wp:term":[{"taxonomy":"category","embeddable":true,"href":"https:\/\/baraka.cc\/index.php?rest_route=%2Fwp%2Fv2%2Fcategories&post=1613"},{"taxonomy":"post_tag","embeddable":true,"href":"https:\/\/baraka.cc\/index.php?rest_route=%2Fwp%2Fv2%2Ftags&post=1613"}],"curies":[{"name":"wp","href":"https:\/\/api.w.org\/{rel}","templated":true}]}}