{"id":1614,"date":"2012-12-21T14:52:13","date_gmt":"2012-12-21T12:52:13","guid":{"rendered":"https:\/\/baraka.cc\/?p=1614"},"modified":"2014-01-06T14:55:09","modified_gmt":"2014-01-06T12:55:09","slug":"akpden-oncekiler-kibrista-turkluge-vurgu-yapiyordu-akp-islama-daha-fazla-vurgu-yapiyor","status":"publish","type":"post","link":"https:\/\/baraka.cc\/?p=1614","title":{"rendered":"\u201cAKP\u2019den \u00f6ncekiler K\u0131br\u0131s\u2019ta T\u00fcrkl\u00fc\u011fe vurgu yap\u0131yordu, AKP \u0130slam\u2019a daha fazla vurgu yap\u0131yor\u201d*"},"content":{"rendered":"<p><!--[if gte mso 9]><xml>  <o:OfficeDocumentSettings>   <o:AllowPNG\/>  <\/o:OfficeDocumentSettings> <\/xml><![endif]--><\/p>\n<p class=\"MsoNormal\" style=\"text-align: justify; line-height: 200%;\"><span style=\"font-size: 11pt; line-height: 200%; font-family: 'Verdana','sans-serif';\">T\u00fcrkiye\u2019deki emek, \u00f6zg\u00fcrl\u00fck ve e\u015fitlik m\u00fccadelesinin \u00f6nemli adreslerinden olan \u00d6DP\u2019nin E\u015f Genel Ba\u015fkan\u0131 Alper Ta\u015f:<\/span><\/p>\n<p class=\"MsoNormal\" style=\"text-align: justify; line-height: 200%;\"><strong><span style=\"font-size: 11pt; line-height: 200%; font-family: 'Verdana','sans-serif';\">\u201cAKP\u2019den \u00f6ncekiler K\u0131br\u0131s\u2019ta T\u00fcrkl\u00fc\u011fe vurgu yap\u0131yordu, AKP \u0130slam\u2019a daha fazla vurgu yap\u0131yor\u201d*<\/span><\/strong><\/p>\n<p class=\"MsoNormal\" style=\"text-align: justify; line-height: 200%;\"><strong><span style=\"font-size: 11pt; line-height: 200%; font-family: 'Verdana','sans-serif';\">\u00a0<\/span><\/strong><\/p>\n<p class=\"MsoNormal\" style=\"text-align: justify; line-height: 200%;\"><a href=\"https:\/\/www.baraka.cc\/images\/stories\/ortadogupanel_rop4b.jpg\" target=\"_blank\"><img decoding=\"async\" loading=\"lazy\" alt=\" \" src=\"https:\/\/www.baraka.cc\/images\/stories\/ortadogupanel_rop4b.jpg\" width=\"200\" height=\"133\" align=\"left\" border=\"2\" \/><\/a> <span style=\"font-size: 11pt; line-height: 200%; font-family: 'Verdana','sans-serif';\">\u00d6zg\u00fcrl\u00fck ve Dayan\u0131\u015fma Partisi (\u00d6DP) bir d\u00f6nem T\u00fcrkiye solunun birle\u015fik siyasetinin adresi olmu\u015ftu. S\u00fcre\u00e7 i\u00e7erisinde ya\u015fanan ayr\u0131l\u0131klar ve b\u00f6l\u00fcnmeyle birlikte sol hareket de kazand\u0131\u011f\u0131 motivasyon ve morali kaybetti. Bug\u00fcnlerde \u00d6DP \u2018AKP\u2019yi y\u0131kal\u0131m T\u00fcrkiye\u2019yi yeniden kural\u0131m\u2019 \u015fiar\u0131yla yeniden bir toparlanma s\u00fcrecine girdi. <\/span><\/p>\n<p class=\"MsoNormal\" style=\"text-align: justify; line-height: 200%;\"><span style=\"font-size: 11pt; line-height: 200%; font-family: 'Verdana','sans-serif';\">\u00a0<\/span><\/p>\n<p class=\"MsoNormal\" style=\"text-align: justify; line-height: 200%;\"><span style=\"font-size: 11pt; line-height: 200%; font-family: 'Verdana','sans-serif';\">\u00d6DP E\u015f Genel Ba\u015fkan\u0131 Alper Ta\u015f, ge\u00e7ti\u011fimiz hafta Baraka\u2019n\u0131n d\u00fczenledi\u011fi Ortado\u011fu panelinde K\u0131br\u0131s\u2019\u0131n bir emek\u00e7i cumhuriyetine d\u00f6n\u00fc\u015ft\u00fcr\u00fclmesi gerekti\u011finin s\u00f6ylemi\u015fti. <\/span><\/p>\n<p class=\"MsoNormal\" style=\"text-align: justify; line-height: 200%;\"><span style=\"font-size: 11pt; line-height: 200%; font-family: 'Verdana','sans-serif';\">\u00a0<\/span><\/p>\n<p class=\"MsoNormal\" style=\"text-align: justify; line-height: 200%;\"><span style=\"font-size: 11pt; line-height: 200%; font-family: 'Verdana','sans-serif';\">Ada\u2019dan t\u00fcm yabanc\u0131 g\u00fc\u00e7lerin \u00e7\u0131kmas\u0131n\u0131 savunan Ta\u015f K\u0131br\u0131s\u2019\u0131n ba\u011f\u0131ms\u0131zl\u0131\u011f\u0131n\u0131n ko\u015fulunu da buna ba\u011fl\u0131yor. \u201c<\/span><span style=\"font-size: 11pt; line-height: 200%; font-family: 'Verdana','sans-serif';\">K\u0131br\u0131s\u2019\u0131 b\u00f6len de Amerikanc\u0131 Enosis politikalar\u0131yla, \u0130ngilizci Taksim politikalar\u0131yd\u0131. T\u00fcrkiye Yunanistan, ABD ve \u0130ngiltere, hepsi Ada halklar\u0131n\u0131n kendi kaderini belirlemesini engelleyen g\u00fc\u00e7ler. Bu g\u00fc\u00e7lerin etkisi azalt\u0131lmadan ba\u011f\u0131ms\u0131z ve birle\u015fik K\u0131br\u0131s\u2019a ula\u015f\u0131lmaz\u201d \u015feklinde g\u00f6r\u00fc\u015flerinin aktaran Ta\u015f, K\u0131br\u0131sl\u0131 T\u00fcrk halk\u0131n\u0131n m\u00fccadelesinin yan\u0131nda yer ald\u0131klar\u0131n\u0131 da ifade etti.<\/span><\/p>\n<p class=\"MsoNormal\" style=\"text-align: justify; line-height: 200%;\"><span style=\"font-size: 11pt; line-height: 200%; font-family: 'Verdana','sans-serif';\">\u00a0<\/span><\/p>\n<p class=\"MsoNormal\" style=\"text-align: justify; line-height: 200%;\"><span style=\"font-size: 11pt; line-height: 200%; font-family: 'Verdana','sans-serif';\">T\u00fcrkiye\u2019nin Ortado\u011fu b\u00f6lgesinde emperyalizmin aktif ta\u015feronu misyonunu ta\u015f\u0131d\u0131\u011f\u0131n\u0131 s\u00f6yleyen Ta\u015f, Ortado\u011fu\u2019da y\u00fcr\u00fct\u00fclen T\u00fcrkiye d\u0131\u015f politikas\u0131n\u0131n da ba\u015far\u0131s\u0131zl\u0131kla sonu\u00e7land\u0131\u011f\u0131n\u0131n alt\u0131n\u0131 \u00e7izdi.<\/span><\/p>\n<p class=\"MsoNormal\" style=\"text-align: justify; line-height: 200%;\"><span style=\"font-size: 11pt; line-height: 200%; font-family: 'Verdana','sans-serif';\">\u00a0<\/span><\/p>\n<p class=\"MsoNormal\" style=\"text-align: justify; line-height: 200%;\"><span style=\"font-size: 11pt; line-height: 200%; font-family: 'Verdana','sans-serif';\"><span>\u00a0<\/span><\/span><strong><span style=\"font-size: 11pt; line-height: 200%; font-family: 'Verdana','sans-serif';\">R\u00f6portaj: Hasan YIKICI<\/span><\/strong><\/p>\n<p class=\"MsoNormal\" style=\"text-align: justify; line-height: 200%;\"><span style=\"font-size: 11pt; line-height: 200%; font-family: 'Verdana','sans-serif';\">\u00a0<\/span><\/p>\n<p class=\"MsoNormal\" style=\"text-align: justify; line-height: 200%;\"><strong><span style=\"font-size: 11pt; line-height: 200%; font-family: 'Verdana','sans-serif';\">Bir s\u00f6yle\u015finizde \u015f\u00f6yle diyorsunuz: \u201c<\/span><\/strong><strong><span style=\"font-size: 11pt; line-height: 200%; font-family: 'Verdana','sans-serif';\">Emperyalizme ra\u011fmen emperyal bir vizyondan b\u00fct\u00fcn\u00fcyle s\u00f6z etmek, T\u00fcrkiye emperyalizmden ba\u011f\u0131ms\u0131z bir \u015fekilde b\u00f6lgede politika geli\u015ftiriyor, kendi ba\u011f\u0131ms\u0131z g\u00fcc\u00fcyle siyaset yap\u0131yor diye bir \u015fey s\u00f6z konusu de\u011fil.\u201d<\/span><\/strong><strong><span style=\"font-size: 11pt; line-height: 200%; font-family: 'Verdana','sans-serif';\"><span>\u00a0 <\/span>Bu <\/span><\/strong><strong><span style=\"font-size: 11pt; line-height: 200%; font-family: 'Verdana','sans-serif';\">kapsamada, sava\u015f tezkeresinin ge\u00e7mesiyle birlikte T\u00fcrkiye\u2019nin Ortado\u011fu\u2019da ne gibi bir misyona sahip oldu\u011funu s\u00f6yleyebiliriz?<\/span><\/strong><\/p>\n<p class=\"MsoNormal\" style=\"text-align: justify; line-height: 200%;\"><strong><span style=\"font-size: 11pt; line-height: 200%; font-family: 'Verdana','sans-serif';\">\u00a0<\/span><\/strong><\/p>\n<p class=\"MsoNormal\" style=\"text-align: justify; line-height: 200%;\"><span style=\"font-size: 11pt; line-height: 200%; font-family: 'Verdana','sans-serif';\">T\u00fcrkiye Cumhuriyeti devleti AKP\u2019siyle, sermayesiyle ve yeni yap\u0131land\u0131r\u0131lan ordusuyla uzun zamandan bu yana bir b\u00f6lgesel g\u00fc\u00e7 olma hedefi ve stratejisiyle hareket ediyor.<span>\u00a0 <\/span>\u00d6zellikle ikiz kulelerin vurulmas\u0131ndan sonraki s\u00fcre\u00e7te AKP gibi bir parti b\u00f6yle bir siyasetin ta\u015f\u0131y\u0131c\u0131s\u0131 oldu. Yani b\u00f6lgenin emperyalizmin ihtiya\u00e7lar\u0131 do\u011frultusunda yeniden yap\u0131land\u0131r\u0131lmas\u0131 i\u00e7in bir model ortak yakla\u015f\u0131m\u0131 i\u00e7erisine girdi. Obama\u2019n\u0131n TBMM\u2019ye yapt\u0131\u011f\u0131 ziyaretle T\u00fcrkiye ile emperyalizm, ABD aras\u0131ndaki ili\u015fkileri bir stratejik ili\u015fkiden daha \u00f6te bir model ortakl\u0131k ili\u015fkisine do\u011fru ta\u015f\u0131nd\u0131. Ve bu model ortakl\u0131k projesi \u00e7er\u00e7evesinde b\u00f6lgenin \u0130slam co\u011frafyas\u0131n\u0131n yeniden yap\u0131land\u0131r\u0131lmas\u0131, emperyalizmin ihtiya\u00e7lar\u0131 do\u011frultusunda yeniden dizayn edilmesi do\u011frultusunda TC \u00f6nemli bir rol ald\u0131. Do\u011fal olarak bir b\u00f6lgesel g\u00fc\u00e7 olma siyaseti, b\u00f6lgenin ana g\u00fc\u00e7 olma siyaseti T\u00fcrkiye egemenlerinin temel siyaseti haline geldi. <\/span><\/p>\n<p class=\"MsoNormal\" style=\"text-align: justify; line-height: 200%;\"><span style=\"font-size: 11pt; line-height: 200%; font-family: 'Verdana','sans-serif';\">\u00a0<\/span><\/p>\n<p class=\"MsoNormal\" style=\"text-align: justify; line-height: 200%;\"><strong><span style=\"font-size: 11pt; line-height: 200%; font-family: 'Verdana','sans-serif';\">Peki T\u00fcrkiye\u2019nin Ortado\u011fu\u2019da emperyalizmden ba\u011f\u0131ms\u0131z hareket edebildi\u011finden bahsedebilir miyiz?<\/span><\/strong><\/p>\n<p class=\"MsoNormal\" style=\"text-align: justify; line-height: 200%;\"><span style=\"font-size: 11pt; line-height: 200%; font-family: 'Verdana','sans-serif';\">\u015eimdi bu tabii emperyalizmden ba\u011f\u0131ms\u0131z bir rol alma yakla\u015f\u0131m\u0131 de\u011fil elbette. Bunun ad\u0131n\u0131 biz T\u00fcrkiye solunda \u2018aktif ta\u015feronluk\u2019 olarak tan\u0131ml\u0131yoruz. Ama baz\u0131 \u00e7atlaklardan da yararlanmad\u0131\u011f\u0131 anlam\u0131na gelmez bu. \u00c7\u00fcnk\u00fc<span>\u00a0 <\/span>\u00dclkenin yer ald\u0131\u011f\u0131 co\u011frafya 21.yy\u2019\u0131n ana hegemonya kavgas\u0131n\u0131n emperyalist g\u00fc\u00e7ler aras\u0131nda s\u00fcrd\u00fc\u011f\u00fc bir co\u011frafya. Bu co\u011frafyada AKP; Avrasyac\u0131 ve Atlantik\u00e7i kesimler, emperyalistler aras\u0131 \u00e7eli\u015fkilerinden hareket ederek, zaman zaman bu \u00e7atlaklardan yararlanarak \u00f6zerk hamleler de yapmaya \u00e7al\u0131\u015f\u0131yor. <\/span><\/p>\n<p class=\"MsoNormal\" style=\"text-align: justify; line-height: 200%;\"><span style=\"font-size: 11pt; line-height: 200%; font-family: 'Verdana','sans-serif';\">\u00a0<\/span><\/p>\n<p class=\"MsoNormal\" style=\"text-align: justify; line-height: 200%;\"><strong><span style=\"font-size: 11pt; line-height: 200%; font-family: 'Verdana','sans-serif';\">Emperyal emelleri var diyebilir miyiz yani?<\/span><\/strong><\/p>\n<p class=\"MsoNormal\" style=\"text-align: justify; line-height: 200%;\"><span style=\"font-size: 11pt; line-height: 200%; font-family: 'Verdana','sans-serif';\">Evet, emperyal bir vizyonla hareket ediyor. Neo-osmanl\u0131c\u0131l\u0131k b\u00f6yle bir \u015fey. Yani bir t\u00fcr eski Osmanl\u0131 co\u011frafyas\u0131na h\u00fckmetme, o alanda bir hegemonya olu\u015fturmak. <\/span><\/p>\n<p class=\"MsoNormal\" style=\"text-align: justify; line-height: 200%;\"><span style=\"font-size: 11pt; line-height: 200%; font-family: 'Verdana','sans-serif';\">\u015eimdi, tabii b\u00f6yle bir siyaset konusundaki en ciddi s\u0131nav\u0131 Suriye meselesinde oldu. Suriye meselesi kendisi i\u00e7in, bu b\u00f6lgesel g\u00fc\u00e7 olma hedefi konusunda \u00f6nemli bir r\u00fc\u015ft ispat etme alan\u0131 olarak g\u00f6rd\u00fc. <span>\u00a0<\/span><\/span><\/p>\n<p class=\"MsoNormal\" style=\"text-align: justify; line-height: 200%;\"><span style=\"font-size: 11pt; line-height: 200%; font-family: 'Verdana','sans-serif';\">\u00a0<\/span><\/p>\n<p class=\"MsoNormal\" style=\"text-align: justify; line-height: 200%;\"><span style=\"font-size: 11pt; line-height: 200%; font-family: 'Verdana','sans-serif';\">ABD art\u0131k b\u00f6lgeden askeri varl\u0131\u011f\u0131n\u0131 \u00e7ekerek, \u00c7in\u2019i \u00e7evrelemek amac\u0131yla Asya-Pasifik hatt\u0131na kayd\u0131rd\u0131. Bunu yaparken de b\u00f6lgeyi kendine yak\u0131n g\u00fc\u00e7lerin inisiyatifine b\u0131rakt\u0131. Bu g\u00fc\u00e7lerden biri de T\u00fcrkiye\u2019dir. <\/span><\/p>\n<p class=\"MsoNormal\" style=\"text-align: justify; line-height: 200%;\"><span style=\"font-size: 11pt; line-height: 200%; font-family: 'Verdana','sans-serif';\">Bunu kendisine f\u0131rsat bilen AKP, b\u00f6lgedeki g\u00fcc\u00fcn\u00fc peki\u015ftirmek ve y\u00fckseltmek i\u00e7in Suriye meselesinde, Esad rejimini devirmeye y\u00f6nelik muhalefeti kendi topraklar\u0131nda \u00f6rg\u00fctledi. Esad\u2019\u0131n i\u015fini bitirip kurucu bir akt\u00f6r olarak belirmek amac\u0131ndayd\u0131lar.<\/span><\/p>\n<p class=\"MsoNormal\" style=\"text-align: justify; line-height: 200%;\"><span style=\"font-size: 11pt; line-height: 200%; font-family: 'Verdana','sans-serif';\"><span>\u00a0<\/span><\/span><\/p>\n<p class=\"MsoNormal\" style=\"text-align: justify; line-height: 200%;\"><span style=\"font-size: 11pt; line-height: 200%; font-family: 'Verdana','sans-serif';\">\u00a0<\/span><\/p>\n<p class=\"MsoNormal\" style=\"text-align: justify; line-height: 200%;\"><span style=\"font-size: 11pt; line-height: 200%; font-family: 'Verdana','sans-serif';\">Fakat bu konuda bir krizle kar\u015f\u0131 kar\u015f\u0131ya kal\u0131nca, ki kald\u0131, b\u00f6lgesel g\u00fc\u00e7 olama hedefi \u00f6nemli oranda yaraland\u0131. Geli\u015fmeler ortaya \u00e7\u0131kartt\u0131 ki AKP kraldan fazla kralc\u0131l\u0131kla ve yanl\u0131\u015f taktiklerle bu s\u00fcrecin \u00fcstesinden gelemedi. B\u00f6lgesel g\u00fc\u00e7 olma hedefi b\u00fcy\u00fck yara ald\u0131. Yani stratejik derinlik stratejik bir fiyaskoyla kar\u015f\u0131 kar\u015f\u0131ya kald\u0131.<\/span><\/p>\n<p class=\"MsoNormal\" style=\"text-align: justify; line-height: 200%;\"><span style=\"font-size: 11pt; line-height: 200%; font-family: 'Verdana','sans-serif';\">\u00a0<\/span><\/p>\n<p class=\"MsoNormal\" style=\"text-align: justify; line-height: 200%;\"><span style=\"font-size: 11pt; line-height: 200%; font-family: 'Verdana','sans-serif';\">\u015eimdi burada bir b\u00f6lge g\u00fcc\u00fc olarak AKP modelini kendine \u00f6rnek alan M\u0131s\u0131r \u00f6n plana \u00e7\u0131k\u0131yor. Nursi \u00f6nderli\u011findeki M\u0131s\u0131r, Gazze sald\u0131r\u0131lar\u0131 sonras\u0131 sa\u011flanan ate\u015fkesle birlikte b\u00f6lgenin yeniden bir y\u0131ld\u0131z\u0131 haline d\u00f6n\u00fc\u015ft\u00fcr\u00fcl\u00fcyor. O y\u00fczden T\u00fcrkiye bu b\u00f6lgesel g\u00fc\u00e7 olma hedefini, emperyalizmin ihtiya\u00e7lar\u0131n\u0131 da g\u00f6zeterek yapabilme kudretini kaybetti\u011finden dolay\u0131, \u015fimdi b\u00f6lgesel g\u00fc\u00e7ler ittifak\u0131 olu\u015fturulmaya \u00e7al\u0131\u015f\u0131l\u0131yor.<\/span><\/p>\n<p class=\"MsoNormal\" style=\"text-align: justify; line-height: 200%;\"><span style=\"font-size: 11pt; line-height: 200%; font-family: 'Verdana','sans-serif';\">Bu da san\u0131r\u0131m M\u0131s\u0131r, T\u00fcrkiye, Katar ve Suudi Arabistan ekseni \u00fczerinde olu\u015facak. T\u00fcrkiye art\u0131k tek ba\u015f\u0131na yapmay\u0131<span>\u00a0 <\/span>denedi\u011fi ama yapamad\u0131\u011f\u0131 emperyalizmin b\u00f6lgeyi dizayn etme konusundaki ko\u00e7 ba\u015f\u0131 rol\u00fcn\u00fc di\u011fer<span>\u00a0 <\/span>g\u00fc\u00e7lerle beraber payla\u015farak, Amerikanc\u0131 bir \u0130slami hareketin, emperyalizmle uyumlu bir \u0130slami hareketin, \u0130srail\u2019in g\u00fcvenli\u011fini azami \u00f6l\u00e7\u00fcde g\u00f6z \u00f6n\u00fcnde bulunduran, bunu riske atmayacak bir \u0131l\u0131ml\u0131 \u0130slamc\u0131l\u0131\u011f\u0131 b\u00f6lgeye yayamaya \u00e7al\u0131\u015facak.<\/span><\/p>\n<p class=\"MsoNormal\" style=\"text-align: justify; line-height: 200%;\"><span style=\"font-size: 11pt; line-height: 200%; font-family: 'Verdana','sans-serif';\">\u00a0<\/span><\/p>\n<p class=\"MsoNormal\" style=\"text-align: justify; line-height: 200%;\"><strong><span style=\"font-size: 11pt; line-height: 200%; font-family: 'Verdana','sans-serif';\">Yani neo Osmanl\u0131c\u0131 hayallerin bitmedi\u011fini fakat ili\u015fki dengelerinin de\u011fi\u015fti\u011fini s\u00f6yleyebiliriz.<\/span><\/strong><\/p>\n<p class=\"MsoNormal\" style=\"text-align: justify; line-height: 200%;\"><span style=\"font-size: 11pt; line-height: 200%; font-family: 'Verdana','sans-serif';\">Bitmedi, bi\u00e7im de\u011fi\u015ftirdi. AKP bu hedefinden vazge\u00e7mi\u015f de\u011fil. \u00c7\u00fcnk\u00fc Tayyip Erdo\u011fan en son yapt\u0131\u011f\u0131 se\u00e7im konu\u015fmas\u0131nda hep bu vurguyu yapt\u0131. Ustal\u0131k d\u00f6nemi dedi\u011fi asl\u0131nda b\u00f6lgesel akt\u00f6r olma hedefidir. Bu siyaseti ba\u015fta yumu\u015fak d\u00fc\u015flerle yapacaklar\u0131n\u0131 s\u00f6ylediler. Ama b\u00f6lgesel g\u00fc\u00e7 olma bu yumu\u015fak ara\u00e7larla m\u00fcmk\u00fcn de\u011fil. Do\u011fal olarak b\u00f6lgeye d\u00f6n\u00fck daha sert ara\u00e7larla yani askeri ara\u00e7larla yakla\u015fmaya ba\u015flad\u0131. Bir b\u00f6lge g\u00fcc\u00fc olma ve yeni-osmanl\u0131c\u0131l\u0131\u011f\u0131 yayg\u0131nla\u015ft\u0131rma e\u011filiminin en somut \u00f6rne\u011fi Suriye meselesinde ya\u015fand\u0131. <\/span><\/p>\n<p class=\"MsoNormal\" style=\"text-align: justify; line-height: 200%;\"><span style=\"font-size: 11pt; line-height: 200%; font-family: 'Verdana','sans-serif';\">Suriye\u2019ye do\u011frudan bir m\u00fcdahale i\u00e7erisinde olmamakla beraber T\u00fcrkiye, Suriye\u2019nin hem askeri muhalefetini hem de politik muhalefetini kendi topraklar\u0131nda \u00f6rg\u00fctledi. Bu konuda T\u00fcrkiye\u2019ye bir de rol verildi. Ama ortaya \u00e7\u0131kan tablo T\u00fcrkiye\u2019nin bu rol\u00fc oynayamad\u0131\u011f\u0131d\u0131r. Suriye muhalefetin merkezi Katar\u2019a ta\u015f\u0131nd\u0131 ve Suriye ulusal konseyi yeniden yap\u0131land\u0131r\u0131ld\u0131.<span>\u00a0 <\/span>Bu T\u00fcrkiye\u2019nin b\u00fct\u00fcn\u00fcyle s\u00fcrecin d\u0131\u015f\u0131nda b\u0131rak\u0131ld\u0131\u011f\u0131 anlam\u0131na gelmiyor. Fakat daha \u00f6nce T\u00fcrkiye\u2019nin belirleyicisi oldu\u011fu s\u00fcre\u00e7 art\u0131k daha kolektif g\u00fc\u00e7lerce, bir koalisyon olarak y\u00fcr\u00fct\u00fclmeye ba\u015fland\u0131.<\/span><\/p>\n<p class=\"MsoNormal\" style=\"text-align: justify; line-height: 200%;\"><span style=\"font-size: 11pt; line-height: 200%; font-family: 'Verdana','sans-serif';\">\u00a0<\/span><\/p>\n<p class=\"MsoNormal\" style=\"text-align: justify; line-height: 200%;\"><a href=\"https:\/\/www.baraka.cc\/images\/stories\/ortadogupanel_rop4a.jpg\" target=\"_blank\"><img decoding=\"async\" alt=\" \" src=\"https:\/\/www.baraka.cc\/images\/stories\/ortadogupanel_rop4a.jpg\" width=\"200\" align=\"left\" border=\"2\" \/><\/a> <strong><span style=\"font-size: 11pt; line-height: 200%; font-family: 'Verdana','sans-serif';\">Ortado\u011fu ayn\u0131 zamanda halk hareketleriyle de kayn\u0131yor. Belki en do\u011frusu farkl\u0131 \u00fclkelerdeki hareketleri fark\u0131l\u0131 farkl\u0131 bir de\u011ferlendirmeye tabii tutmakt\u0131r. Fakat genel olarak orada bir \u2018devrim ya\u015fan\u0131yor\u2019 diyenler de var di\u011fer yandan oradaki \u00e7at\u0131\u015fmalar\u0131 Atlantik\u00e7ilerle Avrasyac\u0131lar aras\u0131nda bir iktidar olma kavgas\u0131 olarak yorumlay\u0131p Esad gibi rejimlere anti-emperyalist anlamlar katanlar da var. Siz ya\u015fanan ayaklanmalar\u0131 ve geldi\u011fi noktay\u0131 nas\u0131l de\u011ferlendiriyorsunuz?<\/span><\/strong><\/p>\n<p class=\"MsoNormal\" style=\"text-align: justify; line-height: 200%;\"><strong><span style=\"font-size: 11pt; line-height: 200%; font-family: 'Verdana','sans-serif';\">\u00a0<\/span><\/strong><\/p>\n<p class=\"MsoNormal\" style=\"text-align: justify; line-height: 200%;\"><span style=\"font-size: 11pt; line-height: 200%; font-family: 'Verdana','sans-serif';\">Genel hatlar\u0131yla bu Arap Bahar\u0131 diye ifade edilen s\u00fcrece bakt\u0131\u011f\u0131m\u0131zda, \u00f6zellikle Tunus\u2019ta ba\u015flayan M\u0131s\u0131r, Libya, Suriye, Yemen, bir y\u00f6n\u00fcyle Bahreyn\u2019de olan geli\u015fmelere b\u00fct\u00fcnl\u00fckl\u00fc olarak bakt\u0131\u011f\u0131m\u0131zda sol i\u00e7indeki de\u011fi\u015fi kesimlerdeki tart\u0131\u015fma iki e\u011filim olarak ortaya \u00e7\u0131kt\u0131. Az \u00f6nce siz de ifade ettiniz. Bir kesim bunu devrimci<span>\u00a0 <\/span>dalga, devrimler ortaya \u00e7\u0131k\u0131yor gibi bir yakla\u015f\u0131mla, fazlas\u0131yla abartarak, bir tan\u0131m yapt\u0131. <\/span><\/p>\n<p class=\"MsoNormal\" style=\"text-align: justify; line-height: 200%;\"><span style=\"font-size: 11pt; line-height: 200%; font-family: 'Verdana','sans-serif';\">Di\u011fer yan\u0131yla da olan biteni emperyalizmin bir komplosu, emperyalizmin bir t\u00fcr b\u00f6lgeyi dizayn siyaseti olarak ele alan bir yakla\u015f\u0131m da ortaya \u00e7\u0131kt\u0131. <\/span><\/p>\n<p class=\"MsoNormal\" style=\"text-align: justify; line-height: 200%;\"><span style=\"font-size: 11pt; line-height: 200%; font-family: 'Verdana','sans-serif';\">Biri b\u00f6lgenin i\u00e7 dinamiklerine abart\u0131l\u0131 rol bi\u00e7ti, di\u011feri ise d\u0131\u015f dinamiklere abart\u0131l\u0131 rol bi\u00e7ti. Bu iki u\u00e7 e\u011filim de do\u011fru de\u011fil bence. <\/span><\/p>\n<p class=\"MsoNormal\" style=\"text-align: justify; line-height: 200%;\"><span style=\"font-size: 11pt; line-height: 200%; font-family: 'Verdana','sans-serif';\">Her \u00fclkenin kendine ait bir \u00f6zg\u00fcnl\u00fc\u011f\u00fc var. Birbirine benzemiyor. Ama sonu\u00e7ta \u015funu s\u00f6ylemek laz\u0131m. Y\u0131llard\u0131r ezilen, s\u00f6m\u00fcr\u00fclen, diktat\u00f6rler taraf\u0131ndan y\u00f6netilen ama giderek son d\u00f6nemlerde neoliberal politikalarla da daha da fazla s\u00f6m\u00fcr\u00fclen, aya\u011fa kalkamaz, hakk\u0131n\u0131 isteyemez, isyan edemez denilen, tembellikle, miskinlikle, kadercilikle su\u00e7lanan halklar aya\u011fa kalkt\u0131. Birincisi bunun \u00f6nemini g\u00f6rmek laz\u0131m, alt\u0131n\u0131 \u00e7izmek laz\u0131m. <\/span><\/p>\n<p class=\"MsoNormal\" style=\"text-align: justify; line-height: 200%;\"><span style=\"font-size: 11pt; line-height: 200%; font-family: 'Verdana','sans-serif';\">M\u0131s\u0131r ve Tunus\u2019ta ortaya \u00e7\u0131kan geli\u015fmeler bir halk hareketi olarak ortaya \u00e7\u0131kt\u0131. Bunlar ABD emperyalizminin komplosu olarak ortaya \u00e7\u0131kan geli\u015fmeler de\u011fildir. Tam tersine M\u00fcbarek ve Binali rejimine kar\u015f\u0131 birikmi\u015f \u00f6fkenin ve bu yap\u0131lar\u0131n ortaya \u00e7\u0131kartt\u0131\u011f\u0131 s\u00f6m\u00fcr\u00fcn\u00fcn, neoliberal yoksulla\u015ft\u0131rma politikalar\u0131n\u0131n sonucu olarak halklar bu diktat\u00f6rl\u00fcklere isyan etti. Bunu g\u00f6rmek laz\u0131m.<\/span><\/p>\n<p class=\"MsoNormal\" style=\"text-align: justify; line-height: 200%;\"><span style=\"font-size: 11pt; line-height: 200%; font-family: 'Verdana','sans-serif';\">ABD durumu \u00f6nce anlayamad\u0131 zaten. Sonra bu s\u00fcrecin b\u00fct\u00fcn\u00fcyle emperyalist-kapitalist sisteme kar\u015f\u0131 bir tehlike haline gelmemesi noktas\u0131nda kontroll\u00fc bir s\u00fcre\u00e7 \u00f6rg\u00fctlemeye \u00e7al\u0131\u015ft\u0131. Bunu \u00f6zellikle M\u0131s\u0131rda ordu eliyle yapmaya \u00e7al\u0131\u015ft\u0131. Sonu\u00e7ta bu ayaklanmalar\u0131n ciddi bir anti-emperyalist ve anti-kapitalist kalk\u0131\u015fmaya evrilmesini \u00f6nlemek i\u00e7in bir t\u00fcr kendi kontrol\u00fcndeki reforum ad\u0131mlar\u0131na y\u00f6n verdi. Ve daha \u00f6nce kendisinin besledi\u011fi, kendisinin b\u00fcy\u00fctt\u00fc\u011f\u00fc diktat\u00f6rlerden vazge\u00e7ti. Yani art\u0131k o atlarla y\u00fcr\u00fcme \u015fans\u0131 yoktu, atlar\u0131 de\u011fi\u015ftirme ihtiyac\u0131n\u0131 ortaya koydu. \u015eimdi do\u011fal olarak orada tarih bitmi\u015f de\u011fil. Bir emperyalist m\u00fcdahale oldu. Fakat orada s\u00fcre\u00e7 bitmi\u015f de\u011fil. M\u0131s\u0131r\u2019da bug\u00fcn ya\u015fananlar o s\u00fcrecin, s\u0131n\u0131f m\u00fccadelesinin devam etti\u011fini ortaya koyuyor.<\/span><\/p>\n<p class=\"MsoNormal\" style=\"text-align: justify; line-height: 200%;\"><span style=\"font-size: 11pt; line-height: 200%; font-family: 'Verdana','sans-serif';\">\u00a0<\/span><\/p>\n<p class=\"MsoNormal\" style=\"text-align: justify; line-height: 200%;\"><strong><span style=\"font-size: 11pt; line-height: 200%; font-family: 'Verdana','sans-serif';\">Dalga dalga geli\u015fen bir s\u00fcre\u00e7 var orada.<\/span><\/strong><\/p>\n<p class=\"MsoNormal\" style=\"text-align: justify; line-height: 200%;\"><span style=\"font-size: 11pt; line-height: 200%; font-family: 'Verdana','sans-serif';\">Mesela Tahrir isyan\u0131 birincisi M\u00fcbarek\u2019e kar\u015f\u0131yd\u0131. \u0130kincisi orduya kar\u015f\u0131 oldu. Orduya kar\u015f\u0131 M\u00fcsl\u00fcman Karde\u015fler hi\u00e7 sesini \u00e7\u0131kartmad\u0131. Ama \u015fimdi \u00fc\u00e7\u00fcnc\u00fc Tahrir ayaklanmas\u0131 Nursi\u2019ye ve M\u00fcsl\u00fcman Karde\u015flere kar\u015f\u0131. Do\u011fal olarak orada s\u0131n\u0131f m\u00fccadelesi devam ediyor. Daha da devem edecek gibi g\u00f6z\u00fck\u00fcyor. Ama \u015fu an Nursi inisiyatifiyle emperyalist g\u00fc\u00e7lerin M\u0131s\u0131r\u2019\u0131 yeniden yap\u0131land\u0131rmalar\u0131n\u0131n ortaya \u00e7\u0131kt\u0131\u011f\u0131n\u0131 g\u00f6r\u00fcyoruz. <\/span><\/p>\n<p class=\"MsoNormal\" style=\"text-align: justify; line-height: 200%;\"><span style=\"font-size: 11pt; line-height: 200%; font-family: 'Verdana','sans-serif';\">Tunus\u2019da yine halk muhalefeti dinmi\u015f de\u011fil. Fakat Libya\u2019da ya\u015fanan ba\u015fka bir \u015fey. Halk ho\u015fnutsuzluklar\u0131 do\u011frudan emperyalist m\u00fcdahale ile \u015fekillendirildi. Suriye\u2019de de ayaklanmalar ba\u015flang\u0131\u00e7ta bir yoksul halk hareketi olarak geli\u015fti fakat bu yoksul halk hareketinin y\u00fcr\u00fctt\u00fc\u011f\u00fc bar\u0131\u015f\u00e7\u0131l ve demokratik m\u00fccadele kar\u015f\u0131s\u0131nda \u00f6zellikle M\u00fcsl\u00fcman karde\u015fler ve \u0130slami g\u00fc\u00e7ler vas\u0131tas\u0131yla bu muhalefet ba\u015fka t\u00fcrl\u00fc bir muhalefete d\u00f6n\u00fc\u015ft\u00fcr\u00fcld\u00fc ve Esad\u2019a kar\u015f\u0131 daha demokratik muhalefetin s\u00fcrd\u00fcr\u00fcc\u00fcleri geri plan\u0131 \u00e7ekildi. <\/span><\/p>\n<p class=\"MsoNormal\" style=\"text-align: justify; line-height: 200%;\"><span style=\"font-size: 11pt; line-height: 200%; font-family: 'Verdana','sans-serif';\">Yani bu emperyalist m\u00fcdahale zaten \u00f6ncelikli olarak Suriye halk\u0131n\u0131n kendi kaderini tayin etmesini engelledi. Yoksa Suriye halk\u0131 kendi kaderini tayin ederek, demokratik muhalefet zeminini b\u00fcy\u00fct\u00fcyordu. Buna d\u0131\u015far\u0131dan geli\u015ftirilen askeri m\u00fcdahale Suriye\u2019deki s\u00fcrecin demokratik bir bi\u00e7imde sonu\u00e7lanmas\u0131n\u0131 sekteye u\u011fratt\u0131. Tamam\u0131yla etnik ve mezhepsek bir \u00e7at\u0131\u015fmaya, gerici bir i\u00e7 sava\u015fa do\u011fru giden yolu d\u00f6\u015fedi.<\/span><\/p>\n<p class=\"MsoNormal\" style=\"text-align: justify; line-height: 200%;\"><span style=\"font-size: 11pt; line-height: 200%; font-family: 'Verdana','sans-serif';\">\u00a0<\/span><\/p>\n<p class=\"MsoNormal\" style=\"text-align: justify; line-height: 200%;\"><strong><span style=\"font-size: 11pt; line-height: 200%; font-family: 'Verdana','sans-serif';\">B\u00f6lgedeki emperyalist g\u00fc\u00e7leri tan\u0131mlar m\u0131s\u0131n\u0131z?<\/span><\/strong><\/p>\n<p class=\"MsoNormal\" style=\"text-align: justify; line-height: 200%;\"><span style=\"font-size: 11pt; line-height: 200%; font-family: 'Verdana','sans-serif';\">Kavga belli. B\u00f6lgede iki g\u00fc\u00e7 var. Biri Amerikanc\u0131 g\u00fc\u00e7ler. Bunlar Kuveyt, Suudi Arabistan ve T\u00fcrkiye ve Katar\u2019d\u0131r. <\/span><\/p>\n<p class=\"MsoNormal\" style=\"text-align: justify; line-height: 200%;\"><span style=\"font-size: 11pt; line-height: 200%; font-family: 'Verdana','sans-serif';\">Di\u011fer taraftan da \u0130ran, Suriye Hizbullah ve Filistin\u2019deki Hamas. <\/span><\/p>\n<p class=\"MsoNormal\" style=\"text-align: justify; line-height: 200%;\"><span style=\"font-size: 11pt; line-height: 200%; font-family: 'Verdana','sans-serif';\">Buradaki ama\u00e7 bu cepheyi zay\u0131flatmak. Suriye\u2019yi d\u00fc\u015f\u00fcrd\u00fckten sonra zaten L\u00fcbnan Hizbullah\u2019\u0131n\u0131 bitirecekler. Hamas\u2019\u0131 zaten son Gazze operasyonu ile Bat\u0131c\u0131 eksene do\u011fru \u00e7ektiler. Zaten Hamas, karargah\u0131n\u0131 Suriye\u2019den Katar\u2019a ta\u015f\u0131m\u0131\u015ft\u0131. Buradan bakt\u0131\u011f\u0131m\u0131zda Hamas da bir bi\u00e7imde bu cepheye al\u0131n\u0131yor. Ve son noktada da \u0130ran\u2019\u0131n ku\u015fat\u0131lmas\u0131yla kar\u015f\u0131 kar\u015f\u0131ya kalaca\u011f\u0131z. B\u00f6lge piyasa toplumuna a\u00e7\u0131lacak, ABD ile uyumlu, \u0131l\u0131ml\u0131 \u0130slamc\u0131 bir \u015fekilde yap\u0131land\u0131r\u0131lacak.<\/span><\/p>\n<p class=\"MsoNormal\" style=\"text-align: justify; line-height: 200%;\"><span style=\"font-size: 11pt; line-height: 200%; font-family: 'Verdana','sans-serif';\">Do\u011fal olarak da burada AKP modeli bir t\u00fcr M\u00fcsl\u00fcman Karde\u015fler modeline d\u00f6n\u00fc\u015ft\u00fcr\u00fclecek. T\u00fcrkiye\u2019de AKP eliyle yap\u0131lan b\u00f6lgede M\u00fcsl\u00fcman Karde\u015fler eliyle yap\u0131lacak. Bu konuda da bir noktada emperyalizmin lehine olumlu bir havan\u0131n g\u00f6r\u00fcn\u00fcr oldu\u011fundan bahsedebiliriz. Ama s\u00fcre\u00e7 devam ediyor. O y\u00fczden s\u00fcre\u00e7ten emek\u00e7iler, ezilenler lehine neler olabilir, neler geli\u015febilir bunlar bizim a\u00e7\u0131m\u0131zdan \u00f6nemli. <\/span><\/p>\n<p class=\"MsoNormal\" style=\"text-align: justify; line-height: 200%;\"><span style=\"font-size: 11pt; line-height: 200%; font-family: 'Verdana','sans-serif';\">Bamba\u015fka dinamiklerle b\u00f6lgenin daha demokratikle\u015fmesi, emek eksenli bir b\u00f6lge haline gelmesi hepimizin beklentisi. Ama biraz da ger\u00e7ek\u00e7i olmak gerekirse uzun y\u0131llard\u0131r b\u00f6lgenin ilerici dinamikleri geriletildi; So\u011fuk Sava\u015f d\u00f6nemi boyunca olduk\u00e7a budand\u0131, tasfiye edildi, ezildi ve bast\u0131r\u0131ld\u0131. <\/span><\/p>\n<p class=\"MsoNormal\" style=\"text-align: justify; line-height: 200%;\"><span style=\"font-size: 11pt; line-height: 200%; font-family: 'Verdana','sans-serif';\">\u00a0<\/span><\/p>\n<p class=\"MsoNormal\" style=\"text-align: justify; line-height: 200%;\"><span style=\"font-size: 11pt; line-height: 200%; font-family: 'Verdana','sans-serif';\">B\u00fct\u00fcnl\u00fckl\u00fc bakt\u0131\u011f\u0131m\u0131zda neoliberalizmin tahribat\u0131 G\u00fcney Amerika\u2019da, o tarihsel m\u00fccadele gelene\u011finin bir \u00fcr\u00fcn\u00fc olarak solcu, halk\u00e7\u0131 h\u00fck\u00fcmetler ve <span>\u00a0<\/span>iktidarlar yarat\u0131rken;<span>\u00a0 <\/span>Ortado\u011fu\u2019da bu neoliberalizme kar\u015f\u0131 muhalefet \u0131l\u0131ml\u0131 \u0130slamc\u0131 ve \u0130slamc\u0131 h\u00fck\u00fcmetleri, laik diktat\u00f6rl\u00fcklerin yerine \u0130slamc\u0131 diktat\u00f6rlerin ortaya \u00e7\u0131kmas\u0131na yol a\u00e7\u0131yor. \u015eu an g\u00f6r\u00fcnen tablo bu.<\/span><\/p>\n<p class=\"MsoNormal\" style=\"text-align: justify; line-height: 200%;\"><span style=\"font-size: 11pt; line-height: 200%; font-family: 'Verdana','sans-serif';\">\u00a0<\/span><\/p>\n<p class=\"MsoNormal\" style=\"text-align: justify; line-height: 200%;\"><a href=\"https:\/\/www.baraka.cc\/images\/stories\/ortadogupanel_rop4c.jpg\" target=\"_blank\"><img decoding=\"async\" loading=\"lazy\" alt=\" \" src=\"https:\/\/www.baraka.cc\/images\/stories\/ortadogupanel_rop4c.jpg\" width=\"200\" height=\"133\" align=\"left\" border=\"2\" \/><\/a> <strong><span style=\"font-size: 11pt; line-height: 200%; font-family: 'Verdana','sans-serif';\">On y\u0131ld\u0131r AKP iktidarda. Bunun kar\u015f\u0131s\u0131nda muhalefetin durumu nedir? Ve bu on y\u0131l\u0131n bilan\u00e7osunu nas\u0131l \u00e7\u0131kart\u0131rs\u0131n\u0131z?<\/span><\/strong><\/p>\n<p class=\"MsoNormal\" style=\"text-align: justify; line-height: 200%;\"><span style=\"font-size: 11pt; line-height: 200%; font-family: 'Verdana','sans-serif';\">AKP, rejimi yeniledi. Bu do\u011frudur. Yani emperyalist sistemin ihtiya\u00e7lar\u0131na g\u00f6re, her y\u00f6n\u00fcyle yeniledi. Ama bu AKP ile ba\u015flayan bir s\u00fcre\u00e7 de\u011fil. Bunun evveliyat\u0131 var. 12 Eyl\u00fcl, \u00d6zal ve Dervi\u015f\u2019li s\u00fcre\u00e7ler var. 28 \u015eubat var. Bunlar hep bug\u00fcn\u00fcn zeminin olu\u015fturdu. Bunlara bir b\u00fct\u00fcn olarak bakt\u0131\u011f\u0131m\u0131zda, T\u00fcrkiye\u2019deki kapitalist rejimin yeniden yap\u0131land\u0131r\u0131lmas\u0131n\u0131 g\u00f6r\u00fcyoruz. AKP bu s\u00fcrecin en \u00fcst zirvesi. Ve eski d\u00fczeni, So\u011fuk Sava\u015fla birlikte geride b\u0131rak\u0131lmas\u0131 gereken d\u00fczeni AKP tasfiye etti. <\/span><\/p>\n<p class=\"MsoNormal\" style=\"text-align: justify; line-height: 200%;\"><span style=\"font-size: 11pt; line-height: 200%; font-family: 'Verdana','sans-serif';\">CHP\u2019nin kurdu\u011fu devletten AKP\u2019nin kurucusu oldu\u011fu yeni bir devlete ge\u00e7tik. Bunu s\u00f6yleyebiliriz. \u00d6rne\u011fin yeni rejim dedi\u011fimiz nedir? Bunun \u00f6zelli\u011fi muhafazakarla\u015fman\u0131n derinle\u015fmesidir. T\u00fcrkiye toplumu muhafazakard\u0131 ama art\u0131k bu daha da derinle\u015ftirilmi\u015f bir muhafazakarl\u0131k haline d\u00f6n\u00fc\u015ft\u00fc. <\/span><\/p>\n<p class=\"MsoNormal\" style=\"text-align: justify; line-height: 200%;\"><span style=\"font-size: 11pt; line-height: 200%; font-family: 'Verdana','sans-serif';\">AKP bunu s\u0131n\u0131rs\u0131z bir muhafazakarl\u0131k olarak hayata ge\u00e7iriyor. Televizyonda <span>\u00a0<\/span>izleyece\u011fimiz diziden, nereye camii yap\u0131laca\u011f\u0131na kadar bir t\u00fcr tek bir ya\u015fam tarz\u0131n\u0131n dayat\u0131ld\u0131\u011f\u0131, tepeden inme laik\u00e7ili\u011fin az da olsa k\u0131r\u0131nt\u0131lar\u0131n\u0131n b\u00fct\u00fcn\u00fcyle tasfiye edildi\u011fi, g\u00fcndelik ve toplumsal ya\u015fam\u0131n daha da dinselle\u015ftirildi\u011fi bir s\u00fcre\u00e7 ya\u015f\u0131yoruz. Eski rejim b\u00f6yle de\u011fildi. Be\u011fenmesek bile, tepeden bulsak bile, devlet\u00e7i de bulsak oturmu\u015f bir asgari laiklik zemini vard\u0131. <\/span><\/p>\n<p class=\"MsoNormal\" style=\"text-align: justify; line-height: 200%;\"><span style=\"font-size: 11pt; line-height: 200%; font-family: 'Verdana','sans-serif';\">Eski rejim bir \u00f6nceki d\u00f6nemin emperyalist-kapitalist ihtiya\u00e7lar\u0131na g\u00f6re dizayn edildi\u011fi i\u00e7in sosyal kazan\u0131mlar konusunda daha \u2018korunakl\u0131yd\u0131\u2019. Bu yeni rejim b\u00fct\u00fcn\u00fcyle o korunakl\u0131 alanlar\u0131 da\u011f\u0131tt\u0131. S\u0131n\u0131rs\u0131z bir piyasala\u015ft\u0131rma, g\u00fcvencesizle\u015ftirme politikalar\u0131yla \u00fclkeyi piyasa toplumuna d\u00f6n\u00fc\u015ft\u00fcrd\u00fc. Yani 19. yy\u2019\u0131n \u00e7al\u0131\u015fma ko\u015fullar\u0131na d\u00f6nd\u00fck. <\/span><\/p>\n<p class=\"MsoNormal\" style=\"text-align: justify; line-height: 200%;\"><span style=\"font-size: 11pt; line-height: 200%; font-family: 'Verdana','sans-serif';\">Yeni rejimin bir di\u011fer boyutu ise d\u0131\u015f politikadaki sald\u0131rganl\u0131k. Eski rejim misak-i milli s\u0131n\u0131rlar\u0131 i\u00e7inde \u2018yurtta bar\u0131\u015f d\u00fcnyada bar\u0131\u015f\u2019 felsefesine sahipti. Yer yer tabii K\u00fcrtlerle sava\u015f ve benzeri boyutlar\u0131n\u0131n bir tarafa koyarsak, \u00f6zellikle misak-i milli s\u0131n\u0131rlar\u0131 d\u0131\u015f\u0131na bir hesap kitap yapmama anlay\u0131\u015f\u0131na tekab\u00fcl ediyordu. <\/span><\/p>\n<p class=\"MsoNormal\" style=\"text-align: justify; line-height: 200%;\"><span style=\"font-size: 11pt; line-height: 200%; font-family: 'Verdana','sans-serif';\">\u015eimdi Ba\u015fbakan bunu pasifizm olarak tan\u0131ml\u0131yor. Ve b\u00f6lgede emperyal vizyon ile hareket ediyor. Bu anlamda da eski ile yeni aras\u0131ndaki fark\u0131 g\u00f6rebiliyoruz. \u015eimdi AKP bildik bir parti de\u011fil. Yar\u0131n AKP h\u00fck\u00fcmetten d\u00fc\u015fse bile AKP\u2019nin bu dizdi\u011fi ta\u015flar kolay kolay yerinden kalkmaz. A\u015fa\u011f\u0131dan yukar\u0131 yukar\u0131dan a\u015f\u0131\u011fa yeni bir rejimi olu\u015fturdular. <\/span><\/p>\n<p class=\"MsoNormal\" style=\"text-align: justify; line-height: 200%;\"><span style=\"font-size: 11pt; line-height: 200%; font-family: 'Verdana','sans-serif';\">Bunun \u00f6z\u00fc art\u0131k biat edeceksin, itaat edeceksin, s\u00f6m\u00fcr\u00fcye ezilmeye kar\u015f\u0131 sesini \u00e7\u0131kartmayacaks\u0131n. <\/span><\/p>\n<p class=\"MsoNormal\" style=\"text-align: justify; line-height: 200%;\"><span style=\"font-size: 11pt; line-height: 200%; font-family: 'Verdana','sans-serif';\">G\u00fcvencelerden yoksun b\u0131rak\u0131lacaks\u0131n ve bunlara \u015f\u00fckredecek, bir kader olarak g\u00f6receksin. Yani Allah\u2019\u0131n bir taktiri olarak g\u00f6receksin. \u015e\u00fck\u00fcr edeceksin hak diye bir \u015fey s\u00f6z konusu olmayacak. Bir sadaka anlay\u0131\u015f\u0131 yarat\u0131ld\u0131. Yurtta\u015fl\u0131k anla\u015f\u0131\u015f\u0131 diye bir \u015fey s\u00f6z konusu de\u011fil. M\u00fc\u015fterisin art\u0131k sadece. Toplum diye bir \u015fey yok. Piyasa var, piyasan\u0131n ger\u00e7ekli\u011fi var. <\/span><\/p>\n<p class=\"MsoNormal\" style=\"text-align: justify; line-height: 200%;\"><span style=\"font-size: 11pt; line-height: 200%; font-family: 'Verdana','sans-serif';\">\u00a0<\/span><\/p>\n<p class=\"MsoNormal\" style=\"text-align: justify; line-height: 200%;\"><span style=\"font-size: 11pt; line-height: 200%; font-family: 'Verdana','sans-serif';\">Sadece ekonomik ve ya\u015fam ko\u015fullar\u0131 olarak de\u011fil siyasal anlamda da 19.yy\u2019\u0131n padi\u015fahl\u0131k d\u00f6nemlerini akla getiren, g\u00fcc\u00fc tek merkezde toplayan yeni bir anayasa da hedefleniyor. Bu manada da 19.yy\u2019\u0131n padi\u015fahl\u0131k sistemini hayata ge\u00e7irmeye d\u00f6n\u00fck yakla\u015f\u0131mlarla kar\u015f\u0131 kar\u015f\u0131ya kald\u0131\u011f\u0131m\u0131z a\u00e7\u0131k. <\/span><\/p>\n<p class=\"MsoNormal\" style=\"text-align: justify; line-height: 200%;\"><span style=\"font-size: 11pt; line-height: 200%; font-family: 'Verdana','sans-serif';\">\u00a0<\/span><\/p>\n<p class=\"MsoNormal\" style=\"text-align: justify; line-height: 200%;\"><strong><span style=\"font-size: 11pt; line-height: 200%; font-family: 'Verdana','sans-serif';\">Buradan da sol ve devrimci muhalefete ge\u00e7elim. AKP\u2019nin kar\u015f\u0131s\u0131nda ciddi bir muhalefet g\u00f6z\u00fckm\u00fcyor.<\/span><\/strong><\/p>\n<p class=\"MsoNormal\" style=\"text-align: justify; line-height: 200%;\"><span style=\"font-size: 11pt; line-height: 200%; font-family: 'Verdana','sans-serif';\">Sol muhalefet AKP\u2019nin geriletilmesi manas\u0131nda \u00e7ok ba\u015far\u0131l\u0131 olamad\u0131. Bu belli zaten. Se\u00e7imi her ne kadar tek ba\u015f\u0131na olmasa da bir kriter olarak g\u00f6r\u00fcrs\u00fcn. Buradan bakt\u0131\u011f\u0131m\u0131zda AKP\u2019nin geriletilemedi\u011fi ortada. Bu konuda sol muhalefet defansif oldu do\u011frusu. AKP\u2019nin hep yapt\u0131\u011f\u0131 \u015feylerin yanl\u0131\u015fl\u0131\u011f\u0131n\u0131 topluma anlatmakla s\u00fcreci ge\u00e7irdi. \u015eimdi solun s\u00f6ylediklerinin do\u011fruland\u0131\u011f\u0131 bir d\u00f6neme giriyoruz. Sa\u011fl\u0131k alan\u0131nda, ekonomide, e\u011fitimde ya\u015fananlar sonu\u00e7lar\u0131yla hep kar\u015f\u0131m\u0131za \u00e7\u0131k\u0131yor. AKP eski k\u00f6hnemi\u015f rejimi de\u011fi\u015ftirdi\u011fi i\u00e7in, kitleler o de\u011fi\u015fimin sarho\u015flu\u011funa kap\u0131ld\u0131. Orada en ufak bir de\u011fi\u015fim kitlelerde ho\u015fnutluk yaratt\u0131. Ama orta vadede bunlar\u0131n ne t\u00fcr sonu\u00e7lar yarataca\u011f\u0131n\u0131n <\/span><\/p>\n<p class=\"MsoNormal\" style=\"text-align: justify; line-height: 200%;\"><span style=\"font-size: 11pt; line-height: 200%; font-family: 'Verdana','sans-serif';\">kitleler d\u00fc\u015f\u00fcnmedi. \u015eimdi bu ger\u00e7ekliklerle kar\u015f\u0131 kar\u015f\u0131ya kal\u0131yorlar. Kitleler geleceklerinin art\u0131k ellerinden \u00e7al\u0131nd\u0131\u011f\u0131n\u0131, geleceklerinin g\u00fcvencesizle\u015ftirildi\u011finin de fark\u0131na varmaya ba\u015flad\u0131. <\/span><\/p>\n<p class=\"MsoNormal\" style=\"text-align: justify; line-height: 200%;\"><span style=\"font-size: 11pt; line-height: 200%; font-family: 'Verdana','sans-serif';\">\u00d6 y\u00fczden burada sol muhalefetin birle\u015fik bir enerji yaratmas\u0131 laz\u0131m. Birle\u015fik bir g\u00fc\u00e7 olarak AKP rejimine kar\u015f\u0131 e\u015fitlik ve \u00f6zg\u00fcrl\u00fck temelinde kar\u015f\u0131 \u00e7\u0131kmas\u0131 laz\u0131m. Niye kar\u015f\u0131 \u00e7\u0131kt\u0131\u011f\u0131m\u0131z kadar neye kar\u015f\u0131 \u00e7\u0131kt\u0131\u011f\u0131m\u0131z ve neyi kuraca\u011f\u0131m\u0131z da \u00f6nemli. O y\u00fczden bir kurucu irade olu\u015fturmam\u0131z gerekir. Sadece AKP\u2019nin yanl\u0131\u015flar\u0131n\u0131n alt\u0131n\u0131 \u00e7izip bunlar\u0131 alt alta s\u0131ralayan de\u011fil; T\u00fcrkiye\u2019yi yeniden kurma, yeni bir T\u00fcrkiye, emek\u00e7ilerden, ezilenlerden yana ;ekolojist, sosyal ve ger\u00e7ekten laik ba\u011f\u0131ms\u0131z bir T\u00fcrkiye kurmak konusunda devrimci bir kurucu irade geli\u015ftirmek laz\u0131m. Bunu hem sokakta hem de se\u00e7im baz\u0131nda \u00f6n\u00fcm\u00fcze gelen g\u00fcndemlerde yapmak laz\u0131m. Her \u015feyi de se\u00e7ime hapsetmeden, sokakta yapt\u0131\u011f\u0131m\u0131z i\u015fleri daha da birle\u015ferek ve daha da b\u00fcy\u00fcterek yapmam\u0131z laz\u0131m. <\/span><\/p>\n<p class=\"MsoNormal\" style=\"text-align: justify; line-height: 200%;\"><span style=\"font-size: 11pt; line-height: 200%; font-family: 'Verdana','sans-serif';\">Bunu yapmaya da ba\u015flad\u0131k. \u00d6rne\u011fin T\u00fcrkiye\u2019de Suriye tezkeresine kar\u015f\u0131 sokaklara \u00e7\u0131kan muhalefet az bir muhalefet de\u011fil. Bu \u00f6nemli bir olay. Ama muhalefetin en \u00f6nemli \u00f6zelli\u011fi par\u00e7al\u0131. Tekil tepkiler \u00f6ne koyuyor. Lokalize oluyor ve savunmac\u0131 tepkiler koyuyor. Art\u0131k sald\u0131r\u0131ya ge\u00e7mek laz\u0131m. Ve birle\u015fik b\u00fct\u00fcnl\u00fckl\u00fc hareket etmek laz\u0131m. T\u00fcrkiye solu i\u00e7erisinde biz bunu yapmaya ba\u015flad\u0131k. T\u00fcrkiye devrimcileri olarak s\u00fcrecin daha olumlu daha iyi oldu\u011funu s\u00f6yleyebiliriz ama kelimenin ger\u00e7ek anlam\u0131yla ete kemi\u011fe b\u00fcr\u00fcnmedi. <\/span><\/p>\n<p class=\"MsoNormal\" style=\"text-align: justify; line-height: 200%;\"><span style=\"font-size: 11pt; line-height: 200%; font-family: 'Verdana','sans-serif';\">\u00a0<\/span><\/p>\n<p class=\"MsoNormal\" style=\"text-align: justify; line-height: 200%;\"><strong><span style=\"font-size: 11pt; line-height: 200%; font-family: 'Verdana','sans-serif';\">\u0130nan\u00e7l\u0131 m\u0131s\u0131n\u0131z peki birle\u015fik muhalefet yarat\u0131lmas\u0131 konusunda? \u00c7\u00fcnk\u00fc ge\u00e7mi\u015fe bakt\u0131\u011f\u0131m\u0131za par\u00e7al\u0131 ve zaman zaman da bir birine kar\u015f\u0131 cephe alm\u0131\u015f bir muhalefet s\u00f6z konusu.<\/span><\/strong><\/p>\n<p class=\"MsoNormal\" style=\"text-align: justify; line-height: 200%;\"><strong><span style=\"font-size: 11pt; line-height: 200%; font-family: 'Verdana','sans-serif';\">\u00a0<\/span><\/strong><\/p>\n<p class=\"MsoNormal\" style=\"text-align: justify; line-height: 200%;\"><span style=\"font-size: 11pt; line-height: 200%; font-family: 'Verdana','sans-serif';\">Evet ama art\u0131k b\u00f6yle de\u011filiz. T\u00fcrkiye solunda art\u0131k birlikte i\u015f yapma k\u00fclt\u00fcr\u00fc geli\u015fti, g\u00fc\u00e7lendi. Birbirimizi art\u0131k rakip olarak g\u00f6rm\u00fcyoruz. Birbirimize destek ve dayan\u0131\u015fma veriyoruz. Birle\u015fik ortak zeminler yarat\u0131yoruz. Yani birbiriyle rekabet de\u011fil de birbiriyle dayan\u0131\u015fma i\u00e7erisinde olan bir sol memlekette geli\u015fiyor. Bu anlamda umutluyuz. Yine dayan\u0131\u015fmay\u0131 de\u011fil de rekabeti \u00f6ne \u00e7\u0131karanlar var ama T\u00fcrkiye solunun ana g\u00f6vdesi dayan\u0131\u015fmac\u0131 bir k\u00fclt\u00fcr\u00fc geli\u015ftiriyor. <\/span><\/p>\n<p class=\"MsoNormal\" style=\"text-align: justify; line-height: 200%;\"><span style=\"font-size: 11pt; line-height: 200%; font-family: 'Verdana','sans-serif';\">\u00a0<\/span><\/p>\n<p class=\"MsoNormal\" style=\"text-align: justify; line-height: 200%;\"><strong><span style=\"font-size: 11pt; line-height: 200%; font-family: 'Verdana','sans-serif';\">TC ile K\u0131br\u0131sl\u0131 T\u00fcrklerin aras\u0131 \u00f6zellikle AKP d\u00f6neminde hi\u00e7 iyi olmad\u0131. Sizce nas\u0131l bir ili\u015fki kurulmal\u0131 aram\u0131zda?<\/span><\/strong><\/p>\n<p class=\"MsoNormal\" style=\"text-align: justify; line-height: 200%;\"><span style=\"font-size: 11pt; line-height: 200%; font-family: 'Verdana','sans-serif';\">E\u015fit bir ili\u015fki olmal\u0131. K\u0131br\u0131s T\u00fcrkler\u2019in kimli\u011fine sayg\u0131 duyularak ili\u015fki kurulmal\u0131d\u0131r. \u2018Ana vatan\u2019 \u2018yavru vatan\u2019 gibi kavramlar etraf\u0131nda ili\u015fkinin kurulmamas\u0131 laz\u0131m. Buradaki halk\u0131n kimli\u011fine, ki\u015fili\u011fine, k\u00fclt\u00fcr\u00fcne sayg\u0131 duyan e\u015fit bir ili\u015fki kurulmal\u0131.<\/span><\/p>\n<p class=\"MsoNormal\" style=\"text-align: justify; line-height: 200%;\"><span style=\"font-size: 11pt; line-height: 200%; font-family: 'Verdana','sans-serif';\">AKP b\u00f6yle bir e\u015fit ili\u015fkiyi de\u011fil, bir s\u00f6m\u00fcrge zihniyetiyle K\u0131br\u0131s\u2019a bak\u0131yor. AKP, T\u00fcrkiye\u2019de ya\u015famaya ge\u00e7irdi\u011fi politikalar\u0131 buraya da ta\u015f\u0131yor. Ve K\u0131br\u0131sl\u0131lar\u0131n kendi demokratik sendikalar\u0131n\u0131, hak ve \u00f6zg\u00fcrl\u00fcklerini de fazla bularak b\u00fct\u00fcn\u00fcyle bunlar\u0131n tasfiye edilmesini \u00e7e\u015fitli ara\u00e7larla, s\u00f6m\u00fcrge zihniyetiyle sa\u011flamaya \u00e7al\u0131\u015f\u0131yor.<\/span><\/p>\n<p class=\"MsoNormal\" style=\"text-align: justify; line-height: 200%;\"><span style=\"font-size: 11pt; line-height: 200%; font-family: 'Verdana','sans-serif';\">\u00a0<\/span><\/p>\n<p class=\"MsoNormal\" style=\"text-align: justify; line-height: 200%;\"><strong><span style=\"font-size: 11pt; line-height: 200%; font-family: 'Verdana','sans-serif';\">AKP\u2019den \u00f6ncede bu t\u00fcr bir ili\u015fki vard\u0131 ama.<\/span><\/strong><\/p>\n<p class=\"MsoNormal\" style=\"text-align: justify; line-height: 200%;\"><span style=\"font-size: 11pt; line-height: 200%; font-family: 'Verdana','sans-serif';\">Evet vard\u0131r. AKP\u2019den \u00f6ncekiler T\u00fcrkl\u00fc\u011fe, AKP ise \u0130slam\u2019a daha fazla vurgu yapar oldu. <\/span><\/p>\n<p class=\"MsoNormal\" style=\"text-align: justify; line-height: 200%;\"><span style=\"font-size: 11pt; line-height: 200%; font-family: 'Verdana','sans-serif';\">Biz K\u0131br\u0131s\u2019\u0131n b\u00f6l\u00fcnmesine kar\u015f\u0131y\u0131z ama K\u0131br\u0131s b\u00f6l\u00fcnm\u00fc\u015f durumda. Bu b\u00f6l\u00fcnme iki devlet haline d\u00f6n\u00fc\u015f\u00fcyor. S\u00fcre\u00e7 \u015fu an pek i\u00e7 a\u00e7\u0131c\u0131 g\u00f6z\u00fckm\u00fcyor ama biz iki b\u00f6lgeli, iki toplumlu, ba\u011f\u0131ms\u0131z ve birle\u015fik bir K\u0131br\u0131s\u2019tan yanay\u0131z. Bunun \u00f6n\u00fcnde de en b\u00fcy\u00fck engel emperyalizmdir. Zaten K\u0131br\u0131s\u2019\u0131 b\u00f6len de Amerikanc\u0131 Enosis politikalar\u0131yla, \u0130ngilizci Taksim politikalar\u0131yd\u0131. T\u00fcrkiye Yunanistan, ABD ve \u0130ngiltere, hepsi Ada halklar\u0131n\u0131n kendi kaderini belirlemesini engelleyen g\u00fc\u00e7ler. Bu g\u00fc\u00e7lerin etkisi azalt\u0131lmadan ba\u011f\u0131ms\u0131z ve birle\u015fik K\u0131br\u0131s\u2019a ula\u015f\u0131lmaz. Emperyalizm buray\u0131 \u00f6nemli kritik bir \u00fcst olarak g\u00f6r\u00fcyor. K\u0131br\u0131s co\u011frafi stratejik konumu a\u00e7\u0131s\u0131ndan, b\u00f6lgenin kontrol\u00fc a\u00e7\u0131s\u0131ndan k\u00fcresel ve b\u00f6lgesel hegemonya stratejileri a\u00e7\u0131s\u0131ndan vazge\u00e7ilmez bir yerdir.<\/span><\/p>\n<p class=\"MsoNormal\" style=\"text-align: justify; line-height: 200%;\"><span style=\"font-size: 11pt; line-height: 200%; font-family: 'Verdana','sans-serif';\">\u00a0<\/span><\/p>\n<p class=\"MsoNormal\" style=\"text-align: justify; line-height: 200%;\"><strong><span style=\"font-size: 11pt; line-height: 200%; font-family: 'Verdana','sans-serif';\">21.yy sosyalizmi i\u00e7in ne s\u00f6ylemek istersiniz?<\/span><\/strong><\/p>\n<p class=\"MsoNormal\" style=\"text-align: justify; line-height: 200%;\"><span style=\"font-size: 11pt; line-height: 200%; font-family: 'Verdana','sans-serif';\">21.yy sosyalizmi dedik mi bizi ele\u015ftiriyorlar; \u201821.yy sosyalizmi diye bir kavram m\u0131 olur\u2019 diye. Burada<span>\u00a0 <\/span>kastetti\u011fimiz ya\u015fanm\u0131\u015f sosyalizm deneyimlerinden \u00e7\u0131kartt\u0131\u011f\u0131m\u0131z devrimci derslerdir. 21.yy\u2019\u0131n sosyalizmi, en basitinden s\u00f6yleyeyim ekolojist olacak. 19. 20.yy\u2019\u0131n sosyalizmi, esasen insan\u0131n s\u00f6m\u00fcr\u00fclmesine kar\u015f\u0131 \u00e7\u0131kan bir sosyalizmdi. Bu \u00f6nemliydi ama bug\u00fcn ekolojist olmayan bir sosyalizm olmaz. \u0130nsan\u0131n s\u00f6m\u00fcr\u00fclmesi kadar do\u011fan\u0131n s\u00f6m\u00fcr\u00fclmesine de kar\u015f\u0131 \u00e7\u0131kmam\u0131z laz\u0131m. <\/span><\/p>\n<p class=\"MsoNormal\" style=\"text-align: justify; line-height: 200%;\"><span style=\"font-size: 11pt; line-height: 200%; font-family: 'Verdana','sans-serif';\">Cinsiyet\u00e7i olmayan bir sosyalizm. Anti-militarist bir sosyalizm. <\/span><\/p>\n<p class=\"MsoNormal\" style=\"text-align: justify; line-height: 200%;\"><span style=\"font-size: 11pt; line-height: 200%; font-family: 'Verdana','sans-serif';\">Yani sosyalizmi Sovyet tanklar\u0131n\u0131n Kremlin meydanlar\u0131nda y\u00fcr\u00fcd\u00fc\u011f\u00fcn\u00fc alg\u0131lamayan bir sosyalizm. <\/span><\/p>\n<p class=\"MsoNormal\" style=\"text-align: justify; line-height: 200%;\"><span style=\"font-size: 11pt; line-height: 200%; font-family: 'Verdana','sans-serif';\">\u00d6z y\u00f6netimci, demokratik planlamac\u0131 bir sosyalizm. Buralardan bakt\u0131\u011f\u0131m\u0131zda ya\u015fanm\u0131\u015f sosyalizm pratiklerinin ortaya \u00e7\u0131kartt\u0131\u011f\u0131 devrimci dersler \u0131\u015f\u0131\u011f\u0131nda bu \u00f6zellikleri geli\u015fkin, emek\u00e7ilerin \u00f6z y\u00f6netimin organlar\u0131n\u0131n belirleyici ve esas oldu\u011fu; demokratik planlaman\u0131n e\u015fitli\u011fin e\u015fitlik kadar da \u00f6zg\u00fcrl\u00fc\u011f\u00fcn esas oldu\u011fu, feminist ve ekolojist olan, \u00e7o\u011fulcu bir sosyalizm 21.yy sosyalizminin ana hatlar\u0131d\u0131r. <\/span><\/p>\n<p class=\"MsoNormal\" style=\"text-align: justify; line-height: 200%;\"><span style=\"font-size: 11pt; line-height: 200%; font-family: 'Verdana','sans-serif';\">\u00a0<\/span><\/p>\n<p class=\"MsoNormal\" style=\"text-align: justify; line-height: 200%;\"><span style=\"font-size: 11pt; line-height: 200%; font-family: 'Verdana','sans-serif';\">*Bu r\u00f6portaj\u0131n k\u0131salt\u0131lm\u0131\u015f hali 6 Ocak 2013 tarihinde Afrika gazetesinin Pazar ekinde yay\u0131nland\u0131.<\/span><\/p>\n<p class=\"MsoNormal\" style=\"text-align: justify; line-height: 200%;\"><span style=\"font-size: 11pt; line-height: 200%; font-family: 'Verdana','sans-serif';\">\u00a0<\/span><\/p>\n<p class=\"MsoNormal\" style=\"text-align: justify; line-height: 200%;\"><span style=\"font-size: 11pt; line-height: 200%; font-family: 'Verdana','sans-serif';\">\u00a0<\/span><\/p>\n<p><!--[if gte mso 9]><xml>  <w:WordDocument>   <w:View>Normal<\/w:View>   <w:Zoom>0<\/w:Zoom>   <w:TrackMoves\/>   <w:TrackFormatting\/>   <w:HyphenationZone>21<\/w:HyphenationZone>   <w:PunctuationKerning\/>   <w:ValidateAgainstSchemas\/>   <w:SaveIfXMLInvalid>false<\/w:SaveIfXMLInvalid>   <w:IgnoreMixedContent>false<\/w:IgnoreMixedContent>   <w:AlwaysShowPlaceholderText>false<\/w:AlwaysShowPlaceholderText>   <w:DoNotPromoteQF\/>   <w:LidThemeOther>TR<\/w:LidThemeOther>   <w:LidThemeAsian>X-NONE<\/w:LidThemeAsian>   <w:LidThemeComplexScript>X-NONE<\/w:LidThemeComplexScript>   <w:Compatibility>    <w:BreakWrappedTables\/>    <w:SnapToGridInCell\/>    <w:WrapTextWithPunct\/>    <w:UseAsianBreakRules\/>    <w:DontGrowAutofit\/>    <w:SplitPgBreakAndParaMark\/>    <w:EnableOpenTypeKerning\/>    <w:DontFlipMirrorIndents\/>    <w:OverrideTableStyleHps\/>    <w:UseFELayout\/>   <\/w:Compatibility>   <m:mathPr>    <m:mathFont m:val=\"Cambria Math\"\/>    <m:brkBin m:val=\"before\"\/>    <m:brkBinSub m:val=\"&#45;-\"\/>    <m:smallFrac m:val=\"off\"\/>    <m:dispDef\/>    <m:lMargin m:val=\"0\"\/>    <m:rMargin m:val=\"0\"\/>    <m:defJc m:val=\"centerGroup\"\/>    <m:wrapIndent m:val=\"1440\"\/>    <m:intLim m:val=\"subSup\"\/>    <m:naryLim m:val=\"undOvr\"\/>   <\/m:mathPr><\/w:WordDocument> <\/xml><![endif]--><!--[if gte mso 9]><xml>  <w:LatentStyles DefLockedState=\"false\" DefUnhideWhenUsed=\"true\"   DefSemiHidden=\"true\" DefQFormat=\"false\" DefPriority=\"99\"   LatentStyleCount=\"267\">   <w:LsdException Locked=\"false\" Priority=\"0\" SemiHidden=\"false\"    UnhideWhenUsed=\"false\" QFormat=\"true\" Name=\"Normal\"\/>   <w:LsdException Locked=\"false\" Priority=\"9\" SemiHidden=\"false\"    UnhideWhenUsed=\"false\" QFormat=\"true\" Name=\"heading 1\"\/>   <w:LsdException Locked=\"false\" Priority=\"9\" QFormat=\"true\" Name=\"heading 2\"\/>   <w:LsdException Locked=\"false\" Priority=\"9\" QFormat=\"true\" Name=\"heading 3\"\/>   <w:LsdException Locked=\"false\" Priority=\"9\" QFormat=\"true\" Name=\"heading 4\"\/>   <w:LsdException Locked=\"false\" Priority=\"9\" QFormat=\"true\" Name=\"heading 5\"\/>   <w:LsdException Locked=\"false\" Priority=\"9\" QFormat=\"true\" Name=\"heading 6\"\/>   <w:LsdException Locked=\"false\" Priority=\"9\" QFormat=\"true\" Name=\"heading 7\"\/>   <w:LsdException Locked=\"false\" Priority=\"9\" QFormat=\"true\" Name=\"heading 8\"\/>   <w:LsdException Locked=\"false\" Priority=\"9\" QFormat=\"true\" Name=\"heading 9\"\/>   <w:LsdException Locked=\"false\" Priority=\"39\" Name=\"toc 1\"\/>   <w:LsdException Locked=\"false\" Priority=\"39\" Name=\"toc 2\"\/>   <w:LsdException Locked=\"false\" Priority=\"39\" Name=\"toc 3\"\/>   <w:LsdException Locked=\"false\" Priority=\"39\" Name=\"toc 4\"\/>   <w:LsdException Locked=\"false\" Priority=\"39\" Name=\"toc 5\"\/>   <w:LsdException Locked=\"false\" Priority=\"39\" Name=\"toc 6\"\/>   <w:LsdException Locked=\"false\" Priority=\"39\" Name=\"toc 7\"\/>   <w:LsdException Locked=\"false\" Priority=\"39\" Name=\"toc 8\"\/>   <w:LsdException Locked=\"false\" Priority=\"39\" Name=\"toc 9\"\/>   <w:LsdException Locked=\"false\" Priority=\"35\" QFormat=\"true\" Name=\"caption\"\/>   <w:LsdException Locked=\"false\" Priority=\"10\" SemiHidden=\"false\"    UnhideWhenUsed=\"false\" QFormat=\"true\" Name=\"Title\"\/>   <w:LsdException Locked=\"false\" Priority=\"1\" Name=\"Default Paragraph Font\"\/>   <w:LsdException Locked=\"false\" Priority=\"11\" SemiHidden=\"false\"    UnhideWhenUsed=\"false\" QFormat=\"true\" Name=\"Subtitle\"\/>   <w:LsdException Locked=\"false\" Priority=\"22\" SemiHidden=\"false\"    UnhideWhenUsed=\"false\" QFormat=\"true\" Name=\"Strong\"\/>   <w:LsdException Locked=\"false\" Priority=\"20\" SemiHidden=\"false\"    UnhideWhenUsed=\"false\" QFormat=\"true\" Name=\"Emphasis\"\/>   <w:LsdException Locked=\"false\" Priority=\"59\" SemiHidden=\"false\"    UnhideWhenUsed=\"false\" Name=\"Table Grid\"\/>   <w:LsdException Locked=\"false\" UnhideWhenUsed=\"false\" Name=\"Placeholder Text\"\/>   <w:LsdException Locked=\"false\" Priority=\"1\" SemiHidden=\"false\"    UnhideWhenUsed=\"false\" QFormat=\"true\" Name=\"No Spacing\"\/>   <w:LsdException Locked=\"false\" Priority=\"60\" SemiHidden=\"false\"    UnhideWhenUsed=\"false\" Name=\"Light Shading\"\/>   <w:LsdException Locked=\"false\" Priority=\"61\" SemiHidden=\"false\"    UnhideWhenUsed=\"false\" Name=\"Light List\"\/>   <w:LsdException Locked=\"false\" Priority=\"62\" SemiHidden=\"false\"    UnhideWhenUsed=\"false\" Name=\"Light Grid\"\/>   <w:LsdException Locked=\"false\" Priority=\"63\" SemiHidden=\"false\"    UnhideWhenUsed=\"false\" Name=\"Medium Shading 1\"\/>   <w:LsdException Locked=\"false\" Priority=\"64\" SemiHidden=\"false\"    UnhideWhenUsed=\"false\" Name=\"Medium Shading 2\"\/>   <w:LsdException Locked=\"false\" Priority=\"65\" SemiHidden=\"false\"    UnhideWhenUsed=\"false\" Name=\"Medium List 1\"\/>   <w:LsdException Locked=\"false\" Priority=\"66\" SemiHidden=\"false\"    UnhideWhenUsed=\"false\" Name=\"Medium List 2\"\/>   <w:LsdException Locked=\"false\" Priority=\"67\" SemiHidden=\"false\"    UnhideWhenUsed=\"false\" Name=\"Medium Grid 1\"\/>   <w:LsdException Locked=\"false\" Priority=\"68\" SemiHidden=\"false\"    UnhideWhenUsed=\"false\" Name=\"Medium Grid 2\"\/>   <w:LsdException Locked=\"false\" Priority=\"69\" SemiHidden=\"false\"    UnhideWhenUsed=\"false\" Name=\"Medium Grid 3\"\/>   <w:LsdException Locked=\"false\" Priority=\"70\" SemiHidden=\"false\"    UnhideWhenUsed=\"false\" Name=\"Dark List\"\/>   <w:LsdException Locked=\"false\" Priority=\"71\" SemiHidden=\"false\"    UnhideWhenUsed=\"false\" Name=\"Colorful Shading\"\/>   <w:LsdException Locked=\"false\" Priority=\"72\" SemiHidden=\"false\"    UnhideWhenUsed=\"false\" Name=\"Colorful List\"\/>   <w:LsdException Locked=\"false\" Priority=\"73\" SemiHidden=\"false\"    UnhideWhenUsed=\"false\" Name=\"Colorful Grid\"\/>   <w:LsdException Locked=\"false\" Priority=\"60\" SemiHidden=\"false\"    UnhideWhenUsed=\"false\" Name=\"Light Shading Accent 1\"\/>   <w:LsdException Locked=\"false\" Priority=\"61\" SemiHidden=\"false\"    UnhideWhenUsed=\"false\" Name=\"Light List Accent 1\"\/>   <w:LsdException Locked=\"false\" Priority=\"62\" SemiHidden=\"false\"    UnhideWhenUsed=\"false\" Name=\"Light Grid Accent 1\"\/>   <w:LsdException Locked=\"false\" Priority=\"63\" SemiHidden=\"false\"    UnhideWhenUsed=\"false\" Name=\"Medium Shading 1 Accent 1\"\/>   <w:LsdException Locked=\"false\" Priority=\"64\" SemiHidden=\"false\"    UnhideWhenUsed=\"false\" Name=\"Medium Shading 2 Accent 1\"\/>   <w:LsdException Locked=\"false\" Priority=\"65\" SemiHidden=\"false\"    UnhideWhenUsed=\"false\" Name=\"Medium List 1 Accent 1\"\/>   <w:LsdException Locked=\"false\" UnhideWhenUsed=\"false\" Name=\"Revision\"\/>   <w:LsdException Locked=\"false\" Priority=\"34\" SemiHidden=\"false\"    UnhideWhenUsed=\"false\" QFormat=\"true\" Name=\"List Paragraph\"\/>   <w:LsdException Locked=\"false\" Priority=\"29\" SemiHidden=\"false\"    UnhideWhenUsed=\"false\" QFormat=\"true\" Name=\"Quote\"\/>   <w:LsdException Locked=\"false\" Priority=\"30\" SemiHidden=\"false\"    UnhideWhenUsed=\"false\" QFormat=\"true\" Name=\"Intense Quote\"\/>   <w:LsdException Locked=\"false\" Priority=\"66\" SemiHidden=\"false\"    UnhideWhenUsed=\"false\" Name=\"Medium List 2 Accent 1\"\/>   <w:LsdException Locked=\"false\" Priority=\"67\" SemiHidden=\"false\"    UnhideWhenUsed=\"false\" Name=\"Medium Grid 1 Accent 1\"\/>   <w:LsdException Locked=\"false\" Priority=\"68\" SemiHidden=\"false\"    UnhideWhenUsed=\"false\" Name=\"Medium Grid 2 Accent 1\"\/>   <w:LsdException Locked=\"false\" Priority=\"69\" SemiHidden=\"false\"    UnhideWhenUsed=\"false\" Name=\"Medium Grid 3 Accent 1\"\/>   <w:LsdException Locked=\"false\" Priority=\"70\" SemiHidden=\"false\"    UnhideWhenUsed=\"false\" Name=\"Dark List Accent 1\"\/>   <w:LsdException Locked=\"false\" Priority=\"71\" SemiHidden=\"false\"    UnhideWhenUsed=\"false\" Name=\"Colorful Shading Accent 1\"\/>   <w:LsdException Locked=\"false\" Priority=\"72\" SemiHidden=\"false\"    UnhideWhenUsed=\"false\" Name=\"Colorful List Accent 1\"\/>   <w:LsdException Locked=\"false\" Priority=\"73\" SemiHidden=\"false\"    UnhideWhenUsed=\"false\" Name=\"Colorful Grid Accent 1\"\/>   <w:LsdException Locked=\"false\" Priority=\"60\" SemiHidden=\"false\"    UnhideWhenUsed=\"false\" Name=\"Light Shading Accent 2\"\/>   <w:LsdException Locked=\"false\" Priority=\"61\" SemiHidden=\"false\"    UnhideWhenUsed=\"false\" Name=\"Light List Accent 2\"\/>   <w:LsdException Locked=\"false\" Priority=\"62\" SemiHidden=\"false\"    UnhideWhenUsed=\"false\" Name=\"Light Grid Accent 2\"\/>   <w:LsdException Locked=\"false\" Priority=\"63\" SemiHidden=\"false\"    UnhideWhenUsed=\"false\" Name=\"Medium Shading 1 Accent 2\"\/>   <w:LsdException Locked=\"false\" Priority=\"64\" SemiHidden=\"false\"    UnhideWhenUsed=\"false\" Name=\"Medium Shading 2 Accent 2\"\/>   <w:LsdException Locked=\"false\" Priority=\"65\" SemiHidden=\"false\"    UnhideWhenUsed=\"false\" Name=\"Medium List 1 Accent 2\"\/>   <w:LsdException Locked=\"false\" Priority=\"66\" SemiHidden=\"false\"    UnhideWhenUsed=\"false\" Name=\"Medium List 2 Accent 2\"\/>   <w:LsdException Locked=\"false\" Priority=\"67\" SemiHidden=\"false\"    UnhideWhenUsed=\"false\" Name=\"Medium Grid 1 Accent 2\"\/>   <w:LsdException Locked=\"false\" Priority=\"68\" SemiHidden=\"false\"    UnhideWhenUsed=\"false\" Name=\"Medium Grid 2 Accent 2\"\/>   <w:LsdException Locked=\"false\" Priority=\"69\" SemiHidden=\"false\"    UnhideWhenUsed=\"false\" Name=\"Medium Grid 3 Accent 2\"\/>   <w:LsdException Locked=\"false\" Priority=\"70\" SemiHidden=\"false\"    UnhideWhenUsed=\"false\" Name=\"Dark List Accent 2\"\/>   <w:LsdException Locked=\"false\" Priority=\"71\" SemiHidden=\"false\"    UnhideWhenUsed=\"false\" Name=\"Colorful Shading Accent 2\"\/>   <w:LsdException Locked=\"false\" Priority=\"72\" SemiHidden=\"false\"    UnhideWhenUsed=\"false\" Name=\"Colorful List Accent 2\"\/>   <w:LsdException Locked=\"false\" Priority=\"73\" SemiHidden=\"false\"    UnhideWhenUsed=\"false\" Name=\"Colorful Grid Accent 2\"\/>   <w:LsdException Locked=\"false\" Priority=\"60\" SemiHidden=\"false\"    UnhideWhenUsed=\"false\" Name=\"Light Shading Accent 3\"\/>   <w:LsdException Locked=\"false\" Priority=\"61\" SemiHidden=\"false\"    UnhideWhenUsed=\"false\" Name=\"Light List Accent 3\"\/>   <w:LsdException Locked=\"false\" Priority=\"62\" SemiHidden=\"false\"    UnhideWhenUsed=\"false\" Name=\"Light Grid Accent 3\"\/>   <w:LsdException Locked=\"false\" Priority=\"63\" SemiHidden=\"false\"    UnhideWhenUsed=\"false\" Name=\"Medium Shading 1 Accent 3\"\/>   <w:LsdException Locked=\"false\" Priority=\"64\" SemiHidden=\"false\"    UnhideWhenUsed=\"false\" Name=\"Medium Shading 2 Accent 3\"\/>   <w:LsdException Locked=\"false\" Priority=\"65\" SemiHidden=\"false\"    UnhideWhenUsed=\"false\" Name=\"Medium List 1 Accent 3\"\/>   <w:LsdException Locked=\"false\" Priority=\"66\" SemiHidden=\"false\"    UnhideWhenUsed=\"false\" Name=\"Medium List 2 Accent 3\"\/>   <w:LsdException Locked=\"false\" Priority=\"67\" SemiHidden=\"false\"    UnhideWhenUsed=\"false\" Name=\"Medium Grid 1 Accent 3\"\/>   <w:LsdException Locked=\"false\" Priority=\"68\" SemiHidden=\"false\"    UnhideWhenUsed=\"false\" Name=\"Medium Grid 2 Accent 3\"\/>   <w:LsdException Locked=\"false\" Priority=\"69\" SemiHidden=\"false\"    UnhideWhenUsed=\"false\" Name=\"Medium Grid 3 Accent 3\"\/>   <w:LsdException Locked=\"false\" Priority=\"70\" SemiHidden=\"false\"    UnhideWhenUsed=\"false\" Name=\"Dark List Accent 3\"\/>   <w:LsdException Locked=\"false\" Priority=\"71\" SemiHidden=\"false\"    UnhideWhenUsed=\"false\" Name=\"Colorful Shading Accent 3\"\/>   <w:LsdException Locked=\"false\" Priority=\"72\" SemiHidden=\"false\"    UnhideWhenUsed=\"false\" Name=\"Colorful List Accent 3\"\/>   <w:LsdException Locked=\"false\" Priority=\"73\" SemiHidden=\"false\"    UnhideWhenUsed=\"false\" Name=\"Colorful Grid Accent 3\"\/>   <w:LsdException Locked=\"false\" Priority=\"60\" SemiHidden=\"false\"    UnhideWhenUsed=\"false\" Name=\"Light Shading Accent 4\"\/>   <w:LsdException Locked=\"false\" Priority=\"61\" SemiHidden=\"false\"    UnhideWhenUsed=\"false\" Name=\"Light List Accent 4\"\/>   <w:LsdException Locked=\"false\" Priority=\"62\" SemiHidden=\"false\"    UnhideWhenUsed=\"false\" Name=\"Light Grid Accent 4\"\/>   <w:LsdException Locked=\"false\" Priority=\"63\" SemiHidden=\"false\"    UnhideWhenUsed=\"false\" Name=\"Medium Shading 1 Accent 4\"\/>   <w:LsdException Locked=\"false\" Priority=\"64\" SemiHidden=\"false\"    UnhideWhenUsed=\"false\" Name=\"Medium Shading 2 Accent 4\"\/>   <w:LsdException Locked=\"false\" Priority=\"65\" SemiHidden=\"false\"    UnhideWhenUsed=\"false\" Name=\"Medium List 1 Accent 4\"\/>   <w:LsdException Locked=\"false\" Priority=\"66\" SemiHidden=\"false\"    UnhideWhenUsed=\"false\" Name=\"Medium List 2 Accent 4\"\/>   <w:LsdException Locked=\"false\" Priority=\"67\" SemiHidden=\"false\"    UnhideWhenUsed=\"false\" Name=\"Medium Grid 1 Accent 4\"\/>   <w:LsdException Locked=\"false\" Priority=\"68\" SemiHidden=\"false\"    UnhideWhenUsed=\"false\" Name=\"Medium Grid 2 Accent 4\"\/>   <w:LsdException Locked=\"false\" Priority=\"69\" SemiHidden=\"false\"    UnhideWhenUsed=\"false\" Name=\"Medium Grid 3 Accent 4\"\/>   <w:LsdException Locked=\"false\" Priority=\"70\" SemiHidden=\"false\"    UnhideWhenUsed=\"false\" Name=\"Dark List Accent 4\"\/>   <w:LsdException Locked=\"false\" Priority=\"71\" SemiHidden=\"false\"    UnhideWhenUsed=\"false\" Name=\"Colorful Shading Accent 4\"\/>   <w:LsdException Locked=\"false\" Priority=\"72\" SemiHidden=\"false\"    UnhideWhenUsed=\"false\" Name=\"Colorful List Accent 4\"\/>   <w:LsdException Locked=\"false\" Priority=\"73\" SemiHidden=\"false\"    UnhideWhenUsed=\"false\" Name=\"Colorful Grid Accent 4\"\/>   <w:LsdException Locked=\"false\" Priority=\"60\" SemiHidden=\"false\"    UnhideWhenUsed=\"false\" Name=\"Light Shading Accent 5\"\/>   <w:LsdException Locked=\"false\" Priority=\"61\" SemiHidden=\"false\"    UnhideWhenUsed=\"false\" Name=\"Light List Accent 5\"\/>   <w:LsdException Locked=\"false\" Priority=\"62\" SemiHidden=\"false\"    UnhideWhenUsed=\"false\" Name=\"Light Grid Accent 5\"\/>   <w:LsdException Locked=\"false\" Priority=\"63\" SemiHidden=\"false\"    UnhideWhenUsed=\"false\" Name=\"Medium Shading 1 Accent 5\"\/>   <w:LsdException Locked=\"false\" Priority=\"64\" SemiHidden=\"false\"    UnhideWhenUsed=\"false\" Name=\"Medium Shading 2 Accent 5\"\/>   <w:LsdException Locked=\"false\" Priority=\"65\" SemiHidden=\"false\"    UnhideWhenUsed=\"false\" Name=\"Medium List 1 Accent 5\"\/>   <w:LsdException Locked=\"false\" Priority=\"66\" SemiHidden=\"false\"    UnhideWhenUsed=\"false\" Name=\"Medium List 2 Accent 5\"\/>   <w:LsdException Locked=\"false\" Priority=\"67\" SemiHidden=\"false\"    UnhideWhenUsed=\"false\" Name=\"Medium Grid 1 Accent 5\"\/>   <w:LsdException Locked=\"false\" Priority=\"68\" SemiHidden=\"false\"    UnhideWhenUsed=\"false\" Name=\"Medium Grid 2 Accent 5\"\/>   <w:LsdException Locked=\"false\" Priority=\"69\" SemiHidden=\"false\"    UnhideWhenUsed=\"false\" Name=\"Medium Grid 3 Accent 5\"\/>   <w:LsdException Locked=\"false\" Priority=\"70\" SemiHidden=\"false\"    UnhideWhenUsed=\"false\" Name=\"Dark List Accent 5\"\/>   <w:LsdException Locked=\"false\" Priority=\"71\" SemiHidden=\"false\"    UnhideWhenUsed=\"false\" Name=\"Colorful Shading Accent 5\"\/>   <w:LsdException Locked=\"false\" Priority=\"72\" SemiHidden=\"false\"    UnhideWhenUsed=\"false\" Name=\"Colorful List Accent 5\"\/>   <w:LsdException Locked=\"false\" Priority=\"73\" SemiHidden=\"false\"    UnhideWhenUsed=\"false\" Name=\"Colorful Grid Accent 5\"\/>   <w:LsdException Locked=\"false\" Priority=\"60\" SemiHidden=\"false\"    UnhideWhenUsed=\"false\" Name=\"Light Shading Accent 6\"\/>   <w:LsdException Locked=\"false\" Priority=\"61\" SemiHidden=\"false\"    UnhideWhenUsed=\"false\" Name=\"Light List Accent 6\"\/>   <w:LsdException Locked=\"false\" Priority=\"62\" SemiHidden=\"false\"    UnhideWhenUsed=\"false\" Name=\"Light Grid Accent 6\"\/>   <w:LsdException Locked=\"false\" Priority=\"63\" SemiHidden=\"false\"    UnhideWhenUsed=\"false\" Name=\"Medium Shading 1 Accent 6\"\/>   <w:LsdException Locked=\"false\" Priority=\"64\" SemiHidden=\"false\"    UnhideWhenUsed=\"false\" Name=\"Medium Shading 2 Accent 6\"\/>   <w:LsdException Locked=\"false\" Priority=\"65\" SemiHidden=\"false\"    UnhideWhenUsed=\"false\" Name=\"Medium List 1 Accent 6\"\/>   <w:LsdException Locked=\"false\" Priority=\"66\" SemiHidden=\"false\"    UnhideWhenUsed=\"false\" Name=\"Medium List 2 Accent 6\"\/>   <w:LsdException Locked=\"false\" Priority=\"67\" SemiHidden=\"false\"    UnhideWhenUsed=\"false\" Name=\"Medium Grid 1 Accent 6\"\/>   <w:LsdException Locked=\"false\" Priority=\"68\" SemiHidden=\"false\"    UnhideWhenUsed=\"false\" Name=\"Medium Grid 2 Accent 6\"\/>   <w:LsdException Locked=\"false\" Priority=\"69\" SemiHidden=\"false\"    UnhideWhenUsed=\"false\" Name=\"Medium Grid 3 Accent 6\"\/>   <w:LsdException Locked=\"false\" Priority=\"70\" SemiHidden=\"false\"    UnhideWhenUsed=\"false\" Name=\"Dark List Accent 6\"\/>   <w:LsdException Locked=\"false\" Priority=\"71\" SemiHidden=\"false\"    UnhideWhenUsed=\"false\" Name=\"Colorful Shading Accent 6\"\/>   <w:LsdException Locked=\"false\" Priority=\"72\" SemiHidden=\"false\"    UnhideWhenUsed=\"false\" Name=\"Colorful List Accent 6\"\/>   <w:LsdException Locked=\"false\" Priority=\"73\" SemiHidden=\"false\"    UnhideWhenUsed=\"false\" Name=\"Colorful Grid Accent 6\"\/>   <w:LsdException Locked=\"false\" Priority=\"19\" SemiHidden=\"false\"    UnhideWhenUsed=\"false\" QFormat=\"true\" Name=\"Subtle Emphasis\"\/>   <w:LsdException Locked=\"false\" Priority=\"21\" SemiHidden=\"false\"    UnhideWhenUsed=\"false\" QFormat=\"true\" Name=\"Intense Emphasis\"\/>   <w:LsdException Locked=\"false\" Priority=\"31\" SemiHidden=\"false\"    UnhideWhenUsed=\"false\" QFormat=\"true\" Name=\"Subtle Reference\"\/>   <w:LsdException Locked=\"false\" Priority=\"32\" SemiHidden=\"false\"    UnhideWhenUsed=\"false\" QFormat=\"true\" Name=\"Intense Reference\"\/>   <w:LsdException Locked=\"false\" Priority=\"33\" SemiHidden=\"false\"    UnhideWhenUsed=\"false\" QFormat=\"true\" Name=\"Book Title\"\/>   <w:LsdException Locked=\"false\" Priority=\"37\" Name=\"Bibliography\"\/>   <w:LsdException Locked=\"false\" Priority=\"39\" QFormat=\"true\" Name=\"TOC Heading\"\/>  <\/w:LatentStyles> <\/xml><![endif]--><!--[if gte mso 10]>\n\n\n<style>  \/* Style Definitions *\/  table.MsoNormalTable \t{mso-style-name:\"Table Normal\"; \tmso-tstyle-rowband-size:0; \tmso-tstyle-colband-size:0; \tmso-style-noshow:yes; \tmso-style-priority:99; \tmso-style-parent:\"\"; \tmso-padding-alt:0cm 5.4pt 0cm 5.4pt; \tmso-para-margin:0cm; \tmso-para-margin-bottom:.0001pt; \tmso-pagination:widow-orphan; \tfont-size:10.0pt; \tfont-family:\"Cambria\",\"serif\";} <\/style>\n\n <![endif]--><\/p>\n","protected":false},"excerpt":{"rendered":"<p>T\u00fcrkiye\u2019deki emek, \u00f6zg\u00fcrl\u00fck ve e\u015fitlik m\u00fccadelesinin \u00f6nemli adreslerinden olan \u00d6DP\u2019nin E\u015f Genel Ba\u015fkan\u0131 Alper Ta\u015f: \u201cAKP\u2019den \u00f6ncekiler K\u0131br\u0131s\u2019ta T\u00fcrkl\u00fc\u011fe vurgu yap\u0131yordu, AKP \u0130slam\u2019a daha fazla<\/p>\n","protected":false},"author":1,"featured_media":0,"comment_status":"open","ping_status":"open","sticky":false,"template":"","format":"standard","meta":{"jetpack_post_was_ever_published":false,"_jetpack_newsletter_access":"","_jetpack_newsletter_tier_id":0,"jetpack_publicize_message":"","jetpack_is_tweetstorm":false,"jetpack_publicize_feature_enabled":true,"jetpack_social_post_already_shared":false,"jetpack_social_options":{"image_generator_settings":{"template":"highway","enabled":false}}},"categories":[43],"tags":[],"jetpack_publicize_connections":[],"jetpack_featured_media_url":"","jetpack_shortlink":"https:\/\/wp.me\/p4eHWX-q2","jetpack_sharing_enabled":true,"_links":{"self":[{"href":"https:\/\/baraka.cc\/index.php?rest_route=\/wp\/v2\/posts\/1614"}],"collection":[{"href":"https:\/\/baraka.cc\/index.php?rest_route=\/wp\/v2\/posts"}],"about":[{"href":"https:\/\/baraka.cc\/index.php?rest_route=\/wp\/v2\/types\/post"}],"author":[{"embeddable":true,"href":"https:\/\/baraka.cc\/index.php?rest_route=\/wp\/v2\/users\/1"}],"replies":[{"embeddable":true,"href":"https:\/\/baraka.cc\/index.php?rest_route=%2Fwp%2Fv2%2Fcomments&post=1614"}],"version-history":[{"count":2,"href":"https:\/\/baraka.cc\/index.php?rest_route=\/wp\/v2\/posts\/1614\/revisions"}],"predecessor-version":[{"id":1621,"href":"https:\/\/baraka.cc\/index.php?rest_route=\/wp\/v2\/posts\/1614\/revisions\/1621"}],"wp:attachment":[{"href":"https:\/\/baraka.cc\/index.php?rest_route=%2Fwp%2Fv2%2Fmedia&parent=1614"}],"wp:term":[{"taxonomy":"category","embeddable":true,"href":"https:\/\/baraka.cc\/index.php?rest_route=%2Fwp%2Fv2%2Fcategories&post=1614"},{"taxonomy":"post_tag","embeddable":true,"href":"https:\/\/baraka.cc\/index.php?rest_route=%2Fwp%2Fv2%2Ftags&post=1614"}],"curies":[{"name":"wp","href":"https:\/\/api.w.org\/{rel}","templated":true}]}}