{"id":1629,"date":"2002-07-16T10:22:52","date_gmt":"2002-07-16T08:22:52","guid":{"rendered":"https:\/\/baraka.cc\/?p=1629"},"modified":"2014-01-07T10:23:54","modified_gmt":"2014-01-07T08:23:54","slug":"acilis-bildirisi","status":"publish","type":"post","link":"https:\/\/baraka.cc\/?p=1629","title":{"rendered":"A\u00e7\u0131l\u0131\u015f Bildirisi"},"content":{"rendered":"<p class=\"MsoNormal\" style=\"margin: 0cm 0cm 0pt; line-height: 150%; text-align: right;\" align=\"right\"><span style=\"font-size: 10pt; line-height: 150%; font-family: Verdana;\">16 Temmuz 2002<\/span><\/p>\n<p>&nbsp;<\/p>\n<p class=\"MsoNormal\" style=\"margin: 0cm 0cm 0pt; line-height: 150%; text-align: right;\" align=\"right\"><span style=\"font-size: 10pt; line-height: 150%; font-family: Verdana;\">Sal\u0131<\/span><\/p>\n<p>&nbsp;<\/p>\n<p class=\"MsoNormal\" style=\"margin: 0cm 0cm 0pt; line-height: 150%; text-align: right;\" align=\"right\"><span style=\"font-size: 10pt; line-height: 150%; font-family: Verdana;\">Lefko\u015fa<\/span><\/p>\n<p><span style=\"font-size: 10pt; line-height: 150%; font-family: Verdana;\">\u00a0\u00a0\u00a0 <\/span><span style=\"font-size: 10pt; line-height: 150%; font-family: Verdana;\">\u00a0<\/span><span style=\"font-size: 10pt; line-height: 150%; font-family: Verdana;\">\u00a0<\/span><\/p>\n<p class=\"MsoNormal\" style=\"margin: 0cm 0cm 0pt; line-height: 150%;\"><span style=\"font-size: 10pt; line-height: 150%; font-family: Verdana;\">Bas\u0131na, <\/span><\/p>\n<p><span style=\"font-size: 10pt; line-height: 150%; font-family: Verdana;\">\u00a0 <\/span><\/p>\n<p class=\"MsoNormal\" style=\"margin: 0cm 0cm 0pt; line-height: 150%;\"><span style=\"font-size: 10pt; line-height: 150%; font-family: Verdana;\">K\u0131br\u0131s T\u00fcrk Halk\u0131na, <\/span><\/p>\n<p><span style=\"font-size: 10pt; line-height: 150%; font-family: Verdana;\">\u00a0 <\/span><\/p>\n<p class=\"MsoNormal\" style=\"margin: 0cm 0cm 0pt; line-height: 150%;\"><span style=\"font-size: 10pt; line-height: 150%; font-family: Verdana;\">K\u0131br\u0131s T\u00fcrk Ayd\u0131nlar\u0131na,<\/span><\/p>\n<p><span style=\"font-size: 10pt; line-height: 150%; font-family: Verdana;\">\u00a0 <\/span><\/p>\n<p class=\"MsoNormal\" style=\"margin: 0cm 0cm 0pt; line-height: 150%;\"><span style=\"font-size: 10pt; line-height: 150%; font-family: Verdana;\">Gen\u00e7lere,<\/span><\/p>\n<p><span style=\"font-size: 10pt; line-height: 150%; font-family: Verdana;\">\u00a0 <\/span><\/p>\n<p class=\"MsoNormal\" style=\"margin: 0cm 0cm 0pt; line-height: 150%;\"><span style=\"font-size: 10pt; line-height: 150%; font-family: Verdana;\">Emek\u00e7ilere,<\/span><\/p>\n<p><span style=\"font-size: 10pt; line-height: 150%; font-family: Verdana;\">\u00a0 <\/span><\/p>\n<p class=\"MsoNormal\" style=\"margin: 0cm 0cm 0pt; line-height: 150%;\"><span style=\"font-size: 10pt; line-height: 150%; font-family: Verdana;\">Esnaf ve Zanaatkara,<\/span><\/p>\n<p><span style=\"font-size: 10pt; line-height: 150%; font-family: Verdana;\">\u00a0 <\/span><span style=\"font-size: 10pt; line-height: 150%; font-family: Verdana;\">\u00a0<\/span><\/p>\n<p class=\"MsoNormal\" style=\"margin: 0cm 0cm 0pt; line-height: 150%; text-align: justify;\"><span style=\"font-size: 10pt; line-height: 150%; font-family: Verdana;\">Baraka K\u00fclt\u00fcr Merkezi a\u00e7\u0131l\u0131yor. 17 Temmuz 2002 \u00c7ar\u015famba yani yar\u0131n, \u015fht. \u0130brahim Yusuf Sokak, Ar\u0131 Apt zemin Kat\u2019taki adresimizde yapaca\u011f\u0131m\u0131z a\u00e7\u0131l\u0131\u015fa t\u00fcm halk\u0131m\u0131z davetlidir.<\/span><\/p>\n<p><span style=\"font-size: 10pt; line-height: 150%; font-family: Verdana;\">\u00a0 <\/span><\/p>\n<p class=\"MsoNormal\" style=\"margin: 0cm 0cm 0pt; line-height: 150%; text-align: justify;\"><span style=\"font-size: 10pt; line-height: 150%; font-family: Verdana;\">Saat 20:30\u2019da yap\u0131lacak olan a\u00e7\u0131l\u0131\u015f, saat 22:00\u2019da d\u00fczenlenecek bir panelle devam edecektir. Ali Bizden ve Cumhur Delice\u0131rmak\u2019\u0131n konu\u015fmac\u0131 olarak haz\u0131r bulunacaklar\u0131 panelin konusu \u201cRekabet K\u00fclt\u00fcr\u00fcn\u00fcn, Toplumsal M\u00fccadele \u0130\u00e7indeki Bireylerin, Birebir \u0130li\u015fkilerine Etkileri\u201ddir. <\/span><\/p>\n<p class=\"MsoNormal\" style=\"margin: 0cm 0cm 0pt; line-height: 150%; text-align: justify;\"><span style=\"font-size: 10pt; line-height: 150%; font-family: Verdana;\">\u00a0\u00a0 <\/span><\/p>\n<p><span style=\"font-size: 10pt; line-height: 150%; font-family: Verdana;\">K\u00fcreselle\u015fen d\u00fcnyam\u0131zda k\u00fclt\u00fcr de k\u00fcreselle\u015fmektedir. K\u00fcresel bir tektiple\u015fmeye do\u011fru h\u0131zla gitti\u011fimiz bu g\u00fcnlerde, yedi\u011fimiz yemekten, giydi\u011fimiz elbiselere, izledi\u011fimiz filimden, sevgilimizi nas\u0131l \u00f6pt\u00fc\u011f\u00fcm\u00fcze kadar manas\u0131z bir benze\u015fme ya\u015fanmaktad\u0131r.<\/span><\/p>\n<p><span style=\"font-size: 10pt; line-height: 150%; font-family: Verdana;\">Ya\u015famak, k\u00fclt\u00fcrel bir varolu\u015f \u015feklidir. Farkl\u0131 ya\u015famlar, farkl\u0131 k\u00fclt\u00fcrlerden beslenir. \u201cBa\u015fka bir D\u00fcnya M\u00fcmk\u00fcn\u201d dendi\u011fi zaman, bu \u201cBa\u015fka Bir K\u00fclt\u00fcrel Se\u00e7enek M\u00fcmk\u00fcn\u201d de demektir.<\/span><\/p>\n<p><span style=\"font-size: 10pt; line-height: 150%; font-family: Verdana;\">\u00a0\u00a0\u00a0<\/span><\/p>\n<p class=\"MsoNormal\" style=\"margin: 0cm 0cm 0pt; line-height: 150%; text-align: justify;\"><span style=\"font-size: 10pt; line-height: 150%; font-family: Verdana;\">Bug\u00fcn en genel anlam\u0131yla insanl\u0131k, en \u00f6zel anlam\u0131yla ise kuzey k\u0131br\u0131s rekabet\u00e7i ve neo-liberal k\u00fclt\u00fcrel duru\u015f taraf\u0131ndan g\u00fcn be g\u00fcn fethedilmektedir. Alternatif, farkl\u0131 vs kelimelerin bile i\u00e7i bo\u015falt\u0131lm\u0131\u015f, manas\u0131 \u201cergenlik \u00e7a\u011f\u0131ndaki \u00e7ocu\u011fun d\u00fcnyaya isyan\u0131\u201d d\u00fczeyine \u00e7ekilerek kan\u0131ksan\u0131r olmu\u015ftur.<\/span><\/p>\n<p class=\"MsoNormal\" style=\"margin: 0cm 0cm 0pt; line-height: 150%; text-align: justify;\"><span style=\"font-size: 10pt; line-height: 150%; font-family: Verdana;\">\u00a0\u00a0 <\/span><\/p>\n<p><span style=\"font-size: 10pt; line-height: 150%; font-family: Verdana;\">Bunun anlam\u0131 \u015fudur; k\u00fclt\u00fcrel alan i\u015fgal edilmi\u015ftir. Kendimizi anlaman\u0131n, anlatman\u0131n, ifade etmenin ve ger\u00e7ekle\u015ftirmenin ara\u00e7lar\u0131 olan kelimeler ellerimizden al\u0131nm\u0131\u015ft\u0131r.<\/span><\/p>\n<p><span style=\"font-size: 10pt; line-height: 150%; font-family: Verdana;\">Kahve i\u00e7i\u015fimiz, futbol ma\u00e7\u0131 izleyi\u015fimiz, sevgi s\u00f6zc\u00fcklerimiz, kitap okumam\u0131z, oturu\u015fumuz, giyini\u015fimiz ve konu\u015fmalar\u0131m\u0131z; t\u00fcketim k\u00fclt\u00fcr\u00fcn\u00fcn rekabet\u00e7i m\u00fcdahaleleri ile her ge\u00e7en g\u00fcn daha da y\u0131pranmaktad\u0131r.<\/span><\/p>\n<p><span style=\"font-size: 10pt; line-height: 150%; font-family: Verdana;\">\u00a0 <\/span><\/p>\n<p class=\"MsoNormal\" style=\"margin: 0cm 0cm 0pt; line-height: 150%; text-align: justify;\"><span style=\"font-size: 10pt; line-height: 150%; font-family: Verdana;\">Baraka K\u00fclt\u00fcr Merkezi, bir merkez olmaktan \u00e7ok \u201cBa\u015fka Bir K\u00fclt\u00fcr M\u00fcmk\u00fcn\u201d diyenlerin; alternatif k\u00fclt\u00fcrel duru\u015flar\u0131n\u0131n bulu\u015fma noktas\u0131 olmay\u0131 hedeflemektedir. M\u00fccadelenin ac\u0131l\u0131 yanlar\u0131 yan\u0131nda, ne\u015feli yanlar\u0131n\u0131 da ya\u015faman\u0131n, duru\u015fumuza anlam katman\u0131n, varolu\u015fumuzu sahiplenilir k\u0131lman\u0131n \u00e7abas\u0131, \u00fctopyas\u0131, tercihi olmak i\u00e7in yola \u00e7\u0131kt\u0131k.<\/span><\/p>\n<p><span style=\"font-size: 10pt; line-height: 150%; font-family: Verdana;\">\u00a0 <\/span><span style=\"font-size: 10pt; line-height: 150%; font-family: Verdana;\">\u00a0<\/span><\/p>\n<p class=\"MsoNormal\" style=\"margin: 0cm 0cm 0pt; line-height: 150%; text-align: justify;\"><span style=\"font-size: 10pt; line-height: 150%; font-family: Verdana;\">\u0130\u015fte bu anlamda,<\/span><\/p>\n<p>\u00a0<span style=\"font-size: 10pt; line-height: 150%; font-family: Verdana;\">\u201cBiz yeni bir hayat\u0131n acemileriyiz<\/span><\/p>\n<p class=\"MsoNormal\" style=\"margin: 0cm 0cm 0pt; line-height: 150%; text-align: justify;\"><span style=\"font-size: 10pt; line-height: 150%; font-family: Verdana;\">B\u00fct\u00fcn bildiklerimiz yeniden \u015fekilleniyor<\/span><\/p>\n<p class=\"MsoNormal\" style=\"margin: 0cm 0cm 0pt; line-height: 150%; text-align: justify;\"><span style=\"font-size: 10pt; line-height: 150%; font-family: Verdana;\">\u015fiirimiz, a\u015fk\u0131m\u0131z yeniden<\/span><\/p>\n<p class=\"MsoNormal\" style=\"margin: 0cm 0cm 0pt; line-height: 150%; text-align: justify;\"><span style=\"font-size: 10pt; line-height: 150%; font-family: Verdana;\">Son k\u00f6t\u00fc g\u00fcnleri ya\u015f\u0131yoruz belki<\/span><\/p>\n<p class=\"MsoNormal\" style=\"margin: 0cm 0cm 0pt; line-height: 150%; text-align: justify;\"><span style=\"font-size: 10pt; line-height: 150%; font-family: Verdana;\">\u0130lk g\u00fczel g\u00fcnleri de ya\u015far\u0131z belki.<\/span><\/p>\n<p class=\"MsoNormal\" style=\"margin: 0cm 0cm 0pt; line-height: 150%; text-align: justify;\"><span style=\"font-size: 10pt; line-height: 150%; font-family: Verdana;\">Cemal S\u00fcreyya\u201d<\/span><span style=\"font-size: 10pt; line-height: 150%; font-family: Verdana;\">\u00a0<\/span><\/p>\n<p><span style=\"font-size: 10pt; line-height: 150%; font-family: Verdana;\">\u00a0\u00a0 <\/span><span style=\"font-size: 10pt; line-height: 150%; font-family: Verdana;\">\u00a0\u00a0\u00a0\u00a0<\/span><\/p>\n<p class=\"MsoNormal\" style=\"margin: 0cm 0cm 0pt; line-height: 150%; text-align: justify;\"><span style=\"font-size: 10pt; line-height: 150%; font-family: Verdana;\">Mutlaka ya\u015fanacak olan o g\u00fczel g\u00fcnlerde, g\u00f6zlerinizin i\u00e7inde olu\u015facak olan par\u0131lt\u0131y\u0131 selamlar, a\u00e7\u0131l\u0131\u015f\u0131m\u0131z\u0131 onurland\u0131rman\u0131z\u0131 \u00f6zlemle bekleriz.<\/span><\/p>\n<p class=\"MsoNormal\" style=\"margin: 0cm 0cm 0pt; line-height: 150%; text-align: justify;\">\n<p><span style=\"font-size: 10pt; line-height: 150%; font-family: Verdana;\">BARAKA K\u00dcLT\u00dcR MERKEZ\u0130<\/span><\/p>\n","protected":false},"excerpt":{"rendered":"<p>16 Temmuz 2002 &nbsp; Sal\u0131 &nbsp; Lefko\u015fa \u00a0\u00a0\u00a0 \u00a0\u00a0 Bas\u0131na, \u00a0 K\u0131br\u0131s T\u00fcrk Halk\u0131na, \u00a0 K\u0131br\u0131s T\u00fcrk Ayd\u0131nlar\u0131na, \u00a0 Gen\u00e7lere, \u00a0 Emek\u00e7ilere, \u00a0 Esnaf ve<\/p>\n","protected":false},"author":1,"featured_media":0,"comment_status":"open","ping_status":"open","sticky":false,"template":"","format":"standard","meta":{"jetpack_post_was_ever_published":false,"_jetpack_newsletter_access":"","_jetpack_newsletter_tier_id":0,"jetpack_publicize_message":"","jetpack_is_tweetstorm":false,"jetpack_publicize_feature_enabled":true,"jetpack_social_post_already_shared":false,"jetpack_social_options":{"image_generator_settings":{"template":"highway","enabled":false}}},"categories":[41],"tags":[],"jetpack_publicize_connections":[],"jetpack_featured_media_url":"","jetpack_shortlink":"https:\/\/wp.me\/p4eHWX-qh","jetpack_sharing_enabled":true,"_links":{"self":[{"href":"https:\/\/baraka.cc\/index.php?rest_route=\/wp\/v2\/posts\/1629"}],"collection":[{"href":"https:\/\/baraka.cc\/index.php?rest_route=\/wp\/v2\/posts"}],"about":[{"href":"https:\/\/baraka.cc\/index.php?rest_route=\/wp\/v2\/types\/post"}],"author":[{"embeddable":true,"href":"https:\/\/baraka.cc\/index.php?rest_route=\/wp\/v2\/users\/1"}],"replies":[{"embeddable":true,"href":"https:\/\/baraka.cc\/index.php?rest_route=%2Fwp%2Fv2%2Fcomments&post=1629"}],"version-history":[{"count":1,"href":"https:\/\/baraka.cc\/index.php?rest_route=\/wp\/v2\/posts\/1629\/revisions"}],"predecessor-version":[{"id":1630,"href":"https:\/\/baraka.cc\/index.php?rest_route=\/wp\/v2\/posts\/1629\/revisions\/1630"}],"wp:attachment":[{"href":"https:\/\/baraka.cc\/index.php?rest_route=%2Fwp%2Fv2%2Fmedia&parent=1629"}],"wp:term":[{"taxonomy":"category","embeddable":true,"href":"https:\/\/baraka.cc\/index.php?rest_route=%2Fwp%2Fv2%2Fcategories&post=1629"},{"taxonomy":"post_tag","embeddable":true,"href":"https:\/\/baraka.cc\/index.php?rest_route=%2Fwp%2Fv2%2Ftags&post=1629"}],"curies":[{"name":"wp","href":"https:\/\/api.w.org\/{rel}","templated":true}]}}