{"id":1634,"date":"2003-06-03T10:26:22","date_gmt":"2003-06-03T08:26:22","guid":{"rendered":"https:\/\/baraka.cc\/?p=1634"},"modified":"2014-01-07T10:26:57","modified_gmt":"2014-01-07T08:26:57","slug":"ikinci-mekanin-acilisi","status":"publish","type":"post","link":"https:\/\/baraka.cc\/?p=1634","title":{"rendered":"\u0130kinci Mekan\u0131n A\u00e7\u0131l\u0131\u015f\u0131"},"content":{"rendered":"<p><span style=\"font-size: 10pt; line-height: 150%; font-family: Verdana;\">\u00a0<\/span><span style=\"font-size: 10pt; line-height: 150%; font-family: Verdana;\">\u00a0<\/span><\/p>\n<p class=\"MsoNormal\" style=\"margin: 0cm 0cm 0pt; line-height: 150%; text-align: right;\" align=\"right\"><strong><span style=\"font-size: 10pt; line-height: 150%; font-family: Verdana;\">3 Haziran 2003<\/span><\/strong><\/p>\n<p><strong><span style=\"font-size: 10pt; line-height: 150%; font-family: Verdana;\">\u00a0\u00a0 <\/span><\/strong><span style=\"font-size: 10pt; line-height: 150%; font-family: Verdana;\">\u00a0<\/span><\/p>\n<p class=\"MsoNormal\" style=\"margin: 0cm 0cm 0pt; line-height: 150%; text-align: justify;\"><span style=\"font-size: 10pt; line-height: 150%; font-family: Verdana;\">\u00a0\u00a0 \u00a0<\/span><\/p>\n<p class=\"MsoNormal\" style=\"margin: 0cm 0cm 0pt; line-height: 150%; text-align: justify;\"><span style=\"font-size: 10pt; line-height: 150%; font-family: Verdana;\">Baraka K\u00fclt\u00fcr Merkezi, 3 Haziran 2003 Saly ak?amy Nazym Hikmet Ran&#8217;yn 40. \u00f6l\u00fcm yyld\u00f6n\u00fcm\u00fc nedeniyle bir etkinlik d\u00fczenliyor. Etkinlik gecesi ayni zamanda Baraka K\u00fclt\u00fcr Merkezi\u2019nin yeni yerine ta?ynmasy dolayysyyla a\u00e7yly? gecesi olacaktyr.<\/span><\/p>\n<p><span style=\"font-size: 10pt; line-height: 150%; font-family: Verdana;\">\u00a0\u00a0 <\/span><span style=\"font-size: 10pt; line-height: 150%; font-family: Verdana;\">\u00a0<\/span><\/p>\n<p class=\"MsoNormal\" style=\"margin: 0cm 0cm 0pt; line-height: 150%; text-align: justify;\"><span style=\"font-size: 10pt; line-height: 150%; font-family: Verdana;\">Kokteyl ve Nazym Hikmet ?arkylary ile ba?layacak gecede, Nazym Hikmet ile ilgili VCD g\u00f6sterimi, Nazym ?iirleri ve <strong>\u201cYa?adyklary ve Yazdyklaryyla bug\u00fcn ya?ayan Nazym bizim i\u00e7in ne ifade ediyor?\u201d<\/strong> isimli bir forum d\u00fczenleniyor.<\/span><\/p>\n<p><span style=\"font-size: 10pt; line-height: 150%; font-family: Verdana;\">\u00a0\u00a0 <\/span><span style=\"font-size: 10pt; line-height: 150%; font-family: Verdana;\">\u00a0<\/span><\/p>\n<p class=\"MsoNormal\" style=\"margin: 0cm 0cm 0pt; line-height: 150%; text-align: justify;\"><span style=\"font-size: 10pt; line-height: 150%; font-family: Verdana;\">Gecenin t\u00fcm b\u00f6l\u00fcmleri katylymcylaryn ?ekillendirmesine a\u00e7yktyr.<\/span><\/p>\n<p><span style=\"font-size: 10pt; line-height: 150%; font-family: Verdana;\">\u00a0\u00a0 <\/span><span style=\"font-size: 10pt; line-height: 150%; font-family: Verdana;\">\u00a0<\/span><\/p>\n<p class=\"MsoNormal\" style=\"margin: 0cm 0cm 0pt; line-height: 150%; text-align: justify;\"><span style=\"font-size: 10pt; line-height: 150%; font-family: Verdana;\">3 Haziran Saly aksamy saat 19:00&#8217;da ba?layacak programa ?iir okumak, ?arky s\u00f6ylemek ve Nazym Hikmet\u2019i anmak isteyen t\u00fcm halkymyz davetlidir.<\/span><\/p>\n<p><span style=\"font-size: 10pt; line-height: 150%; font-family: Verdana;\">\u00a0\u00a0\u00a0<\/span><span style=\"font-size: 10pt; line-height: 150%; font-family: Verdana;\"><span>\u00a0<\/span><\/span><\/p>\n<p><strong><span style=\"font-size: 10pt; line-height: 150%; font-family: Verdana;\">Baraka K\u00fclt\u00fcr Merkezi<\/span><\/strong><strong><span style=\"font-size: 10pt; line-height: 150%; font-family: Verdana;\">\u00a0\u00a0 <\/span><\/strong><\/p>\n<p><strong><span style=\"font-size: 10pt; line-height: 150%; font-family: Verdana;\">Ba?ka Bir K\u00fclt\u00fcr M\u00fcmk\u00fcn<\/span><\/strong><\/p>\n","protected":false},"excerpt":{"rendered":"<p>\u00a0\u00a0 3 Haziran 2003 \u00a0\u00a0 \u00a0 \u00a0\u00a0 \u00a0 Baraka K\u00fclt\u00fcr Merkezi, 3 Haziran 2003 Saly ak?amy Nazym Hikmet Ran&#8217;yn 40. \u00f6l\u00fcm yyld\u00f6n\u00fcm\u00fc nedeniyle bir etkinlik<\/p>\n","protected":false},"author":1,"featured_media":0,"comment_status":"open","ping_status":"open","sticky":false,"template":"","format":"standard","meta":{"jetpack_post_was_ever_published":false,"_jetpack_newsletter_access":"","_jetpack_newsletter_tier_id":0,"jetpack_publicize_message":"","jetpack_is_tweetstorm":false,"jetpack_publicize_feature_enabled":true,"jetpack_social_post_already_shared":false,"jetpack_social_options":{"image_generator_settings":{"template":"highway","enabled":false}}},"categories":[41],"tags":[],"jetpack_publicize_connections":[],"jetpack_featured_media_url":"","jetpack_shortlink":"https:\/\/wp.me\/p4eHWX-qm","jetpack_sharing_enabled":true,"_links":{"self":[{"href":"https:\/\/baraka.cc\/index.php?rest_route=\/wp\/v2\/posts\/1634"}],"collection":[{"href":"https:\/\/baraka.cc\/index.php?rest_route=\/wp\/v2\/posts"}],"about":[{"href":"https:\/\/baraka.cc\/index.php?rest_route=\/wp\/v2\/types\/post"}],"author":[{"embeddable":true,"href":"https:\/\/baraka.cc\/index.php?rest_route=\/wp\/v2\/users\/1"}],"replies":[{"embeddable":true,"href":"https:\/\/baraka.cc\/index.php?rest_route=%2Fwp%2Fv2%2Fcomments&post=1634"}],"version-history":[{"count":0,"href":"https:\/\/baraka.cc\/index.php?rest_route=\/wp\/v2\/posts\/1634\/revisions"}],"wp:attachment":[{"href":"https:\/\/baraka.cc\/index.php?rest_route=%2Fwp%2Fv2%2Fmedia&parent=1634"}],"wp:term":[{"taxonomy":"category","embeddable":true,"href":"https:\/\/baraka.cc\/index.php?rest_route=%2Fwp%2Fv2%2Fcategories&post=1634"},{"taxonomy":"post_tag","embeddable":true,"href":"https:\/\/baraka.cc\/index.php?rest_route=%2Fwp%2Fv2%2Ftags&post=1634"}],"curies":[{"name":"wp","href":"https:\/\/api.w.org\/{rel}","templated":true}]}}