{"id":1646,"date":"2008-04-30T10:35:34","date_gmt":"2008-04-30T08:35:34","guid":{"rendered":"https:\/\/baraka.cc\/?p=1646"},"modified":"2014-01-07T10:36:19","modified_gmt":"2014-01-07T08:36:19","slug":"1-mayis-bildirisi","status":"publish","type":"post","link":"https:\/\/baraka.cc\/?p=1646","title":{"rendered":"1 May\u0131s Bildirisi"},"content":{"rendered":"<p class=\"MsoNormal\" style=\"margin: 0cm 0cm 0pt; line-height: 150%;\"><strong><span style=\"font-size: 10pt; line-height: 150%; font-family: Verdana;\">BARAKA K\u00dcLT\u00dcR MERKEZY 1 MAYIS BYLDYRYSY: 1 MAYIS\u2019TA ?ENLYK VAR!!!<\/span><\/strong><\/p>\n<p><strong><span style=\"font-size: 10pt; line-height: 150%; font-family: Verdana;\">\u00a0 \u00a0<\/span><\/strong><\/p>\n<p class=\"MsoNormal\" style=\"margin: 0cm 0cm 0pt; line-height: 150%;\"><span style=\"font-size: 10pt; line-height: 150%; font-family: Verdana;\">Y?\u00e7ilerin, emek\u00e7ilerin ve t\u00fcm ezilenlerin birlik, m\u00fccadele ve dayany?ma g\u00fcn\u00fc olan 1 Mayys\u2019y, s\u00f6m\u00fcr\u00fcn\u00fcn olmady?y, e?it, \u00f6zg\u00fcr ve karde?\u00e7e bir d\u00fcnyayy yaratma \u00f6zlemi ile kutluyoruz. Her sene oldu?u gibi bu yyl da 1 Mayys&#8217;ta alanlarda olaca?yz, isyanymyzy ve taleplerimizi haykyraca?yz.<\/span><\/p>\n<p class=\"MsoNormal\" style=\"margin: 0cm 0cm 0pt; line-height: 150%;\"><span style=\"font-size: 10pt; line-height: 150%; font-family: Verdana;\">\u00a0\u00a0 <\/span><\/p>\n<p><span style=\"font-size: 10pt; line-height: 150%; font-family: Verdana;\">2007 1 Mayys\u2019ynda h\u00fck\u00fcmeti ele?tiren sloganlarymyza tahamm\u00fcl edemeyen, hatta korteje ve miting alanyna katylmamyza engel olmaya \u00e7aly?an anti demokratik zihniyet ne yazyk ki bu yyl da ayny ?ekilde devam etmektedir. Bu sebeple h\u00fck\u00fcmet ve ba?ly sendikalaryn sabah saatlerinde (tesad\u00fcfen g\u00fcneydeki mitingle ayny saatte!) kutlady?y 1 Mayys\u2019a de?il, daha demokratik ve katylymcy oldu?una inandy?ymyz Bary? Platformu\u2019nun d\u00fczenledi?i 1 Mayys kutlamalaryna katylaca?yz. Ayryca ortak bir vatan yaratmanyn ortak m\u00fccadeleden ge\u00e7ti?ine inan\u00e7la, adamyzyn g\u00fcneyinde yapylacak kutlamalarda da yerimizi alaca?yz. <\/span><span style=\"font-size: 10pt; line-height: 150%; font-family: Verdana;\">E?it, \u00f6zg\u00fcr ve karde?\u00e7e bir ya?am i\u00e7in 1 Mayys\u2019ta sabah 10.00\u2019da G\u00fcney Lefko?a\u2019daki kutlamalarda, ak?am saat 18.00\u2019de ise Bary? Platformu ile \u00c7a?layan\u2019da olaca?yz.<span>\u00a0\u00a0\u00a0\u00a0\u00a0 <\/span><\/span><span style=\"font-size: 10pt; line-height: 150%; font-family: Verdana;\">Bayraklarymyz, ?arkylarymyz, zillerimizle, ne?emiz ve co?kumuzla;<\/span><span style=\"font-size: 10pt; line-height: 150%; font-family: Verdana;\">Yoksullu?a, i?sizli?e, sigortasyz ve g\u00fcvencesiz \u00e7aly?tyrmaya kar?y y\u00fcr\u00fcyece?iz.<\/span><\/p>\n<p class=\"MsoNormal\" style=\"margin: 0cm 0cm 0pt; line-height: 150%;\"><span style=\"font-size: 10pt; line-height: 150%; font-family: Verdana;\">\u00dcniversitelerdeki soyguna kar?y y\u00fcr\u00fcyece?iz, e?itimin parasyz ve e?it olmasyny isteyece?iz.<\/span><\/p>\n<p class=\"MsoNormal\" style=\"margin: 0cm 0cm 0pt; line-height: 150%;\"><span style=\"font-size: 10pt; line-height: 150%; font-family: Verdana;\">\u00a0\u00a0 <\/span><\/p>\n<p><span style=\"font-size: 10pt; line-height: 150%; font-family: Verdana;\">Devlet hastanelerine kaynak aktarylmamasyna, sa?ly?yn paraly hale getirilmesine kar?y y\u00fcr\u00fcyece?iz, herkese \u00fccretsiz ve kaliteli sa?lyk hizmeti isteyece?iz.<\/span><span style=\"font-size: 10pt; line-height: 150%; font-family: Verdana;\">Kadynlaryn ezilmesine, cinsel ayrymcyly?a ve homofobiye kar?y y\u00fcr\u00fcyece?iz.<\/span><span style=\"font-size: 10pt; line-height: 150%; font-family: Verdana;\">H\u00fck\u00fcmetin sol g\u00f6sterip sa? vurmasyna, sermayeye teslim olmasyna kar?y y\u00fcr\u00fcyece?iz.<\/span>\u00a0 <span style=\"font-size: 10pt; line-height: 150%; font-family: Verdana;\">Sosyal G\u00fcven(siz)lik Yasasy ile \u00e7ocuklarymyzyn gelece?inin karartylmasyna, mezarda emeklili?e kar?y y\u00fcr\u00fcyece?iz.<\/span><span style=\"font-size: 10pt; line-height: 150%; font-family: Verdana;\">\u00a0 <\/span><span style=\"font-size: 10pt; line-height: 150%; font-family: Verdana;\">K\u00fclt\u00fcrel asimilasyona ve i?gallere kar?y y\u00fcr\u00fcyece?iz, \u201cAnkara de?il Lefko?a\u201d diyece?iz.<\/span><span style=\"font-size: 10pt; line-height: 150%; font-family: Verdana;\">Kybrysly T\u00fcrk ve Kybrysly Elen halkarynyn karde?li?i i\u00e7in y\u00fcr\u00fcyece?iz, bary? i\u00e7inde Ba?ymsyz bir Kybrys isteyece?iz.<\/span><\/p>\n<p>&nbsp;<\/p>\n<p><span style=\"font-size: 10pt; line-height: 150%; font-family: Verdana;\">30\/4\/2008<strong><br \/>\n<\/strong><\/span><\/p>\n","protected":false},"excerpt":{"rendered":"<p>BARAKA K\u00dcLT\u00dcR MERKEZY 1 MAYIS BYLDYRYSY: 1 MAYIS\u2019TA ?ENLYK VAR!!! \u00a0 \u00a0 Y?\u00e7ilerin, emek\u00e7ilerin ve t\u00fcm ezilenlerin birlik, m\u00fccadele ve dayany?ma g\u00fcn\u00fc olan 1 Mayys\u2019y,<\/p>\n","protected":false},"author":1,"featured_media":0,"comment_status":"open","ping_status":"open","sticky":false,"template":"","format":"standard","meta":{"jetpack_post_was_ever_published":false,"_jetpack_newsletter_access":"","_jetpack_newsletter_tier_id":0,"jetpack_publicize_message":"","jetpack_is_tweetstorm":false,"jetpack_publicize_feature_enabled":true,"jetpack_social_post_already_shared":false,"jetpack_social_options":{"image_generator_settings":{"template":"highway","enabled":false}}},"categories":[41],"tags":[],"jetpack_publicize_connections":[],"jetpack_featured_media_url":"","jetpack_shortlink":"https:\/\/wp.me\/p4eHWX-qy","jetpack_sharing_enabled":true,"_links":{"self":[{"href":"https:\/\/baraka.cc\/index.php?rest_route=\/wp\/v2\/posts\/1646"}],"collection":[{"href":"https:\/\/baraka.cc\/index.php?rest_route=\/wp\/v2\/posts"}],"about":[{"href":"https:\/\/baraka.cc\/index.php?rest_route=\/wp\/v2\/types\/post"}],"author":[{"embeddable":true,"href":"https:\/\/baraka.cc\/index.php?rest_route=\/wp\/v2\/users\/1"}],"replies":[{"embeddable":true,"href":"https:\/\/baraka.cc\/index.php?rest_route=%2Fwp%2Fv2%2Fcomments&post=1646"}],"version-history":[{"count":1,"href":"https:\/\/baraka.cc\/index.php?rest_route=\/wp\/v2\/posts\/1646\/revisions"}],"predecessor-version":[{"id":1647,"href":"https:\/\/baraka.cc\/index.php?rest_route=\/wp\/v2\/posts\/1646\/revisions\/1647"}],"wp:attachment":[{"href":"https:\/\/baraka.cc\/index.php?rest_route=%2Fwp%2Fv2%2Fmedia&parent=1646"}],"wp:term":[{"taxonomy":"category","embeddable":true,"href":"https:\/\/baraka.cc\/index.php?rest_route=%2Fwp%2Fv2%2Fcategories&post=1646"},{"taxonomy":"post_tag","embeddable":true,"href":"https:\/\/baraka.cc\/index.php?rest_route=%2Fwp%2Fv2%2Ftags&post=1646"}],"curies":[{"name":"wp","href":"https:\/\/api.w.org\/{rel}","templated":true}]}}