{"id":1648,"date":"2008-04-14T10:36:22","date_gmt":"2008-04-14T08:36:22","guid":{"rendered":"https:\/\/baraka.cc\/?p=1648"},"modified":"2014-01-07T10:37:29","modified_gmt":"2014-01-07T08:37:29","slug":"caglayan-parki","status":"publish","type":"post","link":"https:\/\/baraka.cc\/?p=1648","title":{"rendered":"\u00c7a\u011flayan Park\u0131"},"content":{"rendered":"<p><span style=\"font-size: 10pt; line-height: 150%; font-family: Verdana;\">\u00a0<\/span><\/p>\n<p class=\"MsoNormal\" style=\"margin: 0cm 0cm 0pt; text-indent: 17.85pt; line-height: 150%; text-align: right;\" align=\"right\"><span style=\"font-size: 10pt; line-height: 150%; font-family: Verdana;\">14 Nisan 2008<\/span><\/p>\n<p><span style=\"font-size: 10pt; line-height: 150%; font-family: Verdana;\">\u00a0\u00a0 <\/span><\/p>\n<p class=\"MsoNormal\" style=\"margin: 0cm 0cm 0pt; text-indent: 17.85pt; line-height: 150%; text-align: justify;\"><strong><span style=\"font-size: 10pt; line-height: 150%; font-family: Verdana;\">De?erli Basyn Emek\u00e7ileri,<\/span><\/strong><\/p>\n<p><strong><span style=\"font-size: 10pt; line-height: 150%; font-family: Verdana;\">\u00a0\u00a0\u00a0 \u00a0<\/span><\/strong><\/p>\n<p class=\"MsoNormal\" style=\"margin: 0cm 0cm 0pt; text-indent: 17.85pt; line-height: 150%; text-align: justify;\"><strong><span style=\"font-size: 10pt; line-height: 150%; font-family: Verdana;\">Saygyde?er Halkymyz,<\/span><\/strong><\/p>\n<p><strong><span style=\"font-size: 10pt; line-height: 150%; font-family: Verdana;\">\u00a0\u00a0 <\/span><\/strong><\/p>\n<p class=\"MsoNormal\" style=\"margin: 0cm 0cm 0pt; text-indent: 17.85pt; line-height: 150%; text-align: justify;\"><span style=\"font-size: 10pt; line-height: 150%; font-family: Verdana;\">\u00c7a?layan Parky\u2019nyn isminin, Kybrys T\u00fcrk halkynyn varlyk, kimlik ve iradesine ters bir ?ekilde de?i?tirilmesi s\u00fcrecini ibretle izliyoruz.<\/span><\/p>\n<p><span style=\"font-size: 10pt; line-height: 150%; font-family: Verdana;\">\u00a0\u00a0\u00a0 \u00a0<\/span><\/p>\n<p class=\"MsoNormal\" style=\"margin: 0cm 0cm 0pt; text-indent: 17.85pt; line-height: 150%; text-align: justify;\"><span style=\"font-size: 10pt; line-height: 150%; font-family: Verdana;\">Kybrys T\u00fcrk halky i\u00e7in tarihi \u00f6nemde ve kendi varolu?unun bilincine vardy?y d\u00f6nemlerle neredeyse ya?yt bir parkyn isminin, bu kadar kolay ve bu kadar umursamazca de?i?tirilmi? olmasy elbette ?a?yrtycydyr. Bizim meselemiz, ne parkyn isminin \u201cAnkara\u201d konulmu? olmasy ne de bunu yapanyn Demokrat Parti\u2019li bir Belediye Ba?kany olmasydyr. \u00c7a?layan Parky\u2019nyn isminin, tarihi de?erine ve burada ya?anmy?lyklary olan insanlarymyzyn hatyralaryna saygynyn bir gere?i olarak aynen <strong>oldu?u gibi kalmasy gerekti?ine<\/strong> inandy?ymyzdan, sayyn Lefko?a Belediye Ba?kany\u2019nyn \u201cadyny Atina my koysaydyk\u201d ?eklindeki a\u00e7yklamasyna da bir cevap vermedik. \u00c7\u00fcnk\u00fc biz, parkyn isminin de?i?tirilmesine kar?y oldu?umuzdan ady nasyl de?i?tirilirse de?i?tirilsin, bizim i\u00e7in farketmeyecektir. \u00dcstelik sayyn Belediye Ba?kany ile bir polemik i\u00e7erisine girmek de istemiyoruz. \u00c7\u00fcnk\u00fc parkyn isminin de?i?tirilmesi yanyzca kendisinin bir icraaty olmady?yndan, b\u00f6yle bir tarty?ma bizi esas konumuzdan da uzakla?tyrcaktyr. Bu kararyn Belediye Meclisi\u2019nde alyndy?yny hem de oy birli?i ile alyndy?yny, bu mecliste bir\u00e7ok farkly siyasi gelenekten ki?inin bulundu?unu da biliyoruz. Bu durumda talihsiz isim de?i?ikli?i ne tek tek Belediye Meclis \u00fcyeleri ile ne de Belediye Ba?kany\u2019nyn ?ahsy ile ilgili bir konu de?ildir.<\/span><\/p>\n<p><span style=\"font-size: 10pt; line-height: 150%; font-family: Verdana;\">\u00a0\u00a0 \u00a0<\/span><\/p>\n<p class=\"MsoNormal\" style=\"margin: 0cm 0cm 0pt; text-indent: 17.85pt; line-height: 150%; text-align: justify;\"><span style=\"font-size: 10pt; line-height: 150%; font-family: Verdana;\">\u00c7a?layan Parky \u00fczerinden y\u00fcr\u00fcyen tarty?ma veya halkymyzyn \u00e7e?itli kesimlerinin duyarlyly?ynyn; ne bir partiden yana di?er partiye kar?y ne de belli bir ?ahsyn veya ?ahyslar grubunun yypratylmasy tarty?masy olmady?yny buradan bir kez daha herkese hatyrlatmak istiyoruz. \u00c7a?layan Parky\u2019nyn isminin de?i?tirilmesi tarty?masy, Kybrys T\u00fcrk halkynyn varly?yna ve tarihine saygy duyulup duyulmamasy tarty?masydyr. Bu tarty?ma, \u201c<strong>Kybrys T\u00fcrk halkynyn tarihi de?erleri bir g\u00fcnde, bir idari kararla de?i?tirilebilir mi, de?i?tirilemez mi<\/strong>\u201d tarty?masydyr.<\/span><\/p>\n<p><span style=\"font-size: 10pt; line-height: 150%; font-family: Verdana;\">\u00a0\u00a0 \u00a0<\/span><\/p>\n<p class=\"MsoNormal\" style=\"margin: 0cm 0cm 0pt; text-indent: 17.85pt; line-height: 150%; text-align: justify;\"><span style=\"font-size: 10pt; line-height: 150%; font-family: Verdana;\">Bu vesileyle \u201c\u00d6z Hataylylar Derne?i\u201dni de buradan selamlyyoruz. Onlar bir halkyn kimli?ine saygynyn ne demek oldu?unu bazy s\u00f6zde ilericilerden \u00e7ok daha iyi kavradyklaryny g\u00f6stermi?lerdir.<\/span><\/p>\n<p><span style=\"font-size: 10pt; line-height: 150%; font-family: Verdana;\">\u00a0\u00a0 \u00a0<\/span><\/p>\n<p class=\"MsoNormal\" style=\"margin: 0cm 0cm 0pt; text-indent: 17.85pt; line-height: 150%; text-align: justify;\"><span style=\"font-size: 10pt; line-height: 150%; font-family: Verdana;\">Baraka, isim de?i?ikli?inin t\u00f6renlerle kutlandy?y o talihsiz g\u00fcnde bir protesto ger\u00e7ekle?tirerek bu konudaki tavryny net bir ?ekilde kamuoyu ile payla?my?ty. O g\u00fcnden bug\u00fcne \u201cyetkililerin\u201d, \u201cilgililerin\u201d, toplumumuzun liderli?ine soyunanlaryn; mazeretlerini, duyarsyzlyklaryny, g\u00fcndem saptyrmalaryny ve oyalamacalaryny ilgi ile takip ettik. ?imdiye kadar bir\u00e7ok ilerici, demokrat \u00f6rg\u00fct\u00fcm\u00fcz \u00c7a?layan Parky\u2019nyn tarihi, Kybrys T\u00fcrk halkynyn varolu? m\u00fccadelesindeki de?eri ve halkymyz i\u00e7in anlamy konularynda onlarca a\u00e7yklama yayynladylar. Bu a\u00e7yklamalar da basynda yer buldu. Kendi tarihi de?erlerine hi\u00e7bir kyymet vermedi?i gayet iyi bilinen \u00e7ok k\u00fc\u00e7\u00fck bir azynlyk dy?ynda herkes, t\u00fcm halkymyz; \u00c7a?layan Parky\u2019na, onun ismine, tarihine, kysacasy kendi tarihine sahip \u00e7ykty ve isim de?i?ikli?ini ele?tirdi.<\/span><\/p>\n<p><span style=\"font-size: 10pt; line-height: 150%; font-family: Verdana;\">\u00a0\u00a0 \u00a0<\/span><\/p>\n<p class=\"MsoNormal\" style=\"margin: 0cm 0cm 0pt; text-indent: 17.85pt; line-height: 150%; text-align: justify;\"><span style=\"font-size: 10pt; line-height: 150%; font-family: Verdana;\">Ancak g\u00fcnler ge\u00e7tik\u00e7e ve zaman ilerledik\u00e7e g\u00f6r\u00fcld\u00fc ki bazy kesimlerde \u201csin da gulle ge\u00e7sin\u201d manty?y ile hareket etme e?ilimi hakim olmaktadyr. Bazy kesimler, t\u00fcm siyasi de?erlerini, bir halkyn varolu? m\u00fccadelesine anlam katan simgeler de dahil olmak \u00fczere, satyly?a \u00e7ykarmy?tyr. Bazy kesimler, \u201cbiraz ba?yryrlar sonra da evlerine d\u00f6nerler\u201d diye d\u00fc?\u00fcnmekte, kendi siyasi \u00e7ykarlaryny halkymyzyn tarihine, ismine ve onuruna saygynyn \u00f6n\u00fcne koyabilmektedirler.<\/span><\/p>\n<p><span style=\"font-size: 10pt; line-height: 150%; font-family: Verdana;\">\u00a0\u00a0 \u00a0<\/span><\/p>\n<p class=\"MsoNormal\" style=\"margin: 0cm 0cm 0pt; text-indent: 17.85pt; line-height: 150%; text-align: justify;\"><span style=\"font-size: 10pt; line-height: 150%; font-family: Verdana;\">A\u00e7yk\u00e7asy biz belki de fazlasy ile iyi niyetli olarak, \u00c7a?layan s\u00fcrecinde yapylanyn bir hata oldu?unu, halkymyzyn tepkisi kar?ysynda da bu hatayy d\u00fczeltmek \u00fczere bir \u00e7aba harcanaca?yny d\u00fc?\u00fcnd\u00fck. Kararyn altynda imzasy olan bir iki ki?i dy?ynda ise geriye kalanlardan sadece mazeret dinledik. Efendim \u201caslynda ?\u00f6yle \u00f6nerilmi? de kendileri de b\u00f6yle demi? de\u201d gibi bir s\u00fcr\u00fc ?ey dinlemek zorunda byrakyldyk. ?imdi ise derin bir sessizlik h\u00fck\u00fcm s\u00fcr\u00fcyor.<\/span><\/p>\n<p><span style=\"font-size: 10pt; line-height: 150%; font-family: Verdana;\">\u00a0\u00a0 \u00a0<\/span><\/p>\n<p class=\"MsoNormal\" style=\"margin: 0cm 0cm 0pt; text-indent: 17.85pt; line-height: 150%; text-align: justify;\"><span style=\"font-size: 10pt; line-height: 150%; font-family: Verdana;\">Baraka K\u00fclt\u00fcr Merkezi olarak, a\u00e7yk\u00e7a ve net olarak s\u00f6yl\u00fcyoruz ki; <strong>biz bu s\u00fcreci bir politik oyun olarak g\u00f6rm\u00fcyoruz.<\/strong> Halkymyzyn geni? kesimlerinin de payla?ty?y gibi, biz bu s\u00fcreci Kybrys T\u00fcrk halkynyn varly?y meselesi olarak g\u00f6r\u00fcyoruz. Bu s\u00fcrecin sonunda kimin ne kadar oy kazanyp, kimin ne kadar oy kaybedece?i de umurumuzda de?ildir. Bu taraklarda da bezimiz yoktur.<\/span><\/p>\n<p><span style=\"font-size: 10pt; line-height: 150%; font-family: Verdana;\">\u00a0\u00a0 \u00a0<\/span><\/p>\n<p class=\"MsoNormal\" style=\"margin: 0cm 0cm 0pt; text-indent: 17.85pt; line-height: 150%; text-align: justify;\"><span style=\"font-size: 10pt; line-height: 150%; font-family: Verdana;\">A\u00e7yly?ta parkymyza \u201cAnkara \u00c7a?layan Parky\u201d diye hitap eden sayyn Y\u00e7i?leri Bakany da dahil olmak \u00fczere, kararyn altynda imzasy olan herkesi, karar d\u00fczeltilmedi?i s\u00fcrece sorumlu kabul ediyoruz. Yaptyklary yanly?y d\u00fczeltemek ve isimlerini temize \u00e7ykarmak i\u00e7in, artyk deme\u00e7ler vermekten vazge\u00e7melidirler. Ger\u00e7ekten samimiyseler bunu lafta de?il hayatta g\u00f6stermelidirler.<\/span><\/p>\n<p><span style=\"font-size: 10pt; line-height: 150%; font-family: Verdana;\">\u00a0\u00a0 \u00a0<\/span><\/p>\n<p class=\"MsoNormal\" style=\"margin: 0cm 0cm 0pt; text-indent: 17.85pt; line-height: 150%; text-align: justify;\"><span style=\"font-size: 10pt; line-height: 150%; font-family: Verdana;\">\u00c7a?layan Parky\u2019nyn isminin de?i?tirilmesi Kybrys T\u00fcrk halkyna yapylmy? bir hakarettir. <strong>Baraka K\u00fclt\u00fcr Merkezi, Kybrys T\u00fcrk halkynyn varly?yna y\u00f6neltilmi? bu a?yr hakareti \u00fczerine alynmy?tyr.<\/strong> Bu hakaret, bir iki bildiri ve basyn a\u00e7yklamasy yapyldyktan sonra unutulacak sonra da ba?ka g\u00fcndemlerin pe?inde ko?turulacak bir hakaret de?ildir. Biz, bildi?imiz ve bulabildi?imiz her t\u00fcrl\u00fc ME?RU eylemle onurumuzu savunaca?yz. Halkymyzyn t\u00fcm kesimlerine de ayny \u00e7a?ryyy yapyyoruz.<\/span><\/p>\n<p><span style=\"font-size: 10pt; line-height: 150%; font-family: Verdana;\">\u00a0\u00a0 \u00a0<\/span><\/p>\n<p class=\"MsoNormal\" style=\"margin: 0cm 0cm 0pt; text-indent: 17.85pt; line-height: 150%; text-align: justify;\"><span style=\"font-size: 10pt; line-height: 150%; font-family: Verdana;\">Bu karar de?i?meli, \u00c7a?layan\u2019a ismi iade edilmelidir.<\/span><\/p>\n<p><span style=\"font-size: 10pt; line-height: 150%; font-family: Verdana;\">\u00a0\u00a0 \u00a0<\/span><span style=\"font-size: 10pt; line-height: 150%; font-family: Verdana;\">\u00a0<\/span><\/p>\n<p class=\"MsoNormal\" style=\"margin: 0cm 0cm 0pt; text-indent: 17.85pt; line-height: 150%; text-align: right;\" align=\"right\"><strong><span style=\"font-size: 10pt; line-height: 150%; font-family: Verdana;\">Baraka K\u00fclt\u00fcr Merkezi<\/span><\/strong><\/p>\n<p class=\"MsoNormal\" style=\"margin: 0cm 0cm 0pt; text-indent: 17.85pt; line-height: 150%; text-align: right;\" align=\"right\">\n<p><strong><span style=\"font-size: 10pt; line-height: 150%; font-family: Verdana;\">\u00a0\u00a0\u00a0\u00a0\u00a0\u00a0\u00a0\u00a0\u00a0\u00a0\u00a0\u00a0\u00a0\u00a0\u00a0\u00a0\u00a0\u00a0\u00a0\u00a0\u00a0\u00a0\u00a0\u00a0\u00a0\u00a0\u00a0\u00a0\u00a0\u00a0\u00a0\u00a0\u00a0\u00a0\u00a0\u00a0\u00a0\u00a0\u00a0\u00a0\u00a0\u00a0\u00a0\u00a0\u00a0\u00a0\u00a0\u00a0\u00a0\u00a0\u00a0\u00a0\u00a0\u00a0\u00a0\u00a0\u00a0\u00a0\u00a0\u00a0\u00a0\u00a0\u00a0\u00a0\u00a0\u00a0\u00a0\u00a0\u00a0\u00a0\u00a0\u00a0\u00a0\u00a0\u00a0\u00a0\u00a0\u00a0\u00a0\u00a0\u00a0\u00a0\u00a0\u00a0\u00a0\u00a0\u00a0\u00a0\u00a0\u00a0\u00a0\u00a0\u00a0\u00a0\u00a0\u00a0\u00a0\u00a0 <\/span><\/strong><strong><span style=\"font-size: 10pt; line-height: 150%; font-family: Verdana;\">Ba?ka Bir K\u00fclt\u00fcr M\u00fcmk\u00fcn<\/span><\/strong><\/p>\n","protected":false},"excerpt":{"rendered":"<p>\u00a0 14 Nisan 2008 \u00a0\u00a0 De?erli Basyn Emek\u00e7ileri, \u00a0\u00a0\u00a0 \u00a0 Saygyde?er Halkymyz, \u00a0\u00a0 \u00c7a?layan Parky\u2019nyn isminin, Kybrys T\u00fcrk halkynyn varlyk, kimlik ve iradesine ters bir<\/p>\n","protected":false},"author":1,"featured_media":0,"comment_status":"open","ping_status":"open","sticky":false,"template":"","format":"standard","meta":{"jetpack_post_was_ever_published":false,"_jetpack_newsletter_access":"","_jetpack_newsletter_tier_id":0,"jetpack_publicize_message":"","jetpack_is_tweetstorm":false,"jetpack_publicize_feature_enabled":true,"jetpack_social_post_already_shared":false,"jetpack_social_options":{"image_generator_settings":{"template":"highway","enabled":false}}},"categories":[41],"tags":[],"jetpack_publicize_connections":[],"jetpack_featured_media_url":"","jetpack_shortlink":"https:\/\/wp.me\/p4eHWX-qA","jetpack_sharing_enabled":true,"_links":{"self":[{"href":"https:\/\/baraka.cc\/index.php?rest_route=\/wp\/v2\/posts\/1648"}],"collection":[{"href":"https:\/\/baraka.cc\/index.php?rest_route=\/wp\/v2\/posts"}],"about":[{"href":"https:\/\/baraka.cc\/index.php?rest_route=\/wp\/v2\/types\/post"}],"author":[{"embeddable":true,"href":"https:\/\/baraka.cc\/index.php?rest_route=\/wp\/v2\/users\/1"}],"replies":[{"embeddable":true,"href":"https:\/\/baraka.cc\/index.php?rest_route=%2Fwp%2Fv2%2Fcomments&post=1648"}],"version-history":[{"count":1,"href":"https:\/\/baraka.cc\/index.php?rest_route=\/wp\/v2\/posts\/1648\/revisions"}],"predecessor-version":[{"id":1649,"href":"https:\/\/baraka.cc\/index.php?rest_route=\/wp\/v2\/posts\/1648\/revisions\/1649"}],"wp:attachment":[{"href":"https:\/\/baraka.cc\/index.php?rest_route=%2Fwp%2Fv2%2Fmedia&parent=1648"}],"wp:term":[{"taxonomy":"category","embeddable":true,"href":"https:\/\/baraka.cc\/index.php?rest_route=%2Fwp%2Fv2%2Fcategories&post=1648"},{"taxonomy":"post_tag","embeddable":true,"href":"https:\/\/baraka.cc\/index.php?rest_route=%2Fwp%2Fv2%2Ftags&post=1648"}],"curies":[{"name":"wp","href":"https:\/\/api.w.org\/{rel}","templated":true}]}}