{"id":1652,"date":"2008-03-23T10:39:14","date_gmt":"2008-03-23T08:39:14","guid":{"rendered":"https:\/\/baraka.cc\/?p=1652"},"modified":"2014-01-07T10:40:13","modified_gmt":"2014-01-07T08:40:13","slug":"calayan-ycin-cary","status":"publish","type":"post","link":"https:\/\/baraka.cc\/?p=1652","title":{"rendered":"\u00c7a?layan Y\u00e7in \u00c7a?ry"},"content":{"rendered":"<p><span style=\"font-size: 10pt; font-family: Verdana;\"><strong>\u00c7a?layan\u00a0Y\u00e7in <span style=\"font-size: 10pt; font-family: Verdana;\">\u00c7a?ry<\/span><\/strong><\/span><\/p>\n<p><span style=\"font-size: 10pt; font-family: Verdana;\"><strong><span style=\"font-size: 10pt; font-family: Verdana;\">\u00a0\u00a0\u00a0<\/span><\/strong><\/span><span style=\"font-size: 10pt; font-family: Verdana;\"><strong><span style=\"font-size: 10pt; font-family: Verdana;\">\u00a0\u00a0<\/span><\/strong><\/span><span style=\"font-size: 10pt; font-family: Verdana;\">\u00a0<\/span> <span style=\"font-size: 10pt; font-family: Verdana;\">\u00c7a?layan Parky\u2019nyn isminin Ankara \u00c7a?layan Parky ?eklinde de?i?tirilmesi, Kybrysly T\u00fcrkler\u2019in tarihsizle?tirilmesi ve kimliksizle?tirilmesi s\u00fcrecinin bir devamydyr. 23 Mart Pazar g\u00fcn\u00fc yeniden d\u00fczenlenerek a\u00e7yly?y yapylan \u00c7a?alayan Parky\u2019nyn adynyn de?i?mesini kabul etmeyen, toplumumuzun duyarly insanlary ve Baraka K\u00fclt\u00fcr Merkezi olarak bizler, Lefko?a T\u00fcrk Belediyesi Ba?kany\u2019na ve konuklaryna gerekli cevaby verdik.<\/span><\/p>\n<p><span style=\"font-size: 10pt; font-family: Verdana;\">\u00a0\u00a0\u00a0\u00a0\u00a0<\/span><\/p>\n<p class=\"MsoNormal\" style=\"margin: 0cm 0cm 0pt; text-indent: 36pt;\"><span style=\"font-size: 10pt; font-family: Verdana;\">Ancak biliyoruz ki, bu konu ne Lefko?a T\u00fcrk Belediyesi\u2019nin ?imdiki ba?kany ne de Kybrys\u2019yn kuzeyindeki h\u00fck\u00fcmetle ilgilidir. 1950\u2019lerden bu yana Kybrysly T\u00fcrkler \u00fczerindeki asimilasyon ve ba?ymlylyk politikalary devam etmektedir. Kybrysly T\u00fcrklerin adadaki varly?y bu politikalar sebebi ile yokolma s\u00fcrecine girmi?tir. E?er bug\u00fcn \u00c7a?layan Parky\u2019nyn ady hi\u00e7bir sivil kurulu? ve toplum kaale alynmadan de?i?tirilebiliyorsa bu da yyllardyr Kybrys\u2019yn liderli?ine soyunanlaryn ayny ?ekilde davranmy? olmasyndan dolayydyr.<\/span><\/p>\n<p><span style=\"font-size: 10pt; font-family: Verdana;\">\u00a0\u00a0\u00a0 \u00a0<\/span><\/p>\n<p class=\"MsoNormal\" style=\"margin: 0cm 0cm 0pt; text-indent: 36pt;\"><span style=\"font-size: 10pt; font-family: Verdana;\">Adymyzyn de?i?tirilmesi, varly?ymyzyn hi\u00e7e sayylmasydyr. Bunu tersine d\u00f6nd\u00fcrmek yine bizim elimizdedir. Gelinen s\u00fcre\u00e7te Baraka K\u00fclt\u00fcr Merkezi \u00fczerine d\u00fc?eni yaparak \u00c7a?layan Parky\u2019nyn adynyn de?i?mesinden dolayy rahatsyz olan t\u00fcm ilerici halkymyzy ve \u00f6rg\u00fctlerimizi KT\u00d6S (Kybrys T\u00fcrk \u00d6?retmenler Sendikasy) lokalinde<span>\u00a0 <\/span>yaryn <strong>(26 Mart \u00c7ar?amba)<\/strong> saat 18:00\u2019da toplantyya beklemektedir. Toplanty t\u00fcm \u00f6rg\u00fctlere ve bireylere a\u00e7yk olarak yapylacaktyr. \u00c7a?layan Parky, \u00c7a?layan Parky\u2019dyr.<\/span><\/p>\n<p class=\"MsoNormal\" style=\"margin: 0cm 0cm 0pt; text-indent: 36pt;\"><span style=\"font-size: 10pt; font-family: Verdana;\">\u00a0\u00a0 <\/span><\/p>\n<p><span style=\"font-size: 10pt; font-family: Verdana;\">\u00a0\u00a0 <\/span><span style=\"font-size: 10pt; font-family: Verdana;\">Saygylarymyzla<\/span><span style=\"font-size: 10pt; font-family: Verdana;\">\u00a0<\/span><\/p>\n<p><span style=\"font-size: 10pt; font-family: Verdana;\">\u00a0<\/span><span style=\"font-size: 10pt; font-family: Verdana;\"><span>\u00a0\u00a0\u00a0\u00a0\u00a0\u00a0\u00a0\u00a0\u00a0\u00a0\u00a0\u00a0\u00a0\u00a0\u00a0\u00a0\u00a0\u00a0\u00a0\u00a0\u00a0\u00a0 <\/span>Baraka K\u00fclt\u00fcr Merkezi(a)<\/span><\/p>\n<p><span style=\"font-size: 10pt; font-family: Verdana;\">\u00a0\u00a0<\/span><span style=\"font-size: 10pt; font-family: Verdana;\"><span>\u00a0\u00a0\u00a0\u00a0\u00a0\u00a0\u00a0\u00a0\u00a0\u00a0\u00a0\u00a0\u00a0\u00a0\u00a0\u00a0\u00a0\u00a0\u00a0\u00a0\u00a0\u00a0\u00a0\u00a0\u00a0\u00a0<\/span>\u00a0 Besim Baysal<\/span><span style=\"font-size: 10pt; font-family: Verdana;\">\u00a0<\/span><\/p>\n","protected":false},"excerpt":{"rendered":"<p>\u00c7a?layan\u00a0Y\u00e7in \u00c7a?ry \u00a0\u00a0\u00a0\u00a0\u00a0\u00a0 \u00c7a?layan Parky\u2019nyn isminin Ankara \u00c7a?layan Parky ?eklinde de?i?tirilmesi, Kybrysly T\u00fcrkler\u2019in tarihsizle?tirilmesi ve kimliksizle?tirilmesi s\u00fcrecinin bir devamydyr. 23 Mart Pazar g\u00fcn\u00fc yeniden d\u00fczenlenerek<\/p>\n","protected":false},"author":1,"featured_media":0,"comment_status":"open","ping_status":"open","sticky":false,"template":"","format":"standard","meta":{"jetpack_post_was_ever_published":false,"_jetpack_newsletter_access":"","_jetpack_newsletter_tier_id":0,"jetpack_publicize_message":"","jetpack_is_tweetstorm":false,"jetpack_publicize_feature_enabled":true,"jetpack_social_post_already_shared":false,"jetpack_social_options":{"image_generator_settings":{"template":"highway","enabled":false}}},"categories":[41],"tags":[],"jetpack_publicize_connections":[],"jetpack_featured_media_url":"","jetpack_shortlink":"https:\/\/wp.me\/p4eHWX-qE","jetpack_sharing_enabled":true,"_links":{"self":[{"href":"https:\/\/baraka.cc\/index.php?rest_route=\/wp\/v2\/posts\/1652"}],"collection":[{"href":"https:\/\/baraka.cc\/index.php?rest_route=\/wp\/v2\/posts"}],"about":[{"href":"https:\/\/baraka.cc\/index.php?rest_route=\/wp\/v2\/types\/post"}],"author":[{"embeddable":true,"href":"https:\/\/baraka.cc\/index.php?rest_route=\/wp\/v2\/users\/1"}],"replies":[{"embeddable":true,"href":"https:\/\/baraka.cc\/index.php?rest_route=%2Fwp%2Fv2%2Fcomments&post=1652"}],"version-history":[{"count":0,"href":"https:\/\/baraka.cc\/index.php?rest_route=\/wp\/v2\/posts\/1652\/revisions"}],"wp:attachment":[{"href":"https:\/\/baraka.cc\/index.php?rest_route=%2Fwp%2Fv2%2Fmedia&parent=1652"}],"wp:term":[{"taxonomy":"category","embeddable":true,"href":"https:\/\/baraka.cc\/index.php?rest_route=%2Fwp%2Fv2%2Fcategories&post=1652"},{"taxonomy":"post_tag","embeddable":true,"href":"https:\/\/baraka.cc\/index.php?rest_route=%2Fwp%2Fv2%2Ftags&post=1652"}],"curies":[{"name":"wp","href":"https:\/\/api.w.org\/{rel}","templated":true}]}}