{"id":1653,"date":"2008-03-24T10:40:29","date_gmt":"2008-03-24T08:40:29","guid":{"rendered":"https:\/\/baraka.cc\/?p=1653"},"modified":"2014-01-07T10:40:49","modified_gmt":"2014-01-07T08:40:49","slug":"caglayan-parki-3","status":"publish","type":"post","link":"https:\/\/baraka.cc\/?p=1653","title":{"rendered":"\u00c7a\u011flayan Park\u0131"},"content":{"rendered":"<p class=\"MsoNormal\" style=\"margin: 0cm 0cm 0pt; text-indent: 26.95pt; line-height: 150%; text-align: justify;\"><span style=\"font-size: 10pt; line-height: 150%; font-family: Verdana;\">Kybrys\u2019ta, Lefko?a\u2019da <strong>\u201cAnkara G\u00fcnleri\u201d<\/strong> 50 yyldyr devam ediyor. Kybrysly T\u00fcrklerin liderli?ine soyunanlar yarym asyry a?kyn s\u00fcreden beri toplumumuzu<span>\u00a0 <\/span>kimliksizle?tirmek, ki?iliksizle?tirmek, tarihsizle?tirmek i\u00e7in u?ra? veriyorlar. 1958\u2019lerde ba?layan k\u00f6y isimlerinin de?i?tirilmesi projesi yyllarca devam etti. Sokaklarymyzyn, caddelerimizin, mahallelerimizin, parklarymyzyn isimleri <strong>\u2018uygun bulunmayarak\u2019<\/strong> de?i?tirildi. Bu toplumun liderli?ine soyunanalar <strong>\u201cAnkara G\u00fcnleri\u201d<\/strong> kapsamynda yarym asyrdan fazladyr kendi ge\u00e7mi?lerini inkar etmi?ler; ya?adyklary, hayaty \u00f6?rendikleri, yeti?tikleri yerlerin isimlerini \u00e7atyr \u00e7atyr de?i?tirmi?lerdir. \u00c7a?layan Parky\u2019nyn adynyn Ankara \u00c7a?layan Parky olarak de?i?tirilmesi bu fikriyatyn bir devamydyr.<\/span><\/p>\n<p><span style=\"font-size: 10pt; line-height: 150%; font-family: Verdana;\">\u00a0\u00a0 \u00a0<\/span><\/p>\n<p class=\"MsoNormal\" style=\"margin: 0cm 0cm 0pt; text-indent: 26.95pt; line-height: 150%; text-align: justify;\"><span style=\"font-size: 10pt; line-height: 150%; font-family: Verdana;\">\u00c7a?layan Parky \u00e7ocuklu?umuzun ge\u00e7ti?i, i\u00e7inde oyunlar oynady?ymyz belki de bir\u00e7o?umuzun ilk kez tahtaravalliye bindi?i parktyr. Hi\u00e7 parkyn olmady?y bir d\u00f6nemde Lefko?a\u2019nyn kalbi, ailelerin bulu?ma yeri, \u00e7ocuklaryn e?lence merkeziydi. \u00c7ok yakyn bir ge\u00e7mi?te, ?imdilerde fuar alanynda kurulan Bayram Yeri\u2019nin kuruldu?u mekandy. \u00c7a?layan Parky\u2019nyn yeniden ya?am bulmasy kadar do?ru ve g\u00fczel bir yakla?ym olamaz ancak adynyn de?i?tirilmesi hala hayatta olan ve ge\u00e7mi?te bu parkta oyunlar oynayan bizlerin inkaryndan, gelece?imizi tarihsizle?tirmekten ba?ka bir ?ey de?ildir. Ge\u00e7mi?te Ku?ulu Park\u2019yn adynyn de?i?tirlerek 10. Yyl Parky yapylmasy da b\u00f6yle bir giri?imdi. Kermiya\u2019ya Metehan dendi. Kyzylba?\u2019a ise Kyzylay bu topraklarda ya?ayan kimse bunlary kabul etmedi ve<span>\u00a0 <\/span>etmeyecek.<\/span><\/p>\n<p><span style=\"font-size: 10pt; line-height: 150%; font-family: Verdana;\">\u00a0\u00a0 \u00a0<\/span><\/p>\n<p class=\"MsoNormal\" style=\"margin: 0cm 0cm 0pt; text-indent: 26.95pt; line-height: 150%; text-align: justify;\"><span style=\"font-size: 10pt; line-height: 150%; font-family: Verdana;\">Her d\u00f6nemin egemenlerinin fikirleri o devrin egemen fikirleri olurmu?. Biz bu topraklarda ya?amaya devam ettik\u00e7e, \u00c7a?layan\u2019da, Ku?ulu Park\u2019ta dola?maya devam ettik\u00e7e egemenlerin asimilasyon politikalaryna kar?y \u00e7ykaca?yz. Egemenlerin ba?ymlylyk politikalaryny kabul etmeyece?iz.<\/span><\/p>\n<p><span style=\"font-size: 10pt; line-height: 150%; font-family: Verdana;\">\u00a0\u00a0 \u00a0<\/span><span style=\"font-size: 10pt; line-height: 150%; font-family: Verdana;\">\u00a0<\/span><span style=\"font-size: 10pt; line-height: 150%; font-family: Verdana;\">ASYMYLASYONA HAYIR.<\/span><\/p>\n","protected":false},"excerpt":{"rendered":"<p>Kybrys\u2019ta, Lefko?a\u2019da \u201cAnkara G\u00fcnleri\u201d 50 yyldyr devam ediyor. Kybrysly T\u00fcrklerin liderli?ine soyunanlar yarym asyry a?kyn s\u00fcreden beri toplumumuzu\u00a0 kimliksizle?tirmek, ki?iliksizle?tirmek, tarihsizle?tirmek i\u00e7in u?ra? veriyorlar. 1958\u2019lerde<\/p>\n","protected":false},"author":1,"featured_media":0,"comment_status":"open","ping_status":"open","sticky":false,"template":"","format":"standard","meta":{"jetpack_post_was_ever_published":false,"_jetpack_newsletter_access":"","_jetpack_newsletter_tier_id":0,"jetpack_publicize_message":"","jetpack_is_tweetstorm":false,"jetpack_publicize_feature_enabled":true,"jetpack_social_post_already_shared":false,"jetpack_social_options":{"image_generator_settings":{"template":"highway","enabled":false}}},"categories":[41],"tags":[],"jetpack_publicize_connections":[],"jetpack_featured_media_url":"","jetpack_shortlink":"https:\/\/wp.me\/p4eHWX-qF","jetpack_sharing_enabled":true,"_links":{"self":[{"href":"https:\/\/baraka.cc\/index.php?rest_route=\/wp\/v2\/posts\/1653"}],"collection":[{"href":"https:\/\/baraka.cc\/index.php?rest_route=\/wp\/v2\/posts"}],"about":[{"href":"https:\/\/baraka.cc\/index.php?rest_route=\/wp\/v2\/types\/post"}],"author":[{"embeddable":true,"href":"https:\/\/baraka.cc\/index.php?rest_route=\/wp\/v2\/users\/1"}],"replies":[{"embeddable":true,"href":"https:\/\/baraka.cc\/index.php?rest_route=%2Fwp%2Fv2%2Fcomments&post=1653"}],"version-history":[{"count":0,"href":"https:\/\/baraka.cc\/index.php?rest_route=\/wp\/v2\/posts\/1653\/revisions"}],"wp:attachment":[{"href":"https:\/\/baraka.cc\/index.php?rest_route=%2Fwp%2Fv2%2Fmedia&parent=1653"}],"wp:term":[{"taxonomy":"category","embeddable":true,"href":"https:\/\/baraka.cc\/index.php?rest_route=%2Fwp%2Fv2%2Fcategories&post=1653"},{"taxonomy":"post_tag","embeddable":true,"href":"https:\/\/baraka.cc\/index.php?rest_route=%2Fwp%2Fv2%2Ftags&post=1653"}],"curies":[{"name":"wp","href":"https:\/\/api.w.org\/{rel}","templated":true}]}}