{"id":1658,"date":"2007-12-07T10:42:34","date_gmt":"2007-12-07T08:42:34","guid":{"rendered":"https:\/\/baraka.cc\/?p=1658"},"modified":"2014-01-07T10:43:33","modified_gmt":"2014-01-07T08:43:33","slug":"yci-filmleri-festivaline-faist-saldiri","status":"publish","type":"post","link":"https:\/\/baraka.cc\/?p=1658","title":{"rendered":"Y?\u00e7i Filmleri Festivali&#8217;ne Fa?ist Sald\u0131r\u0131"},"content":{"rendered":"<p class=\"MsoNormal\" style=\"margin: 0cm -9pt 0pt 0cm; line-height: 150%;\"><strong><span style=\"font-size: 10pt; line-height: 150%; font-family: Verdana;\">Uluslararasy Y?\u00e7i Filmleri Festivali fa?ist \u00e7evrelerce tehdit ediliyor.<\/span><\/strong><\/p>\n<p>&nbsp;<\/p>\n<p class=\"MsoNormal\" style=\"margin: 0cm -9pt 0pt 0cm; line-height: 150%;\"><strong><span style=\"font-size: 10pt; line-height: 150%; font-family: Verdana;\">T\u00fcm ilerici, demokrat ve aydynlar 19.30\u2019da DA\u00dc\u2019de bulu?maya davet ediliyor&#8230;<\/span><\/strong><\/p>\n<p><strong><span style=\"font-size: 10pt; line-height: 150%; font-family: Verdana;\">\u00a0 <\/span><\/strong><strong><span style=\"font-size: 10pt; line-height: 150%; font-family: Verdana;\">\u00a0<\/span><\/strong><\/p>\n<p class=\"MsoNormal\" style=\"margin: 0cm 0cm 0pt; line-height: 150%;\"><span style=\"font-size: 10pt; line-height: 150%; font-family: Verdana;\">Basyna ve Halkymyza,<\/span><\/p>\n<p><span style=\"font-size: 10pt; line-height: 150%; font-family: Verdana;\">\u00a0 <\/span><\/p>\n<p class=\"MsoNormal\" style=\"margin: 0cm 0cm 0pt; line-height: 150%;\"><span style=\"font-size: 10pt; line-height: 150%; font-family: Verdana;\">KT\u00d6S, KTOE\u00d6S, BES, DA\u00dc Emek Platformu (DA\u00dc-Sen, DA\u00dc Bir-Sen, DA\u00dc Per-Sen), Typ-Y?, Baraka K\u00fclt\u00fcr Merkezi, Pir Sultan Abdal K\u00fclt\u00fcr Derne?i ve Kolektif \u00d6?renci Hareketi tarafyndan organize edilen ve 3 Aralyk tarihinde ba?layyp 15 Aralyk tarihine kadar devam edecek olan Uluslararasy Y?\u00e7i Filmleri Festivali\u2019nde bu ak?am Do?u Akdeniz \u00dcniversitesi\u2019nde \u201cD\u00fcnyanyn \u00d6tek Y\u00fcz\u00fc\u201d isimli bir belgesel g\u00f6sterilecektir. Belgesel, Peru\u2019da ta? kyrycy olarak \u00e7aly?tyrylan \u00e7ocuk i?\u00e7ileri, Misisipi\u2019deki idam mahkumlaryny konu almakta ayryca K\u00fcrt bir siyasi m\u00fclteci olan Mehdi Zana\u2019dan da bahsetmektedir. Beyaz perdede dahi kendilerinden olmayan birini g\u00f6rmeye tahamm\u00fcl\u00fc olmayan gerici fa?ist \u00e7evreler, bu belgeselin g\u00f6sterilmesi halinde saldyryda bulunacaklary y\u00f6n\u00fcnde tehditler savurmaktadyr. Do?u Akdeniz \u00dcniversitesi Y\u00f6netimi ise polis tarafyndan ikna edilmi? ve vermi? oldu?u iznin arkasynda durmak yerine Festival Komitesi\u2019nden g\u00f6sterimin \u00dcniversite dy?ynda yapylmasyny talep etmi?tir. Festivalin Ma?usa inisiyatifini olu?turan DA\u00dc Emek Platformu i\u00e7erisindeki sendikalar ve Kolektif \u00d6?renci Hareketi, \u00dcniversite y\u00f6netiminden gerekli izinleri alarak ba?latmy? oldu?u film g\u00f6sterimlerine \u00dcniversite i\u00e7erisinde devam etme ve kabadayylyk taslayan bir ka\u00e7 \u00e7apulcu kar?ysynda geri adym atmama kararlyly?yndadyr.<\/span><\/p>\n<p><span style=\"font-size: 10pt; line-height: 150%; font-family: Verdana;\">\u00a0\u00a0 \u00a0<\/span><\/p>\n<p class=\"MsoNormal\" style=\"margin: 0cm 0cm 0pt; line-height: 150%;\"><span style=\"font-size: 10pt; line-height: 150%; font-family: Verdana;\">\u00dcniveristenin demoktratik g\u00fc\u00e7leri ile y\u00f6netimi arasyndaki tarty?ma halen s\u00fcrmektedir. Ancak her hal ve ?artta <strong>bu ak?am <\/strong>(7 Aralyk Cuma) <strong>saat 19.30\u2019da E?itim Fak\u00fcltesi yanyndaki Aktivite Merkezi \u00f6n\u00fcnde bulu?ulacaktyr. Festivali organize eden ve halkymyzyn geni? kesimlerini temsil etmekte olan emek \u00f6rg\u00fctleri ve dernekler, t\u00fcm ilerici, demokrat ve aydyn kesimleri 19.30\u2019da DA\u00dc Aktivite Merkezi\u2019nde bulu?maya ve \u201cD\u00fcnyanyn \u00d6teki Y\u00fcz\u00fc\u201d isimli belgeseli izlemeye \u00e7a?yrmaktadyr.<\/strong><\/span><\/p>\n<p><span style=\"font-size: 10pt; line-height: 150%; font-family: Verdana;\"><strong>\u00a0\u00a0 <\/strong><\/span><strong><span style=\"font-size: 10pt; line-height: 150%; font-family: Verdana;\">\u00a0<\/span><\/strong><\/p>\n<p class=\"MsoNormal\" style=\"margin: 0cm 0cm 0pt; line-height: 150%;\"><span style=\"font-size: 10pt; line-height: 150%; font-family: Verdana;\">Festival Komitesi Adyna<\/span><\/p>\n<p><span style=\"font-size: 10pt; line-height: 150%; font-family: Verdana;\">\u00a0 <\/span><\/p>\n<p class=\"MsoNormal\" style=\"margin: 0cm 0cm 0pt; line-height: 150%;\"><span style=\"font-size: 10pt; line-height: 150%; font-family: Verdana;\">Nazen ?ansal<\/span><\/p>\n<p><span style=\"font-size: 10pt; line-height: 150%; font-family: Verdana;\">\u00a0 <\/span><\/p>\n","protected":false},"excerpt":{"rendered":"<p>Uluslararasy Y?\u00e7i Filmleri Festivali fa?ist \u00e7evrelerce tehdit ediliyor. &nbsp; T\u00fcm ilerici, demokrat ve aydynlar 19.30\u2019da DA\u00dc\u2019de bulu?maya davet ediliyor&#8230; \u00a0 \u00a0 Basyna ve Halkymyza, \u00a0<\/p>\n","protected":false},"author":1,"featured_media":0,"comment_status":"open","ping_status":"open","sticky":false,"template":"","format":"standard","meta":{"jetpack_post_was_ever_published":false,"_jetpack_newsletter_access":"","_jetpack_newsletter_tier_id":0,"jetpack_publicize_message":"","jetpack_is_tweetstorm":false,"jetpack_publicize_feature_enabled":true,"jetpack_social_post_already_shared":false,"jetpack_social_options":{"image_generator_settings":{"template":"highway","enabled":false}}},"categories":[41],"tags":[],"jetpack_publicize_connections":[],"jetpack_featured_media_url":"","jetpack_shortlink":"https:\/\/wp.me\/p4eHWX-qK","jetpack_sharing_enabled":true,"_links":{"self":[{"href":"https:\/\/baraka.cc\/index.php?rest_route=\/wp\/v2\/posts\/1658"}],"collection":[{"href":"https:\/\/baraka.cc\/index.php?rest_route=\/wp\/v2\/posts"}],"about":[{"href":"https:\/\/baraka.cc\/index.php?rest_route=\/wp\/v2\/types\/post"}],"author":[{"embeddable":true,"href":"https:\/\/baraka.cc\/index.php?rest_route=\/wp\/v2\/users\/1"}],"replies":[{"embeddable":true,"href":"https:\/\/baraka.cc\/index.php?rest_route=%2Fwp%2Fv2%2Fcomments&post=1658"}],"version-history":[{"count":1,"href":"https:\/\/baraka.cc\/index.php?rest_route=\/wp\/v2\/posts\/1658\/revisions"}],"predecessor-version":[{"id":1659,"href":"https:\/\/baraka.cc\/index.php?rest_route=\/wp\/v2\/posts\/1658\/revisions\/1659"}],"wp:attachment":[{"href":"https:\/\/baraka.cc\/index.php?rest_route=%2Fwp%2Fv2%2Fmedia&parent=1658"}],"wp:term":[{"taxonomy":"category","embeddable":true,"href":"https:\/\/baraka.cc\/index.php?rest_route=%2Fwp%2Fv2%2Fcategories&post=1658"},{"taxonomy":"post_tag","embeddable":true,"href":"https:\/\/baraka.cc\/index.php?rest_route=%2Fwp%2Fv2%2Ftags&post=1658"}],"curies":[{"name":"wp","href":"https:\/\/api.w.org\/{rel}","templated":true}]}}