{"id":1660,"date":"2007-11-05T10:45:56","date_gmt":"2007-11-05T08:45:56","guid":{"rendered":"https:\/\/baraka.cc\/?p=1660"},"modified":"2014-01-07T10:47:31","modified_gmt":"2014-01-07T08:47:31","slug":"ystiklal-dergisi","status":"publish","type":"post","link":"https:\/\/baraka.cc\/?p=1660","title":{"rendered":"Ystiklal Dergisi"},"content":{"rendered":"<p class=\"MsoNormal\" style=\"margin: 0cm 0cm 0pt; line-height: 150%; text-align: right;\" align=\"right\"><strong><span style=\"font-size: 10pt; line-height: 150%; font-family: Verdana;\">5 Kasym 2007<\/span><\/strong><\/p>\n<p><strong><span style=\"font-size: 10pt; line-height: 150%; font-family: Verdana;\">\u00a0 <\/span><\/strong><span style=\"font-size: 10pt; line-height: 150%; font-family: Verdana;\">\u00a0<\/span><\/p>\n<p class=\"MsoNormal\" style=\"margin: 0cm 0cm 0pt; line-height: 150%; text-align: justify;\"><span style=\"font-size: 10pt; line-height: 150%; font-family: Verdana;\">Basyna ve kamuoyuna,<\/span><\/p>\n<p><span style=\"font-size: 10pt; line-height: 150%; font-family: Verdana;\">\u00a0\u00a0<\/span><span style=\"font-size: 10pt; line-height: 150%; font-family: Verdana;\">\u00a0<\/span><\/p>\n<p class=\"MsoNormal\" style=\"margin: 0cm 0cm 0pt; line-height: 150%;\"><strong><em><span style=\"font-size: 10pt; line-height: 150%; font-family: Verdana;\">\u201cKyran Da Olsa Kyryl Sen<\/span><\/em><\/strong><\/p>\n<p><strong><em><span style=\"font-size: 10pt; line-height: 150%; font-family: Verdana;\">\u00a0 <\/span><\/em><\/strong><\/p>\n<p class=\"MsoNormal\" style=\"margin: 0cm 0cm 0pt; line-height: 150%;\"><strong><em><span style=\"font-size: 10pt; line-height: 150%; font-family: Verdana;\">Fakat Sakyn B\u00fck\u00fclme\u201d<\/span><\/em><\/strong><\/p>\n<p><strong><em><span style=\"font-size: 10pt; line-height: 150%; font-family: Verdana;\">\u00a0 <\/span><\/em><\/strong><span style=\"font-size: 10pt; line-height: 150%; font-family: Verdana;\">\u00a0<\/span><\/p>\n<p class=\"MsoNormal\" style=\"margin: 0cm 0cm 0pt; line-height: 150%; text-align: justify;\"><span style=\"font-size: 10pt; line-height: 150%; font-family: Verdana;\">\u00dclkemizde son haftalarda y\u00fckselen ayrylyk\u00e7y ve fa?izan tehdit ve su\u00e7lamalardan \u00fcz\u00fcnt\u00fc duymaktayyz. \u00d6zellikle Ne?e Ya?yn\u2019a ve Afrika Gazetesi\u2019ne y\u00f6nelik son tavyrlar, ne yazyk ki fa?ist d\u00fc?\u00fcnceler kar?ysynda geri adym atmayy aly?kanlyk haline getiren mevcut siyasi iktidaryn yaratty?y kararsyzlyk ortamyndan beslenmektedir.<\/span><\/p>\n<p class=\"MsoNormal\" style=\"margin: 0cm 0cm 0pt; line-height: 150%; text-align: justify;\"><span style=\"font-size: 10pt; line-height: 150%; font-family: Verdana;\">\u00a0\u00a0\u00a0 <\/span><\/p>\n<p><span style=\"font-size: 10pt; line-height: 150%; font-family: Verdana;\">Bilindi?i gibi Anayasa\u2019nyn 32. Maddesine h\u00fck\u00fcmet tarafyndan yapylan bir yorum sonucunda yurtta?lar dy?yndaki ?ahyslaryn toplanma ve g\u00f6steri y\u00fcr\u00fcy\u00fc?\u00fc yapma hakky olmady?y iddia edilmektedir. Bu yorum \u00f6zellikle Kybrysly Elenlere y\u00f6nelik olarak kullanylmaktadyr. Gerek 1 Eyl\u00fcl D\u00fcnya Bary? G\u00fcn\u00fc\u2019nde gerekse de iki halkyn kayyplarynyn mezarlarynyn ziyaret edilerek kar?ylykly taziyelerin bildirilece?i etkinliklerde Kybrysly Elenler, bu yoruma dayanylarak engellenmi?, taciz edilmi?tir. Ancak ayny h\u00fck\u00fcmet son g\u00fcnlerde T\u00fcrkiye\u2019de \u00f6rg\u00fctl\u00fc olan fa?ist Talat Pa?a Komitesi\u2019nin adamyzda ger\u00e7ekle?tirdi?i eylemlerde Anayasa\u2019nyn bu maddesini uygulama gere?i bile duymamy?tyr. H\u00fck\u00fcmetin bary?tan s\u00f6z etmesinin tutarsyzly?y bir yana, prati?i ile a\u00e7yk\u00e7a taraf olu?u sonucunda \u00fclkemizde ?\u00f6venist zihniyetin yeniden hortlamak i\u00e7in cesaret buldu?unu d\u00fc?\u00fcn\u00fcyoruz. <\/span><\/p>\n<p class=\"MsoNormal\" style=\"margin: 0cm 0cm 0pt; line-height: 150%; text-align: justify;\"><span style=\"font-size: 10pt; line-height: 150%; font-family: Verdana;\">Bu \u00e7er\u00e7evede bir devlet \u00fcniversitesi niteli?indeki DA\u00dc b\u00fcnyesinde, bizzat Rekt\u00f6r Prof. Dr. Halil G\u00fcven\u2019in Ymtiyaz Sahipli?inde yayynlanan Ystiklal isimli dergide derne?imize y\u00f6neltilen hakaret ve tehditleri de kamuoyunun bilgisine getirmek isteriz. S\u00f6z konusu dergi akrosti? y\u00f6ntemini kullanarak; derne?imiz BARAKA\u2019ya \u201c<strong>B<\/strong>eyhude <strong>A<\/strong>ma\u00e7lara <strong>R<\/strong>iayet eden <strong>A<\/strong>daly <strong>K<\/strong>\u00fc\u00e7\u00fck <strong>A<\/strong>damcyklar\u201d, yayyn organymyz ARGASDY\u2019ye \u201c<strong>A<\/strong>nlamsyzca <strong>R<\/strong>estle?en <strong>G<\/strong>aflet <strong>A<\/strong>rkasyna <strong>S<\/strong>aklanan <strong>D<\/strong>avlumbaz <strong>Y<\/strong>nsancyklar\u201d, bile?eni bulundu?umuz Sava?a Hayyr Koalisyonu Kybrys\u2019a da \u201c<strong>S<\/strong>\u00f6zde <strong>H<\/strong>\u00fcmanist <strong>K<\/strong>umpanyasyny <strong>K<\/strong>uranlar\u201d diye hitap etmektedir. Adamcyk kelimesinin ataerkillli?i, Argasdi\u2019deki her satyryn tamamen bilin\u00e7li olarak yazyldy?y (gaflet ile hi\u00e7bir alakasynyn olmady?y) ve Sava?a Hayyr Koalisyonu\u2019nun h\u00fcmanist olma iddiasynyn olmady?y bir yana, DA\u00dc b\u00fcnyesinde yayynlanan Ystiklal Dergisi sadece lakaplar takmakla kalmamakta ?\u00f6venist bir dil ile tehditler de savurmaktadyr.<\/span><\/p>\n<p><span style=\"font-size: 10pt; line-height: 150%; font-family: Verdana;\">\u00a0\u00a0 \u00a0<\/span><\/p>\n<p class=\"MsoNormal\" style=\"margin: 0cm 0cm 0pt; line-height: 150%; text-align: justify;\"><strong><em><span style=\"font-size: 10pt; line-height: 150%; font-family: Verdana;\">\u201cAsla bir birinden ayry g\u00f6rmedi?imiz iki vatanymyzyn&#8230; o g\u00fczelim tarlalarynda&#8230; \u00e7ykan ayryk otlaryny bykmadan usanmadan temizleyece?iz\u201d<\/span><\/em><\/strong><span style=\"font-size: 10pt; line-height: 150%; font-family: Verdana;\"> iddiasy ile verilen g\u00f6zda?y, <strong><em>\u201cYstiklal Mahkemeleri\u2019ni, insanlaryn vicdanlaryna, akyllaryna kuralym\u201d<\/em><\/strong> ifadesi ile a\u00e7yk bir LYN\u00c7 \u00e7a?rysyna d\u00f6n\u00fc?mektedir.<\/span><\/p>\n<p><span style=\"font-size: 10pt; line-height: 150%; font-family: Verdana;\">\u00a0\u00a0 \u00a0<\/span><\/p>\n<p class=\"MsoNormal\" style=\"margin: 0cm 0cm 0pt; line-height: 150%; text-align: justify;\"><span style=\"font-size: 10pt; line-height: 150%; font-family: Verdana;\">Bilim \u00fcretilmesi gereken bir yapyda tehdit ve hakaret y\u00fckl\u00fc bir ?\u00f6venizm \u00fcretildi?ini, Baraka\u2019nyn ne s\u00f6ze ne de fiiliyata dayaly fa?izm kar?ysynda tek bir geri adym bile atmayaca?yny, Kybrys\u2019yn ba?ymsyzly?yna ve halklaryn karde?li?ine olan ba?lyly?ymyzyn devam etti?ini kamuoyunun bilgisine getirir, Ne?e Ya?yn\u2019a ve Afrika Gazetesi\u2019ne her ko?ul ve ?ekilde a\u00e7yk dayany?ma mesajymyzy iletiriz.<\/span><\/p>\n<p><span style=\"font-size: 10pt; line-height: 150%; font-family: Verdana;\">\u00a0\u00a0 <\/span><span style=\"font-size: 10pt; line-height: 150%; font-family: Verdana;\">\u00a0<\/span><span style=\"font-size: 10pt; line-height: 150%; font-family: Verdana;\">\u00a0<\/span><span style=\"font-size: 10pt; line-height: 150%; font-family: Verdana;\">\u00a0<\/span><span style=\"font-size: 10pt; line-height: 150%; font-family: Verdana;\">\u00a0<\/span><\/p>\n<p class=\"MsoNormal\" style=\"margin: 0cm 0cm 0pt; line-height: 150%; text-align: right;\" align=\"right\"><strong><span style=\"font-size: 10pt; line-height: 150%; font-family: Verdana;\">M\u00fcn\u00fcr Rahvancyo?lu<\/span><\/strong><\/p>\n<p><strong><span style=\"font-size: 10pt; line-height: 150%; font-family: Verdana;\">\u00a0 <\/span><\/strong><\/p>\n<p class=\"MsoNormal\" style=\"margin: 0cm 0cm 0pt; line-height: 150%; text-align: right;\" align=\"right\"><span style=\"font-size: 10pt; line-height: 150%; font-family: Verdana;\">Baraka K\u00fclt\u00fcr Merkezi<\/span><\/p>\n<p><span style=\"font-size: 10pt; line-height: 150%; font-family: Verdana;\">\u00a0 \u00a0\u00a0\u00a0\u00a0\u00a0\u00a0\u00a0\u00a0\u00a0\u00a0\u00a0\u00a0\u00a0\u00a0\u00a0\u00a0\u00a0\u00a0\u00a0\u00a0\u00a0\u00a0\u00a0\u00a0\u00a0\u00a0\u00a0\u00a0\u00a0\u00a0\u00a0\u00a0\u00a0\u00a0\u00a0\u00a0\u00a0\u00a0\u00a0\u00a0\u00a0\u00a0\u00a0\u00a0\u00a0\u00a0\u00a0\u00a0\u00a0\u00a0\u00a0\u00a0\u00a0\u00a0\u00a0\u00a0\u00a0\u00a0\u00a0\u00a0\u00a0\u00a0\u00a0\u00a0\u00a0\u00a0\u00a0\u00a0\u00a0\u00a0\u00a0\u00a0\u00a0\u00a0\u00a0\u00a0\u00a0\u00a0\u00a0\u00a0\u00a0 <\/span><span style=\"font-size: 10pt; line-height: 150%; font-family: Verdana;\">Ba?ka Bir K\u00fclt\u00fcr M\u00fcmk\u00fcn <\/span><\/p>\n","protected":false},"excerpt":{"rendered":"<p>5 Kasym 2007 \u00a0 \u00a0 Basyna ve kamuoyuna, \u00a0\u00a0\u00a0 \u201cKyran Da Olsa Kyryl Sen \u00a0 Fakat Sakyn B\u00fck\u00fclme\u201d \u00a0 \u00a0 \u00dclkemizde son haftalarda y\u00fckselen ayrylyk\u00e7y<\/p>\n","protected":false},"author":1,"featured_media":0,"comment_status":"open","ping_status":"open","sticky":false,"template":"","format":"standard","meta":{"jetpack_post_was_ever_published":false,"_jetpack_newsletter_access":"","_jetpack_newsletter_tier_id":0,"jetpack_publicize_message":"","jetpack_is_tweetstorm":false,"jetpack_publicize_feature_enabled":true,"jetpack_social_post_already_shared":false,"jetpack_social_options":{"image_generator_settings":{"template":"highway","enabled":false}}},"categories":[41],"tags":[],"jetpack_publicize_connections":[],"jetpack_featured_media_url":"","jetpack_shortlink":"https:\/\/wp.me\/p4eHWX-qM","jetpack_sharing_enabled":true,"_links":{"self":[{"href":"https:\/\/baraka.cc\/index.php?rest_route=\/wp\/v2\/posts\/1660"}],"collection":[{"href":"https:\/\/baraka.cc\/index.php?rest_route=\/wp\/v2\/posts"}],"about":[{"href":"https:\/\/baraka.cc\/index.php?rest_route=\/wp\/v2\/types\/post"}],"author":[{"embeddable":true,"href":"https:\/\/baraka.cc\/index.php?rest_route=\/wp\/v2\/users\/1"}],"replies":[{"embeddable":true,"href":"https:\/\/baraka.cc\/index.php?rest_route=%2Fwp%2Fv2%2Fcomments&post=1660"}],"version-history":[{"count":1,"href":"https:\/\/baraka.cc\/index.php?rest_route=\/wp\/v2\/posts\/1660\/revisions"}],"predecessor-version":[{"id":1661,"href":"https:\/\/baraka.cc\/index.php?rest_route=\/wp\/v2\/posts\/1660\/revisions\/1661"}],"wp:attachment":[{"href":"https:\/\/baraka.cc\/index.php?rest_route=%2Fwp%2Fv2%2Fmedia&parent=1660"}],"wp:term":[{"taxonomy":"category","embeddable":true,"href":"https:\/\/baraka.cc\/index.php?rest_route=%2Fwp%2Fv2%2Fcategories&post=1660"},{"taxonomy":"post_tag","embeddable":true,"href":"https:\/\/baraka.cc\/index.php?rest_route=%2Fwp%2Fv2%2Ftags&post=1660"}],"curies":[{"name":"wp","href":"https:\/\/api.w.org\/{rel}","templated":true}]}}