{"id":1662,"date":"2007-10-22T10:47:46","date_gmt":"2007-10-22T08:47:46","guid":{"rendered":"https:\/\/baraka.cc\/?p=1662"},"modified":"2014-01-07T10:48:33","modified_gmt":"2014-01-07T08:48:33","slug":"nese-yasin-ile-dayanisma-2","status":"publish","type":"post","link":"https:\/\/baraka.cc\/?p=1662","title":{"rendered":"Ne\u015fe Ya\u015f\u0131n \u0130le Dayan\u0131\u015fma"},"content":{"rendered":"<p><span style=\"font-size: 10pt; line-height: 150%; font-family: Verdana;\">\u201cYarym vatana ihanet<br \/>\nula?maksa b\u00fct\u00fcn vatana<br \/>\n?ahane boynuzlaryn olacak milliyet\u00e7ilik<\/span><span style=\"font-size: 10pt; line-height: 150%; font-family: Verdana;\">ihanet edece?im sana<br \/>\nb\u00fct\u00fcn d\u00fc?manlarla sevi?ip<br \/>\npe?ime kanly ordular koysan da<br \/>\nihanet edece?im sana<br \/>\nyery\u00fcz\u00fcn\u00fcn b\u00fct\u00fcn kytalarynda\u201d<\/span><\/p>\n<p class=\"MsoNormal\" style=\"margin: 0cm 0cm 0pt; line-height: 150%;\"><span style=\"font-size: 10pt; line-height: 150%; font-family: Verdana;\">(Ne?e Ya?yn, B\u00fcy\u00fck S\u00f6z adly ?iirinden)<\/span><\/p>\n<p><span style=\"font-size: 10pt; line-height: 150%; font-family: Verdana;\">\u00a0\u00a0 <\/span><span style=\"font-size: 10pt; line-height: 150%; font-family: Verdana;\">\u00a0<\/span><\/p>\n<p class=\"MsoNormal\" style=\"margin: 0cm 0cm 0pt; line-height: 150%;\"><span style=\"font-size: 10pt; line-height: 150%; font-family: Verdana;\">Bir s\u00fcreden beridir, Ne?e Ya?yn\u2019yn <span>\u00a0<\/span>\u201c\u00dczg\u00fcn Kyzlaryn Gizli Tarihi\u201d adly edebi eserinden se\u00e7ilerek alynan bazy b\u00f6l\u00fcmler, gazete sayfalarynda tahrif edilerek cinsel tacize varan fa?izan bir ?ekilde yazara kar?y kullanylmaktadyr. Milliyet\u00e7i ve erkek egemen bir yakla?ymla, kadyn bir yazaryn toplum \u00f6n\u00fcnde k\u00fc\u00e7\u00fck d\u00fc?\u00fcr\u00fclmeye \u00e7aly?ylmasy ?eklinde de okunabilecek bu saldyrylar, toplumumuzda, malum gazetenin istedi?i amaca ula?mady. Tam aksine; ilericiler, feministler, insan haklary ve d\u00fc?\u00fcnce \u00f6zg\u00fcrl\u00fc?\u00fc aktivistleri bu cinsiyet\u00e7i saldyrylar kar?ysynda bir kenetlenme \u00f6rne?i sergileyerek Ne?e Ya?yn\u2019a destek oldular.<\/span><\/p>\n<p><span style=\"font-size: 10pt; line-height: 150%; font-family: Verdana;\">\u00a0\u00a0 <\/span><\/p>\n<p class=\"MsoNormal\" style=\"margin: 0cm 0cm 0pt; line-height: 150%;\"><span style=\"font-size: 10pt; line-height: 150%; font-family: Verdana;\">Bizler de Baraka K\u00fclt\u00fcr Merkezi aktivistleri olarak, Ne?e Ya?yn\u2019yn yanynda oldu?umuzu ve ba?latty?y hem sosyal hem de hukusal m\u00fccadele s\u00fcrecinde kendisine destek verdi?imizi belirtiriz.<\/span><\/p>\n<p><span style=\"font-size: 10pt; line-height: 150%; font-family: Verdana;\">\u00a0\u00a0 \u00a0<\/span><\/p>\n<p class=\"MsoNormal\" style=\"margin: 0cm 0cm 0pt; line-height: 150%;\"><span style=\"font-size: 10pt; line-height: 150%; font-family: Verdana;\">Ayryca, bu m\u00fccadele s\u00fcrecini bir edebiyat ?enli?ine d\u00f6n\u00fc?t\u00fcrmek isteyen yazary, ilk fyrsatta d\u00fczenleyece?imiz bir ?iir-m\u00fczik gecesinde onur konu?u olarak g\u00f6rmek bizleri mutlu edecektir.<\/span><\/p>\n<p><span style=\"font-size: 10pt; line-height: 150%; font-family: Verdana;\">\u00a0\u00a0 <span>\u00a0<\/span><\/span><span style=\"font-size: 10pt; line-height: 150%; font-family: Verdana;\">\u00a0<\/span><\/p>\n<p class=\"MsoNormal\" style=\"margin: 0cm 0cm 0pt; line-height: 150%;\"><span style=\"font-size: 10pt; line-height: 150%; font-family: Verdana;\">Baraka K\u00fclt\u00fcr Merkezi (a)<\/span><\/p>\n<p><span style=\"font-size: 10pt; line-height: 150%; font-family: Verdana;\">\u00a0\u00a0 <\/span><\/p>\n<p class=\"MsoNormal\" style=\"margin: 0cm 0cm 0pt; line-height: 150%;\"><span style=\"font-size: 10pt; line-height: 150%; font-family: Verdana;\">Mine Balman<\/span><\/p>\n<p><span style=\"font-size: 10pt; line-height: 150%; font-family: Verdana;\">Nazen ?ansal <\/span><span style=\"font-size: 10pt; line-height: 150%; font-family: Verdana;\">\u00a0<\/span><span style=\"font-size: 10pt; line-height: 150%; font-family: Verdana;\">\u00a0<\/span><\/p>\n","protected":false},"excerpt":{"rendered":"<p>\u201cYarym vatana ihanet ula?maksa b\u00fct\u00fcn vatana ?ahane boynuzlaryn olacak milliyet\u00e7ilikihanet edece?im sana b\u00fct\u00fcn d\u00fc?manlarla sevi?ip pe?ime kanly ordular koysan da ihanet edece?im sana yery\u00fcz\u00fcn\u00fcn b\u00fct\u00fcn<\/p>\n","protected":false},"author":1,"featured_media":0,"comment_status":"open","ping_status":"open","sticky":false,"template":"","format":"standard","meta":{"jetpack_post_was_ever_published":false,"_jetpack_newsletter_access":"","_jetpack_newsletter_tier_id":0,"jetpack_publicize_message":"","jetpack_is_tweetstorm":false,"jetpack_publicize_feature_enabled":true,"jetpack_social_post_already_shared":false,"jetpack_social_options":{"image_generator_settings":{"template":"highway","enabled":false}}},"categories":[41],"tags":[],"jetpack_publicize_connections":[],"jetpack_featured_media_url":"","jetpack_shortlink":"https:\/\/wp.me\/p4eHWX-qO","jetpack_sharing_enabled":true,"_links":{"self":[{"href":"https:\/\/baraka.cc\/index.php?rest_route=\/wp\/v2\/posts\/1662"}],"collection":[{"href":"https:\/\/baraka.cc\/index.php?rest_route=\/wp\/v2\/posts"}],"about":[{"href":"https:\/\/baraka.cc\/index.php?rest_route=\/wp\/v2\/types\/post"}],"author":[{"embeddable":true,"href":"https:\/\/baraka.cc\/index.php?rest_route=\/wp\/v2\/users\/1"}],"replies":[{"embeddable":true,"href":"https:\/\/baraka.cc\/index.php?rest_route=%2Fwp%2Fv2%2Fcomments&post=1662"}],"version-history":[{"count":0,"href":"https:\/\/baraka.cc\/index.php?rest_route=\/wp\/v2\/posts\/1662\/revisions"}],"wp:attachment":[{"href":"https:\/\/baraka.cc\/index.php?rest_route=%2Fwp%2Fv2%2Fmedia&parent=1662"}],"wp:term":[{"taxonomy":"category","embeddable":true,"href":"https:\/\/baraka.cc\/index.php?rest_route=%2Fwp%2Fv2%2Fcategories&post=1662"},{"taxonomy":"post_tag","embeddable":true,"href":"https:\/\/baraka.cc\/index.php?rest_route=%2Fwp%2Fv2%2Ftags&post=1662"}],"curies":[{"name":"wp","href":"https:\/\/api.w.org\/{rel}","templated":true}]}}