{"id":1669,"date":"2007-09-01T10:52:55","date_gmt":"2007-09-01T08:52:55","guid":{"rendered":"https:\/\/baraka.cc\/?p=1669"},"modified":"2014-01-07T10:53:36","modified_gmt":"2014-01-07T08:53:36","slug":"1-eylul-bildirgesi","status":"publish","type":"post","link":"https:\/\/baraka.cc\/?p=1669","title":{"rendered":"1 Eyl\u00fcl Bildirgesi"},"content":{"rendered":"<p>&nbsp;<\/p>\n<p style=\"margin: 0cm 0cm 0pt; line-height: 150%; text-align: justify;\"><span style=\"font-size: 10pt; line-height: 150%; font-family: Verdana;\">1 Eyl\u00fcl 1939\u2019da Polonya\u2019nyn i?gali ile ba?layan ve milyonlarca insanyn \u00f6lmesine, yaralanmasyna, sakat kalmasyna neden olan 2. Payla?ym Sava?y\u2019nyn (2. D\u00fcnya Sava?y) \u00fczerinden 68 yyl ge\u00e7ti.<\/span><\/p>\n<p><span style=\"font-size: 10pt; line-height: 150%; font-family: Verdana;\">\u00a0 <\/span><\/p>\n<p style=\"margin: 0cm 0cm 0pt; line-height: 150%; text-align: justify;\"><span style=\"font-size: 10pt; line-height: 150%; font-family: Verdana;\">68 yyldyr insanlyk ge\u00e7mi? sava?laryn yaralaryny sarmaya, s\u00fcrmekte olan sava?lary durdurmaya ve yeni sava?laryn olmamasy i\u00e7in \u00e7aly?maya devam ediyor. Y?te bu d\u00fc?\u00fcnceyle, tarihin en acymasyz sava?laryndan birinin ba?langy\u00e7 tarihi olan 1 Eyl\u00fcl, D\u00fcnya Bary? G\u00fcn\u00fc olarak ilan edilmi?tir.<\/span><\/p>\n<p><span style=\"font-size: 10pt; line-height: 150%; font-family: Verdana;\">\u00a0\u00a0\u00a0 <\/span><\/p>\n<p style=\"margin: 0cm 0cm 0pt; line-height: 150%; text-align: justify;\"><span style=\"font-size: 10pt; line-height: 150%; font-family: Verdana;\">1 Eyl\u00fcl biz bary?severler i\u00e7in sava?a kar?y \u00f6fkemizi, bary?a hasretimizi haykyrma g\u00fcn\u00fcd\u00fcr. T\u00fcm d\u00fcnyada bary?severler, \u00e7e?itli etkinliklerle 1 Eyl\u00fcl\u2019de sokaklara \u00e7ykarlar. T\u00fcm d\u00fcnyada 1 Eyl\u00fcl; ge\u00e7mi? acy dolu sava?lary lanetleme, bary?a olan hasreti haykyrma ve yeni sava?lara izin verilmeyece?ini kararlyly?yny g\u00f6sterme g\u00fcn\u00fcd\u00fcr.<\/span><\/p>\n<p><span style=\"font-size: 10pt; line-height: 150%; font-family: Verdana;\">\u00a0\u00a0 <\/span><\/p>\n<p style=\"margin: 0cm 0cm 0pt; line-height: 150%; text-align: justify;\"><span style=\"font-size: 10pt; line-height: 150%; font-family: Verdana;\">Fakat bug\u00fcn hala D\u00fcnyanyn pek \u00e7ok co?rafyasynda ve bilhassa kapy kom?umuz Orta Do?u\u2019da, kadyn, \u00e7ocuk demeden binlerce masum insanyn katledildi?i korkun\u00e7 sava?lar ya?anyyor. Petrol, para ve hegemonya u?runa s\u00fcrd\u00fcr\u00fclen bu sava?lara, d\u00fcnya halklary itiraz edip sesini y\u00fckseltirken, egemenler bu karly sava?lary hakly g\u00f6sterecek bahaneler uyduruyor.<\/span><span style=\"font-size: 10pt; line-height: 150%; font-family: Verdana;\"> D\u00fcnyanyn \u00e7e?itli co?rafyalarynda y\u00fcr\u00fct\u00fclen bary? m\u00fccadelesi bizlere \u00f6?retmektedir ki; \u201cbary?, u?runda bedel \u00f6denmeye de?er bir ?eydir.\u201d<\/span><\/p>\n<p><span style=\"font-size: 10pt; line-height: 150%; font-family: Verdana;\">\u00a0\u00a0 <\/span><\/p>\n<p style=\"margin: 0cm 0cm 0pt; line-height: 150%; text-align: justify;\"><span style=\"font-size: 10pt; line-height: 150%; font-family: Verdana;\">Aslynda, bary?\u2019yn u?runda bedel \u00f6demeye de?er bir ?ey oldu?unu Kybrys halklary \u00e7ok iyi bilmektedir. Bary? m\u00fccadelesi t\u00fcm d\u00fcnyada, binlerce farkly co?rafyada, her \u00fclkenin kendi tarihinde, o \u00fclke insanlary i\u00e7in bir anlam ta?ydy?y gibi; \u00fclkemizde, bizim co?rafyamyzda, bizim halkymyz i\u00e7in de bir anlama sahiptir.<\/span><\/p>\n<p><span style=\"font-size: 10pt; line-height: 150%; font-family: Verdana;\">\u00a0\u00a0 \u00a0<\/span><\/p>\n<p style=\"margin: 0cm 0cm 0pt; line-height: 150%; text-align: justify;\"><span style=\"font-size: 10pt; line-height: 150%; font-family: Verdana;\">Bary?, bizim i\u00e7in de ula?ylmak istenen, ula?mak i\u00e7in m\u00fccadele edilen bir hedeftir. Kendi tarihimiz, hatta yakyn ge\u00e7mi?imiz bize g\u00f6stermektedir ki, halkyn \u00e7o?unlu?u kendi kaderi hakkynda s\u00f6z s\u00f6ylemek, kendi ya?amyna m\u00fcdahale etmek kararlyly?yny g\u00f6stermedi?i m\u00fcddet\u00e7e; egemenler bary?y bizlere altyn tepsi i\u00e7inde sunmayacaklardyr. Yyllardyr a\u00e7ylmayan kapylaryn kitle eylemleri sonucunda bir gecede a\u00e7ylabildi?ini g\u00f6rd\u00fck. Halkyn ortak bir ama\u00e7 etrafynda bulu?masy ile referandumundan h\u00fck\u00fcmet de?i?ikli?ine kadar olmaz denilen ?eylerin olabildi?ini g\u00f6rd\u00fck.<\/span><\/p>\n<p><span style=\"font-size: 10pt; line-height: 150%; font-family: Verdana;\">\u00a0\u00a0 <\/span><\/p>\n<p style=\"margin: 0cm 0cm 0pt; line-height: 150%; text-align: justify;\"><span style=\"font-size: 10pt; line-height: 150%; font-family: Verdana;\">Ancak bir?ey daha g\u00f6rd\u00fck ki; bary?, pe?i byrakylmamasy gereken, kararlylykla takip edilmesi gereken bir hedeftir. <strong>Bary? i\u00e7in m\u00fccadele eden halk durdurulamaz, ancak m\u00fccadelenin yolu saptyrylabilir.<\/strong> Hangi iyi niyetli giri?imin par\u00e7asy olursa olsun, milliyet\u00e7ilik ve ?\u00f6venizmden beslenen s\u00f6ylemler bary?a hizmet edemez. Bary? yolunda ?\u00f6venist s\u00f6ylemlerin yeri yoktur, kabul edilemez. Bizler \u00e7ok iyi biliyoruz ki, y\u00fckselmekte olan milliyet\u00e7i ve ?\u00f6venist s\u00f6ylemleri durdurmanyn tek yolu, halkyn s\u00f6z, yetki ve karar haklaryny kendi ellerine almasyndan ge\u00e7mektedir. Halklar adyna konu?anlaryn susmasy, halklaryn kendi adyna konu?masy bary? i\u00e7in tek \u00e7ykar yoldur.<\/span><\/p>\n<p><span style=\"font-size: 10pt; line-height: 150%; font-family: Verdana;\">\u00a0\u00a0 <\/span><\/p>\n<p style=\"margin: 0cm 0cm 0pt; line-height: 150%; text-align: justify;\"><span style=\"font-size: 10pt; line-height: 150%; font-family: Verdana;\">\u201cBary? ve yeniden birle?me\u201d sloganyyla h\u00fck\u00fcmet olanlar, T\u00fcrkiye Cumhuriyeti\u2019nin Do?u Akdeniz\u2019deki \u00e7ykarlary i\u00e7in \u00e7aly?maktadyrlar.<\/span><\/p>\n<p style=\"margin: 0cm 0cm 0pt; line-height: 150%; text-align: justify;\"><span style=\"font-size: 10pt; line-height: 150%; font-family: Verdana;\">\u00a0\u00a0 <\/span><\/p>\n<p><strong><span style=\"font-size: 10pt; line-height: 150%; font-family: Verdana;\">Bug\u00fcn buradan, bary? iradesinin temsilcisi oldu?u iddiasyyla koltuklara oturan ve h\u00fck\u00fcmet etti?ini iddia edenlere sesleniyoruz:<\/span><\/strong><\/p>\n<p><span style=\"font-size: 10pt; line-height: 150%; font-family: Verdana;\">?\u00f6venizm ve milliyet\u00e7ili?i y\u00fckselten s\u00f6ylemlerinize son veriniz! <\/span><span style=\"font-size: 10pt; line-height: 150%; font-family: Verdana;\">Bary?a susamy? halkymyzyn iradesini se\u00e7im sandyklaryna ve h\u00fck\u00fcmet koltuklaryna hapsetme \u00e7abalarynyza son veriniz!<\/span><span style=\"font-size: 10pt; line-height: 150%; font-family: Verdana;\">Bary?, \u00e7\u00f6z\u00fcm vaatleri ile elde etti?iniz koltuklary kullanarak \u00e7\u00f6z\u00fcms\u00fczl\u00fc?\u00fc derinle?tirecek politikalar geli?tirmeye son veriniz!<\/span> <span style=\"font-size: 10pt; line-height: 150%; font-family: Verdana;\">Biliniz ki, bu adada ya?ayan insanlar bary? istemektedir ve biz bary? istedi?imiz s\u00fcrece Kybrys\u2019ta Bary? Engellenemez!<\/span><\/p>\n<p><strong><span style=\"font-size: 10pt; line-height: 150%; font-family: Verdana;\">KIBRIS\u2019TA BARI? ENGELLENEMEZ<\/span><\/strong><\/p>\n<p><strong><em><span style=\"font-size: 10pt; line-height: 150%; font-family: Verdana;\">BKP Gen\u00e7lik Kollary, TDP Gen\u00e7lik \u00d6rg\u00fct\u00fc, YKP Gen\u00e7lik, Baraka K\u00fclt\u00fcr Merkezi, <\/span><\/em><\/strong><strong><em><span style=\"font-size: 10pt; line-height: 150%; font-family: Verdana;\">Dance For Peace, Kybrysly Gen\u00e7lik Platformu, <\/span><\/em><\/strong><strong><em><span style=\"font-size: 10pt; line-height: 150%; font-family: Verdana;\">KT\u00d6S, KTOE\u00d6S, DA\u00dc-Sen, DA\u00dc-Bir-Sen<\/span><\/em><\/strong><\/p>\n","protected":false},"excerpt":{"rendered":"<p>&nbsp; 1 Eyl\u00fcl 1939\u2019da Polonya\u2019nyn i?gali ile ba?layan ve milyonlarca insanyn \u00f6lmesine, yaralanmasyna, sakat kalmasyna neden olan 2. Payla?ym Sava?y\u2019nyn (2. D\u00fcnya Sava?y) \u00fczerinden 68<\/p>\n","protected":false},"author":1,"featured_media":0,"comment_status":"open","ping_status":"open","sticky":false,"template":"","format":"standard","meta":{"jetpack_post_was_ever_published":false,"_jetpack_newsletter_access":"","_jetpack_newsletter_tier_id":0,"jetpack_publicize_message":"","jetpack_is_tweetstorm":false,"jetpack_publicize_feature_enabled":true,"jetpack_social_post_already_shared":false,"jetpack_social_options":{"image_generator_settings":{"template":"highway","enabled":false}}},"categories":[41],"tags":[],"jetpack_publicize_connections":[],"jetpack_featured_media_url":"","jetpack_shortlink":"https:\/\/wp.me\/p4eHWX-qV","jetpack_sharing_enabled":true,"_links":{"self":[{"href":"https:\/\/baraka.cc\/index.php?rest_route=\/wp\/v2\/posts\/1669"}],"collection":[{"href":"https:\/\/baraka.cc\/index.php?rest_route=\/wp\/v2\/posts"}],"about":[{"href":"https:\/\/baraka.cc\/index.php?rest_route=\/wp\/v2\/types\/post"}],"author":[{"embeddable":true,"href":"https:\/\/baraka.cc\/index.php?rest_route=\/wp\/v2\/users\/1"}],"replies":[{"embeddable":true,"href":"https:\/\/baraka.cc\/index.php?rest_route=%2Fwp%2Fv2%2Fcomments&post=1669"}],"version-history":[{"count":0,"href":"https:\/\/baraka.cc\/index.php?rest_route=\/wp\/v2\/posts\/1669\/revisions"}],"wp:attachment":[{"href":"https:\/\/baraka.cc\/index.php?rest_route=%2Fwp%2Fv2%2Fmedia&parent=1669"}],"wp:term":[{"taxonomy":"category","embeddable":true,"href":"https:\/\/baraka.cc\/index.php?rest_route=%2Fwp%2Fv2%2Fcategories&post=1669"},{"taxonomy":"post_tag","embeddable":true,"href":"https:\/\/baraka.cc\/index.php?rest_route=%2Fwp%2Fv2%2Ftags&post=1669"}],"curies":[{"name":"wp","href":"https:\/\/api.w.org\/{rel}","templated":true}]}}