{"id":1670,"date":"2007-07-14T10:53:45","date_gmt":"2007-07-14T08:53:45","guid":{"rendered":"https:\/\/baraka.cc\/?p=1670"},"modified":"2014-01-07T10:54:21","modified_gmt":"2014-01-07T08:54:21","slug":"hukumete-acik-cari","status":"publish","type":"post","link":"https:\/\/baraka.cc\/?p=1670","title":{"rendered":"H\u00dcK\u00dcMETE A\u00c7IK \u00c7A?RI"},"content":{"rendered":"<p class=\"MsoNormal\" style=\"margin: 0cm 0cm 0pt; line-height: 150%; text-align: center;\" align=\"center\">\n<p><strong><span style=\"font-size: 10pt; line-height: 150%; font-family: Verdana;\">\u00a0\u00a0 <\/span><\/strong><span style=\"font-size: 10pt; line-height: 150%; font-family: Verdana;\">\u00a0<\/span><\/p>\n<p class=\"MsoNormal\" style=\"margin: 0cm 0cm 0pt; line-height: 150%; text-align: justify;\"><strong><em><span style=\"font-size: 10pt; line-height: 150%; font-family: Verdana;\">Sosyal G\u00fcvenlik Yasasy Ge\u00e7ici Madde 2.<\/span><\/em><\/strong><em><span style=\"font-size: 10pt; line-height: 150%; font-family: Verdana;\"> \u201cBu Yasanyn y\u00fcr\u00fcrl\u00fc?e girdi?i tarihte do?rudan do?ruya Kybrys T\u00fcrk Sosyal Sigortalar Yasasy, Emeklilik yasasy, Vakyflar ve Din Y?leri Dairesi Memurlary Emeklilik Yasasy, M\u00fccahit Tazmin Yasasy ve sosyal g\u00fcvenlikle ilgili kurallar i\u00e7eren di?er Yasalar kapsamynda bir sosyal g\u00fcvenlik sistemine ba?ly olan ve hen\u00fcz mal\u00fcll\u00fck, ya?lylyk, emeklilik \u00f6dene?i veya maa?y alma stat\u00fcs\u00fcne gelmemi? olanlar bu Yasanyn y\u00fcr\u00fcrl\u00fc?e girmesinden itibaren bir yyl i\u00e7erisinde, bu Yasa kapsamyna girmek istedikleri hususunda yazyly olarak Kuruma ba?vurmalary halinde, ba?vurularyny izleyen ay ba?yndan itibaren bu Yasa kapsamyna girerler ve bu Yasanyn hak ve y\u00fck\u00fcml\u00fcl\u00fcklerine tabi olurlar. Kendilerine, bu yasaya tabi olarak ge\u00e7irilen hizmet s\u00fcresi i\u00e7erisinde bu Yasa kurallary uygulanyr.\u201d<\/span><\/em><\/p>\n<p class=\"MsoNormal\" style=\"margin: 0cm 0cm 0pt; line-height: 150%; text-align: justify;\"><em><span style=\"font-size: 10pt; line-height: 150%; font-family: Verdana;\">\u00a0\u00a0 <\/span><\/em><\/p>\n<p><em><span style=\"font-size: 10pt; line-height: 150%; font-family: Verdana;\">\u00a0\u00a0 <\/span><\/em><em><span style=\"font-size: 10pt; line-height: 150%; font-family: Verdana;\">\u00a0<\/span><\/em><span style=\"font-size: 10pt; line-height: 150%; font-family: Verdana;\">Yukardaki maddeden de anla?yldy?y gibi ?u anda yasa kapsamynda olmayan kesimler de, imza atarak yeni \u201cSOSYAL G\u00dcVENLYK YASASI\u201d kapsamyna dahil olabilirler.<\/span><\/p>\n<p class=\"MsoNormal\" style=\"margin: 0cm 0cm 0pt; line-height: 150%; text-align: justify;\"><span style=\"font-size: 10pt; line-height: 150%; font-family: Verdana;\">Bu yasayy kararlylykla savunan CTP-\u00d6RP H\u00fck\u00fcmetinin b\u00fct\u00fcn MYLLETVEKYLY, BAKAN, M\u00dcD\u00dcR ve M\u00dcSTE?ARLARINA soruyoruz:<\/span><\/p>\n<p><span style=\"font-size: 10pt; line-height: 150%; font-family: Verdana;\">\u00a0\u00a0 <\/span><span style=\"font-size: 10pt; line-height: 150%; font-family: Verdana;\">\u00a0<\/span><\/p>\n<p class=\"MsoNormal\" style=\"margin: 0cm 0cm 0pt; line-height: 150%; text-align: justify;\"><span style=\"font-size: 10pt; line-height: 150%; font-family: Verdana;\">1. \u201c\u00c7aly?anlaryn \u00f6zl\u00fck haklaryny geli?tirdi?ini\u201d iddia etti?iniz bu yasa kapsamynda olmayan sizler, neden bu yasa kapsamyna girmek i\u00e7in imza atmyyorsunuz?<\/span><\/p>\n<p><span style=\"font-size: 10pt; line-height: 150%; font-family: Verdana;\">\u00a0\u00a0\u00a0 <\/span><span style=\"font-size: 10pt; line-height: 150%; font-family: Verdana;\">\u00a0<\/span><\/p>\n<p class=\"MsoNormal\" style=\"margin: 0cm 0cm 0pt; line-height: 150%; text-align: justify;\"><span style=\"font-size: 10pt; line-height: 150%; font-family: Verdana;\">2. Bu yasa kapsamyna girdi?iniz takdirde, bir daha se\u00e7ilmedi?iniz veya atanmady?ynyz zaman, ?imdi bile emekli olma hakkynyz varken, bu yasa ile 60 ya?yna kadar \u00e7aly?maktan my korkuyorsunuz?<\/span><\/p>\n<p><span style=\"font-size: 10pt; line-height: 150%; font-family: Verdana;\">\u00a0\u00a0\u00a0 <\/span><span style=\"font-size: 10pt; line-height: 150%; font-family: Verdana;\">\u00a0<\/span><\/p>\n<p class=\"MsoNormal\" style=\"margin: 0cm 0cm 0pt; line-height: 150%; text-align: justify;\"><span style=\"font-size: 10pt; line-height: 150%; font-family: Verdana;\">3. Bu yasa kapsamyna girdi?iniz takdirde, ?imdi emekli olsanyz alaca?ynyz EMEKLYLYK AYLI?I ve EMEKLYLYK YKRAMYYESYNYN d\u00fc?ece?inden mi korkuyorsunuz?<\/span><\/p>\n<p class=\"MsoNormal\" style=\"margin: 0cm 0cm 0pt; line-height: 150%; text-align: justify;\"><span style=\"font-size: 10pt; line-height: 150%; font-family: Verdana;\">\u00a0\u00a0\u00a0 <\/span><\/p>\n<p><span style=\"font-size: 10pt; line-height: 150%; font-family: Verdana;\">\u00a0\u00a0\u00a0 <\/span><span style=\"font-size: 10pt; line-height: 150%; font-family: Verdana;\">\u00a0<\/span><strong><span style=\"font-size: 10pt; line-height: 150%; font-family: Verdana;\">Baraka K\u00fclt\u00fcr Merkezi olarak iddia ediyoruz ki:<\/span><\/strong><\/p>\n<p class=\"MsoNormal\" style=\"margin: 0cm 0cm 0pt; line-height: 150%; text-align: justify;\"><span style=\"font-size: 10pt; line-height: 150%; font-family: Verdana;\">CTP-\u00d6RP H\u00fck\u00fcmetinin b\u00fct\u00fcn milletvekili, bakan, m\u00fcd\u00fcr ve m\u00fcste?arlary bu yasayy imzalayamaz.<\/span><\/p>\n<p class=\"MsoNormal\" style=\"margin: 0cm 0cm 0pt; line-height: 150%; text-align: justify;\"><span style=\"font-size: 10pt; line-height: 150%; font-family: Verdana;\">\u00a0\u00a0\u00a0 <\/span><\/p>\n<p><span style=\"font-size: 10pt; line-height: 150%; font-family: Verdana;\">\u00a0\u00a0\u00a0 <\/span><strong><span style=\"font-size: 10pt; line-height: 150%; font-family: Verdana;\">Ymzalayamazlar \u00e7\u00fcnk\u00fc:<\/span><\/strong><\/p>\n<p class=\"MsoNormal\" style=\"margin: 0cm 0cm 0pt; line-height: 150%; text-align: justify;\"><span style=\"font-size: 10pt; line-height: 150%; font-family: Verdana;\">Onlar da bu S\u00f6zde Sosyal G\u00fcvenlik Yasasy\u2019nyn yyllarca m\u00fccadele edilerek kazanylmy? haklary ortadan kaldyrdy?yny biliyorlar.<\/span><\/p>\n<p class=\"MsoNormal\" style=\"margin: 0cm 0cm 0pt; line-height: 150%; text-align: justify;\"><span style=\"font-size: 10pt; line-height: 150%; font-family: Verdana;\">\u00a0\u00a0\u00a0 <\/span><\/p>\n<p><span style=\"font-size: 10pt; line-height: 150%; font-family: Verdana;\">\u00a0\u00a0\u00a0\u00a0 <\/span><span style=\"font-size: 10pt; line-height: 150%; font-family: Verdana;\">\u00a0<\/span><strong><span style=\"font-size: 10pt; line-height: 150%; font-family: Verdana;\">Sermayeye Kyyak Halka K\u00f6lelik<\/span><\/strong><\/p>\n<p><strong><span style=\"font-size: 10pt; line-height: 150%; font-family: Verdana;\">\u00a0\u00a0\u00a0\u00a0\u00a0\u00a0\u00a0 <\/span><\/strong><strong><span style=\"font-size: 10pt; line-height: 150%; font-family: Verdana;\">S\u00f6zde De?il Ger\u00e7ek Sosyal G\u00fcvenlik<\/span><\/strong><span style=\"font-size: 10pt; line-height: 150%; font-family: Verdana;\">\u00a0<\/span><span style=\"font-size: 10pt; line-height: 150%; font-family: Verdana;\">\u00a0<\/span><\/p>\n","protected":false},"excerpt":{"rendered":"<p>\u00a0\u00a0 \u00a0 Sosyal G\u00fcvenlik Yasasy Ge\u00e7ici Madde 2. \u201cBu Yasanyn y\u00fcr\u00fcrl\u00fc?e girdi?i tarihte do?rudan do?ruya Kybrys T\u00fcrk Sosyal Sigortalar Yasasy, Emeklilik yasasy, Vakyflar ve Din<\/p>\n","protected":false},"author":1,"featured_media":0,"comment_status":"open","ping_status":"open","sticky":false,"template":"","format":"standard","meta":{"jetpack_post_was_ever_published":false,"_jetpack_newsletter_access":"","_jetpack_newsletter_tier_id":0,"jetpack_publicize_message":"","jetpack_is_tweetstorm":false,"jetpack_publicize_feature_enabled":true,"jetpack_social_post_already_shared":false,"jetpack_social_options":{"image_generator_settings":{"template":"highway","enabled":false}}},"categories":[41],"tags":[],"jetpack_publicize_connections":[],"jetpack_featured_media_url":"","jetpack_shortlink":"https:\/\/wp.me\/p4eHWX-qW","jetpack_sharing_enabled":true,"_links":{"self":[{"href":"https:\/\/baraka.cc\/index.php?rest_route=\/wp\/v2\/posts\/1670"}],"collection":[{"href":"https:\/\/baraka.cc\/index.php?rest_route=\/wp\/v2\/posts"}],"about":[{"href":"https:\/\/baraka.cc\/index.php?rest_route=\/wp\/v2\/types\/post"}],"author":[{"embeddable":true,"href":"https:\/\/baraka.cc\/index.php?rest_route=\/wp\/v2\/users\/1"}],"replies":[{"embeddable":true,"href":"https:\/\/baraka.cc\/index.php?rest_route=%2Fwp%2Fv2%2Fcomments&post=1670"}],"version-history":[{"count":0,"href":"https:\/\/baraka.cc\/index.php?rest_route=\/wp\/v2\/posts\/1670\/revisions"}],"wp:attachment":[{"href":"https:\/\/baraka.cc\/index.php?rest_route=%2Fwp%2Fv2%2Fmedia&parent=1670"}],"wp:term":[{"taxonomy":"category","embeddable":true,"href":"https:\/\/baraka.cc\/index.php?rest_route=%2Fwp%2Fv2%2Fcategories&post=1670"},{"taxonomy":"post_tag","embeddable":true,"href":"https:\/\/baraka.cc\/index.php?rest_route=%2Fwp%2Fv2%2Ftags&post=1670"}],"curies":[{"name":"wp","href":"https:\/\/api.w.org\/{rel}","templated":true}]}}