{"id":1671,"date":"2007-05-01T10:54:37","date_gmt":"2007-05-01T08:54:37","guid":{"rendered":"https:\/\/baraka.cc\/?p=1671"},"modified":"2014-01-07T10:55:54","modified_gmt":"2014-01-07T08:55:54","slug":"1-mayis-bildirisi-2","status":"publish","type":"post","link":"https:\/\/baraka.cc\/?p=1671","title":{"rendered":"1 May\u0131s Bildirisi"},"content":{"rendered":"<p><strong><span style=\"font-size: 10pt; line-height: 150%; font-family: Verdana;\">\u00a0<\/span><\/strong><strong><span style=\"font-size: 10pt; line-height: 150%; font-family: Verdana;\">UMUTLARIN KU?ATILMASIN<\/span><\/strong> <strong><span style=\"font-size: 10pt; line-height: 150%; font-family: Verdana;\">BU ABLUKA DA?ITILACAK<\/span><\/strong><strong><span style=\"font-size: 10pt; line-height: 150%; font-family: Verdana;\">\u00a0\u00a0\u00a0<\/span><\/strong><strong><span style=\"font-size: 10pt; line-height: 150%; font-family: Verdana;\">\u00a0<\/span><\/strong><strong><span style=\"font-size: 10pt; line-height: 150%; font-family: Verdana;\">\u00a0<\/span><\/strong><\/p>\n<p class=\"MsoBodyTextIndent\" style=\"margin: 0cm 0cm 0pt; text-indent: 0cm; line-height: 150%; text-align: justify;\"><span style=\"font-size: 10pt; line-height: 150%; font-family: Verdana;\">Bug\u00fcn adamyzda neo-liberal politikalar tarfyndan halkymyz ku?atylmy? durumdadyr. Bir yandan s\u00f6zde \u201cTek Tip Sosyal G\u00fcvenlik Yasasy\u201d, bir yandan ?\u00f6ven \u00e7evreler tarafyndan yapylan fa?ist saldyrylar ile gen\u00e7lik sindirilmeye ve depolitize edilmeye \u00e7aly?ylmaktadyr. Emeklilik haklary budanan, sokakta fa?istler tarafyndan fiziksel tehditlere maruz kalan bizlere; evimizde oturup Biri Sizi G\u00f6zetliyor gibi insan beynini uyu?turan, k\u00fclt\u00fcrel ya?amy yozla?tyran yary?ma programlaryny izlememiz dayatylmaktadyr.<\/span><\/p>\n<p><span style=\"font-size: 10pt; line-height: 150%; font-family: Verdana;\">\u00a0\u00a0\u00a0\u00a0 <\/span><\/p>\n<p class=\"MsoBodyTextIndent\" style=\"margin: 0cm 0cm 0pt; text-indent: 0cm; line-height: 150%; text-align: justify;\"><span style=\"font-size: 10pt; line-height: 150%; font-family: Verdana;\">Baraka K\u00fclt\u00fcr Merkezi olarak emek\u00e7i halkymyz ve devrimci gen\u00e7li?imizin bu neo-liberal ve fa?ist ablukayy da?ytma kararlyly?yny, bu 1 MAYIS\u2019ta alanlarda haykyraca?yz.<\/span><\/p>\n<p><span style=\"font-size: 10pt; line-height: 150%; font-family: Verdana;\">\u00a0\u00a0\u00a0 \u00a0<\/span><\/p>\n<p class=\"MsoBodyTextIndent\" style=\"margin: 0cm 0cm 0pt; text-indent: 0cm; line-height: 150%; text-align: justify;\"><span style=\"font-size: 10pt; line-height: 150%; font-family: Verdana;\">Ynsanca bir ya?amdan yana olan herkesi, saat 09:00\u2019da Altynba? Petrol Ystasyonu kar?ysy, M\u00fccahitler Gazinosu yany otob\u00fcs duraklarynda bulu?up Ku?ulu Parka katylmaya \u00e7a?yryyoruz.<\/span><\/p>\n<p><span style=\"font-size: 10pt; line-height: 150%; font-family: Verdana;\">\u00a0\u00a0\u00a0 <\/span><\/p>\n<p class=\"MsoBodyTextIndent\" style=\"margin: 0cm 0cm 0pt; text-indent: 0cm; line-height: 150%; text-align: justify;\"><strong><span style=\"font-size: 10pt; line-height: 150%; font-family: Verdana;\">UNUTMA SENSYZ BYR KY?Y EKSY?YZ<\/span><\/strong><\/p>\n<p class=\"MsoBodyTextIndent\" style=\"margin: 0cm 0cm 0pt; text-indent: 0cm; line-height: 150%; text-align: justify;\"><strong><span style=\"font-size: 10pt; line-height: 150%; font-family: Verdana;\">\u00a0\u00a0\u00a0\u00a0 <\/span><\/strong><\/p>\n<p class=\"MsoBodyTextIndent\" style=\"margin: 0cm 0cm 0pt; text-indent: 0cm; line-height: 150%; text-align: justify;\">\u00a0<strong><span style=\"font-size: 10pt; line-height: 150%; font-family: Verdana;\">\u00a0\u00a0\u00a0<\/span><\/strong><span style=\"font-size: 10pt; line-height: 150%; font-family: Verdana;\">\u00a0<\/span><span style=\"font-size: 10pt; line-height: 150%; font-family: Verdana;\">\u00a0<\/span><span style=\"font-size: 10pt; line-height: 150%; font-family: Verdana;\">\u00a0<\/span><strong><span style=\"font-size: 10pt; line-height: 150%; font-family: Verdana;\">Baraka K\u00fclt\u00fcr Merkezi (a)<\/span><\/strong><\/p>\n<p class=\"MsoBodyTextIndent\" style=\"margin: 0cm 0cm 0pt; text-indent: 0cm; line-height: 150%; text-align: justify;\"><strong><span style=\"font-size: 10pt; line-height: 150%; font-family: Verdana;\">\u00a0\u00a0\u00a0\u00a0\u00a0\u00a0\u00a0 <\/span><\/strong><strong><span style=\"font-size: 10pt; line-height: 150%; font-family: Verdana;\">M\u00fcn\u00fcr Rahvancyo?lu<\/span><\/strong><\/p>\n","protected":false},"excerpt":{"rendered":"<p>\u00a0UMUTLARIN KU?ATILMASIN BU ABLUKA DA?ITILACAK\u00a0\u00a0\u00a0\u00a0\u00a0 Bug\u00fcn adamyzda neo-liberal politikalar tarfyndan halkymyz ku?atylmy? durumdadyr. Bir yandan s\u00f6zde \u201cTek Tip Sosyal G\u00fcvenlik Yasasy\u201d, bir yandan ?\u00f6ven \u00e7evreler<\/p>\n","protected":false},"author":1,"featured_media":0,"comment_status":"open","ping_status":"open","sticky":false,"template":"","format":"standard","meta":{"jetpack_post_was_ever_published":false,"_jetpack_newsletter_access":"","_jetpack_newsletter_tier_id":0,"jetpack_publicize_message":"","jetpack_is_tweetstorm":false,"jetpack_publicize_feature_enabled":true,"jetpack_social_post_already_shared":false,"jetpack_social_options":{"image_generator_settings":{"template":"highway","enabled":false}}},"categories":[41],"tags":[],"jetpack_publicize_connections":[],"jetpack_featured_media_url":"","jetpack_shortlink":"https:\/\/wp.me\/p4eHWX-qX","jetpack_sharing_enabled":true,"_links":{"self":[{"href":"https:\/\/baraka.cc\/index.php?rest_route=\/wp\/v2\/posts\/1671"}],"collection":[{"href":"https:\/\/baraka.cc\/index.php?rest_route=\/wp\/v2\/posts"}],"about":[{"href":"https:\/\/baraka.cc\/index.php?rest_route=\/wp\/v2\/types\/post"}],"author":[{"embeddable":true,"href":"https:\/\/baraka.cc\/index.php?rest_route=\/wp\/v2\/users\/1"}],"replies":[{"embeddable":true,"href":"https:\/\/baraka.cc\/index.php?rest_route=%2Fwp%2Fv2%2Fcomments&post=1671"}],"version-history":[{"count":2,"href":"https:\/\/baraka.cc\/index.php?rest_route=\/wp\/v2\/posts\/1671\/revisions"}],"predecessor-version":[{"id":1673,"href":"https:\/\/baraka.cc\/index.php?rest_route=\/wp\/v2\/posts\/1671\/revisions\/1673"}],"wp:attachment":[{"href":"https:\/\/baraka.cc\/index.php?rest_route=%2Fwp%2Fv2%2Fmedia&parent=1671"}],"wp:term":[{"taxonomy":"category","embeddable":true,"href":"https:\/\/baraka.cc\/index.php?rest_route=%2Fwp%2Fv2%2Fcategories&post=1671"},{"taxonomy":"post_tag","embeddable":true,"href":"https:\/\/baraka.cc\/index.php?rest_route=%2Fwp%2Fv2%2Ftags&post=1671"}],"curies":[{"name":"wp","href":"https:\/\/api.w.org\/{rel}","templated":true}]}}