{"id":1677,"date":"2007-03-19T11:01:23","date_gmt":"2007-03-19T09:01:23","guid":{"rendered":"https:\/\/baraka.cc\/?p=1677"},"modified":"2014-01-07T11:02:33","modified_gmt":"2014-01-07T09:02:33","slug":"sozde-deil-gercek-sosyal-guvenlik-ystiyoruz","status":"publish","type":"post","link":"https:\/\/baraka.cc\/?p=1677","title":{"rendered":"S\u00f6zde De?il Ger\u00e7ek Sosyal G\u00fcvenlik Ystiyoruz"},"content":{"rendered":"<p class=\"MsoTitle\" style=\"margin: 0cm 0cm 0pt; line-height: 150%;\">\n<p><span style=\"font-size: 10pt; line-height: 150%; font-family: Verdana;\"><strong>\u00a0\u00a0\u00a0\u00a0\u00a0 <\/strong><\/span><span style=\"font-size: 10pt; line-height: 150%; font-family: Verdana;\">\u00a0<\/span><\/p>\n<p class=\"MsoNormal\" style=\"margin: 0cm 0cm 0pt; line-height: 150%; text-align: justify;\"><span style=\"font-size: 10pt; line-height: 150%; font-family: Verdana;\">Bir s\u00fcreden beridir halkymyzyn g\u00fcndeminde olan Sosyal G\u00fcven(siz)lik Yasa Tasarysy, T\u00fcrkiye&#8217;ye IMF tarafyndan dayatylan \u00f6zelle?tirme modelinin kuzey Kybrys&#8217;a da TC tarafyndan dayatylmasydyr.<\/span><\/p>\n<p><span style=\"font-size: 10pt; line-height: 150%; font-family: Verdana;\">\u00a0\u00a0\u00a0\u00a0\u00a0\u00a0 <\/span><\/p>\n<p class=\"MsoBodyText\" style=\"margin: 0cm 0cm 0pt; line-height: 150%; text-align: justify;\"><span style=\"font-size: 10pt; line-height: 150%; font-family: Verdana;\">Sanyldy?ynyn aksine, SG Yasa Tasarysy ile tek tip, adaletli bir sosyal g\u00fcvenlik sistemi yaratylmamakta, \u00f6zel sekt\u00f6r \u00e7aly?anlary ile kamu \u00e7aly?anlary arasynda maa?, \u00e7aly?ma g\u00fcn ve saatleri konularyndaki e?itsizlik devam etmektedir.<span>\u00a0 <\/span>\u00d6zel sekt\u00f6r \u00e7aly?anlarynyn i? g\u00fcvencesi patronun iki duda?y arasynda kalmaya devam etmektedir.<\/span><\/p>\n<p><span style=\"font-size: 10pt; line-height: 150%; font-family: Verdana;\">\u00a0\u00a0\u00a0\u00a0 <\/span><\/p>\n<p class=\"MsoNormal\" style=\"margin: 0cm 0cm 0pt; line-height: 150%; text-align: justify;\"><span style=\"font-size: 10pt; line-height: 150%; font-family: Verdana;\">\u00dcstelik yasa, devletin temel g\u00f6revlerinden ve herkesin temel haklaryndan olan sa?ly?y \u00f6zelle?tirmenin,<span>\u00a0 <\/span>yolunu a\u00e7maktadyr. &#8220;\u00dccretsiz tedavi hakky&#8221; bu yasa ile tarihe kary?acaktyr. \u00c7aly?anlar sa?lyk i\u00e7in y\u00fckl\u00fc miktarda prim \u00f6demelerine ra?men sa?lyk hizmetlerinden yararlanabilmek i\u00e7in bir de katky payy \u00f6deyeceklerdir.<\/span><\/p>\n<p><span style=\"font-size: 10pt; line-height: 150%; font-family: Verdana;\">\u00a0\u00a0\u00a0 <\/span><\/p>\n<p class=\"MsoNormal\" style=\"margin: 0cm 0cm 0pt; line-height: 150%; text-align: justify;\"><span style=\"font-size: 10pt; line-height: 150%; font-family: Verdana;\">Sosyal G\u00fcven(sizlik)lik Yasasy ile emeklilik ya?y y\u00fckseltilecek ve emeklilik prim g\u00fcnleri artyrylacaktyr. ?imdilik 60 ya? olarak tasarlanan emeklilik ya?ynyn ilerde daha da artyrylmasy planlanmaktadyr. Di?er yandan bu yasa emekli maa?larynda azalmaya sebep olacaktyr. Asgari \u00fccretli bir \u00e7aly?anyn emekli maa?y aylyk 350 YTL\u2019yi ge\u00e7meyecektir.<\/span><\/p>\n<p><span style=\"font-size: 10pt; line-height: 150%; font-family: Verdana;\">\u00a0\u00a0\u00a0\u00a0 <\/span><span style=\"font-size: 10pt; line-height: 150%; font-family: Verdana;\">\u00d6zel sekt\u00f6r \u00e7aly?anlaryna cicili bicili s\u00f6zlerle tanytylan bu yasa ile \u00f6nceden \u201ci? azly?y\u201d alarak 156 g\u00fcn i?sizlik \u00f6denen sigortalylar, artyk 120 g\u00fcn i?sizlik \u00f6deneceklerdir.<\/span><\/p>\n<p class=\"MsoNormal\" style=\"margin: 0cm 0cm 0pt; line-height: 150%; text-align: justify;\"><span style=\"font-size: 10pt; line-height: 150%; font-family: Verdana;\">G\u00f6r\u00fcnen odur ki; h\u00fck\u00fcmet, sosyal g\u00fcvenlik sistemini satyly?a \u00e7ykarmy?tyr. Hedef, \u00f6zel sekt\u00f6r ve kamudaki emek\u00e7ileri daha az maa?a daha ge\u00e7 emekliye \u00e7ykarmaktyr.<\/span><\/p>\n<p><span style=\"font-size: 10pt; line-height: 150%; font-family: Verdana;\">\u00a0\u00a0\u00a0\u00a0 <\/span><\/p>\n<p class=\"MsoNormal\" style=\"margin: 0cm 0cm 0pt; line-height: 150%; text-align: justify;\"><span style=\"font-size: 10pt; line-height: 150%; font-family: Verdana;\">En \u00f6nemlisi, bu yasa TEK TYP bir sosyal g\u00fcvenlik yaratmamakta, \u00f6zel sekt\u00f6r \u00e7aly?anlaryna hi\u00e7bir hak ve menfaat sa?lamamakta, tam aksine kamu \u00e7aly?anlarynyn haklaryny geriletmektedir.<\/span><\/p>\n<p><span style=\"font-size: 10pt; line-height: 150%; font-family: Verdana;\">\u00a0\u00a0\u00a0\u00a0 <\/span><\/p>\n<p class=\"MsoBodyTextIndent\" style=\"margin: 0cm 0cm 0pt; text-indent: 0cm; line-height: 150%;\"><span style=\"font-size: 10pt; line-height: 150%; font-family: Verdana;\">\u00c7aly?anlaryn tepkisinden \u00e7ekinen h\u00fck\u00fcmet; \u201cBu yasa size dokunmayaca, size uygulanmayacak\u201d demektedir. Ancak \u00e7ocuklarymyzyn gelece?ini, haklaryny pazarlyk konusu yapmamyzy bekleyen bu ahlaksyz teklifi kabul etmiyoruz. \u00dcstelik, gerek ge\u00e7mi? h\u00fck\u00fcmetler gerekse de d\u00fcnyadaki di?er \u00f6rneklerden biliyoruz ki; bu t\u00fcr gerici yasalar bir kez \u00e7aly?ma hayatyna girdi mi a?a?yya do?ru bir basyn\u00e7 yaratyr ve \u00e7aly?anlaryn haklaryny da geriletir. Emek\u00e7ilerin \u00e7ykary ortaktyr, bir kesim cehennemi ya?arken ba?ka bir kesimin cenneti ya?amasy m\u00fcmk\u00fcn de?ildir.<\/span><\/p>\n<p><span style=\"font-size: 10pt; line-height: 150%; font-family: Verdana;\">\u00a0\u00a0\u00a0\u00a0 \u00a0<\/span><\/p>\n<p class=\"MsoNormal\" style=\"margin: 0cm 0cm 0pt; line-height: 150%; text-align: justify;\"><span style=\"font-size: 10pt; line-height: 150%; font-family: Verdana;\">H\u00fck\u00fcmet ger\u00e7ekten \u00f6zel sekt\u00f6r \u00e7aly?anlarynyn hak ve menfaatlerini ilerletmek istiyorsa, sendikala?mayy te?vik etmelidir. S\u00f6zde de?il ger\u00e7ek sosyal g\u00fcvenlik istiyoruz.<\/span><\/p>\n<p><span style=\"font-size: 10pt; line-height: 150%; font-family: Verdana;\">\u00a0\u00a0\u00a0 <\/span><span style=\"font-size: 10pt; line-height: 150%; font-family: Verdana;\">\u00a0<\/span><\/p>\n<p class=\"MsoNormal\" style=\"margin: 0cm 0cm 0pt; line-height: 150%; text-align: right;\" align=\"right\"><span style=\"font-size: 10pt; line-height: 150%; font-family: Verdana;\">Baraka K\u00fclt\u00fcr Merkezi (a)<\/span><\/p>\n<p><span style=\"font-size: 10pt; line-height: 150%; font-family: Verdana;\">\u00a0\u00a0 <\/span><span style=\"font-size: 10pt; line-height: 150%; font-family: Verdana;\">Devrim BAR\u00c7IN<\/span><\/p>\n","protected":false},"excerpt":{"rendered":"<p>\u00a0\u00a0\u00a0\u00a0\u00a0 \u00a0 Bir s\u00fcreden beridir halkymyzyn g\u00fcndeminde olan Sosyal G\u00fcven(siz)lik Yasa Tasarysy, T\u00fcrkiye&#8217;ye IMF tarafyndan dayatylan \u00f6zelle?tirme modelinin kuzey Kybrys&#8217;a da TC tarafyndan dayatylmasydyr. \u00a0\u00a0\u00a0\u00a0\u00a0\u00a0<\/p>\n","protected":false},"author":1,"featured_media":0,"comment_status":"open","ping_status":"open","sticky":false,"template":"","format":"standard","meta":{"jetpack_post_was_ever_published":false,"_jetpack_newsletter_access":"","_jetpack_newsletter_tier_id":0,"jetpack_publicize_message":"","jetpack_is_tweetstorm":false,"jetpack_publicize_feature_enabled":true,"jetpack_social_post_already_shared":false,"jetpack_social_options":{"image_generator_settings":{"template":"highway","enabled":false}}},"categories":[41],"tags":[],"jetpack_publicize_connections":[],"jetpack_featured_media_url":"","jetpack_shortlink":"https:\/\/wp.me\/p4eHWX-r3","jetpack_sharing_enabled":true,"_links":{"self":[{"href":"https:\/\/baraka.cc\/index.php?rest_route=\/wp\/v2\/posts\/1677"}],"collection":[{"href":"https:\/\/baraka.cc\/index.php?rest_route=\/wp\/v2\/posts"}],"about":[{"href":"https:\/\/baraka.cc\/index.php?rest_route=\/wp\/v2\/types\/post"}],"author":[{"embeddable":true,"href":"https:\/\/baraka.cc\/index.php?rest_route=\/wp\/v2\/users\/1"}],"replies":[{"embeddable":true,"href":"https:\/\/baraka.cc\/index.php?rest_route=%2Fwp%2Fv2%2Fcomments&post=1677"}],"version-history":[{"count":2,"href":"https:\/\/baraka.cc\/index.php?rest_route=\/wp\/v2\/posts\/1677\/revisions"}],"predecessor-version":[{"id":1679,"href":"https:\/\/baraka.cc\/index.php?rest_route=\/wp\/v2\/posts\/1677\/revisions\/1679"}],"wp:attachment":[{"href":"https:\/\/baraka.cc\/index.php?rest_route=%2Fwp%2Fv2%2Fmedia&parent=1677"}],"wp:term":[{"taxonomy":"category","embeddable":true,"href":"https:\/\/baraka.cc\/index.php?rest_route=%2Fwp%2Fv2%2Fcategories&post=1677"},{"taxonomy":"post_tag","embeddable":true,"href":"https:\/\/baraka.cc\/index.php?rest_route=%2Fwp%2Fv2%2Ftags&post=1677"}],"curies":[{"name":"wp","href":"https:\/\/api.w.org\/{rel}","templated":true}]}}