{"id":1750,"date":"2010-04-27T22:38:56","date_gmt":"2010-04-27T20:38:56","guid":{"rendered":"https:\/\/baraka.cc\/?p=1750"},"modified":"2014-01-07T22:39:30","modified_gmt":"2014-01-07T20:39:30","slug":"bir-ihanet-hikayesi","status":"publish","type":"post","link":"https:\/\/baraka.cc\/?p=1750","title":{"rendered":"Bir \u0130hanet Hikayesi"},"content":{"rendered":"<p class=\"MsoNormal\" style=\"margin: 0cm 0cm 0pt; line-height: 200%; text-align: justify;\"><strong><span style=\"font-size: 11.5pt; line-height: 200%; font-family: 'Verdana','sans-serif';\">Bir \u0130hanet Hikayesi<\/span><\/strong><\/p>\n<p><strong><span style=\"font-size: 11pt; line-height: 200%; font-family: 'Verdana','sans-serif';\">\u00a0\u00a0\u00a0\u00a0\u00a0\u00a0\u00a0\u00a0\u00a0\u00a0\u00a0\u00a0\u00a0\u00a0\u00a0\u00a0\u00a0\u00a0\u00a0\u00a0\u00a0\u00a0\u00a0\u00a0\u00a0\u00a0\u00a0\u00a0\u00a0\u00a0\u00a0\u00a0\u00a0\u00a0\u00a0\u00a0\u00a0\u00a0\u00a0\u00a0\u00a0\u00a0 <\/span><\/strong><\/p>\n<p><span style=\"font-size: 11pt; line-height: 200%; font-family: 'Verdana','sans-serif';\"><img decoding=\"async\" loading=\"lazy\" alt=\" \" src=\"https:\/\/www.baraka.cc\/images\/stories\/aoadirenis2.jpg\" width=\"640\" height=\"151\" border=\"2\" \/><\/span><\/p>\n<p class=\"MsoNormal\" style=\"margin-bottom: 0.0001pt; text-align: justify; line-height: 200%;\"><strong><span style=\"font-size: 11.5pt; line-height: 200%; font-family: 'Verdana','sans-serif';\">\u00a0<\/span><\/strong><\/p>\n<p class=\"MsoNormal\" style=\"margin-bottom: 0.0001pt; text-align: justify; line-height: 200%;\">\n<p class=\"MsoNormal\" style=\"margin-bottom: 0.0001pt; text-align: justify; line-height: 200%;\"><span style=\"font-size: 11.5pt; line-height: 200%; font-family: 'Verdana','sans-serif';\"><span>\u00a0\u00a0\u00a0\u00a0\u00a0\u00a0\u00a0\u00a0 <\/span>Sol terminolojide y\u0131llard\u0131r eskimeyen bir tabir vard\u0131r: Sar\u0131 sendikac\u0131l\u0131k. Bir \u015feyin eskimemesinin ko\u015fulu kendini tekrar tekrar kurgulamas\u0131 ise gelin birlikte sar\u0131 sendikac\u0131l\u0131\u011f\u0131n kendisini nas\u0131l tekrar tekrar kurgulad\u0131\u011f\u0131n\u0131 g\u00f6relim. Sar\u0131 sendikac\u0131l\u0131k ne demektir? <em>\u201cDevlet veya i\u015fverenler taraf\u0131ndan i\u015f\u00e7ileri kontrol alt\u0131nda tutabilmek i\u00e7in kurulmu\u015f olan sendikalard\u0131r. \u0130\u015f\u00e7i haklar\u0131n\u0131 savunur gibi g\u00f6r\u00fcn\u00fcrler ancak i\u015fverenlerin \u00e7\u0131karlar\u0131 i\u00e7in i\u015f\u00e7ileri haklar\u0131ndan mahrum b\u0131rak\u0131rlar ve demokratik bir i\u015fleyi\u015fe sahip de\u011fillerdir.\u201d<\/em> D\u00fcnyan\u0131n her yerinde oldu\u011fu gibi bizim \u00fclkemizde de esas temsil etti\u011fini iddia etti\u011fi s\u0131n\u0131f\u0131n \u00e7\u0131karlar\u0131 yerine kendi dar \u00e7\u0131karlar\u0131 i\u00e7in m\u00fccadele eden yada kar\u015f\u0131s\u0131nda durdu\u011funu iddia etti\u011fi g\u00fcc\u00fcn (devlet, sermaye vb..) \u00e7\u0131karlar\u0131n\u0131 g\u00f6zeten sendikalar vard\u0131r. Bu \u015fekilde de\u011ferlendirilmelerinin sebebi ise yukar\u0131daki \u201csar\u0131 sendikac\u0131l\u0131k\u201d tan\u0131m\u0131na uygun pratikler i\u00e7erisinde olmalar\u0131d\u0131r. Son g\u00fcnlere damgas\u0131n\u0131 vuran Atat\u00fcrk \u00d6\u011fretmen Akademisi \u00f6\u011frencilerinin direni\u015fi, sendikal b\u00fcrokrasinin halk muhalefeti aleyhine nas\u0131l i\u015fledi\u011fini ve bir sendikan\u0131n sar\u0131 renginin bir anda nas\u0131l belirginle\u015fti\u011fini yeniden g\u00f6stermi\u015ftir.<\/span><\/p>\n<p class=\"MsoNormal\" style=\"margin-bottom: 0.0001pt; text-align: justify; line-height: 200%;\">\n<p class=\"MsoNormal\" style=\"margin-bottom: 0.0001pt; text-align: justify; line-height: 200%;\"><span style=\"font-size: 11.5pt; line-height: 200%; font-family: 'Verdana','sans-serif';\"><span>\u00a0\u00a0\u00a0\u00a0\u00a0\u00a0\u00a0\u00a0 <\/span>Bilindi\u011fi \u00fczere akademi \u00f6\u011frencileri, e\u011fitim bakanl\u0131\u011f\u0131 taraf\u0131ndan Yak\u0131n Do\u011fu \u00dcniversitesi\u2019ne verilen \u00f6n izine kar\u015f\u0131 bir direni\u015f ba\u015flatm\u0131\u015ft\u0131. Bu \u00f6n izin \u00f6zetle YD\u00dc\u2019n\u00fcn okul \u00f6ncesi e\u011fitim alan\u0131nda A\u00d6A ile e\u015fit haklara sahip olaca\u011f\u0131 anlam\u0131na geliyordu. Yani bir yanda devlet eliyle planl\u0131, \u00fccretsiz ve kamusal e\u011fitim veren bir kurum, di\u011fer yanda paral\u0131, plans\u0131z, piyasa mant\u0131\u011f\u0131yla e\u011fitim veren \u00f6zel bir \u201c\u015firket\u201d ile ayn\u0131 kefeye konulacakt\u0131. Buna kar\u015f\u0131 akademi \u00f6\u011frencilerinin okulda ba\u015flatt\u0131\u011f\u0131 ders boykotu <span>\u00a0<\/span>K\u0131br\u0131s T\u00fcrk Orta E\u011fitim \u00d6\u011fretmenler Sendikas\u0131\u2019n\u0131n Atat\u00fcrk \u00d6\u011fretmen Akademisi\u2019nde ba\u015flatt\u0131\u011f\u0131 grev ile destekleniyordu. Di\u011fer yandan da toplumsal bir boyut kazanan hareket birinci elden K\u0131br\u0131s T\u00fcrk \u00d6\u011fretmenler Sendikas\u0131n\u0131n fiili deste\u011fiyle y\u00fckseltiliyordu, bunun yan\u0131nda di\u011fer ilerici yap\u0131lar da direni\u015fe aktif destek vermekteydi. <span>\u00a0<\/span>Ancak ge\u00e7ti\u011fimiz g\u00fcnlerde ta\u015flardan biri yerinden oynad\u0131 ve KTOE\u00d6S e\u011fitim bakanl\u0131\u011f\u0131yla bir protokol imzalayarak akademideki grevine son verdi, bu ayn\u0131 zamanda dersleri boykot eden akademi \u00f6\u011frencilerinin devams\u0131zl\u0131k sorunuyla kar\u015f\u0131 kar\u015f\u0131ya kalaca\u011f\u0131 ve ders boykotunun son bulaca\u011f\u0131 anlam\u0131na geliyor. \u015eimdi durumu \u015fu \u015fekilde \u00f6zetleyebiliriz. Devlet eliyle sermayeye pe\u015fke\u015f \u00e7ekilen kamusal bir hak, buna kar\u015f\u0131 direni\u015f ba\u015flatan \u00f6\u011frenciler, bu direni\u015fe sonradan ortak olmu\u015f bir sendika, ve direni\u015fi yufkala\u015ft\u0131racak bir \u201csendikal\u201d hamle. KTOE\u00d6S kendi ba\u015flatmad\u0131\u011f\u0131 bir m\u00fccadeleyi bitirme iradesi g\u00f6stermi\u015ftir, daha do\u011frusu bitmesini temenni ederek kendi kart\u0131n\u0131 devlet ve sermayeden yana a\u00e7m\u0131\u015ft\u0131r. Direni\u015fin ba\u015f\u0131ndan deste\u011fi ka\u011f\u0131t \u00fczerinde s\u0131n\u0131rl\u0131 kalan orta e\u011fitim sendikas\u0131 m\u00fccadeleye tek katk\u0131s\u0131 olan akademi grevini de sonland\u0131rarak akademi \u00f6\u011frencilerinin hakl\u0131 direni\u015fiyle olan t\u00fcm ba\u011flar\u0131n\u0131 koparm\u0131\u015f ve h\u00fck\u00fcmetle anla\u015fm\u0131\u015ft\u0131r. Elbette a\u00e7\u0131k elden bunun sebebini s\u00f6yleyemeyecek olsak da belkileri bol bir c\u00fcmle kurabiliriz ve bu c\u00fcmlede ge\u00e7en sebepler muhakkak orta e\u011fitimin kendi nedenini kar\u015f\u0131layacakt\u0131r. Ancak gerek\u00e7e ne olursa olsun <span>\u00a0<\/span>-ki<span>\u00a0 <\/span>bu gerek\u00e7e muhakkakt\u0131r ki orta e\u011fitim sendikas\u0131n\u0131n kendi dar \u00e7\u0131karlar\u0131yla ilintilidir- orta e\u011fitimin hamlesinin akademi direni\u015fine sekte vurdu\u011fu ve m\u00fccadeleyi zorla\u015ft\u0131rd\u0131\u011f\u0131 ger\u00e7e\u011fini etkilemez. <span>\u00a0<\/span>Orta e\u011fitimin yapt\u0131\u011f\u0131 anla\u015fma yaz\u0131n\u0131n ba\u015f\u0131nda yapt\u0131\u011f\u0131m\u0131z \u201csar\u0131 sendikac\u0131l\u0131k\u201d tan\u0131m\u0131na uygun d\u00fc\u015fmektedir. Ba\u015fl\u0131 ba\u015f\u0131na bir sar\u0131 sendika olmasa da KTOE\u00d6S bu yapt\u0131\u011f\u0131yla bu tan\u0131ma denk d\u00fc\u015fen bir pratik i\u00e7erisinde oldu\u011funu g\u00f6stermi\u015ftir. Orta e\u011fitim kendi dar \u00e7\u0131karlar\u0131 u\u011fruna bir direni\u015fi feda etmi\u015ftir, ayn\u0131 zamanda devlet ve sermaye lehinde bir hamleyle akademi direni\u015fini s\u00fcrd\u00fcren direni\u015fin esas dinamikleri olan \u00f6\u011frencileri zor bir durumda b\u0131rakm\u0131\u015ft\u0131r. \u00d6zetleyecek olursak bu a\u00e7\u0131k bir ihanettir. KTOE\u00d6S kendi ba\u015flatmad\u0131\u011f\u0131 ve sonradan dahil oldu\u011fu me\u015fru bir m\u00fccadeleyi sendikal etik uyar\u0131nca y\u00fckseltmeye \u00e7al\u0131\u015fmak yerine bitirme iradesi g\u00f6stermeye \u00e7al\u0131\u015fm\u0131\u015ft\u0131r neden ve sonu\u00e7lar\u0131 da bu sendikan\u0131n y\u00f6netiminin ikili oynad\u0131\u011f\u0131n\u0131n a\u00e7\u0131k g\u00f6stergesidir, dedi\u011fimiz gibi bu bir ihanettir. Sar\u0131 sendikac\u0131l\u0131k akademi direni\u015finde kendini yeniden kurgulam\u0131\u015f ve g\u00f6stermi\u015ftir, orta e\u011fitimin yapt\u0131klar\u0131 en iyi bu terimle \u00f6zetlenebilir.<\/span><\/p>\n<p class=\"MsoNormal\" style=\"margin-bottom: 0.0001pt; text-align: justify; line-height: 200%;\">\n<p class=\"MsoNormal\" style=\"margin-bottom: 0.0001pt; text-align: justify; line-height: 200%;\"><span style=\"font-size: 11.5pt; line-height: 200%; font-family: 'Verdana','sans-serif';\"><span>\u00a0\u00a0\u00a0\u00a0\u00a0\u00a0\u00a0\u00a0 <\/span>Her \u015feye ra\u011fmen hem bu m\u00fccadeleye yalan destek verenlerin hemde bu m\u00fccadelenin kar\u015f\u0131s\u0131nda duran devlet ve sermaye elinin ka\u00e7\u0131rmamas\u0131 gereken bir nokta vard\u0131r. Akademi \u00f6\u011frencileri hakl\u0131 ve me\u015fru direni\u015flerine devam ediyorlar, paras\u0131z, planl\u0131, kamusal e\u011fitim i\u00e7in hak m\u00fccadelesi vermeye devam ediyorlar, y\u0131llar\u0131n \u00f6\u011fretmenlerine ta\u015f \u00e7\u0131kar\u0131rm\u0131\u015f\u00e7as\u0131na m\u00fccadele dersi vermeye devam ediyorlar ve her g\u00fcn direni\u015f \u00e7ad\u0131rlar\u0131n\u0131n bulundu\u011fu demokrasi ortaokulu \u00e7evresine yeni bir d\u00f6viz dikiyorlar. En son g\u00f6rd\u00fc\u011f\u00fcm bir d\u00f6vizde \u201cD\u00fcr\u00fcst elini okulumdan \u00e7ek\u201d yaz\u0131yordu, son g\u00f6rd\u00fc\u011f\u00fcm ve bir \u00f6ncekinin yan\u0131na ili\u015ftirilen d\u00f6vizde ise \u201cBir Eraslan miyav dedi\u201d yaz\u0131yor. Akademi her\u015feye ra\u011fmen y\u00fcr\u00fcyor, m\u00fccadele herkese ra\u011fmen b\u00fcy\u00fcyor.<\/span><\/p>\n<p class=\"MsoNormal\" style=\"margin-bottom: 0.0001pt; text-align: justify; line-height: 200%;\">\n<p class=\"MsoNormal\" style=\"margin-bottom: 0.0001pt; text-align: justify; line-height: 200%;\"><span style=\"font-size: 11.5pt; line-height: 200%; font-family: 'Verdana','sans-serif';\">Direne Direne Kazanaca\u011f\u0131z.<\/span><\/p>\n<p class=\"MsoNormal\" style=\"margin-bottom: 0.0001pt; text-align: justify; line-height: 200%;\">\n<p class=\"MsoNormal\" style=\"margin-bottom: 0.0001pt; text-align: justify; line-height: 200%;\"><span style=\"font-size: 11.5pt; line-height: 200%; font-family: 'Verdana','sans-serif';\">Eyy\u00fcp Sabih Benzetsel<\/span><\/p>\n<p class=\"MsoNormal\" style=\"margin-bottom: 0.0001pt; text-align: justify; line-height: 200%;\">\n<p class=\"MsoNormal\" style=\"margin-bottom: 0.0001pt; text-align: justify; line-height: 200%;\"><span style=\"font-size: 11.5pt; line-height: 200%; font-family: 'Verdana','sans-serif';\">Baraka Aktivisti<\/span><\/p>\n<p class=\"MsoNormal\" style=\"margin-bottom: 0.0001pt; text-align: justify; line-height: 200%;\"><span style=\"font-size: 11.5pt; line-height: 200%; font-family: 'Verdana','sans-serif';\"><span>\u00a0\u00a0\u00a0\u00a0\u00a0\u00a0\u00a0\u00a0 <\/span><\/span><\/p>\n","protected":false},"excerpt":{"rendered":"<p>Bir \u0130hanet Hikayesi \u00a0\u00a0\u00a0\u00a0\u00a0\u00a0\u00a0\u00a0\u00a0\u00a0\u00a0\u00a0\u00a0\u00a0\u00a0\u00a0\u00a0\u00a0\u00a0\u00a0\u00a0\u00a0\u00a0\u00a0\u00a0\u00a0\u00a0\u00a0\u00a0\u00a0\u00a0\u00a0\u00a0\u00a0\u00a0\u00a0\u00a0\u00a0\u00a0\u00a0\u00a0\u00a0 \u00a0 \u00a0\u00a0\u00a0\u00a0\u00a0\u00a0\u00a0\u00a0 Sol terminolojide y\u0131llard\u0131r eskimeyen bir tabir vard\u0131r: Sar\u0131 sendikac\u0131l\u0131k. Bir \u015feyin eskimemesinin ko\u015fulu kendini tekrar tekrar kurgulamas\u0131 ise gelin<\/p>\n","protected":false},"author":1,"featured_media":0,"comment_status":"open","ping_status":"open","sticky":false,"template":"","format":"standard","meta":{"jetpack_post_was_ever_published":false,"_jetpack_newsletter_access":"","_jetpack_newsletter_tier_id":0,"jetpack_publicize_message":"","jetpack_is_tweetstorm":false,"jetpack_publicize_feature_enabled":true,"jetpack_social_post_already_shared":false,"jetpack_social_options":{"image_generator_settings":{"template":"highway","enabled":false}}},"categories":[42],"tags":[],"jetpack_publicize_connections":[],"jetpack_featured_media_url":"","jetpack_shortlink":"https:\/\/wp.me\/p4eHWX-se","jetpack_sharing_enabled":true,"_links":{"self":[{"href":"https:\/\/baraka.cc\/index.php?rest_route=\/wp\/v2\/posts\/1750"}],"collection":[{"href":"https:\/\/baraka.cc\/index.php?rest_route=\/wp\/v2\/posts"}],"about":[{"href":"https:\/\/baraka.cc\/index.php?rest_route=\/wp\/v2\/types\/post"}],"author":[{"embeddable":true,"href":"https:\/\/baraka.cc\/index.php?rest_route=\/wp\/v2\/users\/1"}],"replies":[{"embeddable":true,"href":"https:\/\/baraka.cc\/index.php?rest_route=%2Fwp%2Fv2%2Fcomments&post=1750"}],"version-history":[{"count":1,"href":"https:\/\/baraka.cc\/index.php?rest_route=\/wp\/v2\/posts\/1750\/revisions"}],"predecessor-version":[{"id":1751,"href":"https:\/\/baraka.cc\/index.php?rest_route=\/wp\/v2\/posts\/1750\/revisions\/1751"}],"wp:attachment":[{"href":"https:\/\/baraka.cc\/index.php?rest_route=%2Fwp%2Fv2%2Fmedia&parent=1750"}],"wp:term":[{"taxonomy":"category","embeddable":true,"href":"https:\/\/baraka.cc\/index.php?rest_route=%2Fwp%2Fv2%2Fcategories&post=1750"},{"taxonomy":"post_tag","embeddable":true,"href":"https:\/\/baraka.cc\/index.php?rest_route=%2Fwp%2Fv2%2Ftags&post=1750"}],"curies":[{"name":"wp","href":"https:\/\/api.w.org\/{rel}","templated":true}]}}