{"id":1759,"date":"2009-05-22T22:46:40","date_gmt":"2009-05-22T20:46:40","guid":{"rendered":"https:\/\/baraka.cc\/?p=1759"},"modified":"2014-01-07T22:47:45","modified_gmt":"2014-01-07T20:47:45","slug":"secim-sonuclari-uzerine-bir-degerlendirme","status":"publish","type":"post","link":"https:\/\/baraka.cc\/?p=1759","title":{"rendered":"Se\u00e7im Sonu\u00e7lar\u0131 \u00dczerine Bir De\u011ferlendirme"},"content":{"rendered":"<p class=\"MsoNormal\" style=\"margin: 0cm 0cm 0pt; text-indent: 18pt; line-height: 150%; text-align: center;\" align=\"center\"><strong><span style=\"font-size: 11pt; line-height: 150%; font-family: Verdana;\">Se\u00e7im Sonu\u00e7lar\u0131 \u00dczerine Bir De\u011ferlendirme<\/span><\/strong><\/p>\n<p class=\"MsoNormal\" style=\"margin: 0cm 0cm 0pt; text-indent: 18pt; line-height: 150%; text-align: center;\" align=\"center\"><strong><span style=\"font-size: 11pt; line-height: 150%; font-family: Verdana;\">\u00a0 <\/span><\/strong><\/p>\n<p class=\"MsoNormal\" style=\"margin: 0cm 0cm 0pt; text-indent: 18pt; line-height: 150%; text-align: center;\" align=\"center\"><strong><span style=\"font-size: 11pt; line-height: 150%; font-family: Verdana;\">\u00a0\u00a0 <img decoding=\"async\" loading=\"lazy\" alt=\" \" src=\"https:\/\/www.baraka.cc\/images\/stories\/secim.gif\" width=\"450\" height=\"89\" border=\"2\" \/><\/span><\/strong><\/p>\n<p class=\"MsoNormal\" style=\"margin: 0cm 0cm 0pt; text-indent: 18pt; line-height: 150%; text-align: center;\" align=\"center\"><strong><span style=\"font-size: 11pt; line-height: 150%; font-family: Verdana;\">\u00a0\u00a0\u00a0 <\/span><\/strong><\/p>\n<p><strong><span style=\"font-size: 11pt; line-height: 150%; font-family: Verdana;\">\u00a0\u00a0\u00a0 <\/span><\/strong><span style=\"font-size: 11pt; line-height: 150%; font-family: Verdana;\">\u00a0<\/span><span style=\"font-size: 11pt; line-height: 200%; font-family: 'Verdana','sans-serif';\">\u00a0<\/span><\/p>\n<p class=\"MsoNormal\" style=\"text-align: justify; text-indent: 18pt; line-height: 200%;\"><em><span style=\"font-size: 11pt; line-height: 200%; font-family: 'Verdana','sans-serif';\">M\u00fcn\u00fcr Rahvanc\u0131o\u011flu<\/span><\/em><\/p>\n<p class=\"MsoNormal\" style=\"text-align: justify; text-indent: 18pt; line-height: 200%;\">\n<p class=\"MsoNormal\" style=\"text-align: justify; text-indent: 18pt; line-height: 200%;\"><em><span style=\"font-size: 11pt; line-height: 200%; font-family: 'Verdana','sans-serif';\">Baraka Aktivisti<\/span><\/em><\/p>\n<p class=\"MsoNormal\" style=\"text-align: justify; text-indent: 18pt; line-height: 200%;\">\n<p class=\"MsoNormal\" style=\"text-align: justify; text-indent: 18pt; line-height: 200%;\"><span style=\"font-size: 11pt; line-height: 200%; font-family: 'Verdana','sans-serif';\">\u00a0<\/span><\/p>\n<p class=\"MsoNormal\" style=\"text-align: justify; text-indent: 18pt; line-height: 200%;\"><span style=\"font-size: 11pt; line-height: 200%; font-family: 'Verdana','sans-serif';\">19 Nisan erken genel se\u00e7imleri, hem propaganda d\u00f6nemi boyunca ya\u015fananlar hem de se\u00e7im sonu\u00e7lar\u0131 nedeniyle yeni olgular\u0131n ortaya \u00e7\u0131kmas\u0131na neden oldu. Bu olgular\u0131n de\u011ferlendirilmesi kapsaml\u0131 bir \u00e7aban\u0131n \u00fcr\u00fcn\u00fc olabilir. Bu yaz\u0131 sadece b\u00f6ylesi bir \u00e7aban\u0131n ba\u015flang\u0131c\u0131 olarak anla\u015f\u0131lmal\u0131d\u0131r.<\/span><\/p>\n<p class=\"MsoNormal\" style=\"text-align: justify; text-indent: 18pt; line-height: 200%;\">\n<p class=\"MsoNormal\" style=\"text-align: justify; text-indent: 18pt; line-height: 200%;\"><span style=\"font-size: 11pt; line-height: 200%; font-family: 'Verdana','sans-serif';\">\u00a0<\/span><\/p>\n<p class=\"MsoNormal\" style=\"text-align: justify; text-indent: 18pt; line-height: 200%;\"><span style=\"font-size: 11pt; line-height: 200%; font-family: 'Verdana','sans-serif';\">Se\u00e7imlere do\u011fru ilerleyen s\u00fcre\u00e7te h\u00fck\u00fcmetin b\u00fcy\u00fck orta\u011f\u0131 CTP\u2019nin ciddi bir oy kayb\u0131na u\u011frayaca\u011f\u0131, \u00fcstelik ana muhalefet partisi UBP\u2019nin birinci parti olarak sand\u0131ktan \u00e7\u0131kaca\u011f\u0131 a\u015fa\u011f\u0131 yukar\u0131 belli olmu\u015ftu. Ancak anketlere ra\u011fmen biz dahil bir\u00e7ok ki\u015finin CTP\u2019nin %30\u2019un alt\u0131na d\u00fc\u015febilece\u011fini veya UBP\u2019nin tek ba\u015f\u0131na iktidar olabilecek kadar milletvekili \u00e7\u0131karaca\u011f\u0131n\u0131 \u00f6ng\u00f6remedi\u011fini belirtmek gerek. Baraka olarak bizim tahminlerimiz birinci partisi UBP olan bir UBP-CTP koalisyonunun kurulaca\u011f\u0131 y\u00f6n\u00fcndeydi. Yanl\u0131\u015f anlamaya merakl\u0131 olanlar i\u00e7in a\u00e7\u0131klayal\u0131m; UBP-CTP koalisyonu bizim arzumuz de\u011fil tahminimiz idi. \u00c7\u00fcnk\u00fc CTP ile AKP\u2019nin politkalar\u0131 her alanda uyu\u015ftu\u011fu gibi UBP\u2019nin h\u00fck\u00fcmete al\u0131nmas\u0131 da TC a\u00e7\u0131s\u0131ndan pek istenir olmasa da \u015fart olmu\u015ftu. Nitekim se\u00e7im sonu\u00e7lar\u0131ndan sonra TC\u2019deki h\u00fck\u00fcmetin de bu y\u00f6nde arzulara sahip oldu\u011funu g\u00f6steren bir \u00e7ok veri birikti. Ancak UBP\u2019nin tek ba\u015f\u0131na h\u00fck\u00fcmet olacak kadar milletvekili \u00e7\u0131karmas\u0131 bu durumu m\u00fcmk\u00fcn k\u0131lmad\u0131. <\/span><\/p>\n<p class=\"MsoNormal\" style=\"text-align: justify; text-indent: 18pt; line-height: 200%;\"><span style=\"font-size: 11pt; line-height: 200%; font-family: 'Verdana','sans-serif';\">\u00a0<\/span><\/p>\n<p class=\"MsoNormal\" style=\"text-align: justify; text-indent: 18pt; line-height: 200%;\"><strong><span style=\"font-size: 11pt; line-height: 200%; font-family: 'Verdana','sans-serif';\">K\u0131br\u0131s\u2019ta TC\u2019nin Her \u0130stedi\u011fi Olur Mu?<\/span><\/strong><\/p>\n<p class=\"MsoNormal\" style=\"text-align: justify; text-indent: 18pt; line-height: 200%;\">\n<p class=\"MsoNormal\" style=\"text-align: justify; text-indent: 18pt; line-height: 200%;\"><span style=\"font-size: 11pt; line-height: 200%; font-family: 'Verdana','sans-serif';\">Yukardaki ba\u015fl\u0131\u011f\u0131 daha farkl\u0131 noktalara vurgu yapan \u00e7e\u015fitli \u015fekillerde \u00e7o\u011faltabiliriz: <\/span><\/p>\n<p class=\"MsoNormal\" style=\"text-align: justify; text-indent: 18pt; line-height: 200%;\">\n<p class=\"MsoNormal\" style=\"text-align: justify; text-indent: 18pt; line-height: 200%;\"><span style=\"font-size: 11pt; line-height: 200%; font-family: 'Verdana','sans-serif';\">&#8211; <em>Neden UBP\u2019nin tek ba\u015f\u0131na iktidar\u0131n\u0131 \u00f6ng\u00f6remedik? <\/em><\/span><\/p>\n<p class=\"MsoNormal\" style=\"text-align: justify; text-indent: 18pt; line-height: 200%;\">\n<p class=\"MsoNormal\" style=\"text-align: justify; text-indent: 18pt; line-height: 200%;\"><span style=\"font-size: 11pt; line-height: 200%; font-family: 'Verdana','sans-serif';\">&#8211; <em>CTP nas\u0131l oldu da TC taraf\u0131ndan tercih edildi\u011fi halde bu kadar oy kaybetti?<\/em><\/span><\/p>\n<p class=\"MsoNormal\" style=\"text-align: justify; text-indent: 18pt; line-height: 200%;\">\n<p class=\"MsoNormal\" style=\"text-align: justify; text-indent: 18pt; line-height: 200%;\"><span style=\"font-size: 11pt; line-height: 200%; font-family: 'Verdana','sans-serif';\">&#8211; <em>UBP nas\u0131l oldu da TC taraf\u0131ndan tercih edilmedi\u011fi halde bu kadar oy kazand\u0131?<\/em><\/span><\/p>\n<p class=\"MsoNormal\" style=\"text-align: justify; text-indent: 18pt; line-height: 200%;\">\n<p class=\"MsoNormal\" style=\"text-align: justify; text-indent: 18pt; line-height: 200%;\"><span style=\"font-size: 11pt; line-height: 200%; font-family: 'Verdana','sans-serif';\">\u00a0<\/span><\/p>\n<p class=\"MsoNormal\" style=\"text-align: justify; text-indent: 18pt; line-height: 200%;\"><span style=\"font-size: 11pt; line-height: 200%; font-family: 'Verdana','sans-serif';\">Bizim Baraka olarak se\u00e7imler sonucunda olu\u015facak h\u00fck\u00fcmeti (dolay\u0131s\u0131yla CTP\u2019nin oy kayb\u0131n\u0131n ve UBP\u2019nin oy kazanc\u0131n\u0131n derecesini) tahmin edemememiz a\u011f\u0131rl\u0131kl\u0131 olarak iki nedenden kaynaklanmaktad\u0131r:<\/span><\/p>\n<p class=\"MsoNormal\" style=\"text-align: justify; text-indent: 18pt; line-height: 200%;\">\n<p class=\"MsoNormal\" style=\"text-align: justify; text-indent: 18pt; line-height: 200%;\"><span style=\"font-size: 11pt; line-height: 200%; font-family: 'Verdana','sans-serif';\">1- K\u0131br\u0131s\u2019\u0131n kuzeyinde bulunan TC hegomonyas\u0131 ve se\u00e7imlerde TC\u2019nin her istedi\u011finin olduruldu\u011funa dair yarat\u0131lan efsaneyi hi\u00e7bir zaman benimsemesek de; k\u0131smen bunun etkisinde kalmam\u0131z.<\/span><\/p>\n<p class=\"MsoNormal\" style=\"text-align: justify; text-indent: 18pt; line-height: 200%;\">\n<p class=\"MsoNormal\" style=\"text-align: justify; text-indent: 18pt; line-height: 200%;\"><span style=\"font-size: 11pt; line-height: 200%; font-family: 'Verdana','sans-serif';\">2- 2001 y\u0131l\u0131ndan itibaren ortaya \u00e7\u0131kan eylemlilikler s\u00fcreci ve Annan Plan\u0131 referandumunda K\u0131br\u0131sl\u0131 T\u00fcrk halk\u0131 ile cepheden kar\u015f\u0131 kar\u015f\u0131ya gelen UBP\u2019nin bu kadar \u00e7abuk \u201caffedilebilece\u011fini\u201d \u00f6ng\u00f6remememiz. <\/span><\/p>\n<p class=\"MsoNormal\" style=\"text-align: justify; text-indent: 18pt; line-height: 200%;\">\n<p class=\"MsoNormal\" style=\"text-align: justify; text-indent: 18pt; line-height: 200%;\"><span style=\"font-size: 11pt; line-height: 200%; font-family: 'Verdana','sans-serif';\">Ancak se\u00e7im sonu\u00e7lar\u0131 biri olumlu biri de olumsuz iki net sonucu ile bizi yanl\u0131\u015f \u00e7\u0131kard\u0131. Bunlardan <strong><em>olumlu<\/em><\/strong> olan\u0131 se\u00e7imler ve sand\u0131k gibi devrimci siyasetin hi\u00e7bir beklentisi olmayan, egemenler taraf\u0131ndan manip\u00fcle edilmeye en a\u00e7\u0131k ve halk\u0131n bilincinin en bulan\u0131k oldu\u011fu alanlarda dahi TC\u2019nin hegomonyas\u0131n\u0131n mutlak olmad\u0131\u011f\u0131d\u0131r. <strong><em>Olumsuz<\/em><\/strong> olan\u0131 ise halk\u0131m\u0131z\u0131n UBP gibi fa\u015fist bir parti taraf\u0131ndan kendisine y\u00f6neltilen her t\u00fcrl\u00fc bask\u0131 ve a\u015fa\u011f\u0131lanmalar\u0131 alt\u0131 y\u0131l gibi k\u0131sa bir s\u00fcrede unutabildi\u011fi, ya dar maddi \u00e7\u0131karlar\u0131n\u0131n pe\u015finde ko\u015fan ki\u015filerce y\u00f6nlendirildi\u011fi ya da intikam duygusu ile hareket ederek birini g\u00f6t\u00fcrmek i\u00e7in s\u0131rf g\u00fc\u00e7l\u00fcd\u00fcr diye \u00f6tekine oy verebilecek bir e\u011filimde oldu\u011fudur. Elbette ki s\u00f6z konusu olumsuzluk evrensel bir olgu de\u011fil, devrimci bir siyasetin cesur, kararl\u0131, ilkeli, s\u00fcrekli, fiili ve me\u015fru m\u00fcdahalesinin <strong><em>YOKLU\u011eUNDA<\/em><\/strong> ortaya \u00e7\u0131kan tarihsel bir sonu\u00e7tur.<\/span><\/p>\n<p class=\"MsoNormal\" style=\"text-align: justify; text-indent: 18pt; line-height: 200%;\">\n<p class=\"MsoNormal\" style=\"text-align: justify; text-indent: 18pt; line-height: 200%;\"><span style=\"font-size: 11pt; line-height: 200%; font-family: 'Verdana','sans-serif';\">Buradan devrimcilerin \u00e7\u0131karmas\u0131 gereken ders ise; TC\u2019ye kar\u015f\u0131 m\u00fccadelenin her noktada zemininin yarat\u0131lmas\u0131na m\u00fcsait ko\u015fullar\u0131n varl\u0131\u011f\u0131d\u0131r. Bunun yan\u0131nda kararl\u0131l\u0131k ve s\u00fcreklilikle beslenen fiili ve me\u015fru bir m\u00fccadelenin \u00fclke siyasetinde var olan \u00f6nemli bir bo\u015flu\u011fu h\u0131zla dolduraca\u011f\u0131 net olarak ortaya \u00e7\u0131km\u0131\u015ft\u0131r. <\/span><\/p>\n<p class=\"MsoNormal\" style=\"text-align: justify; text-indent: 18pt; line-height: 200%;\">\n<p class=\"MsoNormal\" style=\"text-align: justify; text-indent: 18pt; line-height: 200%;\"><span style=\"font-size: 11pt; line-height: 200%; font-family: 'Verdana','sans-serif';\">Kabul etmek gerekir ki AKP b\u00fcrokratlar\u0131 ve TC El\u00e7ilik mensuplar\u0131 \u00d6RP ve CTP\u2019nin zaferi i\u00e7in yo\u011fun bir mesai harcad\u0131lar. Bu olguyu inkar etmenin ve \u201casl\u0131nda AKP gizli gizli UBP\u2019yi isterdi\u201d gibi bir rasyonalizasyona y\u00f6nelmenin anlams\u0131z ve \u00e7ocuk\u00e7a bir izahat olaca\u011f\u0131 ortadad\u0131r. Elbette ki egemenler tercihlerini mutlak yapmazlar, her yeni durumda \u00e7\u0131karlar\u0131n\u0131 maksimize edebilecekleri<span>\u00a0 <\/span>alternatif planlara sahiptirler ve bu planlar yoksa bile ortaya \u00e7\u0131kan yeni duruma uyum sa\u011flamakta teredd\u00fct etmezler. Aksi halde egemenlikleri sars\u0131l\u0131r ve ortadan kalkar. Bu y\u00fczden de AKP ile UBP\u2019nin k\u0131sa bir pazarl\u0131k s\u00fcrecinden sonra h\u0131zla uyumlu hale gelece\u011fi \u00f6ng\u00f6r\u00fclebilir. Bu UBP\u2019nin de AKP\u2019nin de hem ihtiyac\u0131 hem de zorunlulu\u011fudur. Bu zorunluluk ger\u00e7ek oldu\u011funda, geriye d\u00f6n\u00fck olarak \u201casl\u0131nda AKP UBP\u2019yi isterdi\u201d s\u00f6yleminin \u00fcretilmesi<span>\u00a0 <\/span>\u00e7ocuk\u00e7a bir inat\u00e7\u0131l\u0131ktan \u00f6teye anlam ifade etmez. Hay\u0131r! K\u0131br\u0131sl\u0131 T\u00fcrk halk\u0131n\u0131n b\u00fcy\u00fck bir \u00e7o\u011funlu\u011fu TC\u2019nin a\u00e7\u0131k tercihine ra\u011fmen UBP\u2019ye oy vermi\u015ftir. Bu durum 19 Nisan se\u00e7imlerinin a\u00e7\u0131k ma\u011flubunun TC oldu\u011funu ancak galibin de K\u0131br\u0131sl\u0131 T\u00fcrk halk\u0131 olmad\u0131\u011f\u0131n\u0131 g\u00f6stermektedir. TC\u2019nin bu se\u00e7imlerde ma\u011flup olmas\u0131 g\u00fcnl\u00fck hayat\u0131m\u0131z bak\u0131m\u0131ndan herhangi bir \u015fey de\u011fi\u015ftirmeyecektir. <em>\u00c7\u00fcnk\u00fc se\u00e7imlerin sonu\u00e7lar\u0131na g\u00f6re halk\u0131n g\u00fcnl\u00fck hayat\u0131n\u0131n de\u011fi\u015fmesini beklemek se\u00e7imlere fazla anlam y\u00fcklemek demektir.<\/em><\/span><\/p>\n<p class=\"MsoNormal\" style=\"text-align: justify; text-indent: 18pt; line-height: 200%;\">\n<p class=\"MsoNormal\" style=\"text-align: justify; text-indent: 18pt; line-height: 200%;\"><span style=\"font-size: 11pt; line-height: 200%; font-family: 'Verdana','sans-serif';\">\u00a0<\/span><\/p>\n<p class=\"MsoNormal\" style=\"text-align: justify; text-indent: 18pt; line-height: 200%;\"><strong><span style=\"font-size: 11pt; line-height: 200%; font-family: 'Verdana','sans-serif';\">Se\u00e7im Sonras\u0131 CTP<\/span><\/strong><\/p>\n<p class=\"MsoNormal\" style=\"text-align: justify; text-indent: 18pt; line-height: 200%;\">\n<p class=\"MsoNormal\" style=\"text-align: justify; text-indent: 18pt; line-height: 200%;\"><span style=\"font-size: 11pt; line-height: 200%; font-family: 'Verdana','sans-serif';\">19 Nisan gecesi sand\u0131klar a\u00e7\u0131lmaya ba\u015flar ba\u015flamaz CTP taban\u0131nda ciddi bir \u00f6fke patlamas\u0131 ortaya \u00e7\u0131kt\u0131. CTP\u2019nin %29\u2019luk oy oran\u0131 tabanda yaratt\u0131\u011f\u0131 hayal k\u0131r\u0131kl\u0131\u011f\u0131 oran\u0131nda bir \u00f6fke olarak yans\u0131mas\u0131n\u0131 buldu. Ancak gene CTP i\u00e7inden bu \u00f6fkeyi \u00f6rg\u00fctlemeye \u00e7al\u0131\u015fanlar\u0131n varl\u0131\u011f\u0131 da g\u00f6zle g\u00f6r\u00fcl\u00fcr bi\u00e7imde ortadayd\u0131.<\/span><\/p>\n<p class=\"MsoNormal\" style=\"text-align: justify; text-indent: 18pt; line-height: 200%;\">\n<p class=\"MsoNormal\" style=\"text-align: justify; text-indent: 18pt; line-height: 200%;\"><span style=\"font-size: 11pt; line-height: 200%; font-family: 'Verdana','sans-serif';\">Bilindi\u011fi gibi CTP\u2019nin \u015fubat ay\u0131nda ger\u00e7ekle\u015fmesi gereken kurultay\u0131n\u0131n tarihi se\u00e7imler nedeniyle ertelenmi\u015fti. Bu kurultayda \u201cya\u015fl\u0131lara\u201d kar\u015f\u0131 \u201cgen\u00e7lerin\u201d veya \u201cK\u00d6GEF\u201d\u00e7ilere kar\u015f\u0131 \u201c\u00dcTK\u201dc\u0131lar\u0131n; ger\u00e7e\u011fi s\u00f6ylemek gerekirse ortodokslara kar\u015f\u0131 liberallerin bir aday g\u00f6sterece\u011fi ise f\u0131s\u0131lt\u0131 gazetesi ile yay\u0131l\u0131yordu. Her \u015feyi ile se\u00e7ime endeksli bir parti olan CTP\u2019nin ortodoks \u00fcst y\u00f6netimi \u201ckutsal\u201d se\u00e7imlerden \u00f6nce b\u00f6ylesi bir kap\u0131\u015fman\u0131n \u201chay\u0131rl\u0131\u201d olmayaca\u011f\u0131na kanaat getirmi\u015f, liberaller de buna onay verince kurultay ertelenmi\u015fti. 19 Nisan gecesi ise yer g\u00f6k \u201cistifa\u201d diye inliyordu. Ferdi Sabit Soyer kararl\u0131 bir SBKP b\u00fcrokrat\u0131 havas\u0131nda istifas\u0131n\u0131 vermemekte direndi. Ama CTP MYK\u2019s\u0131 tabandan y\u00fckselen \u00f6fke kar\u015f\u0131s\u0131nda gerileyerek istifa edecekti. H\u0131zla toplanan Parti Meclisi haziran ay\u0131nda kurultaya gidilmesine kurultaya kadar da eski MYK\u2019n\u0131n g\u00f6revde kalmas\u0131na karar verdi. Bu geli\u015fmelerin sonucunda CTP i\u00e7in i\u00e7in kaynayan bir kazana d\u00f6nerken zaman zaman kazandan ta\u015fan k\u00f6p\u00fckler olsa da d\u0131\u015fa d\u00f6n\u00fck y\u0131rt\u0131c\u0131 tart\u0131\u015fma bir nebze kontrol alt\u0131na al\u0131nm\u0131\u015f oldu.<\/span><\/p>\n<p class=\"MsoNormal\" style=\"text-align: justify; text-indent: 18pt; line-height: 200%;\">\n<p class=\"MsoNormal\" style=\"text-align: justify; text-indent: 18pt; line-height: 200%;\"><span style=\"font-size: 11pt; line-height: 200%; font-family: 'Verdana','sans-serif';\">Se\u00e7im sonu\u00e7lar\u0131 ortaya \u00e7\u0131kt\u0131ktan sonra, taban ciddi bir hayal k\u0131r\u0131kl\u0131\u011f\u0131 ya\u015farken CTP \u00fcst d\u00fczey y\u00f6neticileri \u201cbiz bu sonucun \u00e7\u0131kaca\u011f\u0131n\u0131 biliyorduk\u201d dediler. Oysa anketler a\u00e7\u0131kland\u0131k\u00e7a \u201cUBP anketleri bizi geriletmez aksine kararl\u0131l\u0131\u011f\u0131m\u0131z\u0131 artt\u0131r\u0131r\u201d diye a\u00e7\u0131klama yapan, \u201cbu anketler para ile al\u0131nm\u0131\u015f yalan anketlerdir\u201d diyen ve sonu\u00e7larla dalga ge\u00e7erek \u201canket\u00e7ilere \u015f\u0131k\u0131 \u015f\u0131k\u0131 yapal\u0131m\u201d diyerek kitelesini kand\u0131ran da ayn\u0131 y\u00f6neticilerdi. Ortada a\u00e7\u0131k a\u00e7\u0131k yalan s\u00f6ylendi\u011finin itiraf\u0131 dururken, CTP kitlesinin her\u015feyi sorgularken bu yalan\u0131 sorgulamad\u0131\u011f\u0131, parti \u00e7\u0131karlar\u0131 i\u00e7in bu gibi yalanlar\u0131 normal kar\u015f\u0131lad\u0131\u011f\u0131 da ortaya \u00e7\u0131kmaktad\u0131r. B\u00f6ylece CTP h\u00fck\u00fcmeti boyunca s\u00f6ylenen t\u00fcm yalanlar\u0131n neden sineye \u00e7ekildi\u011fi de, \u015fimdi parti i\u00e7i m\u00fccadelede y\u00fckseltilecek \u201cge\u00e7mi\u015f de\u011ferlendirilmesinde\u201d eski yalanlar\u0131n neden g\u00fcndeme getirilmeyece\u011fi de anla\u015f\u0131l\u0131rl\u0131k kazanmaktad\u0131r.<\/span><\/p>\n<p class=\"MsoNormal\" style=\"text-align: justify; text-indent: 18pt; line-height: 200%;\">\n<p class=\"MsoNormal\" style=\"text-align: justify; text-indent: 18pt; line-height: 200%;\"><span style=\"font-size: 11pt; line-height: 200%; font-family: 'Verdana','sans-serif';\">CTP, 1990\u2019l\u0131 y\u0131llara kadar SSCB kuyruk\u00e7usu, revizyonist bir parti idi. SSCB\u2019nin y\u0131k\u0131lmas\u0131 ile d\u00fcnyan\u0131n yeni patronu ABD\u2019nin yeni d\u00fcnya d\u00fczenine h\u0131zla uyum sa\u011fland\u0131. ABD\u2019nin \u00e7\u0131karlar\u0131na uygun bir AB\u2019cilik, T\u00fcrkiye\u2019nin \u00e7\u0131karlar\u0131na uygun bir milliyet\u00e7ilik partinin yeni mottosu haline geldi. Revizyonist solculuktan, neo-liberal solculu\u011fa bu ge\u00e7i\u015f ise \u201cde\u011fi\u015fen d\u00fcnyaya uyum sa\u011flamak\u201d s\u00f6ylemi ile gerek\u00e7elendirildi. Bug\u00fcn CTP K\u0131br\u0131s\u2019ta <strong>emperyalizmin \u00e7\u0131karlar\u0131na uygun olarak yarat\u0131lm\u0131\u015f fiili durumun yasal hale getirilece\u011fi<\/strong> bir s\u00f6zde \u00e7\u00f6z\u00fcm\u00fc savunmas\u0131 nedeniyle kendine \u201cbar\u0131\u015f\u00e7\u0131\u201d demektedir. B\u00f6ylesi bir \u201cbar\u0131\u015f\u201d\u0131 yaratmak yolunda da TC egemenlerinden tutun da eli kanl\u0131 emperyalistlerle dahi i\u015fbirli\u011fini kendine yol bellemi\u015ftir. Bunun yan\u0131nda <em>serbest piyasac\u0131l\u0131k, neo-liberalizm, \u00f6zelle\u015ftirmecilik, kamunun k\u00fc\u00e7\u00fclt\u00fclmesi, sermaye ile i\u015fbirli\u011fi yap\u0131lmas\u0131<\/em> gibi politikalara sahip olan CTP\u2019nin sol ile, sosyalizm ile devrim ile herhangi bir alakas\u0131 kalmam\u0131\u015ft\u0131r. Bu kavramlar sadece emek\u00e7ilerin akl\u0131n\u0131 kar\u0131\u015ft\u0131r\u0131p oy toplaman\u0131n arac\u0131 olarak o da sadece se\u00e7imden se\u00e7ime g\u00fcndeme getirilen birer slogan \u015feklinde CTP\u2019nin akl\u0131na gelmektedir. Ama SSCB gelene\u011finin <strong><em>bask\u0131c\u0131, otoriter, dedi\u011fim dedik, hiyerar\u015fik, b\u00fcrokratik, yasalc\u0131 ve yalanc\u0131<\/em><\/strong> t\u00fcm karakteristik \u00f6zellikleri hala CTP\u2019de kendine yer bulmaktad\u0131r. Her ne kadar bu \u00f6zelliklerden bir k\u0131sm\u0131 neo-liberal siyaset i\u00e7in gerekli ise de bask\u0131c\u0131 ve otoriter yanlar\u0131n <strong><em>a\u00e7\u0131k a\u00e7\u0131k de\u011fil gizli gizli<\/em><\/strong> uygulanamamas\u0131 CTP i\u00e7indeki ger\u00e7ek liberalleri rahats\u0131z etmektedir. <\/span><\/p>\n<p class=\"MsoNormal\" style=\"text-align: justify; text-indent: 18pt; line-height: 200%;\">\n<p class=\"MsoNormal\" style=\"text-align: justify; text-indent: 18pt; line-height: 200%;\"><span style=\"font-size: 11pt; line-height: 200%; font-family: 'Verdana','sans-serif';\">Liberallere g\u00f6re CTP\u2019nin hala ceberrut bir <strong><em>g\u00f6r\u00fcn\u00fcme<\/em><\/strong> sahip olmas\u0131 se\u00e7im yenilgisinin ger\u00e7ek nedenidir. Yani se\u00e7im yenilgisi asl\u0131nda bir \u201chalkla ili\u015fkiler\u201d facias\u0131d\u0131r. Bu sebeple ele\u015ftirilen y\u00f6nlere bak\u0131ld\u0131\u011f\u0131nda \u201cgeri d\u00f6nme ilerle slogan\u0131\u201d, \u201chalka icraatlar\u0131n anlat\u0131lamamas\u0131\u201d, \u201cinsanlarla s\u0131cak ili\u015fkilerin kurulamamas\u0131\u201d gibi kendi deyimleri ile \u201cPublic Relation\u201d meselelerine odaklan\u0131ld\u0131\u011f\u0131 g\u00f6r\u00fclebilir. Oysa ne \u201cbaz\u0131 hatalar yap\u0131ld\u0131\u201d diyen mevcut y\u00f6neticiler ne de onlar\u0131n muhalifleri ger\u00e7ek bir \u00f6zele\u015ftiriye yana\u015fmamaktad\u0131r. Haftalard\u0131r s\u00fcren tart\u0131\u015fmaya bak\u0131ld\u0131\u011f\u0131nda ortada hi\u00e7bir di\u015fe dokunur meselenin olmad\u0131\u011f\u0131n\u0131 g\u00f6r\u00fcr\u00fcz. Se\u00e7im yenilgisinden bahsediliyor, bu yenilginin bir ba\u015far\u0131s\u0131zl\u0131k oldu\u011fu ve ba\u015far\u0131s\u0131z olanlar\u0131n yerini \u201cyeni\u201dlere b\u0131rakmas\u0131 gerekti\u011fi dillendiriliyor. <em>Ancak \u201cyeni\u201dlerin ad\u0131 d\u0131\u015f\u0131nda yeni olan\u0131n ne oldu\u011funa<\/em>, se\u00e7imden \u00f6nce \u201cyeni\u201dlerden bir bakanlar kurulu mevcut olsayd\u0131 nelerin yap\u0131l\u0131p nelerin yap\u0131lmayaca\u011f\u0131na de\u011finen yok! <\/span><\/p>\n<p class=\"MsoNormal\" style=\"text-align: justify; text-indent: 18pt; line-height: 200%;\">\n<p class=\"MsoNormal\" style=\"text-align: justify; text-indent: 18pt; line-height: 200%;\"><span style=\"font-size: 11pt; line-height: 200%; font-family: 'Verdana','sans-serif';\">Buna ra\u011fmen k\u00f6kl\u00fc bir parti olman\u0131n, \u00f6rg\u00fctlenme konusunda deneyimlere sahip olman\u0131n getirdi\u011fi avantajlar\u0131 en etkili \u015fekilde kullanan CTP, se\u00e7imlerde CTP\u2019ye oy vermeyerek CTP\u2019nin art\u0131k sol bir parti olmad\u0131\u011f\u0131na kanaat getiren \u00f6nemli bir kitleyi, kendi i\u00e7 tart\u0131\u015fmas\u0131 arac\u0131l\u0131\u011f\u0131 ile hipnotize etmeyi ba\u015far\u0131yor. Bir\u00e7ok de\u011ferli insan <strong>\u201cpartimizi kurtaraca\u011f\u0131z\u201d<\/strong> diyerek parti saflar\u0131na kat\u0131l\u0131yor ve CTP i\u00e7i tart\u0131\u015fman\u0131n kendilerince sol olan bir taraf\u0131nda m\u00fccadele etmeye ba\u015fl\u0131yor. \u0130lgin\u00e7 olan ise \u201cpartiyi kurtaraca\u011f\u0131\u201d iddia edilen taraf\u0131n liberallerin taraf\u0131 olmas\u0131d\u0131r. \u201cYa\u015fl\u0131\u201d ve \u201cK\u00d6GEF\u201d\u00e7i ortodokslarla, \u201cgen\u00e7\u201d ve \u201c\u00dcTK\u201dc\u0131 liberallerin bu kap\u0131\u015fmas\u0131 CTP d\u0131\u015f\u0131ndaki bir\u00e7ok kesim i\u00e7in anafor etkisi yapsa da ger\u00e7ek bir yalanc\u0131lar kap\u0131\u015fmas\u0131d\u0131r.<\/span><\/p>\n<p class=\"MsoNormal\" style=\"text-align: justify; text-indent: 18pt; line-height: 200%;\">\n<p class=\"MsoNormal\" style=\"text-align: justify; text-indent: 18pt; line-height: 200%;\"><span style=\"font-size: 11pt; line-height: 200%; font-family: 'Verdana','sans-serif';\">Baraka olarak CTP\u2019yi hem h\u00fck\u00fcmet d\u00f6neminde hem de se\u00e7im s\u00fcrecinde ele\u015ftirdik. Bu ele\u015ftirilerimiz genel olarak <strong>CTP\u2019nin \u015f\u00f6venle\u015fmesi, TC h\u00fck\u00fcmetlerine yaltaklanmas\u0131 ve neo-liberal bir politik hat takip etmesi<\/strong> \u00fczerine kuruluydu. CTP\u2019deki tart\u0131\u015fman\u0131n taraflar\u0131 e\u011fer ger\u00e7ekten se\u00e7im yenilgisinin nedenlerini ar\u0131yorlarsa bu konulara odaklanmal\u0131d\u0131rlar. <\/span><\/p>\n<p class=\"MsoNormal\" style=\"text-align: justify; text-indent: 18pt; line-height: 200%;\">\n<p class=\"MsoNormal\" style=\"text-align: justify; text-indent: 18pt; line-height: 200%;\"><span style=\"font-size: 11pt; line-height: 200%; font-family: 'Verdana','sans-serif';\">K\u0131br\u0131sl\u0131 T\u00fcrk halk\u0131 TC\u2019nin kendisine reva g\u00f6rd\u00fc\u011f\u00fc onursuzlu\u011fa, a\u015fa\u011f\u0131lanmaya ve ekonomik s\u0131k\u0131nt\u0131lara dur demek i\u00e7in tek \u00e7\u0131kar yolun bar\u0131\u015f oldu\u011funu d\u00fc\u015f\u00fcnerek ve CTP\u2019nin s\u00f6zde bar\u0131\u015f\u0131n\u0131n ger\u00e7ek bir bar\u0131\u015f oldu\u011funa ikna edilerek CTP\u2019yi h\u00fck\u00fcmete ta\u015f\u0131m\u0131\u015ft\u0131r. Ancak Annan Plan\u0131 referandumular\u0131n\u0131n sonucunda emperyalist sistemin arzu etti\u011fi yasalla\u015ft\u0131rma hayat bulamam\u0131\u015ft\u0131r. <\/span><\/p>\n<p class=\"MsoNormal\" style=\"text-align: justify; text-indent: 18pt; line-height: 200%;\">\n<p class=\"MsoNormal\" style=\"text-align: justify; text-indent: 18pt; line-height: 200%;\"><span style=\"font-size: 11pt; line-height: 200%; font-family: 'Verdana','sans-serif';\">CTP\u2019nin K\u0131br\u0131sl\u0131 T\u00fcrk halk\u0131na s\u00f6z verdi\u011fi sonucun ortaya \u00e7\u0131kmamas\u0131 K\u0131br\u0131sl\u0131 Elenlerin \u201chay\u0131r\u201d\u0131na ba\u011flan\u0131p, her f\u0131rsatta <strong><em>K\u0131br\u0131sl\u0131 Elen egemenlerinden de\u011fil K\u0131br\u0131sl\u0131 Elenlerin kendisinden<\/em><\/strong> yak\u0131n\u0131ld\u0131\u011f\u0131 zaman, bunun \u015f\u00f6ven siyasete hizmet edece\u011fi g\u00f6r\u00fclememi\u015f midir? E\u011fer g\u00f6r\u00fclm\u00fc\u015fse o zaman neden K\u0131br\u0131sl\u0131 Elen halk\u0131 ile K\u0131br\u0131sl\u0131 Elen egemenleri aras\u0131nda hi\u00e7bir ayr\u0131m yapmaya d\u00f6n\u00fck en ufak bir hassasiyet g\u00f6sterilmemi\u015ftir? \u0130\u015fte CTP\u2019nin liberallerinin de ortodokslar\u0131n\u0131n da \u00f6zele\u015ftiri vermesi gereken meselelerden bir tanesi budur. Yoksa her \u00fclkede egemen d\u00fc\u015f\u00fcncelerin egemen s\u0131n\u0131f\u0131n d\u00fc\u015f\u00fcnceleri oldu\u011fu, egemen d\u00fc\u015f\u00fcncelere bak\u0131larak halk\u0131n geneline dair yarg\u0131larda bulunman\u0131n ise \u015f\u00f6venizm oldu\u011fu en az\u0131ndan solcular i\u00e7in bilinen bir ger\u00e7ektir. Bunu bilmeyen veya buna uygun davranmayan CTP y\u00f6netimi kendi \u201csolculu\u011funu\u201d sorgulamal\u0131d\u0131r.<\/span><\/p>\n<p class=\"MsoNormal\" style=\"text-align: justify; text-indent: 18pt; line-height: 200%;\">\n<p class=\"MsoNormal\" style=\"text-align: justify; text-indent: 18pt; line-height: 200%;\"><span style=\"font-size: 11pt; line-height: 200%; font-family: 'Verdana','sans-serif';\">K\u0131br\u0131sl\u0131 T\u00fcrk halk\u0131 \u201cbar\u0131\u015f\u201d ve \u201c\u00e7\u00f6z\u00fcm\u201d umuduyla CTP\u2019yi iktidara ta\u015f\u0131m\u0131\u015ft\u0131r. Sonu\u00e7 ise \u015f\u00f6venizmin daha da y\u00fckselmesi olmu\u015ftur. <strong>Emperyalist planlar\u0131n sonucunda bar\u0131\u015f de\u011fil \u015f\u00f6venizmin y\u00fckseldi\u011fi zaten tarihsel bir bilgidir.<\/strong> Ancak CTP\u2019nin t\u00fcm kaderi Annan Plan\u0131\u2019n\u0131n sonucuna ba\u011fl\u0131 de\u011fildi. K\u0131br\u0131sl\u0131 T\u00fcrk halk\u0131 Annan Plan\u0131\u2019na ve CTP\u2019ye \u201cevet\u201d demi\u015ftir \u00e7\u00fcnk\u00fc bunun bar\u0131\u015f getirece\u011fine inanm\u0131\u015ft\u0131r. <strong>Peki K\u0131br\u0131sl\u0131 T\u00fcrk halk\u0131 neden bar\u0131\u015f istemi\u015ftir?<\/strong> \u00c7ok derin tahlillere inilmeden y\u00fczeysel bir cevap vermek gerekirse; ekonomik s\u0131k\u0131nt\u0131lar\u0131n son bulmas\u0131 ve TC ile olan onursuz ili\u015fkilerin bitirilmesi K\u0131br\u0131sl\u0131 T\u00fcrk halk\u0131n\u0131n 2000\u2019li y\u0131llar\u0131n ba\u015f\u0131ndan itibaren y\u00fcr\u00fctt\u00fc\u011f\u00fc seferberli\u011fin esas kald\u0131ra\u00e7 noktalar\u0131d\u0131r. K\u0131br\u0131s T\u00fcrk \u00d6\u011fretmenler Sendikas\u0131\u2019n\u0131n \u201cT\u00fcrkiye ne paran\u0131 ne de memurlar\u0131n\u0131 istemiyoruz\u201d i\u00e7erikli gazete ilan\u0131 ile simgelenen bu s\u00fcre\u00e7, s\u00f6z konusu sendikan\u0131n \u00f6nc\u00fcl\u00fc\u011f\u00fcnde y\u00fcr\u00fct\u00fclen m\u00fccadelenin i\u00e7eri\u011fini de net ve duru bir \u015fekilde aktarmaktad\u0131r. K\u0131br\u0131s sorununu \u00e7\u00f6zmek CTP\u2019nin tek ba\u015f\u0131na yapabilece\u011fi bir \u015fey de\u011filse de<strong> \u201cKKTC\u201d ile TC aras\u0131ndaki ili\u015fkileri onurlu bir temele oturtmaya giri\u015fmek en az\u0131ndan bunun i\u00e7in m\u00fccadele etmek m\u00fcmk\u00fcnd\u00fc. Peki CTP bunun i\u00e7in ne yapt\u0131?<\/strong><\/span><\/p>\n<p class=\"MsoNormal\" style=\"text-align: justify; text-indent: 18pt; line-height: 200%;\">\n<p class=\"MsoNormal\" style=\"text-align: justify; text-indent: 18pt; line-height: 200%;\"><span style=\"font-size: 11pt; line-height: 200%; font-family: 'Verdana','sans-serif';\">CTP h\u00fck\u00fcmete geldi\u011fi ilk g\u00fcnden itibaren, K\u0131br\u0131s\u2019\u0131n kuzeyindeki TC hegomonyas\u0131n\u0131n tahkimi i\u00e7in \u00e7al\u0131\u015ft\u0131, TC h\u00fck\u00fcmetlerinin ricalar\u0131n\u0131 emir, emirlerini kanun kabul etti. K\u0131br\u0131sl\u0131 T\u00fcrk halk\u0131n\u0131n onurunu iki paral\u0131k etti. Kurultay\u0131nda hangi \u015fark\u0131n\u0131n \u00e7al\u0131naca\u011f\u0131na dahi kar\u0131\u015fan, \u201cyeterince T\u00fcrk olmad\u0131\u011f\u0131 i\u00e7in\u201d genel ba\u015fkan\u0131n\u0131n elini s\u0131kmayan TC\u2019li asker-sivil b\u00fcrokratlara en ufak bir diren\u00e7 g\u00f6stermedi. TC-\u201cKKTC\u201d ili\u015fkileri CTP\u2019den \u00f6nce nas\u0131lsa CTP\u2019den sonra da aynen devam etti. \u00dcstelik IMF taraf\u0131ndan TC\u2019ye dayat\u0131lan neo-liberal politikalar\u0131n TC taraf\u0131ndan \u201cKKTC\u201dye dayat\u0131ld\u0131\u011f\u0131 piyasala\u015ft\u0131rma ko\u015fullar\u0131 da buna e\u015flik etti.<\/span><\/p>\n<p class=\"MsoNormal\" style=\"text-align: justify; text-indent: 18pt; line-height: 200%;\">\n<p class=\"MsoNormal\" style=\"text-align: justify; text-indent: 18pt; line-height: 200%;\"><span style=\"font-size: 11pt; line-height: 200%; font-family: 'Verdana','sans-serif';\">Sendikalar i\u00e7erisinde g\u00fc\u00e7l\u00fc ba\u011flara sahip CTP, bu ba\u011flar\u0131 sendikalar\u0131 kontrol etmek ve h\u00fck\u00fcmetin yedek g\u00fcc\u00fc gibi y\u00f6nlendirmek \u00fczere kulland\u0131. Bu y\u00f6ntem baz\u0131 sendikalarda (KTAMS, Dev-\u0130\u015f, Koop-Sen vb.) ba\u015far\u0131l\u0131 olurken, baz\u0131 sendikalarda ise (KT\u00d6S, KTOE\u00d6S) ciddi diren\u00e7lerle hatta yenilgilerle sonu\u00e7land\u0131. CTP, kendisini ele\u015ftiren Baraka\u2019y\u0131 2007 1 May\u0131s\u2019\u0131nda uydu sendikalar\u0131 arac\u0131l\u0131\u011f\u0131 ile alana sokmamaya \u00e7al\u0131\u015ft\u0131, bu u\u011furda barikatlar kurdu. Bir \u00f6nceki y\u0131l 1 Eyl\u00fcl\u2019de hi\u00e7bir etkinlik ger\u00e7ekle\u015ftirmedi\u011fi halde 2007 y\u0131l\u0131nda muhaliflerini ekarte etmek i\u00e7in alternatif etkinlikler ger\u00e7ekle\u015ftirdi. 2008 y\u0131l\u0131nda hem 1 Eyl\u00fcl\u2019\u00fc hem de 1 May\u0131s\u2019\u0131 b\u00f6len, emek hareketi ile cepheden bir kavga i\u00e7ine giren de CTP\u2019dir. Sosyal G\u00fcvenlik Yasas\u0131 ge\u00e7irilirken, emek g\u00fc\u00e7leri meclis kap\u0131s\u0131 \u00f6n\u00fcnde <strong>\u201cbizi satan\u0131 biz de satar\u0131z\u201d<\/strong> diye slogan at\u0131yordu. Oysa CTP\u2019nin medyadaki tetik\u00e7ilerinden H\u00fcseyin Ekmek\u00e7i bu eylemi \u201cKT\u00d6S, Baraka ortak provakasyonu\u201d diye nitelemi\u015ftir. Kendisi Do\u011fan Harman\u2019\u0131n \u00f6\u011frencisi olarak yeni d\u00f6nemde de y\u0131ld\u0131z\u0131n\u0131 parlatmay\u0131 bilecektir ama olan CTP\u2019ye olmu\u015ftur. <\/span><\/p>\n<p class=\"MsoNormal\" style=\"text-align: justify; text-indent: 18pt; line-height: 200%;\">\n<p class=\"MsoNormal\" style=\"text-align: justify; text-indent: 18pt; line-height: 200%;\"><span style=\"font-size: 11pt; line-height: 200%; font-family: 'Verdana','sans-serif';\">Karpaz\u2019a elektrik g\u00f6t\u00fcr\u00fclmesi s\u00fcreci, onlarca \u00f6rg\u00fct taraf\u0131ndan \u00e7ok b\u00fcy\u00fck bir olgunlukla y\u00fcr\u00fct\u00fclen ciddi bir ekolojik muhalefete \u015fahit oldu. Alternatif ve yarat\u0131c\u0131 eylem y\u00f6ntemleri bak\u0131m\u0131ndan b\u00fcy\u00fck bir zenginli\u011fe sahip olan bu s\u00fcre\u00e7 de ne CTP\u2019nin ortodokslar\u0131n\u0131n ne de liberallerinin k\u0131l\u0131n\u0131 k\u0131p\u0131rdatmad\u0131. Ba\u015fbakanl\u0131\u011fa direk dikildi, telgraf g\u00f6nderildi, kortejler olu\u015fturuldu, sokak tiyatrolar\u0131 yap\u0131ld\u0131 ama kendini g\u00f6r\u00fcp kendini be\u011fenen CTP\u2019liler tayfas\u0131n\u0131n dikkati \u00e7ekilemedi. <\/span><\/p>\n<p class=\"MsoNormal\" style=\"text-align: justify; text-indent: 18pt; line-height: 200%;\">\n<p class=\"MsoNormal\" style=\"text-align: justify; text-indent: 18pt; line-height: 200%;\"><span style=\"font-size: 11pt; line-height: 200%; font-family: 'Verdana','sans-serif';\">Lefke Avrupa \u00dcniversitesi\u2019nde sendikala\u015fmak isteyen \u00f6\u011fretim g\u00f6revlileri \u00d6mer Kalyoncu taraf\u0131ndan azarlan\u0131rken, bug\u00fcnk\u00fc CTP y\u00f6netimi muhaliflerinden hangisi yap\u0131lanlar\u0131 ele\u015ftirdi? LA\u00dc\u2019n\u00fcn \u00f6\u011fretim g\u00f6revlileri emek\u00e7i halk\u0131n kitle partisi CTP\u2019nin h\u00fck\u00fcmet oldu\u011fu bir d\u00f6nemde teker teker i\u015ften at\u0131ld\u0131. CTP ise 1970\u2019lerden kalma \u201c\u0130\u015f\u00e7iye Sosyal Sigorta\u201d yaz\u0131lamas\u0131 foto\u011fraf\u0131n\u0131 g\u00f6z\u00fcm\u00fcz\u00fcn i\u00e7ine i\u00e7ine sokarak emekten yana oldu\u011funu kitlesine ispatlamaya \u00e7al\u0131\u015fmak d\u0131\u015f\u0131nda ne yapt\u0131? <\/span><\/p>\n<p class=\"MsoNormal\" style=\"text-align: justify; text-indent: 18pt; line-height: 200%;\">\n<p class=\"MsoNormal\" style=\"text-align: justify; text-indent: 18pt; line-height: 200%;\"><span style=\"font-size: 11pt; line-height: 200%; font-family: 'Verdana','sans-serif';\">Ve AKP\u2019nin arzusu \u00fczerine \u00d6RP\u2019nin kurulu\u015funa aktif olarak kat\u0131lan CTP\u2019li milletvekilleri, transferlerin, parasal ili\u015fkilerin kendi hanelerine yaz\u0131ld\u0131\u011f\u0131n\u0131 bilmiyorlar m\u0131yd\u0131? Bilmiyorlard\u0131 ki \u00d6RP gibi bir partiyi daha kurulmadan h\u00fck\u00fcmete ortak alarak siyasetin en kirli yan\u0131na da dahil olmaktan \u00e7ekinmediler&#8230;<\/span><\/p>\n<p class=\"MsoNormal\" style=\"text-align: justify; text-indent: 18pt; line-height: 200%;\">\n<p class=\"MsoNormal\" style=\"text-align: justify; text-indent: 18pt; line-height: 200%;\"><span style=\"font-size: 11pt; line-height: 200%; font-family: 'Verdana','sans-serif';\">Sendikalar taraf\u0131ndan \u201cg\u00f6\u00e7 yasas\u0131\u201d olarak isimlendirilen, meclis g\u00fcndemine ancak se\u00e7imden sonra gelebilece\u011fi zaten belli olan ve kamu g\u00f6revlilerinin maa\u015flar\u0131nda indirime gidilmesini \u00f6ng\u00f6ren yasa tasar\u0131s\u0131n\u0131 t\u00fcm m\u00fccadelelere, grevlere, eyemlere ra\u011fmen <strong><em>g\u00f6r\u00fc\u015femeyece\u011fi halde<\/em><\/strong> meclis g\u00fcneminden \u00e7ekmeyen CTP idi. Bug\u00fcn CTP\u2019nin ortodokslar\u0131 veya liberalleri neden se\u00e7im yenilgisi ya\u015fad\u0131klar\u0131n\u0131 merak ediyorlarsa yasa ile ilgili yap\u0131lan eylemlerde kamu emek\u00e7ileri taraf\u0131ndan at\u0131lan <strong>\u201cya yasan\u0131z ya da siz gideceksiniz\u201d<\/strong> slogan\u0131n\u0131 hat\u0131rlar\u0131na getirsinler. Yasay\u0131 \u00e7ekmedikleri bilgisinden hareketle neden kendilerinin gitti\u011fini bir kez daha de\u011ferlendirsinler. <\/span><\/p>\n<p class=\"MsoNormal\" style=\"text-align: justify; text-indent: 18pt; line-height: 200%;\">\n<p class=\"MsoNormal\" style=\"text-align: justify; text-indent: 18pt; line-height: 200%;\"><span style=\"font-size: 11pt; line-height: 200%; font-family: 'Verdana','sans-serif';\">CTP\u2019nin ger\u00e7ek bir \u00f6zele\u015ftirisi; K\u0131br\u0131sl\u0131 Elenlere d\u00f6n\u00fck \u015f\u00f6ven s\u00f6ylemlerin, TC ile kurulan onursuz ili\u015fkilerin, \u00d6RP\u2019nin h\u00fck\u00fcmete al\u0131nmas\u0131n\u0131n, Karpaza elektrik g\u00f6t\u00fcr\u00fclmesinin, s\u00f6zde Sosyal G\u00fcvenlik Yasas\u0131\u2019n\u0131n ge\u00e7irilmesinin, LA\u00dc\u2019de sendikala\u015fan \u00f6\u011fretim g\u00f6revlilerinin i\u015ften at\u0131lmas\u0131n\u0131n, sendikalar\u0131n i\u00e7 i\u015fleyi\u015fine m\u00fcdahale edilmesinin, 1 May\u0131s\u2019lar\u0131n ve 1 Eyl\u00fcl\u2019lerin b\u00f6l\u00fcnmesinin \u00f6zele\u015ftirisi olmal\u0131d\u0131r. <strong>Bug\u00fcn \u201cbaz\u0131 hatalar yap\u0131lm\u0131\u015ft\u0131r\u201d diyenler bizlere hatan\u0131n ne oldu\u011funu da a\u00e7\u0131k a\u00e7\u0131k s\u00f6ylemelidir.<\/strong> Ancak s\u00f6yleyemezler. \u201cLA\u00dc\u2019de sendikala\u015fmay\u0131 desteklemeli en az\u0131ndan k\u00f6stek olmamal\u0131yd\u0131k\u201d, \u201cSosyal G\u00fcvenlik Yasas\u0131 ile emeklilik ya\u015f\u0131n\u0131 artt\u0131rmamal\u0131yd\u0131k\u201d, \u201cKarpaza elektrik g\u00f6t\u00fcrmemeliydik\u201d, \u201c\u00d6RP\u2019yi h\u00fck\u00fcmete almamal\u0131yd\u0131k\u201d diyemezler. Diyemezler \u00e7\u00fcnk\u00fc bug\u00fcnk\u00fc CTP i\u00e7i kap\u0131\u015fma daha sol ile daha sa\u011f aras\u0131ndaki bir kap\u0131\u015fma de\u011fildir. <strong>Bug\u00fcnk\u00fc kap\u0131\u015fma CTP\u2019nin vitrininin d\u00fczenlenmesi ile ilgili bir kap\u0131\u015fmad\u0131r.<\/strong> Bu kap\u0131\u015fman\u0131n sonunda CTP\u2019nin daha sol bir parti olarak \u00e7\u0131kmas\u0131n\u0131 bekleyenler ise olmayacak duaya amin demektedirler.<span>\u00a0 <\/span><\/span><\/p>\n<p class=\"MsoNormal\" style=\"text-align: justify; text-indent: 18pt; line-height: 200%;\">\n<p class=\"MsoNormal\" style=\"text-align: justify; text-indent: 18pt; line-height: 200%;\"><span style=\"font-size: 11pt; line-height: 200%; font-family: 'Verdana','sans-serif';\">CTP sadece bir sonraki se\u00e7imlere d\u00f6n\u00fck haz\u0131rl\u0131klar yapmaktad\u0131r. Bu u\u011furda da elbette sendikalarla at\u0131lan k\u00f6pr\u00fcleri yeniden kurmaya giri\u015fecektir. Ancak bunu yaparken ama\u00e7 her sendikan\u0131n bir KTAMS, her sendikan\u0131n bir Dev-\u0130\u015f haline getirilmesidir. Se\u00e7imlerden sonra emek hareketinin y\u00fczle\u015fece\u011fi en b\u00fcy\u00fck s\u0131k\u0131nt\u0131 da bu olacakt\u0131r. <strong><em>CTP\u2019nin \u201cmuhalefette\u201d olmas\u0131 demek at izi ile it izinin birbirine kar\u0131\u015fmas\u0131 demektir.<\/em><\/strong><\/span><\/p>\n<p class=\"MsoNormal\" style=\"text-align: justify; text-indent: 18pt; line-height: 200%;\">\n<p class=\"MsoNormal\" style=\"text-align: justify; text-indent: 18pt; line-height: 200%;\"><span style=\"font-size: 11pt; line-height: 200%; font-family: 'Verdana','sans-serif';\"><span>\u00a0<\/span><\/span><\/p>\n<p class=\"MsoNormal\" style=\"text-align: justify; text-indent: 18pt; line-height: 200%;\"><strong><span style=\"font-size: 11pt; line-height: 200%; font-family: 'Verdana','sans-serif';\">UBP H\u00fck\u00fcmeti \/ CTP Muhalefeti <\/span><\/strong><\/p>\n<p class=\"MsoNormal\" style=\"text-align: justify; text-indent: 18pt; line-height: 200%;\">\n<p class=\"MsoNormal\" style=\"text-align: justify; text-indent: 18pt; line-height: 200%;\"><span style=\"font-size: 11pt; line-height: 200%; font-family: 'Verdana','sans-serif';\">UBP tek ba\u015f\u0131na h\u00fck\u00fcmeti olu\u015fturmu\u015ftur. Bu \u201cyeni\u201d durum toplumsal muhalefeti nas\u0131l etkileyecektir? CTP\u2019nin her t\u00fcrl\u00fc olumsuz icraat\u0131na ra\u011fmen UBP\u2019den \u201cdaha\u201d demokratik, \u201cdaha\u201d ho\u015fg\u00f6r\u00fcl\u00fc oldu\u011fu, bu ho\u015fg\u00f6r\u00fc nedeniyle bir\u00e7ok eylemde polis \u015fiddetinin ya\u015fanmad\u0131\u011f\u0131n\u0131 veya s\u0131n\u0131rl\u0131 kald\u0131\u011f\u0131n\u0131, ancak fa\u015fist UBP ile bu durumun radikal bir \u015fekilde de\u011fi\u015fece\u011fini s\u00f6yleyenler vard\u0131r. Di\u011fer yandan UBP\u2019nin h\u00fck\u00fcmet politikas\u0131nda CTP ile paralelliklerin ne boyutta olaca\u011f\u0131 da tart\u0131\u015f\u0131lan konular aras\u0131ndad\u0131r. <\/span><\/p>\n<p class=\"MsoNormal\" style=\"text-align: justify; text-indent: 18pt; line-height: 200%;\">\n<p class=\"MsoNormal\" style=\"text-align: justify; text-indent: 18pt; line-height: 200%;\"><span style=\"font-size: 11pt; line-height: 200%; font-family: 'Verdana','sans-serif';\">Talat hala g\u00f6r\u00fc\u015fmecidir ve Hristofyas ile birlikte K\u0131br\u0131s\u2019taki verili durumun yasalla\u015ft\u0131r\u0131lmas\u0131 (onlar \u00e7\u00f6z\u00fcm diyorlar) i\u00e7in emperyalizm ad\u0131na yo\u011fun bir mesai yapmaktad\u0131r. TC K\u0131br\u0131s\u2019ta bu mesaisinde Talat\u2019a zorluk \u00e7\u0131karacak bir h\u00fck\u00fcmeti istememektedir. Di\u011fer yandan neo-liberal politikalar\u0131n uygulanmas\u0131na devam edilmesi de TC\u2019nin istekleri aras\u0131ndad\u0131r. UBP\u2019nin bu olgulara yakla\u015f\u0131m\u0131 nas\u0131l olacakt\u0131r?<\/span><\/p>\n<p class=\"MsoNormal\" style=\"text-align: justify; text-indent: 18pt; line-height: 200%;\">\n<p class=\"MsoNormal\" style=\"text-align: justify; text-indent: 18pt; line-height: 200%;\"><span style=\"font-size: 11pt; line-height: 200%; font-family: 'Verdana','sans-serif';\">Bizce UBP, neo-liberal politikalar\u0131n uygulanmas\u0131nda CTP\u2019nin g\u00f6sterdi\u011fi kararl\u0131l\u0131\u011f\u0131 aynen g\u00f6sterecektir. Hem kendi sa\u011f d\u00fcnya g\u00f6r\u00fc\u015f\u00fc, hem \u00fclkedeki ticaret burjuvazisi ile olan yak\u0131n ili\u015fkileri hem de TC\u2019nin isteklerini ba\u015f tac\u0131 eden yap\u0131lar\u0131 gere\u011fi bu durum ka\u00e7\u0131n\u0131lmazd\u0131r. Bu konuya dair zaten TC\u2019nin herhangi bir kayg\u0131s\u0131, ku\u015fkusu da yoktur. <strong>UBP, CTP\u2019nin kald\u0131\u011f\u0131 yerden yola devam edecektir.<\/strong><\/span><\/p>\n<p class=\"MsoNormal\" style=\"text-align: justify; text-indent: 18pt; line-height: 200%;\">\n<p class=\"MsoNormal\" style=\"text-align: justify; text-indent: 18pt; line-height: 200%;\"><span style=\"font-size: 11pt; line-height: 200%; font-family: 'Verdana','sans-serif';\">Ancak t\u00fcm kayg\u0131lar\u0131n odakland\u0131\u011f\u0131 nokta Talat\u2019\u0131n g\u00f6r\u00fc\u015fmecili\u011fi, y\u00fcr\u00fct\u00fclen g\u00f6r\u00fc\u015fmelerde elinin rahat b\u0131rak\u0131lmas\u0131 ve olas\u0131 bir anla\u015fma metninin referanduma sunulmas\u0131 ile ilgilidir. AKP ile UBP aras\u0131ndaki esas pazarl\u0131k bu konularla ilgili olacakt\u0131r. Bizim tahminimiz g\u00f6r\u00fc\u015fmelerin Talat taraf\u0131ndan y\u00fcr\u00fct\u00fclmesi, sonu\u00e7ta ortaya \u00e7\u0131kacak metnin de referanduma sunulmas\u0131 konular\u0131nda bir uzla\u015fman\u0131n ortaya \u00e7\u0131kaca\u011f\u0131 y\u00f6n\u00fcndedir. <\/span><\/p>\n<p class=\"MsoNormal\" style=\"text-align: justify; text-indent: 18pt; line-height: 200%;\">\n<p class=\"MsoNormal\" style=\"text-align: justify; text-indent: 18pt; line-height: 200%;\"><span style=\"font-size: 11pt; line-height: 200%; font-family: 'Verdana','sans-serif';\">S\u00f6zde \u00e7\u00f6z\u00fcm yolunda UBP ile AKP aras\u0131nda var\u0131lacak bu mutabakat kar\u015f\u0131l\u0131\u011f\u0131nda CTP\u2019nin neo-liberal politikalara kar\u015f\u0131 y\u0131rt\u0131c\u0131 bir muhalefet y\u00fcr\u00fctmemesi kuvvetle muhtemeldir. CTP ve g\u00fcd\u00fcm\u00fcndeki sendikalar neo-liberal poltikalar\u0131 (bir \u00f6nceki d\u00f6nem kendileri uygulam\u0131yormu\u015f gibi) \u0131l\u0131ml\u0131 bir muhalefet ve \u015fekilsel bir ele\u015ftiri ile kar\u015f\u0131layacaklard\u0131r. Ancak bu \u0131l\u0131ml\u0131 muhalefete ra\u011fmen \u201cunutmaya\u201d meyilli halk\u0131m\u0131z\u0131n onay\u0131n\u0131 almalar\u0131 da muhtemeldir. <\/span><\/p>\n<p class=\"MsoNormal\" style=\"text-align: justify; text-indent: 18pt; line-height: 200%;\">\n<p class=\"MsoNormal\" style=\"text-align: justify; text-indent: 18pt; line-height: 200%;\"><span style=\"font-size: 11pt; line-height: 200%; font-family: 'Verdana','sans-serif';\">Di\u011fer yandan Baraka, her t\u00fcrl\u00fc emek d\u00fc\u015fman\u0131 giri\u015fimin kar\u015f\u0131s\u0131na en az CTP\u2019nin kar\u015f\u0131s\u0131na \u00e7\u0131kt\u0131\u011f\u0131 \u015fiddette \u00e7\u0131kmaya kararl\u0131d\u0131r. UBP\u2019den alaca\u011f\u0131m\u0131z yan\u0131t ise CTP\u2019den daha \u015fiddetli olabilir. Bu \u015fiddet; polis \u015fiddeti, tutuklama, mahkeme vb. egemenlerin her t\u00fcrl\u00fc bask\u0131 ayg\u0131t\u0131n\u0131 devreye sokulmas\u0131 y\u00f6ntemlerini i\u00e7erebilir. <\/span><\/p>\n<p class=\"MsoNormal\" style=\"text-align: justify; text-indent: 18pt; line-height: 200%;\">\n<p class=\"MsoNormal\" style=\"text-align: justify; text-indent: 18pt; line-height: 200%;\"><span style=\"font-size: 11pt; line-height: 200%; font-family: 'Verdana','sans-serif';\">E\u011fer UBP, 2000\u2019li y\u0131llar\u0131n ba\u015f\u0131nda ya\u015fananlardan hi\u00e7bir ders almaz ve b\u00f6ylesi bir\u015fiddete ba\u015fvurursa bu \u00fc\u00e7 temel nedene dayal\u0131 olacakt\u0131r:<\/span><\/p>\n<p class=\"MsoNormal\" style=\"text-align: justify; text-indent: 18pt; line-height: 200%;\">\n<p class=\"MsoNormal\" style=\"text-align: justify; text-indent: 18pt; line-height: 200%;\"><strong><span style=\"font-size: 11pt; line-height: 200%; font-family: 'Verdana','sans-serif';\">Birincisi<\/span><\/strong><span style=\"font-size: 11pt; line-height: 200%; font-family: 'Verdana','sans-serif';\"> UBP\u2019nin fa\u015fist bir parti olmas\u0131 ve toplumsal muhalefete bask\u0131 uygulamaya meyilli yap\u0131s\u0131d\u0131r. <strong>\u0130kincisi<\/strong> se\u00e7im sonu\u00e7lar\u0131na bak\u0131larak emek ve bar\u0131\u015f g\u00fc\u00e7lerinin \u201cazald\u0131\u011f\u0131na\u201d dair \u00e7\u0131karsamalar\u0131 olacakt\u0131r. <strong>\u00dc\u00e7\u00fcnc\u00fcs\u00fc<\/strong> ancak bizce en \u00f6nemlisi; bask\u0131n\u0131n esas amac\u0131n\u0131n CTP\u2019nin \u0131l\u0131ml\u0131 muhalefeti ile bizim aktif \u00e7izgimizin ayr\u0131\u015ft\u0131r\u0131lmas\u0131 amac\u0131yla devrimcileri \u201cmarjinal\u201d, \u201canar\u015fist\u201d, \u201ctehlikeli\u201d g\u00f6stermek niyetiyle bir ara\u00e7 olarak kullan\u0131lacak olmas\u0131d\u0131r. Fa\u015fist UBP h\u00fck\u00fcmeti, devrimcileri halk kitlelerinden yal\u0131tmak amac\u0131yla bask\u0131y\u0131 etkili bir silah olarak kullanacakt\u0131r. CTP\u2019n\u0131n \u0131l\u0131ml\u0131 ve i\u015fbirli\u011fine yatk\u0131n \u00e7izgisi ise bunu besleyecek, b\u00f6ylesi bir ayr\u0131\u015ft\u0131rmaya \u00e7anak tutacakt\u0131r. Yani olas\u0131 bask\u0131 \u00f6nceki UBP h\u00fck\u00fcmetlerinde oldu\u011fu gibi yayg\u0131n bir bask\u0131 de\u011fil, \u00f6zel hedeflere d\u00f6n\u00fck d\u00fc\u015f\u00fck yo\u011funluklu bir bask\u0131 olacakt\u0131r.<\/span><\/p>\n<p class=\"MsoNormal\" style=\"text-align: justify; text-indent: 18pt; line-height: 200%;\">\n<p class=\"MsoNormal\" style=\"text-align: justify; text-indent: 18pt; line-height: 200%;\"><span style=\"font-size: 11pt; line-height: 200%; font-family: 'Verdana','sans-serif';\">Neo-liberal politikalar\u0131 uygulayan CTP de olsa UBP de olsa, halk\u0131n tepkisini \u00f6rg\u00fctlemek ve bu politikalar\u0131n kar\u015f\u0131s\u0131na barikat \u00f6rmek bizim boynumuzun borcudur. <strong>Egemenlerin verece\u011fi tepkinin \u015fiddetine g\u00f6re bu m\u00fccadeleyi verip vermemeyi d\u00fc\u015f\u00fcnmek akl\u0131m\u0131z\u0131n ucundan dahi ge\u00e7mez.<\/strong> Ancak bizleri en geni\u015f halk kitlelerinden yal\u0131tmaya \u00e7al\u0131\u015facak hi\u00e7bir takti\u011fe de f\u0131rsat veremeyiz. Bu sebeple UBP\u2019nin emek d\u00fc\u015fman\u0131 politikalar\u0131na kar\u015f\u0131 yapmam\u0131z gereken hi\u00e7bir \u015feyden taviz vermezken, <strong>me\u015fruluk<\/strong> (yasall\u0131ktan bahsetmiyoruz) zeminini hassasiyetle aramal\u0131y\u0131z. Halk\u0131n g\u00f6z\u00fcnde me\u015fru eylemlerimize y\u00f6nelik bask\u0131lar bizi marjinalle\u015ftirmeyecek aksine \u00e7o\u011faltacakt\u0131r. \u00dcstelik bu me\u015fru \u00e7izgi; militan, kararl\u0131, cesur, fiili ve s\u00fcrekli bir tarzla y\u00fcr\u00fct\u00fcld\u00fc\u011f\u00fcnde halka g\u00fcven vermesinin yan\u0131nda CTP\u2019nin \u0131l\u0131ml\u0131 muhalefetini de te\u015fhir edecektir. Bu y\u00fczden UBP\u2019nin bask\u0131c\u0131l\u0131\u011f\u0131ndan \u00e7ok, emek d\u00fc\u015fman\u0131 poltikalar\u0131na kar\u015f\u0131 y\u00fcr\u00fct\u00fclecek me\u015fru \u00e7izginin niteli\u011finin tart\u0131\u015f\u0131lmas\u0131 devrimci siyaset a\u00e7\u0131s\u0131ndan daha i\u015flevseldir. <\/span><\/p>\n<p class=\"MsoNormal\" style=\"text-align: justify; text-indent: 18pt; line-height: 200%;\">\n<p class=\"MsoNormal\" style=\"text-align: justify; text-indent: 18pt; line-height: 200%;\"><span style=\"font-size: 11pt; line-height: 200%; font-family: 'Verdana','sans-serif';\">H\u00fck\u00fcmetini daha yeni olu\u015fturan UBP\u2019ye \u201c\u015fans vermek\u201d s\u00f6z konusu dahi olamaz. UBP ilk olumsuz icraat\u0131nda kar\u015f\u0131s\u0131nda devrimcileri bulmal\u0131d\u0131r, bulacakt\u0131r. Ancak <strong>devrimciler ger\u00e7ek g\u00f6revlerinin halk ad\u0131na tepki vermek de\u011fil halk\u0131n \u00f6fkesini \u00f6rg\u00fctlemek oldu\u011funu da unutmamal\u0131d\u0131rlar.<\/strong><\/span><\/p>\n<p class=\"MsoNormal\" style=\"text-align: justify; text-indent: 18pt; line-height: 200%;\">\n<p class=\"MsoNormal\" style=\"text-align: justify; text-indent: 18pt; line-height: 200%;\"><span style=\"font-size: 11pt; line-height: 200%; font-family: 'Verdana','sans-serif';\">Di\u011fer yandan t\u00fcm alanlardaki donmu\u015f, sinmi\u015f ili\u015fkilerini muhalefete d\u00fc\u015fmesi ile yeniden canland\u0131racak olan CTP\u2019nin alanlarda tecrit edilmesi hen\u00fcz m\u00fcmk\u00fcn de\u011fildir. Bu sebeple se\u00e7im sonras\u0131 \u015fokunu ve i\u00e7 dala\u015fmalar\u0131n\u0131 \u00e7\u00f6z\u00fcmledikten sonra h\u0131zla t\u00fcm alan \u00f6rg\u00fctlerinin i\u00e7ine dalacak CTP militanlar\u0131na kar\u015f\u0131 dikkatli olmak, alan \u00f6rg\u00fctlerinin ve toplumsal muhalefetin \u00e7\u0131karlar\u0131n\u0131 de\u011fil kendi parti \u00e7\u0131karlar\u0131n\u0131 dayatt\u0131klar\u0131 her noktada onlar\u0131 te\u015fhir etmek ve \u0131l\u0131ml\u0131 muhalefetlerini kitleler \u00f6n\u00fcnde ele\u015ftirmek y\u00f6ntemi ile sava\u015f\u0131m devam ettirilmelidir.<\/span><\/p>\n<p class=\"MsoNormal\" style=\"text-align: justify; text-indent: 18pt; line-height: 200%;\">\n<p class=\"MsoNormal\" style=\"text-align: justify; text-indent: 18pt; line-height: 200%;\"><span style=\"font-size: 11pt; line-height: 200%; font-family: 'Verdana','sans-serif';\">\u00a0<\/span><\/p>\n<p class=\"MsoNormal\" style=\"text-align: justify; text-indent: 18pt; line-height: 200%;\"><strong><span style=\"font-size: 11pt; line-height: 200%; font-family: 'Verdana','sans-serif';\">Di\u011fer \u201cSandalye Sahipleri\u201d<\/span><\/strong><\/p>\n<p class=\"MsoNormal\" style=\"text-align: justify; text-indent: 18pt; line-height: 200%;\">\n<p class=\"MsoNormal\" style=\"text-align: justify; text-indent: 18pt; line-height: 200%;\"><span style=\"font-size: 11pt; line-height: 200%; font-family: 'Verdana','sans-serif';\">Mecliste sandalye sahibi olma bahtiyarl\u0131\u011f\u0131na eri\u015fmi\u015f di\u011fer partiler (DP, \u00d6RP, TDP)<span>\u00a0 <\/span>bundan b\u00f6yle UBP\u2019nin 26 milletvekili s\u0131k\u0131nt\u0131s\u0131n\u0131n olas\u0131 teklemelerinde yedek lastik olmak d\u0131\u015f\u0131nda herhangi bir i\u015fleve sahip de\u011fildirler. Bu yedeklik g\u00f6revi teker teker yasalarda kendilerine y\u00f6neltilecek \u201crica\u201dlar\u0131n gere\u011fi veya kal\u0131c\u0131 bir s\u0131k\u0131nt\u0131n\u0131n olu\u015fmas\u0131 halinde olas\u0131 bir koalisyonun \u201cortakl\u0131\u011f\u0131\u201d olarak ya\u015fam bulabilir. Bunun yan\u0131nda \u00d6RP, AKP\u2019nin K\u0131br\u0131s \u015fubesi oldu\u011fundan dinsel gericili\u011fin \u00f6rg\u00fctlendirilmesi noktas\u0131nda ciddi bir bask\u0131 unsuru yaratmas\u0131n\u0131 bekleyebiliriz. <\/span><\/p>\n<p class=\"MsoNormal\" style=\"text-align: justify; text-indent: 18pt; line-height: 200%;\">\n<p class=\"MsoNormal\" style=\"text-align: justify; text-indent: 18pt; line-height: 200%;\"><span style=\"font-size: 11pt; line-height: 200%; font-family: 'Verdana','sans-serif';\">\u00d6RP, AKP taraf\u0131ndan kendisine y\u00f6nelik t\u00fcm \u201cyard\u0131msever\u201d \u00e7abalara ra\u011fmen \u00f6nc\u00fcl\u00fc YDP\u2019nin %8\u2019lik oy oran\u0131n\u0131 bile yakalayamayarak asl\u0131nda ba\u015far\u0131s\u0131z olmu\u015ftur. G\u00f6\u00e7men kitlelerin bu partiye itibar etmedikleri, h\u00fck\u00fcmetin t\u00fcm nimetlerinden faydalanmalar\u0131na ra\u011fmen baraj\u0131 zar zor ge\u00e7melerinden belli olmu\u015ftur. Ancak bu ba\u015far\u0131s\u0131zl\u0131\u011fa ra\u011fmen \u00d6RP k\u00fc\u00e7\u00fcmsenmemeli gerici ili\u015fkilerin yuvas\u0131 olmas\u0131na izin verilmemelidir. Devrimcilerin g\u00f6\u00e7men kesimlere y\u00f6nelik bir \u00e7al\u0131\u015fma ba\u015flatmas\u0131 gere\u011fi ortada durmaktad\u0131r. Ba\u011f\u0131ms\u0131z bir K\u0131br\u0131s hedefine, \u00fclkemizde bulunan ve art\u0131k gelece\u011fini K\u0131br\u0131s\u2019ta g\u00f6rmeye ba\u015flam\u0131\u015f ciddi say\u0131da g\u00f6\u00e7men g\u00f6rmezden gelinerek ula\u015f\u0131lamaz. K\u0131br\u0131sl\u0131 T\u00fcrk halk\u0131n\u0131n bir par\u00e7as\u0131 haline gelen g\u00f6\u00e7menlerin \u00f6rg\u00fctlenmesi ba\u015far\u0131m\u0131z\u0131n \u015fart\u0131 haline gelmi\u015ftir. Ancak <strong>\u00d6RP g\u00f6\u00e7men kitlelere y\u00f6nelik t\u00fcm \u00e7abalar\u0131m\u0131zda kar\u015f\u0131m\u0131za \u00e7\u0131kart\u0131lacak ileri u\u00e7 ak\u0131nc\u0131 birli\u011fi olacakt\u0131r.<\/strong><\/span><\/p>\n<p class=\"MsoNormal\" style=\"text-align: justify; text-indent: 18pt; line-height: 200%;\">\n<p class=\"MsoNormal\" style=\"text-align: justify; text-indent: 18pt; line-height: 200%;\"><span style=\"font-size: 11pt; line-height: 200%; font-family: 'Verdana','sans-serif';\">TDP ise CTP\u2019nin muazzam oy kayb\u0131na ra\u011fmen ge\u00e7en se\u00e7imlerde TKP ve BDH\u2019n\u0131n toplam oylar\u0131na dahi ula\u015famayarak asl\u0131nda oy kaybetmi\u015ftir. Bu da TKP\u2019nin tasfiyesinin sosyal demokrat kitlede hi\u00e7 de sempati uyand\u0131rmad\u0131\u011f\u0131n\u0131n g\u00f6stergesi olmu\u015ftur. TDP\u2019nin bu d\u00f6nemde herhangi bir toplumsal muhalefet dinami\u011finde herhangi bir olumlu veya olumsuz etkisi olmayaca\u011f\u0131 rahat\u00e7a \u00f6ng\u00f6r\u00fclebilir. <\/span><\/p>\n<p class=\"MsoNormal\" style=\"text-align: justify; text-indent: 18pt; line-height: 200%;\">\n<p class=\"MsoNormal\" style=\"text-align: justify; text-indent: 18pt; line-height: 200%;\"><span style=\"font-size: 11pt; line-height: 200%; font-family: 'Verdana','sans-serif';\">\u00a0<\/span><\/p>\n<p class=\"MsoNormal\" style=\"text-align: justify; text-indent: 18pt; line-height: 200%;\"><strong><span style=\"font-size: 11pt; line-height: 200%; font-family: 'Verdana','sans-serif';\">BKP\/Yasemin \u0130ttifak\u0131<\/span><\/strong><\/p>\n<p class=\"MsoNormal\" style=\"text-align: justify; text-indent: 18pt; line-height: 200%;\">\n<p class=\"MsoNormal\" style=\"text-align: justify; text-indent: 18pt; line-height: 200%;\"><span style=\"font-size: 11pt; line-height: 200%; font-family: 'Verdana','sans-serif';\">Se\u00e7imler boyunca ana ak\u0131m sol d\u0131\u015f\u0131ndaki \u00e7evrelerde en \u00e7ok tart\u0131\u015f\u0131lan odak BKP\/Yasemin ittifak\u0131 oldu. Asl\u0131nda normal ko\u015fullarda se\u00e7ime girmek i\u00e7in gerekli 50 aday\u0131 dahi toparlayamayacak olan BKP, tamamen ortaya \u00e7\u0131kan \u00f6zel durumlardan dolay\u0131 se\u00e7imin en pop\u00fcler \u00f6znesi oldu. Bu ko\u015fullar CTP\u2019ye kar\u015f\u0131 sol i\u00e7erisinde olu\u015fan tepki, bu tepkisini sand\u0131kta g\u00f6stermek isteyen ciddi bir kitlenin yaratt\u0131\u011f\u0131 bas\u0131n\u00e7, b\u00f6yle bir bas\u0131nca ra\u011fmen \u00f6rg\u00fctl\u00fcl\u00fc\u011f\u00fc belli bir oranda olan YKP\u2019nin k\u00f6rleri sa\u011f\u0131rlar\u0131 oynamaktaki kararl\u0131l\u0131\u011f\u0131d\u0131r. B\u00f6ylece olu\u015fan bo\u015flu\u011fu se\u00e7imlere bir ay kala Afrika gazetesi yazarlar\u0131 ile listesini tahkim eden BKP doldurma \u00e7abas\u0131na girmi\u015f, sonu\u00e7ta ortaya BKP\/Yasemin \u0130ttifak\u0131 \u00e7\u0131km\u0131\u015ft\u0131r. BKP\/Yasemin \u0130ttifak\u0131 40 bin askerlik bir i\u015fgal kuvvetinin ve sivil fa\u015fistlerin a\u00e7\u0131k tehtidlerinin yaratt\u0131\u011f\u0131 \u015f\u00f6ven atmosfere ra\u011fmen se\u00e7im d\u00f6nemi boyunca cesur \u00e7\u0131k\u0131\u015flarda bulunmu\u015ftur. Yasemin taraf\u0131ndan dile getirilen olgulardan bir\u00e7o\u011fu, ekranlarda ilk kez dile getirilen ve ciddi cesaret gerektiren s\u00f6ylemlerdir. Di\u011fer yandan aday listesinde kad\u0131nlara en fazla yer veren parti de Yasemin idi. Bu durum al\u0131\u015f\u0131ld\u0131k \u201ckad\u0131nlar erkekler i\u00e7in oy toplar\u201d g\u00f6r\u00fcnt\u00fcs\u00fcn\u00fc a\u015farak kad\u0131nlar\u0131n \u00f6n plana ge\u00e7ti\u011fi bir yakla\u015f\u0131m\u0131n da g\u00f6stergesiydi.<\/span><\/p>\n<p class=\"MsoNormal\" style=\"text-align: justify; text-indent: 18pt; line-height: 200%;\">\n<p class=\"MsoNormal\" style=\"text-align: justify; text-indent: 18pt; line-height: 200%;\"><span style=\"font-size: 11pt; line-height: 200%; font-family: 'Verdana','sans-serif';\">Ancak BKP Yasemin \u0130ttifak\u0131; neredeyse hi\u00e7bir b\u00f6lgede \u00f6rg\u00fct\u00fc bulunmayan ve kadrolar\u0131 bak\u0131m\u0131ndan 5-10 ki\u015fiyi a\u015fmayan yap\u0131s\u0131yla tam bir son dakika operasyonu idi. Parasal imkanlar\u0131 ise yok denecek kadar azd\u0131. Buna ra\u011fmen %2,4 gibi az\u0131msanamayacak bir oy elde etti. Bu oylar ne BKP\u2019nin ne de Afrika\u2019n\u0131n \u00f6rg\u00fctl\u00fc oylar\u0131 de\u011fildir. \u00dcstelik BKP bir parti olarak bu oylar\u0131 se\u00e7im sonras\u0131nda da \u00f6rg\u00fctleyebilecek kadro yap\u0131s\u0131na sahip de\u011fildir. Yani BKP\/Yasemin\u2019in oylar\u0131 halk\u0131m\u0131z nezdinde se\u00e7im \u00f6ncesinde var olan tepkinin ve alternatif aray\u0131\u015f\u0131n\u0131n g\u00f6stergesidir. <\/span><\/p>\n<p class=\"MsoNormal\" style=\"text-align: justify; text-indent: 18pt; line-height: 200%;\">\n<p class=\"MsoNormal\" style=\"text-align: justify; text-indent: 18pt; line-height: 200%;\"><span style=\"font-size: 11pt; line-height: 200%; font-family: 'Verdana','sans-serif';\">Biz Baraka olarak se\u00e7im \u00f6ncesinde mevcut partileri ve se\u00e7im tavr\u0131na ili\u015fkin \u00e7a\u011fr\u0131lar\u0131 de\u011ferlendirmi\u015f ve \u201cBKP\/Yasemin\u2019in oylar\u0131n\u0131n y\u00fcksek \u00e7\u0131kmas\u0131 bizi sevindirecektir\u201d demi\u015ftik. \u015eimdi se\u00e7im sonu\u00e7lar\u0131na bakarak \u00fclkemizde i\u015fgal kar\u015f\u0131t\u0131 3000\u2019den fazla ki\u015finin olmas\u0131na sevindi\u011fimizi s\u00f6yleyebiliriz. Bu 3000 ki\u015fi, net bir tav\u0131r almak konusunda hi\u00e7bir \u00e7ekinceye sahip olmayan, TC\u2019nin adam\u0131z \u00fczerindeki egemenli\u011fine kar\u015f\u0131 m\u00fccadelede bizlere onay verecek ciddi bir rakam\u0131n i\u015faretidir. <strong>Bu kitlenin bir\u00e7ok bak\u0131mdan sahip oldu\u011fu eksikliklerin giderilmesi ve nitelikli bir m\u00fccadeleye kanalize edilmesi devrimci m\u00fccadelenin ba\u015far\u0131s\u0131na ba\u011fl\u0131 olacakt\u0131r.<\/strong> K\u0131sacas\u0131 \u00f6rg\u00fctleyip \u00f6rg\u00fctleyememenin bizim \u00e7abam\u0131za ba\u011fl\u0131 oldu\u011fu az\u0131msanamayacak bir kitleden s\u00f6z ediyoruz. <\/span><\/p>\n<p class=\"MsoNormal\" style=\"text-align: justify; text-indent: 18pt; line-height: 200%;\">\n<p class=\"MsoNormal\" style=\"text-align: justify; text-indent: 18pt; line-height: 200%;\"><span style=\"font-size: 11pt; line-height: 200%; font-family: 'Verdana','sans-serif';\">Di\u011fer yandan se\u00e7im \u00f6ncesinde Argasdi\u2019de ve baraka.cc\u2019de yay\u0131nlanan \u201cYasemin \u0130ttifak\u0131 ve Tavr\u0131m\u0131z\u201d yaz\u0131s\u0131nda se\u00e7imlerden sonra a\u00e7\u0131klama s\u00f6z\u00fcn\u00fc verdi\u011fimiz BKP\/Yasemin\u2019e ili\u015fkin olumsuzluklar da bu kitleyi bask\u0131lamaktad\u0131r. Nedir bu olumsuzluklar? <\/span><\/p>\n<p class=\"MsoNormal\" style=\"text-align: justify; text-indent: 18pt; line-height: 200%;\">\n<p class=\"MsoNormal\" style=\"text-align: justify; text-indent: 18pt; line-height: 200%;\"><span style=\"font-size: 11pt; line-height: 200%; font-family: 'Verdana','sans-serif';\">KSP d\u0131\u015f\u0131ndaki t\u00fcm \u201csol\u201d \u00f6rg\u00fctlenmelerde var olan <strong>\u201cg\u00f6\u00e7men fobisi\u201d, \u201cT\u00fcrkiyeli-K\u0131br\u0131sl\u0131 ayr\u0131m\u0131\u201d veya \u201cK\u0131br\u0131s milliyet\u00e7ili\u011fi\u201d<\/strong> diyebilece\u011fimiz tav\u0131r, s\u00f6z\u00fcn\u00fc etti\u011fimiz olumsuzluklar\u0131n en g\u00f6ze batan\u0131d\u0131r. BKP\/Yasemin (listesinde g\u00f6\u00e7men adaylar da bulunmas\u0131na ra\u011fmen) t\u00fcm se\u00e7im kampanyas\u0131 d\u00f6neminde K\u0131br\u0131sl\u0131 T\u00fcrk halk\u0131n\u0131 b\u00f6len bir \u201cT\u00fcrkiyeli d\u00fc\u015fmanl\u0131\u011f\u0131\u201d yapt\u0131. Bu tav\u0131r TC\u2019nin ada \u00fczerindeki hegomonyas\u0131na kar\u015f\u0131 tepkinin k\u00fc\u00e7\u00fck burjuva kendini be\u011fenmi\u015fli\u011fi ile harmanlanarak, ba\u015fka k\u00fclt\u00fcrleri k\u00fc\u00e7\u00fcmseyen veya bu k\u00fclt\u00fcr\u00fcn t\u00fcm y\u00f6nlerini tehdit olarak g\u00f6ren bir refleksle harmanlanmas\u0131ndan olu\u015fuyordu. TC\u2019nin hegeomonyas\u0131na pratik bir direni\u015f sergilenemeyince bu zaafiyet TC\u2019den g\u00f6\u00e7men insanlara kar\u015f\u0131 \u0131rk\u00e7\u0131l\u0131\u011fa varan tepkilerle ikame edildi. \u00dcstelik bu tepkiler \u00fclkemizdeki neredeyse t\u00fcm \u201cpis\u201d i\u015fleri y\u00fcr\u00fcten, in\u015faatlarda \u00e7al\u0131\u015fan, garsonluk, bula\u015f\u0131k\u00e7\u0131l\u0131k, temizlik\u00e7ilik, bah\u00e7e i\u015fleri yapan bir insan kitlesine y\u00f6nelik <strong>s\u0131n\u0131fsal korkular<\/strong>la da \u015fekilleniyordu. K\u0131sacas\u0131 g\u00f6\u00e7men d\u00fc\u015fmanl\u0131\u011f\u0131 diyebilece\u011fimiz bu tav\u0131r, BKP\/Yasemin\u2019i zaman zaman \u015f\u00f6ven bir parti konumuna itti. \u00dcstelik g\u00f6\u00e7men kitleler i\u00e7indeki devrimci-demokrat-ilerici kesimlerin ayn\u0131 y\u00f6nde tepkiler vererek sa\u011f siyasetlere do\u011fru itilmesine de neden oldu. Hemen belirtmek gerekir ki bu tespitler BKP\/Yasemin i\u00e7in ge\u00e7erli oldu\u011fu kadar YKP i\u00e7in de ge\u00e7erlidir.<\/span><\/p>\n<p class=\"MsoNormal\" style=\"text-align: justify; text-indent: 18pt; line-height: 200%;\">\n<p class=\"MsoNormal\" style=\"text-align: justify; text-indent: 18pt; line-height: 200%;\"><span style=\"font-size: 11pt; line-height: 200%; font-family: 'Verdana','sans-serif';\">Di\u011fer yandan BKP\/Yasemin se\u00e7im probagandas\u0131 d\u00f6nemi boyunca ciddi bir <strong>AB hayranl\u0131\u011f\u0131<\/strong> g\u00f6r\u00fcnt\u00fcs\u00fc \u00e7izdi. AB\u2019nin emperyalist bir olu\u015fum oldu\u011fu, K\u0131br\u0131s\u2019\u0131n b\u00f6l\u00fcnm\u00fc\u015fl\u00fc\u011f\u00fcnde AB\u2019yi olu\u015fturan \u00fclkelerin ciddi rol ve \u00e7\u0131kar sahibi oldu\u011fu noktalar\u0131na neredeyse hi\u00e7 de\u011finilmedi. AB\u2019ci bir karakterle damgal\u0131 K\u0131br\u0131sl\u0131 T\u00fcrk solunun t\u00fcm \u00e7arp\u0131k bak\u0131\u015f\u0131n\u0131n yan\u0131nda, <strong>sivil toplumcu, postmodernist ve eklektik<\/strong> bir siyaset de Yasemin\u2019de kar\u015f\u0131l\u0131k buldu. Bu eklektivizm baz\u0131 adaylar\u0131n CTP\u2019yi yeterince liberal olmamakla ele\u015ftirdi\u011fi, di\u011fer adaylar\u0131n kendilerini sosyalist olarak tan\u0131mlad\u0131\u011f\u0131 bir karma\u015faya d\u00f6n\u00fc\u015ft\u00fc. Ama t\u00fcm hareketin a\u011f\u0131z birli\u011fi ile savundu\u011fu <strong>\u201cprofesyonel ordu\u201d garabeti<\/strong> sol ad\u0131na bir utan\u00e7 meselesi olabilir ancak. Ordunun \u00f6zelle\u015ftirilmesi ve halktan kopar\u0131lmas\u0131ndan ba\u015fka bir\u015fey demek olmayan \u201cprofesyonel ordu\u201d s\u00f6ylemi, askerlik yapmak istemeyen k\u00fc\u00e7\u00fck burjuvalar\u0131n kurtulu\u015f umudu olarak y\u00fckseltildi. Se\u00e7im sonras\u0131nda TC El\u00e7isinin ve t\u00fcm \u00fcst d\u00fczey b\u00fcrokratlar\u0131n\u0131n \u201chizmetleri i\u00e7in te\u015fekk\u00fcr edilerek\u201d devreden \u00e7\u0131kar\u0131laca\u011f\u0131na ili\u015fkin s\u00f6ylemler halk\u0131m\u0131zdan az\u0131msanamayacak bir sempati toplam\u0131\u015ft\u0131r. Ama b\u00f6ylesi s\u00f6ylemlerin alt\u0131n\u0131n doldurulmamas\u0131 yan\u0131nda y\u0131llard\u0131r irademizi gasbetmi\u015f TC devletinden hi\u00e7bir <strong>tazminat<\/strong> istenmeyecek olmas\u0131 da ayr\u0131 bir eksikliktir. \u00dcstelik s\u00fcrekli TC\u2019ye kar\u015f\u0131 m\u00fccadele \u00e7a\u011fr\u0131s\u0131 yap\u0131lmas\u0131na ra\u011fmen bu m\u00fccadelenin oy sand\u0131klar\u0131 d\u0131\u015f\u0131nda nerede ve nas\u0131l verilece\u011fine dair hi\u00e7bir strateji geli\u015ftirme ihtiyac\u0131 hissetmeyen, ba\u015f\u0131n\u0131 \u00e7eken \u00f6nderlerinin kameralar\u0131n bulunmad\u0131\u011f\u0131 hi\u00e7bir eylemde boy g\u00f6stermedi\u011fi BKP\/Yasemin ciddi \u00e7eli\u015fkilerle de mal\u00fcld\u00fcr. Bu \u00e7eli\u015fkiler tipik bir k\u00fc\u00e7\u00fck burjuva partisinin en do\u011fal \u00f6zellikleridir.<\/span><\/p>\n<p class=\"MsoNormal\" style=\"text-align: justify; text-indent: 18pt; line-height: 200%;\">\n<p class=\"MsoNormal\" style=\"text-align: justify; text-indent: 18pt; line-height: 200%;\"><span style=\"font-size: 11pt; line-height: 200%; font-family: 'Verdana','sans-serif';\">Biz devrimciler, genel olarak K\u0131br\u0131sl\u0131 T\u00fcrk solunun tipik zaafiyetlerini i\u00e7eren bu olgulara ra\u011fmen BKP\/Yasemin\u2019in oylar\u0131n\u0131n y\u00fcksek \u00e7\u0131kmas\u0131na sevindik. Sevindik \u00e7\u00fcnk\u00fc bizce ana mesele olan K\u0131br\u0131s halklar\u0131n\u0131n emperyalizme kar\u015f\u0131 s\u00f6z, yetki, karar, iktidar sava\u015f\u0131m\u0131nda ili\u015fki kurabilece\u011fimiz ciddi bir kitlenin varl\u0131\u011f\u0131 sevinilecek bir \u015feydir. \u00dcstelik BKP\u2019nin veya Afrika\u2019n\u0131n hatta YKP\u2019nin ba\u015f\u0131n\u0131 \u00e7eken kesimlerde yukarda sayd\u0131\u011f\u0131m\u0131z \u00e7arp\u0131kl\u0131klar\u0131n var olmas\u0131, bu kesimlerden etkilenen kitlelerin d\u00f6n\u00fc\u015ft\u00fcr\u00fclmeye a\u00e7\u0131k olmad\u0131\u011f\u0131 anlam\u0131na gelmez. Daha se\u00e7imden \u00f6nce de s\u00f6yledi\u011fimiz gibi <strong>bizim umudumuz Yasemin\u2019den yana bir umut de\u011fil, Yasemin\u2019e oy verecek kitlelerden yana bir umuttur<\/strong>. Romantik K\u0131br\u0131sl\u0131c\u0131l\u0131\u011f\u0131n t\u00fcm \u00e7arp\u0131kl\u0131klar\u0131, devrimci bir siyasetin pratik hayatta kar\u015f\u0131l\u0131k bulmas\u0131 oran\u0131nda halk\u0131n ba\u011fr\u0131ndan silinip s\u00fcp\u00fcr\u00fclecektir. Bizim yapmam\u0131z gereken me\u015fru, fiili, militan bir m\u00fccadeleyi halk\u0131n ger\u00e7ek sorunlar\u0131n\u0131n i\u00e7inden \u00f6rg\u00fctlemektir. <strong>Devrimci bir siyasetin yoklu\u011funda olu\u015fan k\u00fc\u00e7\u00fck burjuva \u00e7arp\u0131kl\u0131klara tak\u0131lman\u0131n, bunlar\u0131 mesele yaparak halktan so\u011fuman\u0131n bir anlam\u0131 yoktur<\/strong>.<\/span><\/p>\n<p class=\"MsoNormal\" style=\"text-align: justify; text-indent: 18pt; line-height: 200%;\">\n<p class=\"MsoNormal\" style=\"text-align: justify; text-indent: 18pt; line-height: 200%;\"><span style=\"font-size: 11pt; line-height: 200%; font-family: 'Verdana','sans-serif';\">Ayr\u0131ca bizler; halk\u0131n i\u00e7inde y\u00fcr\u00fctece\u011fimiz \u00e7al\u0131\u015fmalara sadece s\u00f6z\u00fcn\u00fc etti\u011fimiz %2,4\u2019l\u00fck kitlenin de\u011fil, YKP\u2019nin boykotuna katk\u0131 koyanlar ile UBP gelmesin diye CTP\u2019ye oy veren \u00e7ok daha b\u00fcy\u00fck bir insan kesiminin de onay verece\u011fini biliyoruz. A\u00e7\u0131k\u00e7as\u0131 <strong>devrimcilerin bir varl\u0131k dahi olmak konusunda hen\u00fcz yeni oldu\u011fu ko\u015fullarda halk\u0131n kendili\u011finden tepkisinin niteli\u011fini yarg\u0131lamak de\u011fil y\u00fcksekli\u011finden umutlanmak daha motive edicidir.<\/strong><\/span><\/p>\n<p class=\"MsoNormal\" style=\"text-align: justify; text-indent: 18pt; line-height: 200%;\">\n<p class=\"MsoNormal\" style=\"text-align: justify; text-indent: 18pt; line-height: 200%;\"><span style=\"font-size: 11pt; line-height: 200%; font-family: 'Verdana','sans-serif';\">\u00a0<\/span><\/p>\n<p class=\"MsoNormal\" style=\"text-align: justify; text-indent: 18pt; line-height: 200%;\"><strong><span style=\"font-size: 11pt; line-height: 200%; font-family: 'Verdana','sans-serif';\">Boykotun Ko\u015fullar\u0131<\/span><\/strong><\/p>\n<p class=\"MsoNormal\" style=\"text-align: justify; text-indent: 18pt; line-height: 200%;\">\n<p class=\"MsoNormal\" style=\"text-align: justify; text-indent: 18pt; line-height: 200%;\"><span style=\"font-size: 11pt; line-height: 200%; font-family: 'Verdana','sans-serif';\">Yeni K\u0131br\u0131s Partisi bir s\u00fcreden beridir s\u00fcrd\u00fcrd\u00fc\u011f\u00fc \u201cboykot\u201d tavr\u0131n\u0131 bu se\u00e7imlerde de yineledi. Se\u00e7im sonu\u00e7lar\u0131na bak\u0131ld\u0131\u011f\u0131 zaman se\u00e7ime kat\u0131l\u0131m oran\u0131n\u0131n ge\u00e7ti\u011fimiz se\u00e7imlere g\u00f6re artt\u0131\u011f\u0131 yani boykot \u00e7a\u011fr\u0131s\u0131n\u0131n bir \u00f6nceki y\u0131l kar\u015f\u0131l\u0131k buldu\u011fu kesimlerde bile yank\u0131 yapmad\u0131\u011f\u0131 g\u00f6r\u00fclebilir. <strong>Boykot bizce ba\u015far\u0131s\u0131z olmu\u015ftur.<\/strong> YKP a\u00e7\u0131s\u0131ndan (boykot i\u00e7in herhangi bir ba\u015far\u0131 kriteri veya hedef belirlenmedi\u011finden, e\u011fer belirlendiyse bile bu kriterler halka ilan edilmedi\u011finden) herhangi bir ba\u015far\u0131n\u0131n s\u00f6z konusu olup olmad\u0131\u011f\u0131n\u0131 bilemiyoruz. Ancak se\u00e7imlerden \u00f6nce ge\u00e7mi\u015f se\u00e7imlere kat\u0131l\u0131m oranlar\u0131n\u0131 listeleyerek yay\u0131nlayan parti profesyonelleri se\u00e7imlerden sonra bu listeyi son se\u00e7im rakamlar\u0131n\u0131 da ekleyerek yorumlamaktan \u00e7ekinmi\u015ftir! \u00dcstelik se\u00e7imlere kat\u0131lmama oran\u0131n\u0131n ne kadar olmas\u0131n\u0131 istediklerini ve bu orana eri\u015ftikleri takdirde bunun m\u00fccadele bak\u0131m\u0131ndan ne gibi bir faydas\u0131n\u0131n olaca\u011f\u0131n\u0131 da a\u00e7\u0131klamam\u0131\u015ft\u0131rlar. Ya da a\u00e7\u0131klad\u0131larsa bile ne halk ne de biz devrimciler bu a\u00e7\u0131klamay\u0131 anlamad\u0131k. \u00c7\u00fcnk\u00fc hem se\u00e7imlere kat\u0131l\u0131m oran\u0131 artt\u0131 hem de boykotun amac\u0131 bizim i\u00e7in hala anla\u015f\u0131l\u0131r de\u011fildir.<\/span><\/p>\n<p class=\"MsoNormal\" style=\"text-align: justify; text-indent: 18pt; line-height: 200%;\">\n<p class=\"MsoNormal\" style=\"text-align: justify; text-indent: 18pt; line-height: 200%;\"><span style=\"font-size: 11pt; line-height: 200%; font-family: 'Verdana','sans-serif';\">Boykotun gerek\u00e7elerine dair gerek YKP\u2019nin kitle toplant\u0131lar\u0131nda gerekse de sonraki s\u00fcre\u00e7te parti gazetesi Yeni\u00e7a\u011f\u2019da bir\u00e7ok \u015fey s\u00f6ylendi, yaz\u0131ld\u0131. Bilindi\u011fi gibi <strong>\u201cgerek\u00e7e\u201d<\/strong> ve <strong>\u201cama\u00e7\u201d<\/strong> ayni \u015fey de\u011fildir. Kald\u0131 ki ortaya gerek\u00e7e niyetine sunulan arg\u00fcmanlar da kanaatimizce <strong>ge\u00e7ersizdir<\/strong>. Ciddi bir duygusall\u0131kla ve heyecanl\u0131 bir tepkisellikle savunulan \u201cboykot\u201d ele\u015ftirilemez bir mertebeye yerle\u015ftirilirken, m\u00fctevazi \u00e7abalarla dergimizde y\u00fcr\u00fctmeye \u00e7al\u0131\u015ft\u0131\u011f\u0131m\u0131z tart\u0131\u015fma da \u201csald\u0131r\u0131\u201d kabul edilmi\u015ftir. B\u00f6ylesi bir yakla\u015f\u0131m \u201csald\u0131r\u0131\u201d ve \u201cele\u015ftiri\u201d aras\u0131nda fark g\u00f6rmeyen bir anlay\u0131\u015f\u0131n \u00fcr\u00fcn\u00fc olabilir ve sol i\u00e7i ili\u015fkilere ciddi zarar verir.<\/span><\/p>\n<p class=\"MsoNormal\" style=\"text-align: justify; text-indent: 18pt; line-height: 200%;\">\n<p class=\"MsoNormal\" style=\"text-align: justify; text-indent: 18pt; line-height: 200%;\"><span style=\"font-size: 11pt; line-height: 200%; font-family: 'Verdana','sans-serif';\">Oysa YKP medyan\u0131n kullan\u0131lamayaca\u011f\u0131n\u0131 iddia etmesine ra\u011fmen, BKP t\u00fcm ekranlarda boy g\u00f6stermi\u015ftir. YKP\u2019nin medyada \u201cparlamentoda koltuk sahibi partiler, koltuk sahibi olmayan partiler\u201d \u015feklinde bir ayr\u0131ma gidilece\u011fi ve CTP-UBP gibi partilerle tart\u0131\u015fma imkan\u0131 olmayaca\u011f\u0131 \u00f6ng\u00f6r\u00fcs\u00fc yanl\u0131\u015flanm\u0131\u015ft\u0131r. Gene boykota gerek\u00e7e olarak \u00f6ne s\u00fcr\u00fclen \u201cse\u00e7ime se\u00e7im demenin ko\u015fullar\u0131 yoktur\u201d \u00f6nermesinin \u201cAvrupa tipi bir burjuva demokrasisi\u201dne \u00f6yk\u00fcnme i\u00e7erdi\u011fi bizim gibi bir stratejik yeni-s\u00f6m\u00fcrgede b\u00f6yle kriterlerle hi\u00e7bir zaman se\u00e7ime girilemeyece\u011fi ortadad\u0131r. N\u00fcfus yap\u0131s\u0131na dair gerek\u00e7elerin se\u00e7ime girmeme gerek\u00e7esi olamayaca\u011f\u0131, bunun g\u00f6\u00e7men fobisinin bir ba\u015fka y\u00f6n\u00fc oldu\u011fu, \u00fcstelik n\u00fcfus yap\u0131s\u0131n\u0131 gerek\u00e7e yaparak se\u00e7ime girilmeyince ne gibi bir kazan\u0131m elde edilece\u011fi a\u00e7\u0131kta kalan sorulard\u0131r. YKP taraf\u0131ndan dile getirilen t\u00fcm anti-demokratik uygulamalar\u0131n hakl\u0131l\u0131\u011f\u0131 bir yana bu gerek\u00e7e ile se\u00e7ime kat\u0131lmamak; devrimci siyasetin sahip olmas\u0131 gereken <strong>\u201cdevrimciler en k\u00f6t\u00fc ko\u015fullarda bile se\u00e7imlere kat\u0131l\u0131rlar ve rejimin koku\u015fmu\u015flu\u011funu bu platformda da halka g\u00f6sterirler\u201d<\/strong> yakla\u015f\u0131m\u0131 ile \u00e7eli\u015fmektedir. Yeni-s\u00f6m\u00fcrge bir \u00fclkede i\u015fgal ko\u015fullar\u0131 alt\u0131nda demokrasi aray\u0131\u015f\u0131; devrimci kayg\u0131lardan \u00e7ok yasalc\u0131 kayg\u0131lar\u0131n ve bizim egemenler aras\u0131 bir payla\u015f\u0131m s\u00f6zle\u015fmesinden ibaret oldu\u011funu bildi\u011fimiz huku\u011fa tapman\u0131n simgesidir.<\/span><\/p>\n<p class=\"MsoNormal\" style=\"text-align: justify; text-indent: 18pt; line-height: 200%;\">\n<p class=\"MsoNormal\" style=\"text-align: justify; text-indent: 18pt; line-height: 200%;\"><span style=\"font-size: 11pt; line-height: 200%; font-family: 'Verdana','sans-serif';\">BKP\/Yasemin\u2019in varl\u0131\u011f\u0131 taraf\u0131ndan yarat\u0131lan \u00e7ekim, YKP\u2019li kitleleri de etkilerken; bir s\u00fcre sonra YKP y\u00f6netimi de\u011fil halk kesimlerini kendi kitlesini dahi boykot yapmaya ikna etmek i\u00e7in \u00e7aba harcamak zorunda kalm\u0131\u015ft\u0131r. Bu \u00e7aba gerek BKP\/Yasemin\u2019e gerekse de \u201coylar\u0131 y\u00fcksek \u00e7\u0131karsa seviniriz\u201d diyen Baraka\u2019ya y\u00f6nelik \u00f6fkeli bir ton kazanmakta da gecikmemi\u015ftir.<span>\u00a0 <\/span><\/span><\/p>\n<p class=\"MsoNormal\" style=\"text-align: justify; text-indent: 18pt; line-height: 200%;\"><span style=\"font-size: 11pt; line-height: 200%; font-family: 'Verdana','sans-serif';\">\u00a0<\/span><\/p>\n<p class=\"MsoNormal\" style=\"text-align: justify; text-indent: 18pt; line-height: 200%;\"><strong><span style=\"font-size: 11pt; line-height: 200%; font-family: 'Verdana','sans-serif';\">Sonu\u00e7:<\/span><\/strong><\/p>\n<p class=\"MsoNormal\" style=\"text-align: justify; text-indent: 18pt; line-height: 200%;\">\n<p class=\"MsoNormal\" style=\"text-align: justify; text-indent: 18pt; line-height: 200%;\"><span style=\"font-size: 11pt; line-height: 200%; font-family: 'Verdana','sans-serif';\">Sonu\u00e7 olarak, se\u00e7imler kurulu d\u00fczen a\u00e7\u0131s\u0131ndan i\u015flevini tam anlam\u0131 ile yerine getirmi\u015ftir. Y\u0131pranm\u0131\u015f CTP kenara al\u0131n\u0131rken zay\u0131f bir UBP h\u00fck\u00fcmet koltu\u011funa oturmu\u015ftur. Bir s\u00fcreden beridir pratik bir g\u00fc\u00e7 birli\u011fi i\u00e7erisinde olan sol parti, grup veya \u00e7evreler aras\u0131 ili\u015fkiler bizzat bu yap\u0131lar\u0131n kendi elleri ile dinamitlenmi\u015ftir. \u015e\u00f6venizm se\u00e7im \u00f6ncesi \u00f6ng\u00f6r\u00fclerimizi do\u011frulayan bir \u015fekilde y\u00fckselmektedir ve daha da y\u00fckselecektir.<\/span><\/p>\n<p class=\"MsoNormal\" style=\"text-align: justify; text-indent: 18pt; line-height: 200%;\">\n<p class=\"MsoNormal\" style=\"text-align: justify; text-indent: 18pt; line-height: 200%;\"><span style=\"font-size: 11pt; line-height: 200%; font-family: 'Verdana','sans-serif';\">Bu tablonun en \u00fcz\u00fcc\u00fc yan\u0131 solun devrimci eyleminin birli\u011fi noktas\u0131nda \u00f6rg\u00fctler aras\u0131 ili\u015fkilerin bir kez daha hasar g\u00f6rmesidir. Biz devrimciler g\u00fcnler, haftalar hatta aylar s\u00fcrecek tart\u0131\u015fmalarda olu\u015fturulacak m\u00fckemmel metinler \u00fczerinde uzla\u015fma \u00e7abas\u0131n\u0131n de\u011fil, pratik i\u015fler \u00fczerinde eylem birlikteli\u011finin ve samimiyetin G\u00dcVEN yarataca\u011f\u0131na inand\u0131k, inan\u0131yoruz. Bu sebeple de <strong>somut i\u015flerde s\u00f6z\u00fcm\u00fcz oran\u0131nda katk\u0131, katk\u0131m\u0131z oran\u0131nda s\u00f6z koymaya \u00e7al\u0131\u015f\u0131yoruz<\/strong>. \u00dcstelik bunu yaparken benimsesek de benimsemesek de muhattaplar\u0131m\u0131z\u0131n hassasiyetlerine sayg\u0131 duyarken, kendi fikir ve d\u00fc\u015f\u00fcncelerimizi ifade etme hakk\u0131m\u0131z\u0131n engellenmesine de asla izin vermiyoruz. Fikir ve d\u00fc\u015f\u00fcncelerin ifadesi noktas\u0131 samimiyet i\u00e7in vazge\u00e7ilemez bir \u00f6nko\u015fuldur. Bunun i\u00e7in \u201ckim daha solcu\u201d sa\u00e7mal\u0131\u011f\u0131n\u0131n gazete ve dergilerde silah gibi kullan\u0131lmas\u0131n\u0131 de\u011fil, zaten y\u00fcz y\u00fcze ifade edilmi\u015f olan ayr\u0131m noktalar\u0131n\u0131n ele\u015ftirel bir dille yaz\u0131ya aktar\u0131lmas\u0131n\u0131 y\u00f6ntem kabul ediyoruz. Se\u00e7imler s\u0131ras\u0131nda da yapt\u0131\u011f\u0131m\u0131z bundan ibarettir. Oysa t\u00fcm samimiyetimizle muhattablar\u0131m\u0131z\u0131n y\u00fcz\u00fcne s\u00f6yledi\u011fimiz \u015feylerin \u201csald\u0131r\u0131\u201d oldu\u011funun iddia edilmesi, ciddi bir samimiyetsizlik g\u00f6stergesidir. Di\u011fer yandan sol i\u00e7i tart\u0131\u015fmalara de\u011fer katan \u015feyin bu tart\u0131\u015fmalar\u0131n birlikte i\u015f yapm\u0131\u015f, birbirinin prati\u011fini bilen yap\u0131lar\u0131n kar\u015f\u0131l\u0131kl\u0131 de\u011ferlendirmeleri oldu\u011funu d\u00fc\u015f\u00fcn\u00fcyoruz. Oysa baz\u0131 \u00e7evrelerin tart\u0131\u015fmalara ilgisiz \u00fc\u00e7\u00fcnc\u00fc \u015fah\u0131slar\u0131 katarak fayda sa\u011flama \u00e7abalar\u0131 da ili\u015fkileri olumsuz etkilemi\u015ftir.<\/span><\/p>\n<p class=\"MsoNormal\" style=\"text-align: justify; text-indent: 18pt; line-height: 200%;\">\n<p class=\"MsoNormal\" style=\"text-align: justify; text-indent: 18pt; line-height: 200%;\"><span style=\"font-size: 11pt; line-height: 200%; font-family: 'Verdana','sans-serif';\">Baraka\u2019c\u0131 devrimciler se\u00e7imlere dayal\u0131 bir iktidar stratejisine sahip de\u011fildir. K\u0131br\u0131sl\u0131 T\u00fcrklerin ve K\u0131br\u0131sl\u0131 Elenlerin anti-emperyalist eyemlerinin birli\u011fini, ba\u011f\u0131ms\u0131zl\u0131k ve yeniden karde\u015fle\u015fmenin \u00f6nko\u015fulu olarak g\u00f6r\u00fcrler. K\u0131br\u0131s\u2019\u0131n ba\u011f\u0131ms\u0131zl\u0131\u011f\u0131 ve halklar\u0131n\u0131n karde\u015fli\u011fi i\u00e7in y\u00fcr\u00fct\u00fclmesi gereken m\u00fccadelede K\u0131br\u0131sl\u0131 T\u00fcrklerin devrimci eyleminin birli\u011finin sa\u011flanmas\u0131 ise hayati \u00f6nemdedir. Ancak bu, s\u00fcrekli yinelenen \u00e7a\u011fr\u0131larla de\u011fil, teker teker \u00f6rg\u00fctlerin devrimci bir eylemlili\u011fi kendilerinden ba\u015flatarak in\u015fa edilmesi ile m\u00fcmk\u00fcnd\u00fcr. Mevcut ko\u015fullar alt\u0131nda ortak i\u015fler noktas\u0131nda \u015fantaj yaparcas\u0131na tekrarlanan \u201cittifaklar politikas\u0131n\u0131n g\u00f6zden ge\u00e7irilmesini\u201d bekleyecek veya b\u00f6yle bir \u015fantaj yap\u0131ld\u0131 diye ittifak yapmaktan geri duracak de\u011filiz. Ancak tav\u0131r k\u0131l\u0131\u011f\u0131 alt\u0131ndaki her tav\u0131rs\u0131zl\u0131\u011f\u0131 da sorgulamaya devam ederken, \u00f6ncelikle kendimizi \u00f6n\u00fcm\u00fczdeki i\u015fe verece\u011fiz.<\/span><\/p>\n<p class=\"MsoNormal\" style=\"text-align: justify; text-indent: 18pt; line-height: 200%;\">\n<p class=\"MsoNormal\" style=\"text-align: justify; text-indent: 18pt; line-height: 200%;\"><span style=\"font-size: 11pt; line-height: 200%; font-family: 'Verdana','sans-serif';\">\u00d6n\u00fcm\u00fczdeki i\u015f; sol muhattaplar\u0131m\u0131zla dala\u015fmak de\u011fil neo-liberalizme, fa\u015fizme ve emperyalizme kar\u015f\u0131 halk\u0131n tepkisini a\u00e7\u0131\u011fa \u00e7\u0131karmak, \u00f6rg\u00fctlemektir.<\/span><\/p>\n<p class=\"MsoNormal\" style=\"margin: 0cm 0cm 0pt; text-indent: 18pt; line-height: 150%; text-align: justify;\"><span style=\"font-size: 11pt; line-height: 150%; font-family: Verdana;\">\u00a0\u00a0\u00a0\u00a0\u00a0\u00a0\u00a0\u00a0\u00a0\u00a0\u00a0\u00a0\u00a0\u00a0\u00a0\u00a0\u00a0\u00a0\u00a0\u00a0\u00a0\u00a0\u00a0\u00a0\u00a0\u00a0\u00a0 <\/span><\/p>\n<p><span style=\"font-size: 11pt; line-height: 150%; font-family: Verdana;\">\u00a0\u00a0\u00a0\u00a0\u00a0\u00a0\u00a0\u00a0\u00a0\u00a0\u00a0\u00a0\u00a0\u00a0\u00a0\u00a0\u00a0\u00a0\u00a0\u00a0\u00a0\u00a0\u00a0\u00a0\u00a0\u00a0\u00a0\u00a0\u00a0 <\/span><\/p>\n","protected":false},"excerpt":{"rendered":"<p>Se\u00e7im Sonu\u00e7lar\u0131 \u00dczerine Bir De\u011ferlendirme \u00a0 \u00a0\u00a0 \u00a0\u00a0\u00a0 \u00a0\u00a0\u00a0 \u00a0\u00a0 M\u00fcn\u00fcr Rahvanc\u0131o\u011flu Baraka Aktivisti \u00a0 19 Nisan erken genel se\u00e7imleri, hem propaganda d\u00f6nemi boyunca ya\u015fananlar<\/p>\n","protected":false},"author":1,"featured_media":0,"comment_status":"open","ping_status":"open","sticky":false,"template":"","format":"standard","meta":{"jetpack_post_was_ever_published":false,"_jetpack_newsletter_access":"","_jetpack_newsletter_tier_id":0,"jetpack_publicize_message":"","jetpack_is_tweetstorm":false,"jetpack_publicize_feature_enabled":true,"jetpack_social_post_already_shared":false,"jetpack_social_options":{"image_generator_settings":{"template":"highway","enabled":false}}},"categories":[42],"tags":[],"jetpack_publicize_connections":[],"jetpack_featured_media_url":"","jetpack_shortlink":"https:\/\/wp.me\/p4eHWX-sn","jetpack_sharing_enabled":true,"_links":{"self":[{"href":"https:\/\/baraka.cc\/index.php?rest_route=\/wp\/v2\/posts\/1759"}],"collection":[{"href":"https:\/\/baraka.cc\/index.php?rest_route=\/wp\/v2\/posts"}],"about":[{"href":"https:\/\/baraka.cc\/index.php?rest_route=\/wp\/v2\/types\/post"}],"author":[{"embeddable":true,"href":"https:\/\/baraka.cc\/index.php?rest_route=\/wp\/v2\/users\/1"}],"replies":[{"embeddable":true,"href":"https:\/\/baraka.cc\/index.php?rest_route=%2Fwp%2Fv2%2Fcomments&post=1759"}],"version-history":[{"count":1,"href":"https:\/\/baraka.cc\/index.php?rest_route=\/wp\/v2\/posts\/1759\/revisions"}],"predecessor-version":[{"id":1760,"href":"https:\/\/baraka.cc\/index.php?rest_route=\/wp\/v2\/posts\/1759\/revisions\/1760"}],"wp:attachment":[{"href":"https:\/\/baraka.cc\/index.php?rest_route=%2Fwp%2Fv2%2Fmedia&parent=1759"}],"wp:term":[{"taxonomy":"category","embeddable":true,"href":"https:\/\/baraka.cc\/index.php?rest_route=%2Fwp%2Fv2%2Fcategories&post=1759"},{"taxonomy":"post_tag","embeddable":true,"href":"https:\/\/baraka.cc\/index.php?rest_route=%2Fwp%2Fv2%2Ftags&post=1759"}],"curies":[{"name":"wp","href":"https:\/\/api.w.org\/{rel}","templated":true}]}}