{"id":1778,"date":"2007-02-03T08:19:39","date_gmt":"2007-02-03T06:19:39","guid":{"rendered":"https:\/\/baraka.cc\/?p=1778"},"modified":"2014-01-08T08:22:08","modified_gmt":"2014-01-08T06:22:08","slug":"sence-byz-seny-neden-secmelyyyz","status":"publish","type":"post","link":"https:\/\/baraka.cc\/?p=1778","title":{"rendered":"\u201cSENCE BYZ SENY NEDEN SE\u00c7MELYYYZ?\u201d"},"content":{"rendered":"<p class=\"MsoNormal\" style=\"margin: 0cm 0cm 0pt; line-height: 150%;\">\n<p><span style=\"font-size: 10pt; line-height: 150%; font-family: Verdana;\">\u00a0\u00a0\u00a0\u00a0 <\/span><span style=\"font-size: 10pt; line-height: 150%; font-family: Verdana;\">\u00a0<\/span><\/p>\n<p class=\"MsoNormal\" style=\"margin: 0cm 0cm 0pt; line-height: 150%;\"><span style=\"font-size: 10pt; line-height: 150%; font-family: Verdana;\">\u201cBiri sizi g\u00f6zetliyor\u201d tarzy yary?malar sanyrym b\u00fct\u00fcn d\u00fcnyanyn farkly yerlerinde farkly zaman \u00a0aralyklarynda ger\u00e7ekle?iyor. Ne yazyk ki bu yary?ma programy bizim \u00fclkemizde de ger\u00e7ekle?tirilmeye \u00e7aly?ylyyor. Ben 19 ya?ynda bir gen\u00e7 olarak bu yary?manyn insanlyk i\u00e7in gereksiz bir yary?ma oldu?unu d\u00fc?\u00fcn\u00fcyorum. G\u00fcn, 24 saat insanlaryn bir odada kapaly kalmasy ve kameralarla ya?amlarynyn denetim altyna alynmasy , onlaryn hayatyn i\u00e7inden tecrit edilmesidir. Bizim gibi normal insanlary birileri neden \u00fcnl\u00fc yapmaya \u00e7aly?syn ki? Farzy mahal ben \u00fcnl\u00fc oldum. \u00dcn\u00fcm ka\u00e7 g\u00fcn devam edecek? Farzy mahal ben \u00fcnl\u00fc oldum. \u00dcn\u00fcm, reklamyny yapty?ym markanyn satylmasy kadar olmayacak my? Siz beni markalara pazarlamaya \u00e7aly?yrken, benim \u00fcn\u00fcm sizin \u00fcn\u00fcn\u00fcz olmayacak my? Birileri beni \u00fcnl\u00fc yapmaya \u00e7aly?yyor, ve o birileri bana siyaset konu?maktan usandy?ymyzy ve artyk e?lenme zamanymyzyn geldi?ini s\u00f6yl\u00fcyor. Ben 19 ya?yndayym. Nenem, annem, ben ve belki de benim \u00e7ocu?umun i\u00e7inde olaca?y ka\u00e7 ku?aktyr \u00e7\u00f6z\u00fclemeyen\u00a0 Kybrys Sorunundan, uzakla?mamy istemek sanyrym bana yapylan en b\u00fcy\u00fck haksyzlyktyr, ki siyaset, sadece Kybrys Sorunundan ibaret de?il ki! Birileri benim ya?amym hakkynda karar alyrken ve o birilerinin aldy?y kararlar benim hayatymy de?i?titirken, neden ben bu kararlary bu de?i?ikleri tarty?arak sykylayym ki? Siyaset, okul paramyn ne kadar olaca?yysa, okulu bitirince i? bulup bulamayaca?ymsa, annemin bana ne kadar har\u00e7lyk verip veremeyece?iyse yani insan hakkynda olan ne varsa siyaset oysa, b\u00fct\u00fcn bunlardan ben neden uzakla?ayym ki? Acaba siz benim kendi ya?amyma yabancyla?mamy my istiyorsunuz? Evet 112 \u00fclkede televizyon aracyly?yyla beni milyonlarca insan izleyecek. Ama ben daha o 112 \u00fclkenin bir tanesine bile gidemiyorken bu ne kadar anlamly olabilir ki? Ben 19 ya?yndayym. Bu tarz yary?malar sayesinde ne yazyk ki, ne annemle ne babamla eskisi gibi oturup konu?amyyoruz. Kom?ularyma, arkada?laryma gidiyorum ama gitmemle ayrylmam bir oluyor. Herkes televizyon izliyor herkese birileri televizyon izlettiriyor. Kimse kimseyi \u00f6nemsemiyor ve her ge\u00e7en g\u00fcn insanlar birbirlerinden uzakla?yyorlar. Y\u00e7inde bulundu?umuz toplum uyu?turulmak isteniyor. Y\u00e7inde bulundu?umuz toplum zombile?tirilerek kontrol edilmek isteniyor. Y?te b\u00fct\u00fcn bu nedenlerden dolayy siz beni bu yary?maya se\u00e7melisiniz. \u00c7\u00fcnk\u00fc yaratmaya \u00e7aly?ty?ynyz kurgu, benim ger\u00e7ekli?im olmayacaktyr.<\/span><\/p>\n<p><span style=\"font-size: 10pt; line-height: 150%; font-family: Verdana;\">\u00a0\u00a0\u00a0 \u00a0\u00a0\u00a0<\/span><span style=\"font-size: 10pt; line-height: 150%; font-family: Verdana;\">\u00a0<\/span><span style=\"font-size: 10pt; line-height: 150%; font-family: Verdana;\">\u00a0<\/span><\/p>\n<p class=\"MsoNormal\" style=\"margin: 0cm 0cm 0pt; line-height: 150%;\"><span style=\"font-size: 10pt; line-height: 150%; font-family: Verdana;\">BARAKA K\u00dcLT\u00dcR MERKEZY<\/span><\/p>\n<p><span style=\"font-size: 10pt; line-height: 150%; font-family: Verdana;\">\u00a0\u00a0\u00a0 <\/span><span style=\"font-size: 10pt; line-height: 150%; font-family: Verdana;\">Halil Karapasao?lu<\/span><span style=\"font-size: 10pt; line-height: 150%; font-family: Verdana;\">\u00a0<\/span><\/p>\n","protected":false},"excerpt":{"rendered":"<p>\u00a0\u00a0\u00a0\u00a0 \u00a0 \u201cBiri sizi g\u00f6zetliyor\u201d tarzy yary?malar sanyrym b\u00fct\u00fcn d\u00fcnyanyn farkly yerlerinde farkly zaman \u00a0aralyklarynda ger\u00e7ekle?iyor. Ne yazyk ki bu yary?ma programy bizim \u00fclkemizde de<\/p>\n","protected":false},"author":1,"featured_media":0,"comment_status":"open","ping_status":"open","sticky":false,"template":"","format":"standard","meta":{"jetpack_post_was_ever_published":false,"_jetpack_newsletter_access":"","_jetpack_newsletter_tier_id":0,"jetpack_publicize_message":"","jetpack_is_tweetstorm":false,"jetpack_publicize_feature_enabled":true,"jetpack_social_post_already_shared":false,"jetpack_social_options":{"image_generator_settings":{"template":"highway","enabled":false}}},"categories":[41],"tags":[],"jetpack_publicize_connections":[],"jetpack_featured_media_url":"","jetpack_shortlink":"https:\/\/wp.me\/p4eHWX-sG","jetpack_sharing_enabled":true,"_links":{"self":[{"href":"https:\/\/baraka.cc\/index.php?rest_route=\/wp\/v2\/posts\/1778"}],"collection":[{"href":"https:\/\/baraka.cc\/index.php?rest_route=\/wp\/v2\/posts"}],"about":[{"href":"https:\/\/baraka.cc\/index.php?rest_route=\/wp\/v2\/types\/post"}],"author":[{"embeddable":true,"href":"https:\/\/baraka.cc\/index.php?rest_route=\/wp\/v2\/users\/1"}],"replies":[{"embeddable":true,"href":"https:\/\/baraka.cc\/index.php?rest_route=%2Fwp%2Fv2%2Fcomments&post=1778"}],"version-history":[{"count":1,"href":"https:\/\/baraka.cc\/index.php?rest_route=\/wp\/v2\/posts\/1778\/revisions"}],"predecessor-version":[{"id":1779,"href":"https:\/\/baraka.cc\/index.php?rest_route=\/wp\/v2\/posts\/1778\/revisions\/1779"}],"wp:attachment":[{"href":"https:\/\/baraka.cc\/index.php?rest_route=%2Fwp%2Fv2%2Fmedia&parent=1778"}],"wp:term":[{"taxonomy":"category","embeddable":true,"href":"https:\/\/baraka.cc\/index.php?rest_route=%2Fwp%2Fv2%2Fcategories&post=1778"},{"taxonomy":"post_tag","embeddable":true,"href":"https:\/\/baraka.cc\/index.php?rest_route=%2Fwp%2Fv2%2Ftags&post=1778"}],"curies":[{"name":"wp","href":"https:\/\/api.w.org\/{rel}","templated":true}]}}