{"id":1780,"date":"2007-01-07T08:22:26","date_gmt":"2007-01-07T06:22:26","guid":{"rendered":"https:\/\/baraka.cc\/?p=1780"},"modified":"2014-01-08T08:22:49","modified_gmt":"2014-01-08T06:22:49","slug":"gusbo-ve-gavrolarymyz-hazyr-kopruyu-biz-sokeriz","status":"publish","type":"post","link":"https:\/\/baraka.cc\/?p=1780","title":{"rendered":"Gusbo ve Gavrolarymyz Hazyr, K\u00f6pr\u00fcy\u00fc Biz S\u00f6keriz!"},"content":{"rendered":"<p class=\"MsoNormal\" style=\"margin: 0cm 0cm 0pt; line-height: 150%; text-align: center;\" align=\"center\">\n<p><strong><span style=\"font-size: 10pt; line-height: 150%; font-family: Verdana;\">\u00a0\u00a0\u00a0\u00a0 <\/span><\/strong><span style=\"font-size: 10pt; line-height: 150%; font-family: Verdana;\">\u00a0<\/span><\/p>\n<p class=\"MsoNormal\" style=\"margin: 0cm 0cm 0pt; line-height: 150%; text-align: justify;\"><span style=\"font-size: 10pt; line-height: 150%; font-family: Verdana;\">Lokmacy\u2019daki k\u00f6pr\u00fcn\u00fcn kaldyrylmasy y\u00f6n\u00fcnde Sayyn Mehmet Ali Talat\u2019yn verdi?i karary destekliyoruz. Daha in?aat a?amasyndan Kybrys T\u00fcrk ve Kybrys Elen halklary arasynda gereksiz bir gerilim yaratan, Uzun Yol\u2019a kapy a\u00e7ylmasy konusunu milliyet\u00e7i \u00e7evrelerin yary? alany haline \u00e7eviren k\u00f6pr\u00fc; zaten hi\u00e7 in?a edilmemeliydi. Bu bakymdan verilen karary yanly?tan bir geri d\u00f6n\u00fc? olarak kabul ediyor ve onaylyyoruz.<\/span><\/p>\n<p><span style=\"font-size: 10pt; line-height: 150%; font-family: Verdana;\">\u00a0\u00a0\u00a0 <\/span><\/p>\n<p class=\"MsoNormal\" style=\"margin: 0cm 0cm 0pt; line-height: 150%; text-align: justify;\"><span style=\"font-size: 10pt; line-height: 150%; font-family: Verdana;\">K\u00f6pr\u00fcn\u00fcn in?aasy syrasynda Uzun Yol\u2019a kapy a\u00e7ylmasyna kar?y olduklaryny a\u00e7yk\u00e7a ifade eden \u00e7evrelerin, ?imdi \u201ck\u00f6pr\u00fc kaldyrylmasyn\u201d diyerek pozisyon almalaryny tepkisel siyasetlerine, mantyksyz, ?\u00f6venist duru?laryna ba?lyyoruz.<\/span><\/p>\n<p><span style=\"font-size: 10pt; line-height: 150%; font-family: Verdana;\">\u00a0\u00a0\u00a0 \u00a0<\/span><\/p>\n<p class=\"MsoNormal\" style=\"margin: 0cm 0cm 0pt; line-height: 150%; text-align: justify;\"><span style=\"font-size: 10pt; line-height: 150%; font-family: Verdana;\">Lokmacy\u2019daki k\u00f6pr\u00fc, iki halkyn yakynla?masyna hizmet etmemi?tir. Aksine Lokmacy\u2019daki k\u00f6pr\u00fc iki y\u00f6netici siyasi \u00e7evrenin gereksiz geriliminin, gereksiz yere halklara yansymasyna, ?\u00f6venizmin y\u00fckseli?ine hizmet etmi?tir. ?\u00f6venist \u00e7evrelerin ?imdi k\u00f6pr\u00fcye can kurtaran gibi sarylmasynyn nedeni de; halklar arasy yakynla?madan de?il ayrylyk\u00e7ylyktan ve d\u00fc?manlyktan medet ummalarydyr.<\/span><\/p>\n<p><span style=\"font-size: 10pt; line-height: 150%; font-family: Verdana;\">\u00a0\u00a0\u00a0 <\/span><\/p>\n<p class=\"MsoNormal\" style=\"margin: 0cm 0cm 0pt; line-height: 150%; text-align: justify;\"><span style=\"font-size: 10pt; line-height: 150%; font-family: Verdana;\">Ancak, k\u00f6pr\u00fcn\u00fcn s\u00f6k\u00fcm i?lemlerini yapacak olan ekiplerin askeri \u00e7evreler tarafyndan tutuklanmak tehtidiyle kar?y kar?yya kalmalary, Cumhurba?kany\u2019nyn verdi?i bir talimatyn ordu tarafyndan ge\u00e7ersizle?tirilmeye \u00e7aly?ylmasy kabul edilebilir de?ildir. Herkes Kybrys T\u00fcrk Halky\u2019nyn iradesine, kararlaryna, uygulamalaryna ve yakla?ymyna saygyly olmalydyr. Bu \u00e7er\u00e7evede e?er ortada bir tutuklanma riski varsa, Baraka Aktivistleri olarak biz k\u00f6pr\u00fcn\u00fcn s\u00f6k\u00fcm\u00fcnde g\u00f6n\u00fcll\u00fc olarak \u00e7aly?abilece?imizi ilgili \u00e7evrelere bildirmekten memnuniyet duyaryz. K\u00f6pr\u00fcn\u00fcn kaldyrylmasy kararyny veren Sayyn Cumhurba?kany\u2019na \u00e7a?rymyz; hi\u00e7bir emek\u00e7inin bu ko?ullarda riske edilmemesi ve gerek kendisi, gerek biz, gerekse de bu olumlu karary destekleyen t\u00fcm ilerici \u00e7evrelerin gusbo ve gavrolarymyzy alyp i?e bir an \u00f6nce ba?lamamyzdyr.<\/span><\/p>\n<p><span style=\"font-size: 10pt; line-height: 150%; font-family: Verdana;\">\u00a0\u00a0\u00a0 \u00a0<\/span><\/p>\n<p class=\"MsoNormal\" style=\"margin: 0cm 0cm 0pt; line-height: 150%; text-align: justify;\"><span style=\"font-size: 10pt; line-height: 150%; font-family: Verdana;\">\u00dclkemizde daha s\u00f6k\u00fcl\u00fcp atylacak \u00e7ok ayrylyk sembol\u00fc, \u00e7ok ?\u00f6venist zihniyet vardyr. Ylk gusbo darbesini Lokmacy\u2019daki k\u00f6pr\u00fcye vurmak bir ?enlik olacaktyr.<\/span><\/p>\n<p><span style=\"font-size: 10pt; line-height: 150%; font-family: Verdana;\">\u00a0\u00a0\u00a0 <\/span><span style=\"font-size: 10pt; line-height: 150%; font-family: Verdana;\">\u00a0<\/span><span style=\"font-size: 10pt; line-height: 150%; font-family: Verdana;\">\u00a0<\/span><\/p>\n<p class=\"MsoNormal\" style=\"margin: 0cm 0cm 0pt; line-height: 150%; text-align: right;\" align=\"right\"><strong><span style=\"font-size: 10pt; line-height: 150%; font-family: Verdana;\">Baraka K\u00fclt\u00fcr Merkezi (a)<\/span><\/strong><\/p>\n<p><strong><span style=\"font-size: 10pt; line-height: 150%; font-family: Verdana;\">\u00a0\u00a0\u00a0\u00a0\u00a0\u00a0\u00a0\u00a0\u00a0\u00a0\u00a0\u00a0\u00a0\u00a0\u00a0\u00a0\u00a0\u00a0\u00a0\u00a0\u00a0\u00a0\u00a0\u00a0\u00a0\u00a0\u00a0\u00a0\u00a0\u00a0\u00a0\u00a0\u00a0\u00a0\u00a0\u00a0\u00a0\u00a0\u00a0\u00a0\u00a0\u00a0\u00a0\u00a0\u00a0\u00a0\u00a0\u00a0\u00a0\u00a0\u00a0\u00a0\u00a0\u00a0\u00a0\u00a0\u00a0\u00a0\u00a0\u00a0\u00a0\u00a0\u00a0\u00a0\u00a0\u00a0\u00a0\u00a0\u00a0\u00a0\u00a0\u00a0\u00a0\u00a0\u00a0\u00a0\u00a0\u00a0\u00a0\u00a0\u00a0\u00a0\u00a0\u00a0\u00a0\u00a0\u00a0\u00a0\u00a0\u00a0\u00a0\u00a0\u00a0\u00a0\u00a0\u00a0\u00a0\u00a0\u00a0<\/span><\/strong><strong><span style=\"font-size: 10pt; line-height: 150%; font-family: Verdana;\">M\u00fcn\u00fcr Rahvancyo?lu<\/span><\/strong><\/p>\n","protected":false},"excerpt":{"rendered":"<p>\u00a0\u00a0\u00a0\u00a0 \u00a0 Lokmacy\u2019daki k\u00f6pr\u00fcn\u00fcn kaldyrylmasy y\u00f6n\u00fcnde Sayyn Mehmet Ali Talat\u2019yn verdi?i karary destekliyoruz. Daha in?aat a?amasyndan Kybrys T\u00fcrk ve Kybrys Elen halklary arasynda gereksiz bir<\/p>\n","protected":false},"author":1,"featured_media":0,"comment_status":"open","ping_status":"open","sticky":false,"template":"","format":"standard","meta":{"jetpack_post_was_ever_published":false,"_jetpack_newsletter_access":"","_jetpack_newsletter_tier_id":0,"jetpack_publicize_message":"","jetpack_is_tweetstorm":false,"jetpack_publicize_feature_enabled":true,"jetpack_social_post_already_shared":false,"jetpack_social_options":{"image_generator_settings":{"template":"highway","enabled":false}}},"categories":[41],"tags":[],"jetpack_publicize_connections":[],"jetpack_featured_media_url":"","jetpack_shortlink":"https:\/\/wp.me\/p4eHWX-sI","jetpack_sharing_enabled":true,"_links":{"self":[{"href":"https:\/\/baraka.cc\/index.php?rest_route=\/wp\/v2\/posts\/1780"}],"collection":[{"href":"https:\/\/baraka.cc\/index.php?rest_route=\/wp\/v2\/posts"}],"about":[{"href":"https:\/\/baraka.cc\/index.php?rest_route=\/wp\/v2\/types\/post"}],"author":[{"embeddable":true,"href":"https:\/\/baraka.cc\/index.php?rest_route=\/wp\/v2\/users\/1"}],"replies":[{"embeddable":true,"href":"https:\/\/baraka.cc\/index.php?rest_route=%2Fwp%2Fv2%2Fcomments&post=1780"}],"version-history":[{"count":0,"href":"https:\/\/baraka.cc\/index.php?rest_route=\/wp\/v2\/posts\/1780\/revisions"}],"wp:attachment":[{"href":"https:\/\/baraka.cc\/index.php?rest_route=%2Fwp%2Fv2%2Fmedia&parent=1780"}],"wp:term":[{"taxonomy":"category","embeddable":true,"href":"https:\/\/baraka.cc\/index.php?rest_route=%2Fwp%2Fv2%2Fcategories&post=1780"},{"taxonomy":"post_tag","embeddable":true,"href":"https:\/\/baraka.cc\/index.php?rest_route=%2Fwp%2Fv2%2Ftags&post=1780"}],"curies":[{"name":"wp","href":"https:\/\/api.w.org\/{rel}","templated":true}]}}