{"id":1785,"date":"2007-08-20T08:24:45","date_gmt":"2007-08-20T06:24:45","guid":{"rendered":"https:\/\/baraka.cc\/?p=1785"},"modified":"2014-01-08T08:26:11","modified_gmt":"2014-01-08T06:26:11","slug":"baraka-1-eylule-bary-platformu-yle-birlikte-katylacak","status":"publish","type":"post","link":"https:\/\/baraka.cc\/?p=1785","title":{"rendered":"Baraka 1 Eyl\u00fcl\u2019e Bary? Platformu Yle Birlikte Katylacak"},"content":{"rendered":"<p class=\"MsoNormal\" style=\"margin: 0cm 0cm 0pt; line-height: 150%; text-align: center;\" align=\"center\">\n<p><strong><span style=\"font-size: 11pt; line-height: 150%; font-family: Verdana;\">\u00a0\u00a0\u00a0 <\/span><\/strong><\/p>\n<p style=\"margin: 0cm 0cm 0pt; text-indent: 20.15pt; line-height: 150%; text-align: justify;\"><span style=\"font-size: 11pt; line-height: 150%; font-family: Verdana;\">1 Eyl\u00fcl D\u00fcnya Bary? G\u00fcn\u00fc yyllardan beridir \u00fclkemizde gelenekselle?mi? y\u00fcr\u00fcy\u00fc? ve eylemlerle kutlanmaktadyr. \u00dclkemizdeki \u00e7\u00f6z\u00fcms\u00fczl\u00fc?\u00fcn protesto edilmesi ve bary? isteyen halkymyzyn talepleri her yyl 1 Eyl\u00fcl\u2019de soka?a \u00e7ykan \u00f6rg\u00fctlerin eylemleri ile dile getirilir. Ancak ne yazyk ki, bu gelenek CTP\u2019nin h\u00fck\u00fcmet koltuklaryna oturmasy ile birlikte bozulmak istenmi?tir. 2005 yylyndan ba?layan \u201c1 Eyl\u00fcl\u2019de y\u00fcr\u00fcy\u00fc? yapylmamasy\u201d tavryny Baraka K\u00fclt\u00fcr Merkezi daha o yyldan kabul etmeyerek geleneksel Geleneksel 1 Eyl\u00fcl Y\u00fcr\u00fcy\u00fc?\u00fc\u2019n\u00fc yalnyz ba?yna da olsa ger\u00e7ekle?tirmi?tir. 2006 yylynda da ayny tavrymyzy s\u00fcrd\u00fcr\u00fcrken YKP Gen\u00e7lik de bizimle birlikte hareket etmi?tir. Geleneksel 1 Eyl\u00fcl Bary? Y\u00fcr\u00fcy\u00fc?\u00fc\u2019n\u00fc devam ettirme tavry 2007 yylynda da b\u00fcy\u00fcmeye devam etmi?tir. 2007 yylynda BKP Gen\u00e7lik Kollary, TDP Gen\u00e7lik \u00d6rg\u00fct\u00fc, YKP Gen\u00e7lik, Baraka K\u00fclt\u00fcr Merkezi, Dance For Peace, Kybrysly Gen\u00e7lik Platformu, KT\u00d6S, KTOE\u00d6S, DA\u00dc-Sen ve DA\u00dc BYR-Sen\u2019in katylymyyla 1 Eyl\u00fcl\u2019e yara?yr bir y\u00fcr\u00fcy\u00fc? ger\u00e7ekle?tirilmi?tir. <\/span><\/p>\n<p><span style=\"font-size: 11pt; line-height: 150%; font-family: Verdana;\">\u00a0\u00a0\u00a0 <\/span><\/p>\n<p style=\"margin: 0cm 0cm 0pt; text-indent: 20.15pt; line-height: 150%; text-align: justify;\"><span style=\"font-size: 11pt; line-height: 150%; font-family: Verdana;\">CTP; bilinen ve son iki yyldyr 1 Mayys\u2019larda da sergilenen hegomonyacy tavry ile SADECE kendi \u00f6nderli?indeki olu?umlara hayat hakky tanymak istemekte, kendi \u00f6nderli?ini kabul etmeyen her t\u00fcrl\u00fc oda?y ise b\u00f6lmek, sindirmek veya yok etmek istemektedir. Bu ama\u00e7la da her alany kontrol altynda tutmak \u00fczere besleme \u00f6rg\u00fctler yaratylmakta, bu \u00f6rg\u00fctler vasytasyyla da halkymyzyn iradesi manip\u00fcle edilmeye \u00e7aly?ylmaktadyr. 2007 yylynda Geleneksel 1 Eyl\u00fcl Y\u00fcr\u00fcy\u00fc?\u00fc\u2019ne katylan Kybrysly Elenleri, polis m\u00fcdahalesi ile alykoymaya \u00e7aly?my?lar ancak kararly tavrymyz sonucunda geri adym atmak durumunda kalmy?lardyr. Ayny g\u00fcnlerde yyllardan beridir faaliyet y\u00fcr\u00fctmeyen Bary? Derne?i isimli CTP g\u00fcd\u00fcml\u00fc \u00f6rg\u00fct canlandyrylarak bir y\u00fcr\u00fcy\u00fc? yapylmaya \u00e7aly?ylmy? ancak bu y\u00fcr\u00fcy\u00fc? CTP\u2019li m\u00fcd\u00fcr-m\u00fcste?ar takymynyn 30-40 ki?ilik bir fiyaskosu olmanyn \u00f6tesine ge\u00e7ememi?tir.<\/span><\/p>\n<p><span style=\"font-size: 11pt; line-height: 150%; font-family: Verdana;\">\u00a0\u00a0\u00a0\u00a0 \u00a0<\/span><\/p>\n<p style=\"margin: 0cm 0cm 0pt; text-indent: 20.15pt; line-height: 150%; text-align: justify;\"><span style=\"font-size: 11pt; line-height: 150%; font-family: Verdana;\">Ge\u00e7ti?imiz yyldan kendince ders \u00e7ykaran CTP, bu yyl 1 Eyl\u00fcl\u2019de para g\u00fcc\u00fc ile organizasyon yapmaya \u00e7aly?yyor. Geleneksel 1 Eyl\u00fcl Bary? Y\u00fcr\u00fcy\u00fc?\u00fc yerine halkymyzy para kar?yly?y m\u00fczik yapacak gruplaryn konserine davet eden s\u00f6zde \u00f6nder Bary? Derne?i, b\u00f6ylesi bir g\u00fcne maddiyaty kary?tyrarak \u201cbary?\u201dtan ne anlady?yny da g\u00f6stermi? oluyor. \u00dclkemizde hen\u00fcz bary? yoktur. \u00dclkemizde bary? olabilmesi i\u00e7in m\u00fccadele etmemiz gerekmektedir. Bu sebeple de halkymyzy konsere de?il eyleme davet ediyoruz. <\/span><\/p>\n<p><span style=\"font-size: 11pt; line-height: 150%; font-family: Verdana;\">\u00a0\u00a0\u00a0 <\/span><\/p>\n<p style=\"margin: 0cm 0cm 0pt; text-indent: 20.15pt; line-height: 150%; text-align: justify;\"><span style=\"font-size: 11pt; line-height: 150%; font-family: Verdana;\">\u00dcstelik bu yyl \u00fclkemizde bir ilk ger\u00e7ekle?iyor ve iki halkyn temsilcileri b\u00f6l\u00fcnm\u00fc? Lefko?a\u2019nyn iki yanyndan kortejler olu?turarak politik bir eylemle barikatlary ge\u00e7iyor. Ylk kez 1 Eyl\u00fcl\u2019de iki farkly y\u00fcr\u00fcy\u00fc? kolu bir noktada bulu?mak \u00fczere, bary? talebinin ortak talep oldu?unu haykyrmak \u00fczere birlikte hareket ediyor. Bu \u00e7er\u00e7evede Baraka K\u00fclt\u00fcr Merkezi olarak, CTP tarafyndan canlandyrylan Bary? Derne?i\u2019nin \u00f6nderli?ini kabul etmedi?imizi bary?sever halkymyza duyururuz. Bary? Derne?i ile bir \u00f6nder olarak de?il, ancak e?itler olarak ili?ki kurmayy kabul edebiliriz. Bary? Derne?i dahil t\u00fcm \u00f6rg\u00fct ve bireyleri, kysacasy t\u00fcm halkymyzy bizimle birlikte Geleneksel 1 Eyl\u00fcl Bary? Y\u00fcr\u00fcy\u00fc?\u00fc\u2019ne sahip \u00e7ykmaya \u00e7a?yryyoruz.<\/span><\/p>\n<p><span style=\"font-size: 11pt; line-height: 150%; font-family: Verdana;\">\u00a0\u00a0\u00a0 \u00a0<\/span><\/p>\n<p style=\"margin: 0cm 0cm 0pt; text-indent: 20.15pt; line-height: 150%; text-align: justify;\"><span style=\"font-size: 11pt; line-height: 150%; font-family: Verdana;\">Bary? Platformu tarafyndan yapylan organizasyon \u00e7er\u00e7evesinde Kybrysly T\u00fcrk ve Kybrysly Elen \u00f6rg\u00fctler olarak; 1 Eyl\u00fcl 2008 g\u00fcn\u00fc saat 19:00\u2019dan itibaren Ku?ulu Park ve Elefteria Meydany\u2019nda bulu?arak iki ayry koldan Ledra Palace ara b\u00f6lgede ger\u00e7ekle?ecek etkinli?e katylaca?yz. Bary? m\u00fccadelesine katky koymak isteyen t\u00fcm halkymyzy davet ederiz.<\/span><\/p>\n<p><span style=\"font-size: 11pt; line-height: 150%; font-family: Verdana;\">\u00a0\u00a0\u00a0 <\/span><\/p>\n<p style=\"margin: 0cm 0cm 0pt; text-indent: 20.15pt; line-height: 150%; text-align: justify;\"><strong><span style=\"font-size: 11pt; line-height: 150%; font-family: Verdana;\">1 Eyl\u00fcl Konser G\u00fcn\u00fc De?il M\u00fccadele G\u00fcn\u00fcd\u00fcr!<\/span><\/strong><\/p>\n<p><strong><span style=\"font-size: 11pt; line-height: 150%; font-family: Verdana;\">\u00a0\u00a0\u00a0 <\/span><\/strong><strong><span style=\"font-size: 11pt; line-height: 150%; font-family: Verdana;\">Bary? Bizlerin Ellerindedir.<\/span><\/strong><strong><span style=\"font-size: 11pt; line-height: 150%; font-family: Verdana;\">\u00a0<\/span><\/strong><strong><span style=\"font-size: 11pt; line-height: 150%; font-family: Verdana;\">\u00a0<\/span><\/strong><\/p>\n<p>&nbsp;<\/p>\n<p><strong><span style=\"font-size: 11pt; line-height: 150%; font-family: Verdana;\">Baraka K\u00fclt\u00fcr Merkezi (a)<\/span><\/strong><\/p>\n<p><strong><span style=\"font-size: 11pt; line-height: 150%; font-family: Verdana;\">M\u00fcn\u00fcr Rahvancyo?lu<\/span><\/strong><\/p>\n","protected":false},"excerpt":{"rendered":"<p>\u00a0\u00a0\u00a0 1 Eyl\u00fcl D\u00fcnya Bary? G\u00fcn\u00fc yyllardan beridir \u00fclkemizde gelenekselle?mi? y\u00fcr\u00fcy\u00fc? ve eylemlerle kutlanmaktadyr. \u00dclkemizdeki \u00e7\u00f6z\u00fcms\u00fczl\u00fc?\u00fcn protesto edilmesi ve bary? isteyen halkymyzyn talepleri her yyl<\/p>\n","protected":false},"author":1,"featured_media":0,"comment_status":"open","ping_status":"open","sticky":false,"template":"","format":"standard","meta":{"jetpack_post_was_ever_published":false,"_jetpack_newsletter_access":"","_jetpack_newsletter_tier_id":0,"jetpack_publicize_message":"","jetpack_is_tweetstorm":false,"jetpack_publicize_feature_enabled":true,"jetpack_social_post_already_shared":false,"jetpack_social_options":{"image_generator_settings":{"template":"highway","enabled":false}}},"categories":[41],"tags":[],"jetpack_publicize_connections":[],"jetpack_featured_media_url":"","jetpack_shortlink":"https:\/\/wp.me\/p4eHWX-sN","jetpack_sharing_enabled":true,"_links":{"self":[{"href":"https:\/\/baraka.cc\/index.php?rest_route=\/wp\/v2\/posts\/1785"}],"collection":[{"href":"https:\/\/baraka.cc\/index.php?rest_route=\/wp\/v2\/posts"}],"about":[{"href":"https:\/\/baraka.cc\/index.php?rest_route=\/wp\/v2\/types\/post"}],"author":[{"embeddable":true,"href":"https:\/\/baraka.cc\/index.php?rest_route=\/wp\/v2\/users\/1"}],"replies":[{"embeddable":true,"href":"https:\/\/baraka.cc\/index.php?rest_route=%2Fwp%2Fv2%2Fcomments&post=1785"}],"version-history":[{"count":1,"href":"https:\/\/baraka.cc\/index.php?rest_route=\/wp\/v2\/posts\/1785\/revisions"}],"predecessor-version":[{"id":1786,"href":"https:\/\/baraka.cc\/index.php?rest_route=\/wp\/v2\/posts\/1785\/revisions\/1786"}],"wp:attachment":[{"href":"https:\/\/baraka.cc\/index.php?rest_route=%2Fwp%2Fv2%2Fmedia&parent=1785"}],"wp:term":[{"taxonomy":"category","embeddable":true,"href":"https:\/\/baraka.cc\/index.php?rest_route=%2Fwp%2Fv2%2Fcategories&post=1785"},{"taxonomy":"post_tag","embeddable":true,"href":"https:\/\/baraka.cc\/index.php?rest_route=%2Fwp%2Fv2%2Ftags&post=1785"}],"curies":[{"name":"wp","href":"https:\/\/api.w.org\/{rel}","templated":true}]}}