{"id":1787,"date":"2008-09-01T08:26:56","date_gmt":"2008-09-01T06:26:56","guid":{"rendered":"https:\/\/baraka.cc\/?p=1787"},"modified":"2014-01-08T08:28:09","modified_gmt":"2014-01-08T06:28:09","slug":"hade-bary-ve-birleik-kybrys-ycin-mucadeleye","status":"publish","type":"post","link":"https:\/\/baraka.cc\/?p=1787","title":{"rendered":"Hade, Bary? Ve Birle?ik Kybrys Y\u00e7in M\u00fccadeleye!"},"content":{"rendered":"<p class=\"ecececmsonormal\" style=\"margin: 0cm 0cm 0pt; line-height: 150%; text-align: center;\" align=\"center\">\n<p><strong><span style=\"font-size: 11pt; line-height: 150%; font-family: Verdana;\">\u00a0\u00a0\u00a0\u00a0 <\/span><\/strong><\/p>\n<p class=\"ecececmsonormal\" style=\"margin: 0cm 0cm 0pt; line-height: 150%; text-align: justify;\"><span style=\"font-size: 11pt; line-height: 150%; font-family: Verdana;\"><span style=\"font-size: 11pt; line-height: 150%; font-family: Verdana;\"><a href=\"https:\/\/www.baraka.cc\/images\/stories\/1eylul2008afis.jpg\" target=\"_blank\"><img decoding=\"async\" loading=\"lazy\" alt=\" \" src=\"https:\/\/www.baraka.cc\/images\/stories\/1eylul2008afis.jpg\" width=\"150\" height=\"180\" align=\"left\" border=\"2\" \/><\/a><\/span>\u00a0<\/span><\/p>\n<p class=\"ecececmsonormal\" style=\"margin: 0cm 0cm 0pt; line-height: 150%; text-align: justify;\"><span style=\"font-size: 11pt; line-height: 150%; font-family: Verdana;\">Ynsanlyk tarihinin en kanly, en acymasyz sava?laryndan biri olan 2. D\u00fcnya Sava?y 1 Eyl\u00fcl 1939\u2019da Polonya\u2019nyn i?gali ile ba?lamy?ty. Milyonlarca insanyn \u00f6lmesine ve yaralanmasyna; on binlercesinin sakat kalmasyna; milyonlarca \u00e7ocu?un anne-babasyz, evsiz ve okulsuz kalmasyna neden olan bu sava?yn yaratty?y felaketlerin bir daha ya?anmamasy i\u00e7in 1 Eyl\u00fcl D\u00fcnya Bary? G\u00fcn\u00fc olarak ilan edilmi?tir. T\u00fcm d\u00fcnyada bary?severler, 1 Eyl\u00fcl\u2019de sava?lary lanetlemek, bary?a duyulan \u00f6zlemi haykyrmak ve bary? taleplerini y\u00fckseltmek i\u00e7in sokaklara \u00e7ykarlar.<\/span><\/p>\n<p><span style=\"font-size: 11pt; line-height: 150%; font-family: Verdana;\">\u00a0\u00a0\u00a0 \u00a0<\/span><\/p>\n<p class=\"ecececmsonormal\" style=\"margin: 0cm 0cm 0pt; line-height: 150%; text-align: justify;\"><span style=\"font-size: 11pt; line-height: 150%; font-family: Verdana;\">D\u00fcnya halklarynyn ysrarly taleplerine ra?men, ne yazyk ki, arzulanan sava?syz, s\u00f6m\u00fcr\u00fcs\u00fcz d\u00fcnya hedefine hen\u00fcz ula?ylamamy?tyr. D\u00fcnyanyn bir\u00e7ok yerinde insanlaryn yok olmasy, kan, g\u00f6zya?y, a\u00e7lyk, yoksulluk, zul\u00fcm ve yykym demek olan gerici payla?ym sava?lary s\u00fcrmektedir. Sava?lar Ortado?u\u2019da ve Afrika\u2019nyn bir\u00e7ok \u00fclkesinde halklaryn g\u00fcnl\u00fck ya?amy haline gelmi?tir. Emperyalist g\u00fc\u00e7ler daha fazla kar elde etmek; daha b\u00fcy\u00fck pazarlara, daha geni? n\u00fcfuz alanlaryna ve d\u00fcnya enerji kaynaklaryna sahip olmak amacyyla zora, ?iddete, sava?lara ve i?gallere ba?vurmaktan \u00e7ekinmiyorlar. Ortado?u\u2019yu kan g\u00f6l\u00fcne \u00e7eviren Amerika Birle?ik Devletleri, Afganistan ve Irak\u2019taki i?galleri ve katliamlary s\u00fcrerken Yran\u2019a da saldyrmak i\u00e7in fyrsat kollamaktadyr. Bunlar yetmezmi? gibi sadece birka\u00e7 hafta \u00f6nce Kafkasya\u2019da patlak veren egemenlik ve \u00fcst\u00fcnl\u00fck kurma \u00e7aty?masy \u00e7ok kysa s\u00fcrede, kadyn \u2013 \u00e7ocuk demeden binlerce masum insanyn katledilmesine neden olmu?tur.<\/span><\/p>\n<p class=\"ecececmsonormal\" style=\"margin: 0cm 0cm 0pt; line-height: 150%; text-align: justify;\"><span style=\"font-size: 11pt; line-height: 150%; font-family: Verdana;\">\u00a0\u00a0 <\/span><\/p>\n<p><span style=\"font-size: 11pt; line-height: 150%; font-family: Verdana;\">D\u00fcnya halklarynyn b\u00fcy\u00fck \u00e7o?unlu?u gibi Kybryslylar da sava?lardan \u00e7ok \u00e7ekmi?tir. Yakyn tarihimizde ya?anan insanlyk dy?y olaylaryn ve b\u00fcy\u00fck acylaryn yaralary hala sarylamamy?tyr. Sycak \u00e7aty?malaryn \u00fczerinden ge\u00e7en bunca s\u00fcrede, bary?y sa?lamak bir yana, \u201cate? kes\u201d ko?ullarynyn resmi olarak sonlandyrylmasy bile ba?arylamamy?tyr. S\u00fcrekli olarak bunu d\u00fc?\u00fcnmeseler de, t\u00fcm Kybryslylar her an sava? tehlikesiyle burun buruna ya?amaktadyrlar. Emperyalist g\u00fc\u00e7ler ve onlaryn yerli i?birlik\u00e7ileri, kendi \u00e7ykarlaryny korumak i\u00e7in, Kybrys\u2019ta ger\u00e7ek bir bary?y istememektedirler. \u00dclkemizdeki milliyet\u00e7ilerin, ?\u00f6venistlerin, fa?istlerin ve hatta \u2018bary?\u00e7y maskesi takmy? ayrylyk\u00e7ylaryn\u2019 bug\u00fcne dek yaptyklary gibi, bundan sonra da bary?a engel olmaya \u00e7aly?acaklary unutulmamalydyr. <\/span><\/p>\n<p class=\"ecececmsonormal\" style=\"margin: 0cm 0cm 0pt; line-height: 150%; text-align: justify;\"><span style=\"font-size: 11pt; line-height: 150%; font-family: Verdana;\">Bu y\u00fczden bary?a ula?mak \u00e7ok yo?un, kararly ve aktif bir m\u00fccadeleyi gerekli kylmaktadyr. Bary?y sa?lama g\u00f6revi sadece \u201cse\u00e7ti?imiz liderlere\u201d byrakylmamalydyr. Hangi etnik k\u00f6kenden olursa olsun Kybrys\u2019ta ya?ayan t\u00fcm bary?severler inisiyatif \u00fcstlenmeli, bary? ve birle?ik Kybrys hedefleri i\u00e7in ortak m\u00fccadele y\u00fcr\u00fctmeli, seslerini kararlylykla y\u00fckseltmeli, taraf olmaly ve tavyr koymalydyrlar. Bug\u00fcn \u00fclkemizde bary?a ve <strong>Kybryslylaryn<\/strong> karde?li?ine her zamankinden daha \u00e7ok ihtiya\u00e7 vardyr. <strong>Kybryslylaryn <\/strong>y\u00fcr\u00fctece?i ortak m\u00fccadele, hem bug\u00fcne dek onlary ayyrmaya \u00e7aly?an egemen g\u00fc\u00e7lerin uykularyny ka\u00e7yracak hem de \u00fclkeyi bary? ve birle?ik Kybrys hedeflerine ula?tyracak yeg\u00e2ne yoldur.<\/span><\/p>\n<p><span style=\"font-size: 11pt; line-height: 150%; font-family: Verdana;\">\u00a0\u00a0\u00a0 \u00a0<\/span><\/p>\n<p class=\"ecececmsonormal\" style=\"margin: 0cm 0cm 0pt; line-height: 150%; text-align: justify;\"><span style=\"font-size: 11pt; line-height: 150%; font-family: Verdana;\">A?a?yda imzasy bulunan bizler, bary? ve birle?ik Kybrys hedeflerine ula?ma konusundaki kararlyly?ymyzy g\u00f6stermek i\u00e7in 1 Eyl\u00fcl 2008 Pazartesi g\u00fcn\u00fc saat 19.00\u2019da Lefko?a\u2019nyn g\u00fcneyinden (Elefteria Meydanyndan) ve kuzeyinden (Ku?ulu Parktan) ayny anda y\u00fcr\u00fcy\u00fc?e ge\u00e7ece?iz ve ara b\u00f6lgedeki Ledra Palas Oteli \u00f6n\u00fcnde bulu?arak bary? i\u00e7in mum yakaca?yz. Bary? ve Birle?ik Kybrys talebimizi birlikte haykyraca?yz. Birlikte ?arkylar s\u00f6yleyecek ve ortak m\u00fccadelemizin ba?langycyny kutlayaca?yz. Bu nedenle Kybrysly Rum, Kybrysly T\u00fcrk, Ermeni, Maronit ya da Latin, t\u00fcm Kybryslylary <strong>\u201cbary? i\u00e7in bir mum yakmaya\u201d ve \u201cBirle?ik Kybrys i\u00e7in ortak m\u00fccadeleye\u201d<\/strong> \u00e7a?yryryz.<\/span><\/p>\n<p><span style=\"font-size: 11pt; line-height: 150%; font-family: Verdana;\">\u00a0\u00a0\u00a0 \u00a0<\/span><\/p>\n<p class=\"ecececmsonormal\" style=\"margin: 0cm 0cm 0pt; line-height: 150%; text-align: justify;\"><span style=\"font-size: 11pt; line-height: 150%; font-family: Verdana;\">YA?ASIN BARI? VE BIRLE?IK KIBRIS I\u00c7IN ORTAK M\u00dcCADELEMIZ!<\/span><\/p>\n<p><span style=\"font-size: 11pt; line-height: 150%; font-family: Verdana;\">\u00a0\u00a0 \u00a0<\/span><\/p>\n<p class=\"ecececmsonormal\" style=\"margin: 0cm 0cm 0pt; line-height: 150%; text-align: justify;\"><span style=\"font-size: 11pt; line-height: 150%; font-family: Verdana;\">YA?ASIN T\u00dcRKIYE, YUNANISTAN VE KIBRIS HALKLARININ KARDE?LI?I!<\/span><\/p>\n<p><span style=\"font-size: 11pt; line-height: 150%; font-family: Verdana;\">\u00a0\u00a0 \u00a0<\/span><\/p>\n<p class=\"ecececmsonormal\" style=\"margin: 0cm 0cm 0pt; line-height: 150%; text-align: justify;\"><span style=\"font-size: 11pt; line-height: 150%; font-family: Verdana;\">YA?ASIN BARI?! <\/span><\/p>\n<p><span style=\"font-size: 11pt; line-height: 150%; font-family: Verdana;\">\u00a0\u00a0 <\/span><\/p>\n<p class=\"ecececmsonormal\" style=\"margin: 0cm 0cm 0pt; line-height: 150%; text-align: justify;\"><span style=\"font-size: 11pt; line-height: 150%; font-family: Verdana;\">YA?ASIN T\u00dcM <strong>MEVCUT <\/strong>ASKERLERDEN VE SILAHLARDAN ARINDIRILMI? BIRLE?IK KIBRIS!<\/span><\/p>\n<p class=\"ecececmsonormal\" style=\"margin: 0cm 0cm 0pt; line-height: 150%; text-align: justify;\">\n<p class=\"ecececmsonormal\" style=\"margin: 0cm 0cm 0pt; line-height: 150%; text-align: justify;\"><span style=\"font-size: 11pt; line-height: 150%; font-family: Verdana;\">\u00a0\u00a0\u00a0\u00a0 \u00a0<\/span><\/p>\n<p><span style=\"font-size: 11pt; line-height: 150%; font-family: Verdana;\"><span style=\"font-size: 11pt; font-family: Verdana;\"><span><strong>Kybrys Bary? Platformu \/ \u03a0\u03bb\u03b1\u03c4\u03c6\u03cc\u03c1\u03bc\u03b1 \u0395\u03b9\u03c1\u03ae\u03bd\u03b7\u03c2 \u039a\u03cd\u03c0\u03c1\u03bf\u03c5<\/strong> \/ Cyprus Peace Platform<\/span><span style=\"font-size: 11pt; font-family: Verdana;\">Kybrys T\u00fcrk \u00d6?retmenler Sendikasy (KT\u00d6S), Kybrys T\u00fcrk Orta E?itim \u00d6?retmenler Sendikasy (KTOE\u00d6S), Kybrys T\u00fcrk Hekimleri Sendikasy (Typ-Y?), Do?u Akdeniz \u00dcniversitesi Birlik ve Dayany?ma Sendikasy (Da\u00fc-Bir-Sen), Devlet \u00c7aly?anlary Sendikasy (\u00c7a?-Sen), G\u00fcmr\u00fck \u00c7aly?anlary Sendikasy (G\u00dc\u00c7-SEN) Toplumcu Demokrasi Partisi (TDP), Birle?ik Kybrys Partisi (BKP), Yeni Kybrys Partisi (YKP), Kybrys Yayyncylar Birli?i (Kyb-Yay), Yskele Yurtta? Ynisiyatifi (YYY).<\/span><span style=\"font-size: 11pt; font-family: Verdana;\">\u03a3\u03c5\u03bd\u03c4\u03b5\u03c7\u03bd\u03af\u03b1<\/span><span style=\"font-size: 11pt; font-family: Verdana;\">\u03a4<\/span><span style=\"font-size: 11pt; font-family: Verdana;\">\/<\/span><span style=\"font-size: 11pt; font-family: Verdana;\">\u039a<\/span><span style=\"font-size: 11pt; font-family: Verdana;\">\u0394\u03b1\u03c3\u03ba\u03ac\u03bb\u03c9\u03bd<\/span><span style=\"font-size: 11pt; font-family: Verdana;\"> (KTOS), <\/span><span style=\"font-size: 11pt; font-family: Verdana;\">\u03a3\u03c5\u03bd\u03c4\u03b5\u03c7\u03bd\u03af\u03b1<\/span><span style=\"font-size: 11pt; font-family: Verdana;\">\u03a4<\/span><span style=\"font-size: 11pt; font-family: Verdana;\">\/<\/span><span style=\"font-size: 11pt; font-family: Verdana;\">\u039a<\/span><span style=\"font-size: 11pt; font-family: Verdana;\">\u039a\u03b1\u03b8\u03b7\u03b3\u03b7\u03c4\u03ce\u03bd<\/span><span style=\"font-size: 11pt; font-family: Verdana;\"> (KTOEOS), <\/span><span style=\"font-size: 11pt; font-family: Verdana;\">\u03a3\u03c5\u03bd\u03c4\u03b5\u03c7\u03bd\u03af\u03b1<\/span><span style=\"font-size: 11pt; font-family: Verdana;\">\u03a4<\/span><span style=\"font-size: 11pt; font-family: Verdana;\">\/<\/span><span style=\"font-size: 11pt; font-family: Verdana;\">\u039a<\/span><span style=\"font-size: 11pt; font-family: Verdana;\">\u0399\u03b1\u03c4\u03c1\u03ce\u03bd<\/span><span style=\"font-size: 11pt; font-family: Verdana;\"> (Typ-Is), <\/span><span style=\"font-size: 11pt; font-family: Verdana;\">\u03a3\u03c5\u03bd\u03c4\u03b5\u03c7\u03bd\u03af\u03b1<\/span><span style=\"font-size: 11pt; font-family: Verdana;\">\u0395\u03bd\u03cc\u03c4\u03b7\u03c4\u03b1\u03c2<\/span><span style=\"font-size: 11pt; font-family: Verdana;\">\u03ba\u03b1\u03b9<\/span><span style=\"font-size: 11pt; font-family: Verdana;\">\u0391\u03bb\u03bb\u03b7\u03bb\u03b5\u03b3\u03b3\u03cd\u03b7\u03c2<\/span><span style=\"font-size: 11pt; font-family: Verdana;\"> DAU (DAU-Bir-Sen), <\/span><span style=\"font-size: 11pt; font-family: Verdana;\">\u03a3\u03c5\u03bd\u03c4\u03b5\u03c7\u03bd\u03af\u03b1<\/span><span style=\"font-size: 11pt; font-family: Verdana;\">\u039a\u03c5\u03b2\u03b5\u03c1\u03bd\u03b7\u03c4\u03b9\u03ba\u03ce\u03bd<\/span><span style=\"font-size: 11pt; font-family: Verdana;\">\u0395\u03c1\u03b3\u03b1\u03c4\u03ce\u03bd<\/span><span style=\"font-size: 11pt; font-family: Verdana;\"> (\u00c7a?-Sen), <\/span><span style=\"font-size: 11pt; font-family: Verdana;\">\u03a3\u03c5\u03bd\u03c4\u03b5\u03c7\u03bd\u03af\u03b1<\/span><span style=\"font-size: 11pt; font-family: Verdana;\">\u03a4\u03b5\u03bb\u03c9\u03bd\u03b5\u03b9\u03b1\u03ba\u03ce\u03bd<\/span><span style=\"font-size: 11pt; font-family: Verdana;\">\u03a5\u03c0\u03b1\u03bb\u03bb\u03ae\u03bb\u03c9\u03bd<\/span><span style=\"font-size: 11pt; font-family: Verdana;\">, <\/span><span style=\"font-size: 11pt; font-family: Verdana;\">\u039a\u03bf\u03b9\u03bd\u03bf\u03c4\u03b9\u03ba\u03cc<\/span><span style=\"font-size: 11pt; font-family: Verdana;\">\u0394\u03b7\u03bc\u03bf\u03ba\u03c1\u03b1\u03c4\u03b9\u03ba\u03cc<\/span><span style=\"font-size: 11pt; font-family: Verdana;\">\u039a\u03cc\u03bc\u03bc\u03b1<\/span><span style=\"font-size: 11pt; font-family: Verdana;\"> (TDP), <\/span><span style=\"font-size: 11pt; font-family: Verdana;\">\u039a\u03cc\u03bc\u03bc\u03b1<\/span><span style=\"font-size: 11pt; font-family: Verdana;\">\u0395\u03bd\u03c9\u03bc\u03ad\u03bd\u03b7<\/span><span style=\"font-size: 11pt; font-family: Verdana;\">\u039a\u03cd\u03c0\u03c1\u03bf\u03c2<\/span><span style=\"font-size: 11pt; font-family: Verdana;\"> (BKP), <\/span><span style=\"font-size: 11pt; font-family: Verdana;\">\u039a\u03cc\u03bc\u03bc\u03b1<\/span><span style=\"font-size: 11pt; font-family: Verdana;\">\u039d\u03ad\u03b1<\/span><span style=\"font-size: 11pt; font-family: Verdana;\">\u039a\u03cd\u03c0\u03c1\u03bf\u03c2<\/span><span style=\"font-size: 11pt; font-family: Verdana;\"> (YKP), <\/span><span style=\"font-size: 11pt; font-family: Verdana;\">\u0388\u03bd\u03c9\u03c3\u03b7<\/span><span style=\"font-size: 11pt; font-family: Verdana;\">\u0395\u03ba\u03b4\u03bf\u03c4\u03ce\u03bd<\/span><span style=\"font-size: 11pt; font-family: Verdana;\">\u039a\u03cd\u03c0\u03c1\u03bf\u03c5<\/span><span style=\"font-size: 11pt; font-family: Verdana;\"> (Kyb-Yay), <\/span><span style=\"font-size: 11pt; font-family: Verdana;\">\u039a\u03af\u03bd\u03b7\u03c3\u03b7<\/span><span style=\"font-size: 11pt; font-family: Verdana;\">\u03a0\u03bf\u03bb\u03b9\u03c4\u03ce\u03bd<\/span><span style=\"font-size: 11pt; font-family: Verdana;\"> Yskele<\/span><span style=\"font-size: 11pt; font-family: Verdana;\">Cyprus Turkish Teachers\u2019 Trade Union (KT\u00d6S), Cyprus Turkish Secondary Education Teachers\u2019 Trade Union (KTOE\u00d6S), Cyprus Turkish Physicians Trade Union (Typ-Y?), EMU Unity and Solidarity Trade Union (DA\u00dc-Bir-Sen) , State Workers Trade Union (\u00c7a?-Sen), Custom Workers Trade Union (G\u00dc\u00c7-SEN), Social Democracy Party (TDP), United Cyprus Party (BKP), New Cyprus Party (YKP), Cyprus Publisher\u2019s Association (Kyb-Yay), Yskele Citizens Initiative<\/span><span style=\"font-size: 11pt; font-family: Verdana;\">\u00a0<\/span><br \/>\n<\/span><\/span><\/p>\n<p class=\"MsoNormal\" style=\"margin: 0cm 0cm 0pt; text-align: left;\" align=\"left\"><span style=\"font-size: 11pt; font-family: Verdana;\"><strong>KSP \/ <\/strong><\/span><span style=\"font-size: 11pt; font-family: Verdana;\">Kybrys Sosyalist Parti \/ \u039a\u03c5\u03c0\u03c1\u03b9\u03b1\u03ba\u03cc \u03a3\u03bf\u03c3\u03b9\u03b1\u03bb\u03b9\u03c3\u03c4\u03b9\u03ba\u03cc \u039a\u03cc\u03bc\u03bc\u03b1 \/ Cyprus Socialist Party<\/span><\/p>\n<p><span style=\"font-size: 11pt; font-family: Verdana;\">\u00a0\u00a0 <\/span><\/p>\n<p class=\"MsoNormal\" style=\"margin: 0cm 0cm 0pt; text-align: left;\" align=\"left\"><span style=\"font-size: 11pt; font-family: Verdana;\"><strong>\u0395\u0394\u0397\/EDY \/ <\/strong><\/span><span class=\"normal\"><span style=\"font-size: 11pt; font-family: Verdana;\">\u0395\u03bd\u03c9\u03bc\u03ad\u03bd\u03bf\u03b9 \u0394\u03b7\u03bc\u03bf\u03ba\u03c1\u03ac\u03c4\u03b5\u03c2<span>\u00a0 <\/span>\/ Birle?ik Demokratlar \/ United Democrats<\/span><\/span><\/p>\n<p><span class=\"normal\"><span style=\"font-size: 11pt; font-family: Verdana;\">\u00a0\u00a0 <\/span><\/span><\/p>\n<p class=\"MsoNormal\" style=\"margin: 0cm 0cm 0pt; text-align: left;\" align=\"left\"><span><strong>\u039a\u03af\u03bd\u03b7\u03bc\u03b1 \u039f\u03b9\u03ba\u03bf\u03bb\u03cc\u03b3\u03c9\u03bd \u03a0\u03b5\u03c1\u03b9\u03b2\u03b1\u03bb\u03bf\u03bd\u03c4\u03b9\u03c3\u03c4\u03ce\u03bd \/ Kybrys Ye?iller Partisi \/ <\/strong>Cyprus Green Party<\/span><\/p>\n<p><span>\u00a0\u00a0 <\/span><\/p>\n<p class=\"MsoNormal\" style=\"margin: 0cm 0cm 0pt; text-align: left;\" align=\"left\"><span style=\"font-size: 11pt; font-family: Verdana;\"><strong>Kybrysly T\u00fcrk ve Kybrysly Rum \u201cBirle?ik Kybrys\u201d \u00d6?retmenler Platformu \/ \u03a0\u03bb\u03b1\u03c4\u03cc\u03c6\u03bf\u03c1\u03bc\u03b1 \u0395\u03bb\u03bb\u03b7\u03bd\u03bf\u03ba\u03c5\u03c0\u03c1\u03af\u03c9\u03bd \u03ba\u03b1\u03b9 \u03a4\u03bf\u03c5\u03c1\u03ba\u03bf\u03ba\u03c5\u03c0\u03c1\u03af\u03c9\u03bd \u0395\u03ba\u03c0\u03b1\u03b9\u03b4\u03b5\u03c5\u03c4\u03b9\u03ba\u03ce\u03bd \u00ab\u0395\u03bd\u03c9\u03bc\u03ad\u03bd\u03b7 \u039a\u03cd\u03c0\u03c1\u03bf\u03c2\u00bb<\/strong><\/span><\/p>\n<p><span style=\"font-size: 11pt; font-family: Verdana;\"><strong>\u00a0\u00a0 <\/strong><\/span><\/p>\n<p class=\"MsoNormal\" style=\"margin: 0cm 0cm 0pt; text-align: left;\" align=\"left\"><span style=\"font-size: 11pt; font-family: Verdana;\"><strong>Hands Across the Divide (HAD)<\/strong><\/span><\/p>\n<p><span style=\"font-size: 11pt; font-family: Verdana;\"><strong>\u00a0\u00a0 <\/strong><\/span><\/p>\n<p class=\"MsoNormal\" style=\"margin: 0cm 0cm 0pt; text-align: left;\" align=\"left\"><span style=\"font-size: 11pt; font-family: Verdana;\"><strong>Dance For Peace<\/strong><\/span><\/p>\n<p><span style=\"font-size: 11pt; font-family: Verdana;\"><strong>\u00a0\u00a0 <\/strong><\/span><\/p>\n<p class=\"MsoNormal\" style=\"margin: 0cm 0cm 0pt; text-align: left;\" align=\"left\"><span style=\"font-size: 11pt; font-family: Verdana;\"><strong>Stop the War Coalition \u2013 Cyprus \/ <\/strong><\/span><span style=\"font-size: 11pt; font-family: Verdana;\">\u03a3\u03c5\u03bc\u03bc\u03b1\u03c7\u03af\u03b1 \u03a3\u03c4\u03b1\u03bc\u03b1\u03c4\u03ae\u03c3\u03c4\u03b5 \u03c4\u03bf\u03bd \u03a0\u03cc\u03bb\u03b5\u03bc\u03bf-\u039a\u03cd\u03c0\u03c1\u03bf\u03c2, Sava?a Hayyr Koalisyonu \u2013 Kybrys<\/span><\/p>\n<p><span style=\"font-size: 11pt; font-family: Verdana;\">\u00a0\u00a0 \u00a0<\/span><\/p>\n<p class=\"MsoNormal\" style=\"margin: 0cm 0cm 0pt; text-align: left;\" align=\"left\"><span><strong>Historical Dialogue and Research \/ <\/strong><\/span><span style=\"font-size: 11pt; font-family: Verdana;\">Tarihsel<\/span><span style=\"font-size: 11pt; font-family: Verdana;\">Diyalog<\/span><span style=\"font-size: 11pt; font-family: Verdana;\">Ve<\/span><span style=\"font-size: 11pt; font-family: Verdana;\">Ara<\/span><span style=\"font-size: 11pt; font-family: Verdana;\">?<\/span><span style=\"font-size: 11pt; font-family: Verdana;\">t<\/span><span style=\"font-size: 11pt; font-family: Verdana;\">y<\/span><span style=\"font-size: 11pt; font-family: Verdana;\">rma<\/span><span style=\"font-size: 11pt; font-family: Verdana;\">Derne<\/span><span style=\"font-size: 11pt; font-family: Verdana;\">?<\/span><span style=\"font-size: 11pt; font-family: Verdana;\">i<\/span><span style=\"font-size: 11pt; font-family: Verdana;\"> \/<span>\u00a0 <\/span>\u038c\u03bc\u03b9\u03bb\u03bf\u03c2 \u0399\u03c3\u03c4\u03bf\u03c1\u03b9\u03ba\u03bf\u03cd \u0394\u03b9\u03b1\u03bb\u03cc\u03b3\u03bf\u03c5 \u03ba\u03b1\u03b9 \u0388\u03c1\u03b5\u03c5\u03bd\u03b1\u03c2<\/span><\/p>\n<p><span style=\"font-size: 11pt; font-family: Verdana;\">\u00a0\u00a0 <\/span><\/p>\n<p class=\"MsoNormal\" style=\"margin: 0cm 0cm 0pt; text-align: left;\" align=\"left\"><span style=\"font-size: 11pt; font-family: Verdana;\"><strong>ATES \/ <\/strong><\/span><span style=\"font-size: 11pt; font-family: Verdana;\">Aydynlyk Toplum Emek\u00e7ileri Sendikasy \/ \u03a3\u03c5\u03bd\u03c4\u03b5\u03c7\u03bd\u03af\u03b1 \u0395\u03c1\u03b3\u03b1\u03c4\u03ce\u03bd \u0394\u03b9\u03b1\u03c6\u03c9\u03c4\u03b9\u03c3\u03bc\u03ad\u03bd\u03b7\u03c2 \u0388\u03bd\u03c9\u03c3\u03b7\u03c2 \/<span>\u00a0 <\/span>Illuminated Society Laborers\u2019 Trade Union <\/span><\/p>\n<p><span style=\"font-size: 11pt; font-family: Verdana;\">\u00a0\u00a0 <\/span><span style=\"font-size: 11pt; font-family: Verdana;\"><strong>Basyn-Sen<\/strong><\/span><\/p>\n<p class=\"MsoNormal\" style=\"margin: 0cm 0cm 0pt; text-align: left;\" align=\"left\"><span style=\"font-size: 11pt; font-family: Verdana;\">Basyn Emek\u00e7ileri Sendikasy \/ \u03a3\u03c5\u03bd\u03b4\u03b9\u03ba\u03ac\u03c4\u03bf \u03c4\u03c9\u03bd \u0395\u03c1\u03b3\u03b1\u03b6\u03bf\u03bc\u03ad\u03bd\u03c9\u03bd \u03a4\u03cd\u03c0\u03bf\u03c5 \/ Press Workers\u2019 Trade Union<\/span><\/p>\n<p><span style=\"font-size: 11pt; font-family: Verdana;\">\u00a0\u00a0 <\/span><\/p>\n<p class=\"MsoNormal\" style=\"margin: 0cm 0cm 0pt; text-align: left;\" align=\"left\"><strong><span style=\"text-decoration: underline;\"><span style=\"font-size: 11pt; font-family: Verdana;\">Baraka<\/span><\/span><span style=\"font-size: 11pt; font-family: Verdana;\"><span>\u00a0 <\/span><em>K\u00fclt\u00fcr Merkezi \/ \u03a0\u03bf\u03bb\u03b9\u03c4\u03b9\u03c3\u03c4\u03b9\u03ba\u03cc \u039a\u03ad\u03bd\u03c4\u03c1\u03bf \/ <\/em><\/span><\/strong><em><span style=\"font-size: 11pt; font-family: Verdana;\">Cultural Centre<\/span><\/em><\/p>\n<p><em><span style=\"font-size: 11pt; font-family: Verdana;\">\u00a0\u00a0 <\/span><\/em><\/p>\n<p class=\"MsoNormal\" style=\"margin: 0cm 0cm 0pt; text-align: left;\" align=\"left\"><strong><span style=\"text-decoration: underline;\"><span style=\"font-size: 11pt; font-family: Verdana;\">E.K.Y.M.<\/span><\/span><span style=\"font-size: 11pt; font-family: Verdana;\"><span>\u00a0 <\/span><em>K\u00fclt\u00fcr Merkezi \/ \u03a0\u03bf\u03bb\u03b9\u03c4\u03b9\u03c3\u03c4\u03b9\u03ba\u03cc \u039a\u03ad\u03bd\u03c4\u03c1\u03bf \/ <\/em><\/span><\/strong><em><span style=\"font-size: 11pt; font-family: Verdana;\">Cultural Centre<\/span><\/em><\/p>\n<p><em><span style=\"font-size: 11pt; font-family: Verdana;\">\u00a0\u00a0 <\/span><\/em><\/p>\n<p class=\"MsoNormal\" style=\"margin: 0cm 0cm 0pt; text-align: left;\" align=\"left\"><strong><span style=\"text-decoration: underline;\"><span style=\"font-size: 11pt; font-family: Verdana;\">Asi<\/span><\/span><span style=\"font-size: 11pt; font-family: Verdana;\"><span>\u00a0 <\/span><em>K\u00fclt\u00fcr Derne?i \/ \u03a0\u03bf\u03bb\u03b9\u03c4\u03b9\u03c3\u03c4\u03b9\u03ba\u03cc <\/em>\u03a3\u03cd\u03bd\u03b4\u03b5\u03c3\u03bc\u03bf\u03c2 <em>\/ <\/em><\/span><\/strong><em><span style=\"font-size: 11pt; font-family: Verdana;\">Cultural <\/span><\/em><span style=\"font-size: 11pt; font-family: Verdana;\">Association<\/span><\/p>\n<p><span style=\"font-size: 11pt; font-family: Verdana;\">\u00a0\u00a0 <\/span><\/p>\n<p class=\"MsoNormal\" style=\"margin: 0cm 0cm 0pt; text-align: left;\" align=\"left\"><span><strong>\u03a3\u03c5\u03bc\u03c6\u03b9\u03bb\u03af\u03c9\u03c3\u03b7 \/ Uzla?ma \/ <\/strong>Reconciliation<\/span><\/p>\n<p><span>\u00a0\u00a0 <\/span><\/p>\n<p class=\"MsoNormal\" style=\"margin: 0cm 0cm 0pt; text-align: left;\" align=\"left\"><span><strong>\u0395\u03c1\u03b3\u03b1\u03c4\u03b9\u03ba\u03ae \u0394\u03b7\u03bc\u03bf\u03ba\u03c1\u03b1\u03c4\u03af\u03b1 \/ Y?\u00e7i Demokrasisi <\/strong>\/ Workers Democry<\/span><\/p>\n<p><span>\u00a0\u00a0 <\/span><\/p>\n<p class=\"MsoNormal\" style=\"margin: 0cm 0cm 0pt; text-align: left;\" align=\"left\"><span><strong>\u039d\u03b5\u03bf\u03ba\u03c5\u03c0\u03c1\u03b9\u03b1\u03ba\u03cc\u03c2 \u03a3\u03cd\u03bd\u03b4\u03b5\u03c3\u03bc\u03bf\u03c2 \/ Yeni Kybrys Derne?i \/ <\/strong>New Cyprus Association<\/span><\/p>\n<p><span>\u00a0\u00a0 <\/span><span style=\"font-size: 11pt; font-family: Verdana;\"><strong>Youth Against Nationalism \/ <\/strong><\/span><span style=\"font-size: 11pt; font-family: Verdana;\">\u039d\u03b5\u03bf\u03bb\u03b1\u03af\u03b1<\/span><span style=\"font-size: 11pt; font-family: Verdana;\">\u0395\u03bd\u03ac\u03bd\u03c4\u03b9\u03b1<\/span><span style=\"font-size: 11pt; font-family: Verdana;\">\u03c3\u03c4\u03bf\u03bd<\/span><span style=\"font-size: 11pt; font-family: Verdana;\">\u03a1\u03b1\u03c4\u03c3\u03b9\u03c3\u03bc\u03cc<\/span><span style=\"font-size: 11pt; font-family: Verdana;\"> \/ Milliyet\u00e7ili?e kar?y gen\u00e7lik<\/span><\/p>\n","protected":false},"excerpt":{"rendered":"<p>\u00a0\u00a0\u00a0\u00a0 \u00a0 Ynsanlyk tarihinin en kanly, en acymasyz sava?laryndan biri olan 2. D\u00fcnya Sava?y 1 Eyl\u00fcl 1939\u2019da Polonya\u2019nyn i?gali ile ba?lamy?ty. Milyonlarca insanyn \u00f6lmesine ve<\/p>\n","protected":false},"author":1,"featured_media":0,"comment_status":"open","ping_status":"open","sticky":false,"template":"","format":"standard","meta":{"jetpack_post_was_ever_published":false,"_jetpack_newsletter_access":"","_jetpack_newsletter_tier_id":0,"jetpack_publicize_message":"","jetpack_is_tweetstorm":false,"jetpack_publicize_feature_enabled":true,"jetpack_social_post_already_shared":false,"jetpack_social_options":{"image_generator_settings":{"template":"highway","enabled":false}}},"categories":[41],"tags":[],"jetpack_publicize_connections":[],"jetpack_featured_media_url":"","jetpack_shortlink":"https:\/\/wp.me\/p4eHWX-sP","jetpack_sharing_enabled":true,"_links":{"self":[{"href":"https:\/\/baraka.cc\/index.php?rest_route=\/wp\/v2\/posts\/1787"}],"collection":[{"href":"https:\/\/baraka.cc\/index.php?rest_route=\/wp\/v2\/posts"}],"about":[{"href":"https:\/\/baraka.cc\/index.php?rest_route=\/wp\/v2\/types\/post"}],"author":[{"embeddable":true,"href":"https:\/\/baraka.cc\/index.php?rest_route=\/wp\/v2\/users\/1"}],"replies":[{"embeddable":true,"href":"https:\/\/baraka.cc\/index.php?rest_route=%2Fwp%2Fv2%2Fcomments&post=1787"}],"version-history":[{"count":1,"href":"https:\/\/baraka.cc\/index.php?rest_route=\/wp\/v2\/posts\/1787\/revisions"}],"predecessor-version":[{"id":1788,"href":"https:\/\/baraka.cc\/index.php?rest_route=\/wp\/v2\/posts\/1787\/revisions\/1788"}],"wp:attachment":[{"href":"https:\/\/baraka.cc\/index.php?rest_route=%2Fwp%2Fv2%2Fmedia&parent=1787"}],"wp:term":[{"taxonomy":"category","embeddable":true,"href":"https:\/\/baraka.cc\/index.php?rest_route=%2Fwp%2Fv2%2Fcategories&post=1787"},{"taxonomy":"post_tag","embeddable":true,"href":"https:\/\/baraka.cc\/index.php?rest_route=%2Fwp%2Fv2%2Ftags&post=1787"}],"curies":[{"name":"wp","href":"https:\/\/api.w.org\/{rel}","templated":true}]}}