{"id":1794,"date":"2009-01-07T08:31:18","date_gmt":"2009-01-07T06:31:18","guid":{"rendered":"https:\/\/baraka.cc\/?p=1794"},"modified":"2014-01-08T08:32:15","modified_gmt":"2014-01-08T06:32:15","slug":"viva-palestina-2","status":"publish","type":"post","link":"https:\/\/baraka.cc\/?p=1794","title":{"rendered":"Viva Palestina!"},"content":{"rendered":"<p><strong><span style=\"font-size: 10pt; line-height: 150%; font-family: Verdana;\">\u00a0<\/span><\/strong><\/p>\n<p class=\"MsoListBullet\" style=\"margin: 0cm 0cm 0pt; text-indent: 0cm; line-height: 150%;\">\n<p><span style=\"font-size: 10pt; line-height: 150%; font-family: Verdana;\">\u00a0\u00a0\u00a0 <\/span><\/p>\n<p>&nbsp;<\/p>\n<p class=\"MsoNormal\" style=\"margin: 0cm 0cm 0pt; line-height: 150%; text-align: justify;\"><span style=\"font-size: 10pt; line-height: 150%; font-family: Verdana;\">D\u00fcnya tarihi boyunca insano?lu kimi zaman toprak, kimi zaman kendi \u00e7ykarlary yani para, petrol, do?al zenginlikler i\u00e7in birbirleri ile sava?my? ve yary? halinde olmu?tur.<\/span><\/p>\n<p><span style=\"font-size: 10pt; line-height: 150%; font-family: Verdana;\">\u00a0\u00a0\u00a0 <\/span><\/p>\n<p class=\"MsoNormal\" style=\"margin: 0cm 0cm 0pt; line-height: 150%; text-align: justify;\"><span style=\"font-size: 10pt; line-height: 150%; font-family: Verdana;\">Bu s\u00fcre\u00e7te de s\u00f6m\u00fcrenlerin amacy hep ayny olmu?tur; daha fazla s\u00f6m\u00fcrmek.<\/span><\/p>\n<p><span style=\"font-size: 10pt; line-height: 150%; font-family: Verdana;\">\u00a0\u00a0 <\/span><\/p>\n<p class=\"MsoNormal\" style=\"margin: 0cm 0cm 0pt; line-height: 150%; text-align: justify;\"><span style=\"font-size: 10pt; line-height: 150%; font-family: Verdana;\">Sava?yn zulm\u00fc ortasynda kalan bir\u00e7ok halk vardyr. Bu halklaryn ya?am haklarynyn korunmasy insanlyk onuru i\u00e7in \u00f6nemlidir. <\/span><\/p>\n<p><span style=\"font-size: 10pt; line-height: 150%; font-family: Verdana;\">\u00a0\u00a0 <\/span><\/p>\n<p class=\"MsoNormal\" style=\"margin: 0cm 0cm 0pt; line-height: 150%; text-align: justify;\"><span style=\"font-size: 10pt; line-height: 150%; font-family: Verdana;\">Ne yazyk ki, bug\u00fcn hala Filistin halkynyn ya?ady?y zul\u00fcm insanly?a yaky?mayan acy bir \u00f6rnek olarak kar?ymyzda durmaktadyr.<\/span><\/p>\n<p><span style=\"font-size: 10pt; line-height: 150%; font-family: Verdana;\">\u00a0\u00a0\u00a0 <\/span><\/p>\n<p class=\"MsoNormal\" style=\"margin: 0cm 0cm 0pt; line-height: 150%; text-align: justify;\"><span style=\"font-size: 10pt; line-height: 150%; font-family: Verdana;\">Ysrail uygulady?y son vah?ette, ya?am h\u00fcrriyetini \u00e7i?nemesinin gerek\u00e7esine, \u201ckendisini korumak\u201d ve \u201ctacizlere boyun e?memek\u201d adyny vermi?tir.<\/span><\/p>\n<p class=\"MsoNormal\" style=\"margin: 0cm 0cm 0pt; line-height: 150%; text-align: justify;\"><span style=\"font-size: 10pt; line-height: 150%; font-family: Verdana;\">\u00a0\u00a0\u00a0 <\/span><\/p>\n<p><span style=\"font-size: 10pt; line-height: 150%; font-family: Verdana;\">Acaba bu \u201ctacizler\u201d 400\u2019den fazla \u00f6l\u00fcye ve 1700\u2019den fazla yaralyya sahip olan Filistin halkyna my aittir?!<\/span><\/p>\n<p class=\"MsoNormal\" style=\"margin: 0cm 0cm 0pt; line-height: 150%; text-align: justify;\"><span style=\"font-size: 10pt; line-height: 150%; font-family: Verdana;\">B\u00fct\u00fcn giri? \u00e7yky?lary elinde tutan, elektrik ve gazy dahi olmayan, \u00f6zg\u00fcrl\u00fck ve ya?am m\u00fccadelesi i\u00e7in direnen Filistin halkynyn nefes dahi alamamasy i\u00e7in g\u00f6ky\u00fcz\u00fcn\u00fc F 16\u2019lar ve sava? helikopterleriyle dolduran Ysrail bu vah?eti hakly kylmak i\u00e7in, uzak menzilli dahi olmayan birka\u00e7 roket atary sava? gerek\u00e7esi olarak g\u00f6stermektedir.<\/span><\/p>\n<p><span style=\"font-size: 10pt; line-height: 150%; font-family: Verdana;\">\u00a0\u00a0\u00a0 <\/span><\/p>\n<p class=\"MsoNormal\" style=\"margin: 0cm 0cm 0pt; line-height: 150%; text-align: justify;\"><span style=\"font-size: 10pt; line-height: 150%; font-family: Verdana;\">D\u00fcnya \u00fczerinde ya?anan her bireyin sahip olmasy gereken seyahat etme \u00f6zg\u00fcrl\u00fc?\u00fc, bug\u00fcn Filistin\u2019in Gazze b\u00f6lgesinde ya?ayan Filistinliler i\u00e7in ge\u00e7ersizdir!<\/span><\/p>\n<p class=\"MsoNormal\" style=\"margin: 0cm 0cm 0pt; line-height: 150%; text-align: justify;\"><span style=\"font-size: 10pt; line-height: 150%; font-family: Verdana;\">\u00a0\u00a0\u00a0 <\/span><\/p>\n<p><span style=\"font-size: 10pt; line-height: 150%; font-family: Verdana;\">Filistin topraklary ve halky 1948\u2019den beri Ysrail tarafyndan i?gal altyndadyr. Ysrail askerleri t\u00fcm synyr boyunu kontrol altynda tutmaktadyr. Ysrail\u2019in Filistin topraklaryny kendi topra?y olarak g\u00f6rmesi bunun ana sebebidir.<\/span><\/p>\n<p class=\"MsoNormal\" style=\"margin: 0cm 0cm 0pt; line-height: 150%; text-align: justify;\"><span style=\"font-size: 10pt; line-height: 150%; font-family: Verdana;\">Ama\u00e7 nedir?\u00a0<span>\u00a0\u00a0\u00a0\u00a0\u00a0\u00a0\u00a0\u00a0\u00a0\u00a0\u00a0\u00a0\u00a0\u00a0\u00a0\u00a0\u00a0\u00a0\u00a0\u00a0\u00a0\u00a0\u00a0\u00a0 <\/span><\/span><\/p>\n<p><span style=\"font-size: 10pt; line-height: 150%; font-family: Verdana;\"><span>\u00a0\u00a0 <\/span><\/span><\/p>\n<p class=\"MsoNormal\" style=\"margin: 0cm 0cm 0pt; line-height: 150%; text-align: justify;\"><span style=\"font-size: 10pt; line-height: 150%; font-family: Verdana;\">Azynlyk durumunda byrakylan Filistin halkyny, \u00f6zellikle ?u an sycak sava?yn devam etti?i Gazze b\u00f6lgesinde sindirmek!<\/span><\/p>\n<p class=\"MsoNormal\" style=\"margin: 0cm 0cm 0pt; line-height: 150%; text-align: justify;\"><span style=\"font-size: 10pt; line-height: 150%; font-family: Verdana;\">\u00a0\u00a0\u00a0\u00a0 <\/span><\/p>\n<p><span style=\"font-size: 10pt; line-height: 150%; font-family: Verdana;\">T\u00fcm kontrol\u00fc ve b\u00f6lgeye giri?-\u00e7yky?lary elinde tutarak halky kendine mahkum etmek!<\/span><\/p>\n<p class=\"MsoNormal\" style=\"margin: 0cm 0cm 0pt; line-height: 150%; text-align: justify;\"><span style=\"font-size: 10pt; line-height: 150%; font-family: Verdana;\">B\u00f6lgede tekel olmak ve genel anlamda ekonomiyi kontrol etmek!<\/span><\/p>\n<p class=\"MsoNormal\" style=\"margin: 0cm 0cm 0pt; line-height: 150%; text-align: justify;\"><span style=\"font-size: 10pt; line-height: 150%; font-family: Verdana;\">\u00a0\u00a0\u00a0 <\/span><\/p>\n<p><span style=\"font-size: 10pt; line-height: 150%; font-family: Verdana;\">Ve tabi ki en \u00f6nemlisi, siyasi nedenler olarak, stratejik \u00f6neme sahip topraklaryn tamamyny ele ge\u00e7irmek!<\/span><span style=\"font-size: 10pt; line-height: 150%; font-family: Verdana;\">Bu durum Gazze halkyny ka\u00e7ynylmaz olarak olumsuz y\u00f6nde etkilemektedir. Gazzeliler soka?a dahi \u00e7ykamyyor h\u00fcrriyetleri kysytlanyyor. Gazze dy?yndaki her hangi bir Filistinlinin b\u00f6lgeye giri?i engelleniyor.<\/span><\/p>\n<p class=\"MsoNormal\" style=\"margin: 0cm 0cm 0pt; line-height: 150%; text-align: justify;\"><span style=\"font-size: 10pt; line-height: 150%; font-family: Verdana;\">Onlar kimsenin topraklaryny istemiyorlar. Onlar sadece ait olduklary, kendilerine ait topraklarda \u00f6zg\u00fcrce ya?amak istiyorlar.<\/span><\/p>\n<p><span style=\"font-size: 10pt; line-height: 150%; font-family: Verdana;\">\u00a0\u00a0 <\/span><\/p>\n<p class=\"MsoNormal\" style=\"margin: 0cm 0cm 0pt; line-height: 150%; text-align: justify;\"><span style=\"font-size: 10pt; line-height: 150%; font-family: Verdana;\">Hi\u00e7 kimse \u00f6lmeyi hak etmez!<\/span><\/p>\n<p><span style=\"font-size: 10pt; line-height: 150%; font-family: Verdana;\">\u00a0\u00a0 <\/span><\/p>\n<p class=\"MsoNormal\" style=\"margin: 0cm 0cm 0pt; line-height: 150%; text-align: justify;\"><span style=\"font-size: 10pt; line-height: 150%; font-family: Verdana;\">Size soruyoruz, \u00f6zg\u00fcrl\u00fc?\u00fc byrakyp da esaret altynda ya?amayy kim kabul eder?<\/span><\/p>\n<p><span style=\"font-size: 10pt; line-height: 150%; font-family: Verdana;\">\u00a0\u00a0\u00a0 <\/span><\/p>\n<p class=\"MsoNormal\" style=\"margin: 0cm 0cm 0pt; line-height: 150%;\"><span style=\"font-size: 10pt; line-height: 150%; font-family: Verdana;\">Bizler ne emperyalist Ysrail\u2019in barbarly?ynyn, ne de b\u00f6lge halkyny gericili?e mahkum eden islami\/dinci \u00f6rg\u00fctlenmelerin yanyndayyz.<\/span><\/p>\n<p><span style=\"font-size: 10pt; line-height: 150%; font-family: Verdana;\">\u00a0\u00a0\u00a0 <\/span><\/p>\n<p class=\"MsoNormal\" style=\"margin: 0cm 0cm 0pt; line-height: 150%; text-align: justify;\"><span style=\"font-size: 10pt; line-height: 150%; font-family: Verdana;\">Bizler bug\u00fcn burada \u00f6zg\u00fcr, demokratik, halklaryn karde?\u00e7e ya?ady?y sosyalist bir Ortado?u i\u00e7in y\u00fcr\u00fct\u00fclen m\u00fccadelede, Kybrysly devrimciler olarak Filistin halky ile dayany?mamyzy g\u00f6stermek i\u00e7in toplandyk.<\/span><\/p>\n<p><span style=\"font-size: 10pt; line-height: 150%; font-family: Verdana;\">\u00a0\u00a0\u00a0 <\/span><\/p>\n<p class=\"MsoNormal\" style=\"margin: 0cm 0cm 0pt; line-height: 150%; text-align: justify;\"><span style=\"font-size: 10pt; line-height: 150%; font-family: Verdana;\">Ya?asyn Halklaryn Karde?li?i!<\/span><\/p>\n<p><span style=\"font-size: 10pt; line-height: 150%; font-family: Verdana;\">\u00a0\u00a0\u00a0 <\/span><span style=\"font-size: 10pt; line-height: 150%; font-family: Verdana;\">\u00a0<\/span><\/p>\n<p class=\"MsoListBullet\" style=\"margin: 0cm 0cm 0pt; text-indent: 0cm; line-height: 150%;\"><strong><span style=\"font-size: 10pt; line-height: 150%; font-family: Verdana;\">KT\u00d6S, KTOE\u00d6S, \u00c7A?-SEN, DA\u00dc BYR-SEN, Toplumcu Demokrasi Partisi, Birle?ik Kybrys Partisi, Yeni Kybrys Partisi, Kybrys Sosyalist Partisi, Baraka K\u00fclt\u00fcr Merkezi, E.K.Y.M., Pir Sultan Abdal K\u00fclt\u00fcr Merkezi, Kolektif \u00d6?renci Hareketi<\/span><\/strong><\/p>\n<p><strong><span style=\"font-size: 10pt; line-height: 150%; font-family: Verdana;\">\u00a0\u00a0\u00a0 <\/span><\/strong><span style=\"font-size: 10pt; line-height: 150%; font-family: Verdana;\">\u00a0<\/span><\/p>\n<p class=\"MsoNormal\" style=\"margin: 0cm 0cm 0pt; line-height: 150%;\"><span style=\"font-size: 10pt; line-height: 150%; font-family: Verdana;\">Sloganlar:<\/span><\/p>\n<p class=\"MsoNormal\" style=\"margin: 0cm 0cm 0pt; line-height: 150%;\"><span style=\"font-size: 10pt; line-height: 150%; font-family: Verdana;\">\u00a0\u00a0\u00a0 <\/span><\/p>\n<p><span style=\"font-size: 10pt; line-height: 150%; font-family: Verdana;\">\u00a0<\/span><\/p>\n<p class=\"MsoListBullet\" style=\"margin: 0cm 0cm 0pt; text-indent: 0cm; line-height: 150%;\"><span style=\"font-size: 10pt; line-height: 150%; font-family: Symbol;\"><span>\u00b7<span style=\"font: 7pt 'Times New Roman';\">\u00a0\u00a0\u00a0\u00a0\u00a0\u00a0\u00a0\u00a0 <\/span><\/span><\/span><span style=\"font-size: 10pt; line-height: 150%; font-family: Verdana;\">Ya?asyn Halklaryn Karde?li?i!<\/span><\/p>\n<p><span style=\"font-size: 10pt; line-height: 150%; font-family: Verdana;\">\u00a0\u00a0\u00a0 <\/span><\/p>\n<p class=\"MsoListBullet\" style=\"margin: 0cm 0cm 0pt; text-indent: 0cm; line-height: 150%;\"><span style=\"font-size: 10pt; line-height: 150%; font-family: Symbol;\"><span>\u00b7<span style=\"font: 7pt 'Times New Roman';\">\u00a0\u00a0\u00a0\u00a0\u00a0\u00a0\u00a0\u00a0 <\/span><\/span><\/span><span style=\"font-size: 10pt; line-height: 150%; font-family: Verdana;\">Katil ABD Ortado?udan Defol!<\/span><\/p>\n<p><span style=\"font-size: 10pt; line-height: 150%; font-family: Verdana;\">\u00a0\u00a0 <\/span><\/p>\n<p class=\"MsoListBullet\" style=\"margin: 0cm 0cm 0pt; text-indent: 0cm; line-height: 150%;\"><span style=\"font-size: 10pt; line-height: 150%; font-family: Symbol;\"><span>\u00b7<span style=\"font: 7pt 'Times New Roman';\">\u00a0\u00a0\u00a0\u00a0\u00a0\u00a0\u00a0\u00a0 <\/span><\/span><\/span><span style=\"font-size: 10pt; line-height: 150%; font-family: Verdana;\">Viva Palestina!<\/span><\/p>\n<p><span style=\"font-size: 10pt; line-height: 150%; font-family: Verdana;\">\u00a0\u00a0 <\/span><\/p>\n<p class=\"MsoListBullet\" style=\"margin: 0cm 0cm 0pt; text-indent: 0cm; line-height: 150%;\"><span style=\"font-size: 10pt; line-height: 150%; font-family: Symbol;\"><span>\u00b7<span style=\"font: 7pt 'Times New Roman';\">\u00a0\u00a0\u00a0\u00a0\u00a0\u00a0\u00a0\u00a0 <\/span><\/span><\/span><span style=\"font-size: 10pt; line-height: 150%; font-family: Verdana;\">Biji Yektiya Gelan!<\/span><\/p>\n<p><span style=\"font-size: 10pt; line-height: 150%; font-family: Verdana;\">\u00a0\u00a0 <\/span><\/p>\n<p class=\"MsoListBullet\" style=\"margin: 0cm 0cm 0pt; text-indent: 0cm; line-height: 150%;\"><span style=\"font-size: 10pt; line-height: 150%; font-family: Symbol;\"><span>\u00b7<span style=\"font: 7pt 'Times New Roman';\">\u00a0\u00a0\u00a0\u00a0\u00a0\u00a0\u00a0\u00a0 <\/span><\/span><\/span><span style=\"font-size: 10pt; line-height: 150%; font-family: Verdana;\">Y?gallere Kar?y Omuz Omuza!<\/span><\/p>\n<p><span style=\"font-size: 10pt; line-height: 150%; font-family: Verdana;\">\u00a0\u00a0 <\/span><\/p>\n<p class=\"MsoListBullet\" style=\"margin: 0cm 0cm 0pt; text-indent: 0cm; line-height: 150%;\"><span style=\"font-size: 10pt; line-height: 150%; font-family: Symbol;\"><span>\u00b7<span style=\"font: 7pt 'Times New Roman';\">\u00a0\u00a0\u00a0\u00a0\u00a0\u00a0\u00a0\u00a0 <\/span><\/span><\/span><span style=\"font-size: 10pt; line-height: 150%; font-family: Verdana;\">Emperyalizme Kar?y Omuz Omuza!<\/span><\/p>\n<p><span style=\"font-size: 10pt; line-height: 150%; font-family: Verdana;\">\u00a0\u00a0 <\/span><\/p>\n<p class=\"MsoListBullet\" style=\"margin: 0cm 0cm 0pt; text-indent: 0cm; line-height: 150%;\"><span style=\"font-size: 10pt; line-height: 150%; font-family: Symbol;\"><span>\u00b7<span style=\"font: 7pt 'Times New Roman';\">\u00a0\u00a0\u00a0\u00a0\u00a0\u00a0\u00a0\u00a0 <\/span><\/span><\/span><span style=\"font-size: 10pt; line-height: 150%; font-family: Verdana;\">Kybrys\u2019ta Bary?, Filistin\u2019de Hemen, Irak\u2019ta ?imdi, Bary? Hemen ?imdi!<\/span><\/p>\n<p><span style=\"font-size: 10pt; line-height: 150%; font-family: Verdana;\">\u00a0\u00a0 <\/span><\/p>\n<p class=\"MsoListBullet\" style=\"margin: 0cm 0cm 0pt; text-indent: 0cm; line-height: 150%;\"><span style=\"font-size: 10pt; line-height: 150%; font-family: Symbol;\"><span>\u00b7<span style=\"font: 7pt 'Times New Roman';\">\u00a0\u00a0\u00a0\u00a0\u00a0\u00a0\u00a0\u00a0 <\/span><\/span><\/span><span style=\"font-size: 10pt; line-height: 150%; font-family: Verdana;\">Kurtulu? Yok Tek Ba?yna, Ya Hep Beraber, Ya Hi\u00e7 Birimiz!<\/span><\/p>\n<p><span style=\"font-size: 10pt; line-height: 150%; font-family: Verdana;\">\u00a0\u00a0 <\/span><\/p>\n<p class=\"MsoListBullet\" style=\"margin: 0cm 0cm 0pt; text-indent: 0cm; line-height: 150%;\"><span style=\"font-size: 10pt; line-height: 150%; font-family: Symbol;\"><span>\u00b7<span style=\"font: 7pt 'Times New Roman';\">\u00a0\u00a0\u00a0\u00a0\u00a0\u00a0\u00a0\u00a0 <\/span><\/span><\/span><span style=\"font-size: 10pt; line-height: 150%; font-family: Verdana;\">Emperyalizm D\u00f6kt\u00fc?\u00fc Kanda Bo?ulacaktyr!<\/span><\/p>\n<p><span style=\"font-size: 10pt; line-height: 150%; font-family: Verdana;\">\u00a0\u00a0 <\/span><\/p>\n<p class=\"MsoListBullet\" style=\"margin: 0cm 0cm 0pt; text-indent: 0cm; line-height: 150%;\"><span style=\"font-size: 10pt; line-height: 150%; font-family: Symbol;\"><span>\u00b7<span style=\"font: 7pt 'Times New Roman';\">\u00a0\u00a0\u00a0\u00a0\u00a0\u00a0\u00a0\u00a0 <\/span><\/span><\/span><span style=\"font-size: 10pt; line-height: 150%; font-family: Verdana;\">Xw\u00fbn b\u00ea Xw\u00fbn\u00ea na y\u00ea ?u?tin!<\/span><\/p>\n<p><span style=\"font-size: 10pt; line-height: 150%; font-family: Verdana;\">\u00a0\u00a0 <\/span><\/p>\n<p class=\"MsoListBullet\" style=\"margin: 0cm 0cm 0pt; text-indent: 0cm; line-height: 150%;\"><span style=\"font-size: 10pt; line-height: 150%; font-family: Symbol;\"><span>\u00b7<span style=\"font: 7pt 'Times New Roman';\">\u00a0\u00a0\u00a0\u00a0\u00a0\u00a0\u00a0\u00a0 <\/span><\/span><\/span><span style=\"font-size: 10pt; line-height: 150%; font-family: Verdana;\">Filistin halky yalnyz de?ildir<\/span><\/p>\n<p><span style=\"font-size: 10pt; line-height: 150%; font-family: Verdana;\">\u00a0\u00a0 <\/span><\/p>\n<p><span style=\"font-size: 10pt; line-height: 150%; font-family: Verdana;\">\u00a0\u00a0 <\/span><\/p>\n<p class=\"MsoNormal\" style=\"margin: 0cm 0cm 0pt; line-height: 150%;\"><span style=\"font-size: 10pt; line-height: 150%; font-family: Verdana;\">Eylem Y\u00e7in Toplanma Yeri: Lefko?a Otob\u00fcs Terminali<\/span><\/p>\n<p><span style=\"font-size: 10pt; line-height: 150%; font-family: Verdana;\">\u00a0\u00a0 <\/span><\/p>\n<p class=\"MsoNormal\" style=\"margin: 0cm 0cm 0pt; line-height: 150%;\"><span style=\"font-size: 10pt; line-height: 150%; font-family: Verdana;\">Eylem Tarihi: 7 Ocak \u00c7ar?amba<\/span><\/p>\n<p><span style=\"font-size: 10pt; line-height: 150%; font-family: Verdana;\">\u00a0\u00a0 <\/span><\/p>\n<p class=\"MsoNormal\" style=\"margin: 0cm 0cm 0pt; line-height: 150%;\"><span style=\"font-size: 10pt; line-height: 150%; font-family: Verdana;\">Eylem Saati: 13:00<\/span><\/p>\n<p><span style=\"font-size: 10pt; line-height: 150%; font-family: Verdana;\">\u00a0\u00a0\u00a0 <\/span><span style=\"font-size: 10pt; line-height: 150%; font-family: Verdana;\">\u00a0<\/span><\/p>\n","protected":false},"excerpt":{"rendered":"<p>\u00a0 \u00a0\u00a0\u00a0 &nbsp; D\u00fcnya tarihi boyunca insano?lu kimi zaman toprak, kimi zaman kendi \u00e7ykarlary yani para, petrol, do?al zenginlikler i\u00e7in birbirleri ile sava?my? ve yary?<\/p>\n","protected":false},"author":1,"featured_media":0,"comment_status":"open","ping_status":"open","sticky":false,"template":"","format":"standard","meta":{"jetpack_post_was_ever_published":false,"_jetpack_newsletter_access":"","_jetpack_newsletter_tier_id":0,"jetpack_publicize_message":"","jetpack_is_tweetstorm":false,"jetpack_publicize_feature_enabled":true,"jetpack_social_post_already_shared":false,"jetpack_social_options":{"image_generator_settings":{"template":"highway","enabled":false}}},"categories":[41],"tags":[],"jetpack_publicize_connections":[],"jetpack_featured_media_url":"","jetpack_shortlink":"https:\/\/wp.me\/p4eHWX-sW","jetpack_sharing_enabled":true,"_links":{"self":[{"href":"https:\/\/baraka.cc\/index.php?rest_route=\/wp\/v2\/posts\/1794"}],"collection":[{"href":"https:\/\/baraka.cc\/index.php?rest_route=\/wp\/v2\/posts"}],"about":[{"href":"https:\/\/baraka.cc\/index.php?rest_route=\/wp\/v2\/types\/post"}],"author":[{"embeddable":true,"href":"https:\/\/baraka.cc\/index.php?rest_route=\/wp\/v2\/users\/1"}],"replies":[{"embeddable":true,"href":"https:\/\/baraka.cc\/index.php?rest_route=%2Fwp%2Fv2%2Fcomments&post=1794"}],"version-history":[{"count":1,"href":"https:\/\/baraka.cc\/index.php?rest_route=\/wp\/v2\/posts\/1794\/revisions"}],"predecessor-version":[{"id":1795,"href":"https:\/\/baraka.cc\/index.php?rest_route=\/wp\/v2\/posts\/1794\/revisions\/1795"}],"wp:attachment":[{"href":"https:\/\/baraka.cc\/index.php?rest_route=%2Fwp%2Fv2%2Fmedia&parent=1794"}],"wp:term":[{"taxonomy":"category","embeddable":true,"href":"https:\/\/baraka.cc\/index.php?rest_route=%2Fwp%2Fv2%2Fcategories&post=1794"},{"taxonomy":"post_tag","embeddable":true,"href":"https:\/\/baraka.cc\/index.php?rest_route=%2Fwp%2Fv2%2Ftags&post=1794"}],"curies":[{"name":"wp","href":"https:\/\/api.w.org\/{rel}","templated":true}]}}