{"id":1827,"date":"2008-12-17T11:13:16","date_gmt":"2008-12-17T09:13:16","guid":{"rendered":"https:\/\/baraka.cc\/?p=1827"},"modified":"2014-01-08T11:17:30","modified_gmt":"2014-01-08T09:17:30","slug":"20-aralykta-kybrys-genclii-de-sokakta","status":"publish","type":"post","link":"https:\/\/baraka.cc\/?p=1827","title":{"rendered":"20 Aralyk\u2019ta Kybrys Gen\u00e7li?i de sokakta\u2026."},"content":{"rendered":"<p class=\"MsoNormal\" style=\"margin: 0cm 0cm 10pt; text-align: justify;\">\n<p class=\"MsoNormal\" style=\"margin: 0cm 0cm 10pt; text-align: justify;\">\n<p><span style=\"font-size: 10pt; line-height: 115%; font-family: Verdana;\">\u00a0<\/span><\/p>\n<p class=\"MsoNormal\" style=\"margin: 0cm 0cm 0pt; text-align: justify;\"><span style=\"font-size: 10pt; font-family: Verdana;\">20 Aralyk\u2019ta Kybrys Gen\u00e7li?i de sokakta\u2026. 20 Aralyk g\u00fcn\u00fc saat 14:00\u2019da, \u00d6zg\u00fcrl\u00fck, Demokrasi, Evrensel Hukuk, Sivil Devlet, YA?ANABYLYR D\u00dcNYA ve YA?ANABYLYR BYR KIBRIS i\u00e7in sokaklardayyz&#8230; <\/span><\/p>\n<p><span style=\"font-size: 10pt; font-family: Verdana;\">\u00a0\u00a0 <\/span><span style=\"font-size: 10pt; font-family: Verdana;\">\u00a0<\/span><\/p>\n<p class=\"MsoNormal\" style=\"margin: 0cm 0cm 0pt; text-align: justify;\"><span style=\"font-size: 10pt; font-family: Verdana;\">Benim de s\u00f6z\u00fcm var, ama sadece s\u00f6z\u00fcm var demeyip &#8220;KIBRIS&#8217;A SAHYP \u00c7IKIYORUM&#8221; diyorsan 20 Aralyk g\u00fcn\u00fc omuz omuzayyz. Y?gal altyndaki Atina Politeknik meclisi, katledilen t\u00fcm gen\u00e7ler, g\u00f6\u00e7menler ve devletin u?aklaryna kar?y m\u00fccadele edenlerin anysyna, <span class=\"yshortcuts\"><span>Avrupa<\/span><\/span>\u2019da ve k\u00fcresel-\u00f6l\u00e7ekte direni? eylemleri \u00e7a?rysy yapmayy kararla?tyrdy. Ya?amlarymyz devletlere ve katillerine ait de?il! Katledilen kyz ve erkek karde?lerimizin, dostlarymyzyn ve yolda?larymyzyn anysy m\u00fccadelelerimizde ya?yyor! Karde?lerimizi unutmuyoruz, katillerini affetmiyoruz. <\/span><\/p>\n<p><span style=\"font-size: 10pt; font-family: Verdana;\">\u00a0\u00a0\u00a0 <\/span><span style=\"font-size: 10pt; font-family: Verdana;\">\u00a0<\/span><\/p>\n<p class=\"MsoNormal\" style=\"margin: 0cm 0cm 0pt; text-align: justify;\"><span style=\"font-size: 10pt; font-family: Verdana;\">T\u00fcm Avrupa Gen\u00e7li?i <span class=\"yshortcuts\"><span>el ele<\/span><\/span> sokaklardayyz !!! <\/span><\/p>\n<p><span style=\"font-size: 10pt; font-family: Verdana;\">\u00a0\u00a0 <\/span><\/p>\n<p class=\"MsoNormal\" style=\"margin: 0cm 0cm 0pt; text-align: justify;\"><span style=\"font-size: 10pt; font-family: Verdana;\">Y\u00fcre?imizle sokaktayyz, Polis ?iddetine kar?yyyz !!! <\/span><\/p>\n<p><span style=\"font-size: 10pt; font-family: Verdana;\">\u00a0\u00a0 <\/span><\/p>\n<p class=\"MsoNormal\" style=\"margin: 0cm 0cm 0pt; text-align: justify;\"><span style=\"font-size: 10pt; font-family: Verdana;\">Bozuk d\u00fczene kar?y \u00e7yk, memleketine sahip \u00e7yk\u2026!!! <\/span><\/p>\n<p class=\"MsoNormal\" style=\"margin: 0cm 0cm 0pt; text-align: justify;\"><span style=\"font-size: 10pt; font-family: Verdana;\">\u00a0\u00a0 <\/span><\/p>\n<p><span style=\"font-size: 10pt; font-family: Verdana;\">\u00a0\u00a0\u00a0 <\/span><span style=\"font-size: 10pt; font-family: Verdana;\">\u00a0<\/span><\/p>\n<p class=\"MsoNormal\" style=\"margin: 0cm 0cm 0pt; text-align: justify;\"><span style=\"font-size: 10pt; font-family: Verdana;\">TARYH: 20 ARALIK 2008 Cumartesi<\/span><\/p>\n<p><span style=\"font-size: 10pt; font-family: Verdana;\">\u00a0\u00a0 <\/span><span style=\"font-size: 10pt; font-family: Verdana;\">\u00a0<\/span><\/p>\n<p class=\"MsoNormal\" style=\"margin: 0cm 0cm 0pt; text-align: justify;\"><span style=\"font-size: 10pt; font-family: Verdana;\">BULU?MA YERY VE SAATY: LEFKO?A TERMYNALY 14:00 <\/span><\/p>\n<p><span style=\"font-size: 10pt; font-family: Verdana;\">\u00a0\u00a0 <\/span><span style=\"font-size: 10pt; font-family: Verdana;\">\u00a0<\/span><\/p>\n<p class=\"MsoNormal\" style=\"margin: 0cm 0cm 0pt; text-align: justify;\"><span style=\"font-size: 10pt; font-family: Verdana;\">Y\u00dcR\u00dcY\u00dc? G\u00dcZERGAHI: Terminal-TC El\u00e7ili?i- Meclis- Cumhurba?kanly?y <\/span><\/p>\n<p><span style=\"font-size: 10pt; font-family: Verdana;\">\u00a0\u00a0 <\/span><span style=\"font-size: 10pt; font-family: Verdana;\">\u00a0<\/span><\/p>\n<p class=\"MsoNormal\" style=\"margin: 0cm 0cm 0pt; text-align: justify;\"><strong><span style=\"font-size: 10pt; font-family: Verdana;\">YKP Gen\u00e7lik, BKP Gen\u00e7lik Kollary, TDP Gen\u00e7lik Kollary, KSP Gen\u00e7lik Birimi, BARAKA K\u00fclt\u00fcr Merkezi, E.K.Y.M K\u00fclt\u00fcr Merkezi<\/span><\/strong><\/p>\n<p><strong><span style=\"font-size: 10pt; font-family: Verdana;\">\u00a0\u00a0\u00a0 <\/span><\/strong><\/p>\n<p class=\"MsoNormal\" style=\"margin: 0cm 0cm 10pt; text-align: justify;\">\n","protected":false},"excerpt":{"rendered":"<p>\u00a0 20 Aralyk\u2019ta Kybrys Gen\u00e7li?i de sokakta\u2026. 20 Aralyk g\u00fcn\u00fc saat 14:00\u2019da, \u00d6zg\u00fcrl\u00fck, Demokrasi, Evrensel Hukuk, Sivil Devlet, YA?ANABYLYR D\u00dcNYA ve YA?ANABYLYR BYR KIBRIS i\u00e7in<\/p>\n","protected":false},"author":1,"featured_media":0,"comment_status":"open","ping_status":"open","sticky":false,"template":"","format":"standard","meta":{"jetpack_post_was_ever_published":false,"_jetpack_newsletter_access":"","_jetpack_newsletter_tier_id":0,"jetpack_publicize_message":"","jetpack_is_tweetstorm":false,"jetpack_publicize_feature_enabled":true,"jetpack_social_post_already_shared":false,"jetpack_social_options":{"image_generator_settings":{"template":"highway","enabled":false}}},"categories":[41],"tags":[],"jetpack_publicize_connections":[],"jetpack_featured_media_url":"","jetpack_shortlink":"https:\/\/wp.me\/p4eHWX-tt","jetpack_sharing_enabled":true,"_links":{"self":[{"href":"https:\/\/baraka.cc\/index.php?rest_route=\/wp\/v2\/posts\/1827"}],"collection":[{"href":"https:\/\/baraka.cc\/index.php?rest_route=\/wp\/v2\/posts"}],"about":[{"href":"https:\/\/baraka.cc\/index.php?rest_route=\/wp\/v2\/types\/post"}],"author":[{"embeddable":true,"href":"https:\/\/baraka.cc\/index.php?rest_route=\/wp\/v2\/users\/1"}],"replies":[{"embeddable":true,"href":"https:\/\/baraka.cc\/index.php?rest_route=%2Fwp%2Fv2%2Fcomments&post=1827"}],"version-history":[{"count":1,"href":"https:\/\/baraka.cc\/index.php?rest_route=\/wp\/v2\/posts\/1827\/revisions"}],"predecessor-version":[{"id":1828,"href":"https:\/\/baraka.cc\/index.php?rest_route=\/wp\/v2\/posts\/1827\/revisions\/1828"}],"wp:attachment":[{"href":"https:\/\/baraka.cc\/index.php?rest_route=%2Fwp%2Fv2%2Fmedia&parent=1827"}],"wp:term":[{"taxonomy":"category","embeddable":true,"href":"https:\/\/baraka.cc\/index.php?rest_route=%2Fwp%2Fv2%2Fcategories&post=1827"},{"taxonomy":"post_tag","embeddable":true,"href":"https:\/\/baraka.cc\/index.php?rest_route=%2Fwp%2Fv2%2Ftags&post=1827"}],"curies":[{"name":"wp","href":"https:\/\/api.w.org\/{rel}","templated":true}]}}