{"id":1832,"date":"2009-07-27T11:19:29","date_gmt":"2009-07-27T09:19:29","guid":{"rendered":"https:\/\/baraka.cc\/?p=1832"},"modified":"2014-01-08T11:20:17","modified_gmt":"2014-01-08T09:20:17","slug":"hade-gene-belee-denyze-gyrmeye","status":"publish","type":"post","link":"https:\/\/baraka.cc\/?p=1832","title":{"rendered":"HADE GENE BELE?E DENYZE GYRMEYE!"},"content":{"rendered":"<p class=\"MsoNormal\" style=\"margin: 0cm 0cm 0pt; line-height: 150%; text-align: justify;\">\n<p><strong><span style=\"font-size: 11pt; line-height: 150%; font-family: Verdana;\">\u00a0\u00a0 <\/span><\/strong><\/p>\n<p class=\"MsoNormal\" style=\"margin: 0cm 0cm 0pt; line-height: 150%; text-align: justify;\"><span style=\"font-size: 11pt; line-height: 150%; font-family: Verdana;\">Baraka K\u00fclt\u00fcr Merkezi olarak, halkyn bedava denize girme hakkyna vurgu yapmak, plajlara giri?te alynan fahi? paralaryn yasal olmady?yna dikkat \u00e7ekmek ve Anayasal ve yasal haklarymyzy savunmak amacyyla Temmuz ayynda \u201cBele?e Denize Girme\u201d eylemi d\u00fczenlemi?tik. Duyarly ki?i ve \u00f6rg\u00fctlerin de deste?iyle ba?aryly olan eylemimiz, halkymyz nazarynda t\u00fcm\u00fcyle hakly ve me?ru g\u00f6r\u00fclm\u00fc?t\u00fc. Hatta bazy plaj i?letmeleri, eylemimiz sonrasynda giri? \u00fccretlerini d\u00fc?\u00fcrme gere?i duydular.<\/span><\/p>\n<p><span style=\"font-size: 11pt; line-height: 150%; font-family: Verdana;\">\u00a0\u00a0 <\/span><\/p>\n<p class=\"MsoNormal\" style=\"margin: 0cm 0cm 0pt; line-height: 150%; text-align: justify;\"><span style=\"font-size: 11pt; line-height: 150%; font-family: Verdana;\">Yaz sycaklary yakyp kavurmaya devam etmekte, ailece denize girmek hala bir servete mal olmakta ve h\u00fck\u00fcmet ne asgari \u00fccretlilere ne de kamu emek\u00e7ilerine arty? yapmaktadyr. \u00d6te yandan, tamamen parsellenmi? olan Girne sahillerin yany syra ?imdilerde de Ma?usa denizlerinin etrafyna duvarlar \u00f6r\u00fclmektedir. <\/span><\/p>\n<p><span style=\"font-size: 11pt; line-height: 150%; font-family: Verdana;\">\u00a0\u00a0 <\/span><\/p>\n<p class=\"MsoNormal\" style=\"margin: 0cm 0cm 0pt; line-height: 150%; text-align: justify;\"><span style=\"font-size: 11pt; line-height: 150%; font-family: Verdana;\">Hal b\u00f6yleyken Anayasal ve yasal haklarymyzy bir kez daha hatyrlatmak ve sorun k\u00f6kten \u00e7\u00f6z\u00fclene de?in m\u00fccadele etmek ka\u00e7ynylmazdyr.<\/span><\/p>\n<p><span style=\"font-size: 11pt; line-height: 150%; font-family: Verdana;\">\u00a0\u00a0 <\/span><\/p>\n<p class=\"MsoNormal\" style=\"margin: 0cm 0cm 0pt; line-height: 150%; text-align: justify;\"><span style=\"font-size: 11pt; line-height: 150%; font-family: Verdana;\">Anayasa\u2019nyn 38\u2019inci maddesi \u201cyurtta?laryn y\u00fcz metrelik kyyy ?eridi i\u00e7erisine girmesi kimse tarafyndan engellenemez ve giri? \u00fccrete ba?ly tutulamaz\u201d demektedir. Plajlaryn Kullanym ve Denetimi Yasasy\u2019nda da; yurtta?laryn plajlara girmesinin kimse tarafyndan engellenemeyece?i ve plajlara giri?te yurtta?lardan herhangi bir ad ve ko?ul altynda \u00fccret talep edilemeyece?i a\u00e7yk\u00e7a belirtilmektedir. Ady ge\u00e7en Yasayy uygulamak ve uymayanlary cezalandyrmakla y\u00fck\u00fcml\u00fc olan ise Y\u00e7i?leri Bakanly?y ile Belediyelerdir. <\/span><\/p>\n<p><span style=\"font-size: 11pt; line-height: 150%; font-family: Verdana;\">\u00a0\u00a0 <\/span><\/p>\n<p class=\"MsoNormal\" style=\"margin: 0cm 0cm 0pt; line-height: 150%; text-align: justify;\"><span style=\"font-size: 11pt; line-height: 150%; font-family: Verdana;\">Yetkilileri g\u00f6reve \u00e7a?yrmak ve halkyn plajlara girememesini\u00a0 protesto etmek amacyyla birkez daha bele?e denize girme eylemi d\u00fczenliyoruz.<\/span><\/p>\n<p><span style=\"font-size: 11pt; line-height: 150%; font-family: Verdana;\">\u00a0\u00a0 <\/span><\/p>\n<p class=\"MsoNormal\" style=\"margin: 0cm 0cm 0pt; line-height: 150%; text-align: justify;\"><span style=\"font-size: 11pt; line-height: 150%; font-family: Verdana;\">\u00c7ocuklu?umuzda ailelerimizle yapty?ymyz gibi; ?emsiyemizi, karpuzumuzu, helimimizi, \u00e7\u00f6p naylonlarymyzy alyp denize gidiyoruz.<\/span><\/p>\n<p><span style=\"font-size: 11pt; line-height: 150%; font-family: Verdana;\">\u00a0\u00a0 <\/span><\/p>\n<p class=\"MsoNormal\" style=\"margin: 0cm 0cm 0pt; line-height: 150%; text-align: justify;\"><span style=\"font-size: 11pt; line-height: 150%; font-family: Verdana;\">En do?al ve Anayasal hakkymyz olan <strong>bele?e denize girme hakkymyzy kullanmak \u00fczere 2 A?ustos Pazar g\u00fcn\u00fc saat 16.00\u2019da\u00a0 (4.00\u2019te) Karava\u2019daki (Alsancak) Escape plajynyn giri?inde bulu?uyoruz. <\/strong><\/span><\/p>\n<p><span style=\"font-size: 11pt; line-height: 150%; font-family: Verdana;\"><strong>\u00a0 <\/strong><\/span><strong><span style=\"font-size: 11pt; line-height: 150%; font-family: Verdana;\">\u201cBele?e denize girmek benim de hakkym\u201d diyen t\u00fcm halkymyz ve duyarly \u00f6rg\u00fctler davetlidir.<\/span><\/strong><span style=\"font-size: 11pt; line-height: 150%; font-family: Verdana;\">\u00a0<\/span><span style=\"font-size: 11pt; line-height: 150%; font-family: Verdana;\">\u00a0<\/span><\/p>\n<p>&nbsp;<\/p>\n<p><span style=\"font-size: 11pt; line-height: 150%; font-family: Verdana;\"><a href=\"https:\/\/www.baraka.cc\/index.php?option=com_content&amp;task=view&amp;id=386&amp;Itemid=436\">12 Temmuz 2009&#8217;da Acapulco&#8217;da\u00a0ger\u00e7ekle?tirdi?imiz ilk bele?e denize girme eyleminin haberi i\u00e7in tyklayynyz<\/a>\u00a0<\/span><\/p>\n","protected":false},"excerpt":{"rendered":"<p>\u00a0\u00a0 Baraka K\u00fclt\u00fcr Merkezi olarak, halkyn bedava denize girme hakkyna vurgu yapmak, plajlara giri?te alynan fahi? paralaryn yasal olmady?yna dikkat \u00e7ekmek ve Anayasal ve yasal<\/p>\n","protected":false},"author":1,"featured_media":0,"comment_status":"open","ping_status":"open","sticky":false,"template":"","format":"standard","meta":{"jetpack_post_was_ever_published":false,"_jetpack_newsletter_access":"","_jetpack_newsletter_tier_id":0,"jetpack_publicize_message":"","jetpack_is_tweetstorm":false,"jetpack_publicize_feature_enabled":true,"jetpack_social_post_already_shared":false,"jetpack_social_options":{"image_generator_settings":{"template":"highway","enabled":false}}},"categories":[41],"tags":[],"jetpack_publicize_connections":[],"jetpack_featured_media_url":"","jetpack_shortlink":"https:\/\/wp.me\/p4eHWX-ty","jetpack_sharing_enabled":true,"_links":{"self":[{"href":"https:\/\/baraka.cc\/index.php?rest_route=\/wp\/v2\/posts\/1832"}],"collection":[{"href":"https:\/\/baraka.cc\/index.php?rest_route=\/wp\/v2\/posts"}],"about":[{"href":"https:\/\/baraka.cc\/index.php?rest_route=\/wp\/v2\/types\/post"}],"author":[{"embeddable":true,"href":"https:\/\/baraka.cc\/index.php?rest_route=\/wp\/v2\/users\/1"}],"replies":[{"embeddable":true,"href":"https:\/\/baraka.cc\/index.php?rest_route=%2Fwp%2Fv2%2Fcomments&post=1832"}],"version-history":[{"count":1,"href":"https:\/\/baraka.cc\/index.php?rest_route=\/wp\/v2\/posts\/1832\/revisions"}],"predecessor-version":[{"id":1833,"href":"https:\/\/baraka.cc\/index.php?rest_route=\/wp\/v2\/posts\/1832\/revisions\/1833"}],"wp:attachment":[{"href":"https:\/\/baraka.cc\/index.php?rest_route=%2Fwp%2Fv2%2Fmedia&parent=1832"}],"wp:term":[{"taxonomy":"category","embeddable":true,"href":"https:\/\/baraka.cc\/index.php?rest_route=%2Fwp%2Fv2%2Fcategories&post=1832"},{"taxonomy":"post_tag","embeddable":true,"href":"https:\/\/baraka.cc\/index.php?rest_route=%2Fwp%2Fv2%2Ftags&post=1832"}],"curies":[{"name":"wp","href":"https:\/\/api.w.org\/{rel}","templated":true}]}}