{"id":1834,"date":"2012-02-01T11:24:07","date_gmt":"2012-02-01T09:24:07","guid":{"rendered":"https:\/\/baraka.cc\/?p=1834"},"modified":"2014-01-08T11:26:01","modified_gmt":"2014-01-08T09:26:01","slug":"baraka-kultur-merkezi-tasindi-yeni-bir-mekanda-yine-yeniden","status":"publish","type":"post","link":"https:\/\/baraka.cc\/?p=1834","title":{"rendered":"Baraka K\u00fclt\u00fcr Merkezi Ta\u015f\u0131nd\u0131: Yeni Bir Mekanda, Yine Yeniden\u2026"},"content":{"rendered":"<p style=\"margin: 0cm 0cm 0.0001pt; text-align: justify; line-height: 150%;\">\n<p>2001 y\u0131l\u0131ndan bu yana adan\u0131n kuzey co\u011frafyas\u0131nda varl\u0131\u011f\u0131n\u0131 s\u00fcrd\u00fcren \u00f6rg\u00fct\u00fcm\u00fcz, Baraka K\u00fclt\u00fcr Merkezi, geride kalan on y\u0131ll\u0131k d\u00f6nemde kendini geli\u015ftirmek i\u00e7in bir\u00e7ok konuda tart\u0131\u015fm\u0131\u015f, beslenmi\u015f, y\u00fcr\u00fcm\u00fc\u015f, ko\u015fmu\u015f, payla\u015fm\u0131\u015f, zaman zaman yaln\u0131z ba\u015f\u0131na kalsa da m\u00fccadelesinden \u00f6d\u00fcn vermemi\u015ftir. \u00d6zg\u00fcr bir \u00f6rg\u00fctlenme yaratman\u0131n ad\u0131mlar\u0131n\u0131 korkmadan atm\u0131\u015ft\u0131r. Di\u011fer \u00f6rg\u00fctlerle dayan\u0131\u015fmas\u0131, eylemlere kat\u0131lmas\u0131, eylemler organize etmesi, kendine g\u00fcvenini art\u0131rm\u0131\u015f, de\u011ferlendirmeleri ile kurumsal bir haf\u0131za olu\u015fturmu\u015f, hemen hemen t\u00fcm \u00e7al\u0131\u015fmalar\u0131ndan \u00e7\u0131kard\u0131\u011f\u0131 \u00f6nemli verilerle gelece\u011fini tesad\u00fcflere b\u0131rakmadan ilerlemeye \u00e7al\u0131\u015fm\u0131\u015f, bug\u00fcnlere gelmi\u015ftir. T\u00fcm bu sebeplerden \u00f6t\u00fcr\u00fc, g\u00fcn ge\u00e7tik\u00e7e kalabal\u0131kla\u015fan \u00f6rg\u00fct\u00fcm\u00fcz, 2008 y\u0131l\u0131ndan bu yana faaliyetlerimizi s\u00fcrd\u00fcrd\u00fc\u011f\u00fcm\u00fcz Lefko\u015fa i\u00e7indeki binam\u0131za s\u0131\u011fmaz olmu\u015ftur. Etkinlik gruplar\u0131n\u0131n insan say\u0131s\u0131n\u0131n g\u00fcn ge\u00e7tik\u00e7e artmas\u0131; k\u00fct\u00fcphanemizin, CD-DVD ar\u015fivimizin s\u00fcrekli geni\u015flemesi; kararlar\u0131m\u0131z\u0131 \u00fcretti\u011fimiz ve herkese a\u00e7\u0131k olan Cuma Toplant\u0131lar\u0131n\u0131n odalara s\u0131\u011fmamas\u0131, yeni bir mekan\u0131n ihtiya\u00e7 tespitinin yap\u0131lmas\u0131na \u00f6n ayak olmu\u015ftur. Bu nedenle; kendimize ait bir binaya sahip olmak arzusuyla yola \u00e7\u0131karak i\u015fe koyulduk ve \u201cAyval\u0131 Sokak No:3 K\u0131z\u0131lba\u015f\/Lefko\u015fa\u201d adresindeki binam\u0131z\u0131 kolektif bir ruhla neredeyse yeniden in\u015fa edip \u00fcretimlerimize devam edece\u011fimiz bir bina haline getirdik. Yeni mekan\u0131m\u0131z; hi\u00e7bir kamusal ve uluslararas\u0131 fondan destek almadan, tamamen Baraka aktivist ve dostlar\u0131n\u0131n katk\u0131lar\u0131yla ya\u015fam bulmu\u015ftur.<\/p>\n<p style=\"margin: 0cm 0cm 0.0001pt; text-align: justify; line-height: 150%;\"><span style=\"font-size: 11pt; line-height: 150%; font-family: 'Verdana','sans-serif';\"><br \/>\nBaraka, \u201cliderlerin\u201d imzas\u0131yla gelecek i\u00e7ten; ya da BM, AB, ABD gibi yap\u0131lar\u0131n bizlere sunaca\u011f\u0131 d\u0131\u015ftan bir bar\u0131\u015f anlay\u0131\u015f\u0131ndan ziyade ger\u00e7ek bar\u0131\u015f\u0131n K\u0131br\u0131sl\u0131 T\u00fcrk ve K\u0131br\u0131sl\u0131 Elen halklar\u0131n\u0131n ortak m\u00fccadelesiyle gelece\u011fine inan\u0131r ve bu yolda her t\u00fcrl\u00fc fedakarl\u0131\u011f\u0131 yapmaya haz\u0131rd\u0131r. Bundan dolay\u0131d\u0131r ki; e\u015fde\u011fer bir m\u00fclk olan bu yeni binay\u0131, de\u011fi\u015fecek herhangi bir fiili durumda g\u00f6z\u00fcn\u00fc k\u0131rpmadan bo\u015faltmaya haz\u0131rd\u0131r. Co\u011frafyam\u0131z\u0131n bug\u00fcnk\u00fc ko\u015fullar\u0131nda, b\u00fcy\u00fck emeklerle var etti\u011fimiz; maddi\/manevi b\u00fcy\u00fck bir y\u00fck alt\u0131na girdi\u011fimiz bu mekan\u0131, bar\u0131\u015f\u0131n adam\u0131za geldi\u011fi g\u00fcn terketmek onurumuz olacakt\u0131r.<\/span><\/p>\n<p style=\"margin: 0cm 0cm 0.0001pt; text-align: justify; line-height: 150%;\"><span style=\"font-size: 11pt; line-height: 150%; font-family: 'Verdana','sans-serif';\"><br \/>\nYeni mekan\u0131m\u0131z\u0131n sevincini bizlerle payla\u015fmak isteyen t\u00fcm Baraka dostlar\u0131n\u0131 4 \u015eubat Cumartesi g\u00fcn\u00fc 11:00-14:00 saatleri aras\u0131nda yapaca\u011f\u0131m\u0131z a\u00e7\u0131l\u0131\u015f etkinli\u011fimize bekleriz. M\u00fczik gruplar\u0131m\u0131z\u0131n, Film At\u00f6lyemizin ve Baraka Tiyatro Ekibi\u2019nin \u00e7e\u015fitli s\u00fcrprizlerle renk kataca\u011f\u0131 etkinli\u011fe t\u00fcm halk\u0131m\u0131z davetlidir. <\/span><\/p>\n<p style=\"margin: 0cm 0cm 0.0001pt; text-align: justify; line-height: 150%;\"><span style=\"font-size: 11pt; line-height: 150%; font-family: 'Verdana','sans-serif';\"><br \/>\nAdres i\u00e7in detayl\u0131 bilgiye \u201cwww.baraka.cc\u201d adresinden kolayl\u0131kla eri\u015filebilir.<\/span><\/p>\n<p>&nbsp;<\/p>\n","protected":false},"excerpt":{"rendered":"<p>2001 y\u0131l\u0131ndan bu yana adan\u0131n kuzey co\u011frafyas\u0131nda varl\u0131\u011f\u0131n\u0131 s\u00fcrd\u00fcren \u00f6rg\u00fct\u00fcm\u00fcz, Baraka K\u00fclt\u00fcr Merkezi, geride kalan on y\u0131ll\u0131k d\u00f6nemde kendini geli\u015ftirmek i\u00e7in bir\u00e7ok konuda tart\u0131\u015fm\u0131\u015f, beslenmi\u015f,<\/p>\n","protected":false},"author":1,"featured_media":0,"comment_status":"open","ping_status":"open","sticky":false,"template":"","format":"standard","meta":{"jetpack_post_was_ever_published":false,"_jetpack_newsletter_access":"","_jetpack_newsletter_tier_id":0,"jetpack_publicize_message":"","jetpack_is_tweetstorm":false,"jetpack_publicize_feature_enabled":true,"jetpack_social_post_already_shared":false,"jetpack_social_options":{"image_generator_settings":{"template":"highway","enabled":false}}},"categories":[41],"tags":[],"jetpack_publicize_connections":[],"jetpack_featured_media_url":"","jetpack_shortlink":"https:\/\/wp.me\/p4eHWX-tA","jetpack_sharing_enabled":true,"_links":{"self":[{"href":"https:\/\/baraka.cc\/index.php?rest_route=\/wp\/v2\/posts\/1834"}],"collection":[{"href":"https:\/\/baraka.cc\/index.php?rest_route=\/wp\/v2\/posts"}],"about":[{"href":"https:\/\/baraka.cc\/index.php?rest_route=\/wp\/v2\/types\/post"}],"author":[{"embeddable":true,"href":"https:\/\/baraka.cc\/index.php?rest_route=\/wp\/v2\/users\/1"}],"replies":[{"embeddable":true,"href":"https:\/\/baraka.cc\/index.php?rest_route=%2Fwp%2Fv2%2Fcomments&post=1834"}],"version-history":[{"count":1,"href":"https:\/\/baraka.cc\/index.php?rest_route=\/wp\/v2\/posts\/1834\/revisions"}],"predecessor-version":[{"id":1835,"href":"https:\/\/baraka.cc\/index.php?rest_route=\/wp\/v2\/posts\/1834\/revisions\/1835"}],"wp:attachment":[{"href":"https:\/\/baraka.cc\/index.php?rest_route=%2Fwp%2Fv2%2Fmedia&parent=1834"}],"wp:term":[{"taxonomy":"category","embeddable":true,"href":"https:\/\/baraka.cc\/index.php?rest_route=%2Fwp%2Fv2%2Fcategories&post=1834"},{"taxonomy":"post_tag","embeddable":true,"href":"https:\/\/baraka.cc\/index.php?rest_route=%2Fwp%2Fv2%2Ftags&post=1834"}],"curies":[{"name":"wp","href":"https:\/\/api.w.org\/{rel}","templated":true}]}}