{"id":1843,"date":"2012-08-30T11:29:04","date_gmt":"2012-08-30T09:29:04","guid":{"rendered":"https:\/\/baraka.cc\/?p=1843"},"modified":"2014-01-08T11:30:00","modified_gmt":"2014-01-08T09:30:00","slug":"baraka-ve-sol-kanattan-1-eylul-aciklamasi","status":"publish","type":"post","link":"https:\/\/baraka.cc\/?p=1843","title":{"rendered":"BARAKA VE SOL KANAT&#8217;TAN 1 EYL\u00dcL A\u00c7IKLAMASI"},"content":{"rendered":"<p><!--[if gte mso 9]><xml>  <w:WordDocument>   <w:View>Normal<\/w:View>   <w:Zoom>0<\/w:Zoom>   <w:HyphenationZone>21<\/w:HyphenationZone>   <w:PunctuationKerning\/>   <w:ValidateAgainstSchemas\/>   <w:SaveIfXMLInvalid>false<\/w:SaveIfXMLInvalid>   <w:IgnoreMixedContent>false<\/w:IgnoreMixedContent>   <w:AlwaysShowPlaceholderText>false<\/w:AlwaysShowPlaceholderText>   <w:Compatibility>    <w:BreakWrappedTables\/>    <w:SnapToGridInCell\/>    <w:WrapTextWithPunct\/>    <w:UseAsianBreakRules\/>    <w:DontGrowAutofit\/>   <\/w:Compatibility>   <w:BrowserLevel>MicrosoftInternetExplorer4<\/w:BrowserLevel>  <\/w:WordDocument> <\/xml><![endif]--><!--[if gte mso 9]><xml>  <w:LatentStyles DefLockedState=\"false\" LatentStyleCount=\"156\">  <\/w:LatentStyles> <\/xml><![endif]--><!--[if gte mso 10]>\n\n\n<style>  \/* Style Definitions *\/  table.MsoNormalTable \t{mso-style-name:\"Table Normal\"; \tmso-tstyle-rowband-size:0; \tmso-tstyle-colband-size:0; \tmso-style-noshow:yes; \tmso-style-parent:\"\"; \tmso-padding-alt:0cm 5.4pt 0cm 5.4pt; \tmso-para-margin:0cm; \tmso-para-margin-bottom:.0001pt; \tmso-pagination:widow-orphan; \tfont-size:10.0pt; \tfont-family:\"Times New Roman\"; \tmso-ansi-language:#0400; \tmso-fareast-language:#0400; \tmso-bidi-language:#0400;} <\/style>\n\n <![endif]--><\/p>\n<p class=\"MsoNormal\" style=\"text-align: justify; line-height: 200%;\"><strong><span style=\"font-size: 11pt; line-height: 200%; font-family: Verdana;\">\u00a0<\/span><\/strong><\/p>\n<p class=\"MsoNormal\" style=\"text-align: justify; line-height: 200%;\"><span style=\"font-size: 11pt; line-height: 200%; font-family: Verdana;\">&#8220;D\u00fcnya kaptalizminin s\u00fcr\u00fckleyicisi olan devletler, 19. y\u00fczy\u0131ldan beri kendi emperyalist g\u00fcndemlerini olu\u015fturmakta ve takip etmektedirler. Ama\u00e7lar\u0131, kapitalist ekonomiyi s\u00fcrd\u00fcrmek ve onu kontrol alt\u0131na almakt\u0131r. Bunu ba\u015farabilmek i\u00e7in de her yolu denemekteler. Ba\u015fvurduklar\u0131 en sert yol ise sava\u015flard\u0131r. Bu y\u00fczden, sava\u015flar\u0131n sona ermesini ve bar\u0131\u015f\u0131n kurulmas\u0131n\u0131 ger\u00e7ekten ve y\u00fcrekten talep etmek i\u00e7in, kapitalizme ve emperyalizme de kar\u015f\u0131 olmak gerekir. Bar\u0131\u015f m\u00fccadelesi, anti-kapitalist m\u00fccadele ile \u00e7ok yak\u0131ndan ba\u011flant\u0131l\u0131d\u0131r.<br \/>\nBug\u00fcn, kom\u015fusu oldu\u011fumuz Ortado\u011fu co\u011frafyas\u0131 bir kez daha emperyalist politikalar\u0131n merkezi oyun alan\u0131 haline gelmektedir. Emperyalist g\u00fc\u00e7ler, kendi \u00e7\u0131karlar\u0131n\u0131 korumak pahas\u0131na sava\u015flara, b\u00f6lge insanlar\u0131n\u0131n a\u00e7l\u0131\u011f\u0131na ve sefaletine sebep olmaktad\u0131rlar. Ayr\u0131ca, b\u00f6lge insanlar\u0131n\u0131n k\u00fclt\u00fcrel, etnik ve dini farkl\u0131l\u0131klar\u0131, emperyalist \u00e7\u0131karlar u\u011fruna suistimal edilmektedir. B\u00f6lge insanlar\u0131, kendilerini bu hale d\u00fc\u015f\u00fcren \u00e7eli\u015fkilerin ve \u00e7at\u0131\u015fmalar\u0131n sebebi ve sorumlusu de\u011fildirler; b\u00f6lge insanlar\u0131, emperyalizmin kurban\u0131d\u0131rlar. Bu y\u00fczden, b\u00f6ylesi bir d\u00f6nemde bar\u0131\u015f\u0131 ve emperyalist bask\u0131lardan kurtulmay\u0131 ve \u00f6zg\u00fcrle\u015fmeyi talep etmek, b\u00f6lge halklar\u0131n\u0131n \u00e7\u0131kar\u0131nad\u0131r.<br \/>\nBizler, tarihi \u00e7at\u0131\u015fma ve sava\u015flar ile dolu olan b\u00f6l\u00fcnm\u00fc\u015f bir \u00fclkenin insanlar\u0131y\u0131z. Bu y\u00fczden de, K\u0131br\u0131sl\u0131 T\u00fcrk halk\u0131 ile K\u0131br\u0131sl\u0131 Elen halk\u0131n\u0131 kar\u015f\u0131 kar\u015f\u0131ya getiren milliyet\u00e7ik ve \u015fovenizm kar\u015f\u0131s\u0131nda duyarl\u0131 olmal\u0131y\u0131z. Bizler biliyoruz ki, birlikte ya\u015famak i\u00e7in, K\u0131br\u0131s\u2019ta bar\u0131\u015f\u0131 kurmak i\u00e7in, m\u00fccadelemiz K\u0131br\u0131s \u00fczerinde emperyalist \u00e7\u0131karlar\u0131 olan g\u00fc\u00e7lere ve onlar\u0131n yerli i\u015fbirlik\u00e7ilerine kar\u015f\u0131 olmal\u0131d\u0131r. Son olarak, ak\u0131lda tutulmas\u0131 gereken en \u00f6nemli \u015fey, K\u0131br\u0131s\u2019ta bar\u0131\u015f\u0131n ancak halklar taraf\u0131ndan ve halklarla birlikte olu\u015fturulabilec\u011feidir. K\u0131br\u0131sl\u0131 T\u00fcrk halk\u0131 ve K\u0131br\u0131sl\u0131 Elen halk\u0131 BM\u2019den, AB\u2019den, ABD\u2019den veya NATO\u2019dan bir \u00e7\u00f6z\u00fcm ve bar\u0131\u015f beklemekten vazge\u00e7melidirler. \u00d6rg\u00fctlenmi\u015f ve harekete ge\u00e7mi\u015f halklar\u0131n aktif kat\u0131l\u0131m\u0131n\u0131n s\u00fcr\u00fckleyicisi olmad\u0131\u011f\u0131 bir bar\u0131\u015f, ancak emperyalist g\u00fc\u00e7lerin kendi \u00e7\u0131karlar\u0131na uygun bir dayatma olur. Kendi \u00e7\u00f6z\u00fcm yollar\u0131m\u0131z\u0131 kendimiz geli\u015ftirmeliyiz ve bunu hayat\u0131n i\u00e7inde ve sokaklarda yapmal\u0131y\u0131z. Yabanc\u0131 akt\u00f6rlerin bize dayataca\u011f\u0131 bir \u00e7\u00f6z\u00fcme mahkum olmamal\u0131y\u0131z. Akl\u0131m\u0131zdan \u00e7\u0131karmamal\u0131y\u0131z ki, bar\u0131\u015f m\u00fccadelemizde g\u00fcvenilir m\u00fcttefiklerimiz olabilecek kesimler, ancak b\u00f6lge \u00fclkelerin halklar\u0131d\u0131r. Bu y\u00fczden de T\u00fcrkiye halklar\u0131 ve Yunanistan halklar\u0131 ile bar\u0131\u015f i\u00e7in ortak m\u00fccadele ad\u0131na ba\u011flar kurmak bizler i\u00e7in \u00e7ok \u00f6nemlidir.&#8221;<\/span><\/p>\n","protected":false},"excerpt":{"rendered":"<p>\u00a0 &#8220;D\u00fcnya kaptalizminin s\u00fcr\u00fckleyicisi olan devletler, 19. y\u00fczy\u0131ldan beri kendi emperyalist g\u00fcndemlerini olu\u015fturmakta ve takip etmektedirler. Ama\u00e7lar\u0131, kapitalist ekonomiyi s\u00fcrd\u00fcrmek ve onu kontrol alt\u0131na almakt\u0131r.<\/p>\n","protected":false},"author":1,"featured_media":0,"comment_status":"open","ping_status":"open","sticky":false,"template":"","format":"standard","meta":{"jetpack_post_was_ever_published":false,"_jetpack_newsletter_access":"","_jetpack_newsletter_tier_id":0,"jetpack_publicize_message":"","jetpack_is_tweetstorm":false,"jetpack_publicize_feature_enabled":true,"jetpack_social_post_already_shared":false,"jetpack_social_options":{"image_generator_settings":{"template":"highway","enabled":false}}},"categories":[41],"tags":[],"jetpack_publicize_connections":[],"jetpack_featured_media_url":"","jetpack_shortlink":"https:\/\/wp.me\/p4eHWX-tJ","jetpack_sharing_enabled":true,"_links":{"self":[{"href":"https:\/\/baraka.cc\/index.php?rest_route=\/wp\/v2\/posts\/1843"}],"collection":[{"href":"https:\/\/baraka.cc\/index.php?rest_route=\/wp\/v2\/posts"}],"about":[{"href":"https:\/\/baraka.cc\/index.php?rest_route=\/wp\/v2\/types\/post"}],"author":[{"embeddable":true,"href":"https:\/\/baraka.cc\/index.php?rest_route=\/wp\/v2\/users\/1"}],"replies":[{"embeddable":true,"href":"https:\/\/baraka.cc\/index.php?rest_route=%2Fwp%2Fv2%2Fcomments&post=1843"}],"version-history":[{"count":1,"href":"https:\/\/baraka.cc\/index.php?rest_route=\/wp\/v2\/posts\/1843\/revisions"}],"predecessor-version":[{"id":1844,"href":"https:\/\/baraka.cc\/index.php?rest_route=\/wp\/v2\/posts\/1843\/revisions\/1844"}],"wp:attachment":[{"href":"https:\/\/baraka.cc\/index.php?rest_route=%2Fwp%2Fv2%2Fmedia&parent=1843"}],"wp:term":[{"taxonomy":"category","embeddable":true,"href":"https:\/\/baraka.cc\/index.php?rest_route=%2Fwp%2Fv2%2Fcategories&post=1843"},{"taxonomy":"post_tag","embeddable":true,"href":"https:\/\/baraka.cc\/index.php?rest_route=%2Fwp%2Fv2%2Ftags&post=1843"}],"curies":[{"name":"wp","href":"https:\/\/api.w.org\/{rel}","templated":true}]}}