{"id":1852,"date":"2009-06-25T11:37:40","date_gmt":"2009-06-25T09:37:40","guid":{"rendered":"https:\/\/baraka.cc\/?p=1852"},"modified":"2014-01-08T11:38:09","modified_gmt":"2014-01-08T09:38:09","slug":"anayasa-referandumunun-suresyz-ertelenmesy-yasa-diidir","status":"publish","type":"post","link":"https:\/\/baraka.cc\/?p=1852","title":{"rendered":"ANAYASA REFERANDUMUNUN S\u00dcRESYZ ERTELENMESY YASA DI?IDIR"},"content":{"rendered":"<p class=\"MsoNormal\" style=\"margin: 0cm 0cm 0pt; line-height: 150%; text-align: justify;\">\n<p class=\"MsoNormal\" style=\"margin: 0cm 0cm 0pt; line-height: 150%; text-align: justify;\"><strong><span style=\"font-size: 11pt; line-height: 150%; font-family: 'Verdana','sans-serif';\">\u00a0\u00a0\u00a0\u00a0\u00a0\u00a0\u00a0\u00a0\u00a0\u00a0\u00a0\u00a0\u00a0\u00a0\u00a0\u00a0\u00a0\u00a0\u00a0\u00a0\u00a0\u00a0\u00a0\u00a0\u00a0\u00a0\u00a0\u00a0\u00a0\u00a0\u00a0\u00a0\u00a0\u00a0\u00a0\u00a0\u00a0\u00a0\u00a0\u00a0\u00a0 <\/span><\/strong><\/p>\n<p>Bir s\u00fcre \u00f6nce Meclis, Anayasa\u2019yy de?i?tirmek i\u00e7in bir Yasa hazyrlamy? ve bu Yasa, Meclis\u2019te gerekli \u00e7o?unlukla kabul edildikten sonra halka sorulmak \u00fczere Resmi Gazete\u2019de yayymlanmy?ty. Ve ardyndan da referandum g\u00fcn\u00fc olarak 27 Haziran 2010 tarihi belirlenmi?ti.<\/p>\n<p><span style=\"font-size: 11pt; line-height: 150%; font-family: 'Verdana','sans-serif';\">\u00a0\u00a0\u00a0\u00a0\u00a0\u00a0\u00a0\u00a0\u00a0\u00a0\u00a0\u00a0\u00a0\u00a0\u00a0\u00a0\u00a0\u00a0\u00a0\u00a0\u00a0\u00a0\u00a0\u00a0\u00a0\u00a0\u00a0\u00a0\u00a0\u00a0\u00a0\u00a0\u00a0\u00a0\u00a0 <\/span><\/p>\n<p class=\"MsoNormal\" style=\"margin: 0cm 0cm 0pt; line-height: 150%; text-align: justify;\"><span style=\"font-size: 11pt; line-height: 150%; font-family: 'Verdana','sans-serif';\"><span>\u00a0<\/span><span>\u00a0<\/span><br \/>\nS\u00f6z konusu Anayasa de?i?ikli?i, halkyn Anayasa de?i?iklikleri konusundaki referandum hakkyny elinden alan ve Meclis\u2019e halka hi\u00e7 sormadan Anayasa\u2019yy diledi?i gibi de?i?tirme yetkisi veren bir i\u00e7eri?e sahipti. TDP hari\u00e7 Meclis\u2019teki t\u00fcm partilerin kabul etti?i bu tasary, halkyn geni? kesimleri tarafyndan tepkiyle kar?ylanmy?ty ve ?ayet 27 Haziran\u2019da referandum yapylsaydy b\u00fcy\u00fck ihtimalle sonu\u00e7 \u201chayyr\u201d \u00e7ykacak, halk kendi elindeki yetkiyi parlamentoya devretmeyecekti. Bu sonucu \u00f6ng\u00f6ren siyasiler, tamamen yasa dy?y olarak referandumu belirsiz bir tarihe ertelediler.<\/span><\/p>\n<p><span style=\"font-size: 11pt; line-height: 150%; font-family: 'Verdana','sans-serif';\">\u00a0\u00a0\u00a0\u00a0\u00a0\u00a0\u00a0\u00a0\u00a0\u00a0\u00a0\u00a0\u00a0\u00a0\u00a0\u00a0\u00a0\u00a0\u00a0\u00a0\u00a0\u00a0\u00a0 \u00a0<\/span><span style=\"font-size: 11pt; line-height: 150%; font-family: 'Verdana','sans-serif';\">\u00a0<\/span><\/p>\n<p class=\"MsoNormal\" style=\"margin: 0cm 0cm 0pt; line-height: 150%; text-align: justify;\"><span style=\"font-size: 11pt; line-height: 150%; font-family: 'Verdana','sans-serif';\">Se\u00e7im ve Halkoylamasy Yasasy\u2019na g\u00f6re, bir konu Resmi Gazete\u2019de yayymlanyp halkyn bilgisine sunuldu?u zaman referandum s\u00fcreci ba?lamy? olur ve bu s\u00fcre\u00e7 d\u00f6rt hafta sonra pazar g\u00fcn\u00fc oylama yapylarak son bulacaktyr. ?ayet \u00fc\u00e7 ay i\u00e7inde bir se\u00e7im varsa, Devlete mali k\u00fclfet getirmemek i\u00e7in bu se\u00e7imle ayny tarihte referandum yapylmalydyr. Yasa\u2019nyn bu emredici ve a\u00e7yk h\u00fckm\u00fcne kar?yn H\u00fck\u00fcmet ve muhalefet elele vererek yasa dy?y bir karara imza atmy? ve 27 Haziran\u2019da referandum yapylmasy ko?ullaryny ortadan kaldyrmy?tyr.<\/span><\/p>\n<p><span style=\"font-size: 11pt; line-height: 150%; font-family: 'Verdana','sans-serif';\">\u00a0\u00a0\u00a0\u00a0\u00a0\u00a0\u00a0\u00a0\u00a0\u00a0\u00a0\u00a0\u00a0\u00a0\u00a0\u00a0\u00a0\u00a0\u00a0\u00a0\u00a0\u00a0\u00a0\u00a0\u00a0\u00a0\u00a0\u00a0\u00a0\u00a0\u00a0 <span>\u00a0 <\/span><\/span><span style=\"font-size: 11pt; line-height: 150%; font-family: 'Verdana','sans-serif';\">\u00a0<\/span><\/p>\n<p class=\"MsoNormal\" style=\"margin: 0cm 0cm 0pt; line-height: 150%; text-align: justify;\"><span style=\"font-size: 11pt; line-height: 150%; font-family: 'Verdana','sans-serif';\">Kendi yapty?y yasalarla ba?ly olan Meclis\u2019in referandum tarihini kafasyna g\u00f6re belirlemeye ve ertelemeye yetkisi yoktur. \u201cHalka evet dedirtece?im ko?ullary hazyrlar, tarihi ona g\u00f6re saptarym&#8221; deme hakky da yoktur. Referandum 27 Haziran\u2019da yapylmady?yna g\u00f6re s\u00f6zkonusu Anayasa de?i?ik tasarysy da t\u00fcm\u00fcyle ortadan kaldyrylmalydyr.<\/span><\/p>\n<p><span style=\"font-size: 11pt; line-height: 150%; font-family: 'Verdana','sans-serif';\">\u00a0\u00a0\u00a0\u00a0\u00a0\u00a0\u00a0\u00a0\u00a0\u00a0\u00a0\u00a0\u00a0\u00a0\u00a0\u00a0\u00a0\u00a0\u00a0\u00a0\u00a0 \u00a0<\/span><span style=\"font-size: 11pt; line-height: 150%; font-family: 'Verdana','sans-serif';\">\u00a0<\/span><\/p>\n<p class=\"MsoNormal\" style=\"margin: 0cm 0cm 0pt; line-height: 150%; text-align: justify;\"><span style=\"font-size: 11pt; line-height: 150%; font-family: 'Verdana','sans-serif';\">Baraka K\u00fclt\u00fcr Merkezi olarak, yasalara uymayan vatanda?yn g\u00f6z\u00fcn\u00fcn ya?yna bakmayan H\u00fck\u00fcmet\u2019i ve lafa gelince mangalda k\u00fcl byrakmayan muhalefeti kendi yaptyklary yasalara uymaya ve halkyn Anayasa de?i?ikliklerinde s\u00f6z sahibi olma hakkyna dokunmamaya \u00e7a?yryryz.<\/span><\/p>\n<p><span style=\"font-size: 11pt; line-height: 150%; font-family: 'Verdana','sans-serif';\">\u00a0\u00a0\u00a0\u00a0\u00a0\u00a0\u00a0\u00a0\u00a0\u00a0\u00a0\u00a0\u00a0\u00a0\u00a0\u00a0\u00a0\u00a0\u00a0\u00a0\u00a0 \u00a0<\/span><span style=\"font-size: 11pt; line-height: 150%; font-family: 'Verdana','sans-serif';\">\u00a0<\/span><\/p>\n<p class=\"MsoNormal\" style=\"margin: 0cm 0cm 0pt; line-height: 150%; text-align: justify;\"><span style=\"font-size: 11pt; line-height: 150%; font-family: 'Verdana','sans-serif';\">Baraka K\u00fclt\u00fcr Merkezi adyna<\/span><\/p>\n<p><span style=\"font-size: 11pt; line-height: 150%; font-family: 'Verdana','sans-serif';\">\u00a0\u00a0\u00a0\u00a0\u00a0\u00a0\u00a0\u00a0\u00a0\u00a0\u00a0\u00a0\u00a0 <\/span><\/p>\n<p class=\"MsoNormal\" style=\"margin: 0cm 0cm 0pt; line-height: 150%; text-align: justify;\"><span style=\"font-size: 11pt; line-height: 150%; font-family: 'Verdana','sans-serif';\">Nazen ?ansal<\/span><\/p>\n<p><span style=\"font-size: 11pt; line-height: 150%; font-family: 'Verdana','sans-serif';\">\u00a0\u00a0\u00a0\u00a0\u00a0\u00a0\u00a0\u00a0\u00a0\u00a0\u00a0\u00a0\u00a0\u00a0\u00a0\u00a0\u00a0\u00a0\u00a0\u00a0\u00a0\u00a0\u00a0\u00a0\u00a0\u00a0\u00a0\u00a0\u00a0 <\/span><span style=\"font-size: 11pt; line-height: 150%; font-family: 'Verdana','sans-serif';\">\u00a0<\/span><span style=\"font-size: 11pt; line-height: 150%; font-family: 'Verdana','sans-serif';\">\u00a0<\/span><\/p>\n","protected":false},"excerpt":{"rendered":"<p>\u00a0\u00a0\u00a0\u00a0\u00a0\u00a0\u00a0\u00a0\u00a0\u00a0\u00a0\u00a0\u00a0\u00a0\u00a0\u00a0\u00a0\u00a0\u00a0\u00a0\u00a0\u00a0\u00a0\u00a0\u00a0\u00a0\u00a0\u00a0\u00a0\u00a0\u00a0\u00a0\u00a0\u00a0\u00a0\u00a0\u00a0\u00a0\u00a0\u00a0\u00a0 Bir s\u00fcre \u00f6nce Meclis, Anayasa\u2019yy de?i?tirmek i\u00e7in bir Yasa hazyrlamy? ve bu Yasa, Meclis\u2019te gerekli \u00e7o?unlukla kabul edildikten sonra halka sorulmak \u00fczere Resmi Gazete\u2019de<\/p>\n","protected":false},"author":1,"featured_media":0,"comment_status":"open","ping_status":"open","sticky":false,"template":"","format":"standard","meta":{"jetpack_post_was_ever_published":false,"_jetpack_newsletter_access":"","_jetpack_newsletter_tier_id":0,"jetpack_publicize_message":"","jetpack_is_tweetstorm":false,"jetpack_publicize_feature_enabled":true,"jetpack_social_post_already_shared":false,"jetpack_social_options":{"image_generator_settings":{"template":"highway","enabled":false}}},"categories":[41],"tags":[],"jetpack_publicize_connections":[],"jetpack_featured_media_url":"","jetpack_shortlink":"https:\/\/wp.me\/p4eHWX-tS","jetpack_sharing_enabled":true,"_links":{"self":[{"href":"https:\/\/baraka.cc\/index.php?rest_route=\/wp\/v2\/posts\/1852"}],"collection":[{"href":"https:\/\/baraka.cc\/index.php?rest_route=\/wp\/v2\/posts"}],"about":[{"href":"https:\/\/baraka.cc\/index.php?rest_route=\/wp\/v2\/types\/post"}],"author":[{"embeddable":true,"href":"https:\/\/baraka.cc\/index.php?rest_route=\/wp\/v2\/users\/1"}],"replies":[{"embeddable":true,"href":"https:\/\/baraka.cc\/index.php?rest_route=%2Fwp%2Fv2%2Fcomments&post=1852"}],"version-history":[{"count":1,"href":"https:\/\/baraka.cc\/index.php?rest_route=\/wp\/v2\/posts\/1852\/revisions"}],"predecessor-version":[{"id":1853,"href":"https:\/\/baraka.cc\/index.php?rest_route=\/wp\/v2\/posts\/1852\/revisions\/1853"}],"wp:attachment":[{"href":"https:\/\/baraka.cc\/index.php?rest_route=%2Fwp%2Fv2%2Fmedia&parent=1852"}],"wp:term":[{"taxonomy":"category","embeddable":true,"href":"https:\/\/baraka.cc\/index.php?rest_route=%2Fwp%2Fv2%2Fcategories&post=1852"},{"taxonomy":"post_tag","embeddable":true,"href":"https:\/\/baraka.cc\/index.php?rest_route=%2Fwp%2Fv2%2Ftags&post=1852"}],"curies":[{"name":"wp","href":"https:\/\/api.w.org\/{rel}","templated":true}]}}